{"id":29054,"date":"2017-09-12T16:35:18","date_gmt":"2017-09-12T14:35:18","guid":{"rendered":"https:\/\/vosgesinfo.fr\/gerardmerinfo\/2017\/09\/voile-viviane-ventrin-vice-championne-deurope-hongrie\/"},"modified":"2017-09-12T16:35:18","modified_gmt":"2017-09-12T14:35:18","slug":"voile-viviane-ventrin-vice-championne-deurope-hongrie","status":"publish","type":"post","link":"https:\/\/vosgesinfo.fr\/gerardmerinfo\/2017\/09\/voile-viviane-ventrin-vice-championne-deurope-hongrie\/","title":{"rendered":"Voile : Viviane Ventrin vice-championne d&rsquo;Europe en Hongrie !"},"content":{"rendered":"<p class=\"x_MsoNormal\"><span class=\"x_3xgd\">\u00a0<a href=\"\/2017\/09\/viviane-ventrin-hongrie-1.jpg\"><img decoding=\"async\" class=\"aligncenter wp-image-114427\" src=\"\/2017\/09\/viviane-ventrin-hongrie-1.jpg\" alt=\"viviane ventrin hongrie (1)\" width=\"455\" height=\"476\" \/><\/a><\/span><\/p>\n<p class=\"x_MsoNormal\"><span class=\"x_3xgd\">Seule fran\u00e7aise pr\u00e9sente \u00e0 l&rsquo;<strong>European Championships Raceboard<\/strong> disput\u00e9 sur le lac Balaton en Hongrie, <strong>Viviane Ventrin<\/strong> confirme son retour au plus haut niveau face \u00e0 une forte et jeune concurrence, apr\u00e8s avoir remport\u00e9 la Czech Cup \u00e0 Nove Mlyny en Tch\u00e9quie en guise d&rsquo;\u00e9chauffement sur la route.<\/span><\/p>\n<p class=\"x_MsoNormal\"><a href=\"\/2017\/09\/viviane-ventrin-hongrie-3.jpg\"><img decoding=\"async\" class=\"alignright size-medium wp-image-114426\" src=\"\/2017\/09\/viviane-ventrin-hongrie-3-383x255.jpg\" alt=\"viviane ventrin hongrie (3)\" width=\"383\" height=\"255\" \/><\/a>Apr\u00e8s une premi\u00e8re journ\u00e9e bien r\u00e9ussie dans un vent faible et tournant, lui rappelant G\u00e9rardmer, Viviane s&#8217;emparait de la premi\u00e8re place. Position de leader qu&rsquo;elle r\u00e9ussit \u00e0 pr\u00e9server les jours suivants, malgr\u00e9 des conditions tr\u00e8s\u00a0 changeantes, des pr\u00e9visions m\u00e9t\u00e9o al\u00e9atoires, avec des choix de voiles et des r\u00e9glages \u00a0difficiles\u2026 Motiv\u00e9e comme jamais, la g\u00e9r\u00f4moise se battait et ne l\u00e2chait rien.<\/p>\n<p class=\"x_MsoNormal\">Jusqu&rsquo;au dernier jour et la derni\u00e8re manche o\u00f9, toujours en t\u00eate avec un petit point d&rsquo;avance, mais victime d&rsquo;algues hongroises traitresses, elle ne peut r\u00e9sister au retour de la lettone Ilona Grinberga, championne du monde 2015. Mais elle garde une marge suffisante sur la Hongroise Sara Cholnocky, \u00a0et la jeune anglaise Molly Howell pour conserver la deuxi\u00e8me marche du podium.<\/p>\n<p class=\"x_MsoNormal\">D\u00e9\u00e7ue et ne voulant pas se contenter de cette (pourtant belle) seconde place, Viviane restait positive en commentant depuis la Hongrie:<span class=\"x_uficommentbody\"> <em>\u00ab\u00a0On se sent plus fort, quand on fait partie d&rsquo;un club de vosgiens qui n&rsquo;abandonnent jamais devant l&rsquo;adversit\u00e9. Et quand je vois les beaux progr\u00e8s et les r\u00e9sultats qu&rsquo;ont fait nos jeunes cette ann\u00e9e, il fallait bien se battre aussi, m\u00eame si j&rsquo;ai \u00a0\u00e9chou\u00e9 de peu pour la premi\u00e8re place&#8230;\u00a0\u00bb <\/em><\/span><\/p>\n<p class=\"x_MsoNormal\"><span class=\"x_uficommentbody\">Bravo Viviane \u2026<\/span><\/p>\n<p class=\"x_MsoNormal\"><strong>M.M<\/strong><\/p>\n<p class=\"x_MsoNormal\"><a href=\"\/2017\/09\/viviane-ventrin-hongrie-2.jpg\"><img decoding=\"async\" class=\"aligncenter size-full wp-image-114425\" src=\"\/2017\/09\/viviane-ventrin-hongrie-2.jpg\" alt=\"viviane ventrin hongrie (2)\" width=\"800\" height=\"533\" \/><\/a><\/p>\n","protected":false},"excerpt":{"rendered":"<p>\u00a0 Seule fran\u00e7aise pr\u00e9sente \u00e0 l&rsquo;European Championships Raceboard disput\u00e9 sur le lac Balaton en Hongrie, Viviane Ventrin confirme son retour [&hellip;]<\/p>\n","protected":false},"author":42,"featured_media":29055,"comment_status":"open","ping_status":"open","sticky":false,"template":"","format":"standard","meta":{"footnotes":""},"categories":[20,14],"tags":[65,3252],"class_list":["post-29054","post","type-post","status-publish","format-standard","has-post-thumbnail","hentry","category-a-la-une","category-sport","tag-asg-voile","tag-viviane-ventrin"],"acf":[],"yoast_head":"<!-- This site is optimized with the Yoast SEO plugin v22.5 - https:\/\/yoast.com\/wordpress\/plugins\/seo\/ -->\n<title>Voile : Viviane Ventrin vice-championne d&#039;Europe en Hongrie ! - Gerardmer Info<\/title>\n<meta name=\"robots\" content=\"index, follow, max-snippet:-1, max-image-preview:large, max-video-preview:-1\" \/>\n<link rel=\"canonical\" href=\"https:\/\/vosgesinfo.fr\/gerardmerinfo\/2017\/09\/voile-viviane-ventrin-vice-championne-deurope-hongrie\/\" \/>\n<meta name=\"twitter:card\" content=\"summary_large_image\" \/>\n<meta name=\"twitter:title\" content=\"Voile : Viviane Ventrin vice-championne d&#039;Europe en Hongrie ! - Gerardmer Info\" \/>\n<meta name=\"twitter:description\" content=\"\u00a0 Seule fran\u00e7aise pr\u00e9sente \u00e0 l&rsquo;European Championships Raceboard disput\u00e9 sur le lac Balaton en Hongrie, Viviane Ventrin confirme son retour [&hellip;]\" \/>\n<meta name=\"twitter:image\" content=\"https:\/\/vosgesinfo.fr\/app\/uploads\/sites\/6\/2024\/07\/201709viviane-ventrin-hongrie-3.jpg\" \/>\n<meta name=\"twitter:creator\" content=\"@VosgesInfo88\" \/>\n<meta name=\"twitter:site\" content=\"@VosgesInfo88\" \/>\n<meta name=\"twitter:label1\" content=\"\u00c9crit par\" \/>\n\t<meta name=\"twitter:data1\" content=\"QG\" \/>\n\t<meta name=\"twitter:label2\" content=\"Dur\u00e9e de lecture estim\u00e9e\" \/>\n\t<meta name=\"twitter:data2\" content=\"1 minute\" \/>\n<script type=\"application\/ld+json\" class=\"yoast-schema-graph\">{\"@context\":\"https:\/\/schema.org\",\"@graph\":[{\"@type\":\"Article\",\"@id\":\"https:\/\/vosgesinfo.fr\/gerardmerinfo\/2017\/09\/voile-viviane-ventrin-vice-championne-deurope-hongrie\/#article\",\"isPartOf\":{\"@id\":\"https:\/\/vosgesinfo.fr\/gerardmerinfo\/2017\/09\/voile-viviane-ventrin-vice-championne-deurope-hongrie\/\"},\"author\":{\"name\":\"QG\",\"@id\":\"https:\/\/vosgesinfo.fr\/gerardmerinfo\/#\/schema\/person\/db5605779a843dad16b5368f3e7613a5\"},\"headline\":\"Voile : Viviane Ventrin vice-championne d&rsquo;Europe en Hongrie !\",\"datePublished\":\"2017-09-12T14:35:18+00:00\",\"dateModified\":\"2017-09-12T14:35:18+00:00\",\"mainEntityOfPage\":{\"@id\":\"https:\/\/vosgesinfo.fr\/gerardmerinfo\/2017\/09\/voile-viviane-ventrin-vice-championne-deurope-hongrie\/\"},\"wordCount\":289,\"commentCount\":0,\"publisher\":{\"@id\":\"https:\/\/vosgesinfo.fr\/gerardmerinfo\/#organization\"},\"image\":{\"@id\":\"https:\/\/vosgesinfo.fr\/gerardmerinfo\/2017\/09\/voile-viviane-ventrin-vice-championne-deurope-hongrie\/#primaryimage\"},\"thumbnailUrl\":\"https:\/\/vosgesinfo.fr\/app\/uploads\/sites\/6\/2024\/07\/201709viviane-ventrin-hongrie-3.jpg\",\"keywords\":[\"asg voile\",\"Viviane ventrin\"],\"articleSection\":[\"A la une\",\"Sport\"],\"inLanguage\":\"fr-FR\",\"potentialAction\":[{\"@type\":\"CommentAction\",\"name\":\"Comment\",\"target\":[\"https:\/\/vosgesinfo.fr\/gerardmerinfo\/2017\/09\/voile-viviane-ventrin-vice-championne-deurope-hongrie\/#respond\"]}]},{\"@type\":\"WebPage\",\"@id\":\"https:\/\/vosgesinfo.fr\/gerardmerinfo\/2017\/09\/voile-viviane-ventrin-vice-championne-deurope-hongrie\/\",\"url\":\"https:\/\/vosgesinfo.fr\/gerardmerinfo\/2017\/09\/voile-viviane-ventrin-vice-championne-deurope-hongrie\/\",\"name\":\"Voile : Viviane Ventrin vice-championne d'Europe en Hongrie ! - Gerardmer Info\",\"isPartOf\":{\"@id\":\"https:\/\/vosgesinfo.fr\/gerardmerinfo\/#website\"},\"primaryImageOfPage\":{\"@id\":\"https:\/\/vosgesinfo.fr\/gerardmerinfo\/2017\/09\/voile-viviane-ventrin-vice-championne-deurope-hongrie\/#primaryimage\"},\"image\":{\"@id\":\"https:\/\/vosgesinfo.fr\/gerardmerinfo\/2017\/09\/voile-viviane-ventrin-vice-championne-deurope-hongrie\/#primaryimage\"},\"thumbnailUrl\":\"https:\/\/vosgesinfo.fr\/app\/uploads\/sites\/6\/2024\/07\/201709viviane-ventrin-hongrie-3.jpg\",\"datePublished\":\"2017-09-12T14:35:18+00:00\",\"dateModified\":\"2017-09-12T14:35:18+00:00\",\"breadcrumb\":{\"@id\":\"https:\/\/vosgesinfo.fr\/gerardmerinfo\/2017\/09\/voile-viviane-ventrin-vice-championne-deurope-hongrie\/#breadcrumb\"},\"inLanguage\":\"fr-FR\",\"potentialAction\":[{\"@type\":\"ReadAction\",\"target\":[\"https:\/\/vosgesinfo.fr\/gerardmerinfo\/2017\/09\/voile-viviane-ventrin-vice-championne-deurope-hongrie\/\"]}]},{\"@type\":\"ImageObject\",\"inLanguage\":\"fr-FR\",\"@id\":\"https:\/\/vosgesinfo.fr\/gerardmerinfo\/2017\/09\/voile-viviane-ventrin-vice-championne-deurope-hongrie\/#primaryimage\",\"url\":\"https:\/\/vosgesinfo.fr\/app\/uploads\/sites\/6\/2024\/07\/201709viviane-ventrin-hongrie-3.jpg\",\"contentUrl\":\"https:\/\/vosgesinfo.fr\/app\/uploads\/sites\/6\/2024\/07\/201709viviane-ventrin-hongrie-3.jpg\",\"width\":800,\"height\":533},{\"@type\":\"BreadcrumbList\",\"@id\":\"https:\/\/vosgesinfo.fr\/gerardmerinfo\/2017\/09\/voile-viviane-ventrin-vice-championne-deurope-hongrie\/#breadcrumb\",\"itemListElement\":[{\"@type\":\"ListItem\",\"position\":1,\"name\":\"Home\",\"item\":\"https:\/\/vosgesinfo.fr\/gerardmerinfo\/\"},{\"@type\":\"ListItem\",\"position\":2,\"name\":\"Voile : Viviane Ventrin vice-championne d&rsquo;Europe en Hongrie !\"}]},{\"@type\":\"WebSite\",\"@id\":\"https:\/\/vosgesinfo.fr\/gerardmerinfo\/#website\",\"url\":\"https:\/\/vosgesinfo.fr\/gerardmerinfo\/\",\"name\":\"Gerardmer Info\",\"description\":\"Toute l&#039;actualit\u00e9 de G\u00e9rardmer\",\"publisher\":{\"@id\":\"https:\/\/vosgesinfo.fr\/gerardmerinfo\/#organization\"},\"alternateName\":\"Toute l'actualit\u00e9 de G\u00e9rardmer\",\"potentialAction\":[{\"@type\":\"SearchAction\",\"target\":{\"@type\":\"EntryPoint\",\"urlTemplate\":\"https:\/\/vosgesinfo.fr\/gerardmerinfo\/?s={search_term_string}\"},\"query-input\":\"required name=search_term_string\"}],\"inLanguage\":\"fr-FR\"},{\"@type\":\"Organization\",\"@id\":\"https:\/\/vosgesinfo.fr\/gerardmerinfo\/#organization\",\"name\":\"Gerardmer Info\",\"url\":\"https:\/\/vosgesinfo.fr\/gerardmerinfo\/\",\"logo\":{\"@type\":\"ImageObject\",\"inLanguage\":\"fr-FR\",\"@id\":\"https:\/\/vosgesinfo.fr\/gerardmerinfo\/#\/schema\/logo\/image\/\",\"url\":\"https:\/\/vosgesinfo.fr\/app\/uploads\/sites\/6\/2023\/08\/favicon-gerardmerinfo.png\",\"contentUrl\":\"https:\/\/vosgesinfo.fr\/app\/uploads\/sites\/6\/2023\/08\/favicon-gerardmerinfo.png\",\"width\":512,\"height\":512,\"caption\":\"Gerardmer Info\"},\"image\":{\"@id\":\"https:\/\/vosgesinfo.fr\/gerardmerinfo\/#\/schema\/logo\/image\/\"},\"sameAs\":[\"https:\/\/www.facebook.com\/profile.php?id=100049475262660\",\"https:\/\/x.com\/VosgesInfo88\",\"https:\/\/www.youtube.com\/@vosgesinfo\"]},{\"@type\":\"Person\",\"@id\":\"https:\/\/vosgesinfo.fr\/gerardmerinfo\/#\/schema\/person\/db5605779a843dad16b5368f3e7613a5\",\"name\":\"QG\",\"image\":{\"@type\":\"ImageObject\",\"inLanguage\":\"fr-FR\",\"@id\":\"https:\/\/vosgesinfo.fr\/gerardmerinfo\/#\/schema\/person\/image\/\",\"url\":\"https:\/\/secure.gravatar.com\/avatar\/ea80c42c204b534408512832fde52504ecabb9706bcb6151cf6175e5b64e6793?s=96&d=mm&r=g\",\"contentUrl\":\"https:\/\/secure.gravatar.com\/avatar\/ea80c42c204b534408512832fde52504ecabb9706bcb6151cf6175e5b64e6793?s=96&d=mm&r=g\",\"caption\":\"QG\"},\"url\":\"https:\/\/vosgesinfo.fr\/gerardmerinfo\/author\/quentin88\/\"}]}<\/script>\n<!-- \/ Yoast SEO plugin. -->","yoast_head_json":{"title":"Voile : Viviane Ventrin vice-championne d'Europe en Hongrie ! - Gerardmer Info","robots":{"index":"index","follow":"follow","max-snippet":"max-snippet:-1","max-image-preview":"max-image-preview:large","max-video-preview":"max-video-preview:-1"},"canonical":"https:\/\/vosgesinfo.fr\/gerardmerinfo\/2017\/09\/voile-viviane-ventrin-vice-championne-deurope-hongrie\/","twitter_card":"summary_large_image","twitter_title":"Voile : Viviane Ventrin vice-championne d'Europe en Hongrie ! - Gerardmer Info","twitter_description":"\u00a0 Seule fran\u00e7aise pr\u00e9sente \u00e0 l&rsquo;European Championships Raceboard disput\u00e9 sur le lac Balaton en Hongrie, Viviane Ventrin confirme son retour [&hellip;]","twitter_image":"https:\/\/vosgesinfo.fr\/app\/uploads\/sites\/6\/2024\/07\/201709viviane-ventrin-hongrie-3.jpg","twitter_creator":"@VosgesInfo88","twitter_site":"@VosgesInfo88","twitter_misc":{"\u00c9crit par":"QG","Dur\u00e9e de lecture estim\u00e9e":"1 minute"},"schema":{"@context":"https:\/\/schema.org","@graph":[{"@type":"Article","@id":"https:\/\/vosgesinfo.fr\/gerardmerinfo\/2017\/09\/voile-viviane-ventrin-vice-championne-deurope-hongrie\/#article","isPartOf":{"@id":"https:\/\/vosgesinfo.fr\/gerardmerinfo\/2017\/09\/voile-viviane-ventrin-vice-championne-deurope-hongrie\/"},"author":{"name":"QG","@id":"https:\/\/vosgesinfo.fr\/gerardmerinfo\/#\/schema\/person\/db5605779a843dad16b5368f3e7613a5"},"headline":"Voile : Viviane Ventrin vice-championne d&rsquo;Europe en Hongrie !","datePublished":"2017-09-12T14:35:18+00:00","dateModified":"2017-09-12T14:35:18+00:00","mainEntityOfPage":{"@id":"https:\/\/vosgesinfo.fr\/gerardmerinfo\/2017\/09\/voile-viviane-ventrin-vice-championne-deurope-hongrie\/"},"wordCount":289,"commentCount":0,"publisher":{"@id":"https:\/\/vosgesinfo.fr\/gerardmerinfo\/#organization"},"image":{"@id":"https:\/\/vosgesinfo.fr\/gerardmerinfo\/2017\/09\/voile-viviane-ventrin-vice-championne-deurope-hongrie\/#primaryimage"},"thumbnailUrl":"https:\/\/vosgesinfo.fr\/app\/uploads\/sites\/6\/2024\/07\/201709viviane-ventrin-hongrie-3.jpg","keywords":["asg voile","Viviane ventrin"],"articleSection":["A la une","Sport"],"inLanguage":"fr-FR","potentialAction":[{"@type":"CommentAction","name":"Comment","target":["https:\/\/vosgesinfo.fr\/gerardmerinfo\/2017\/09\/voile-viviane-ventrin-vice-championne-deurope-hongrie\/#respond"]}]},{"@type":"WebPage","@id":"https:\/\/vosgesinfo.fr\/gerardmerinfo\/2017\/09\/voile-viviane-ventrin-vice-championne-deurope-hongrie\/","url":"https:\/\/vosgesinfo.fr\/gerardmerinfo\/2017\/09\/voile-viviane-ventrin-vice-championne-deurope-hongrie\/","name":"Voile : Viviane Ventrin vice-championne d'Europe en Hongrie ! - Gerardmer Info","isPartOf":{"@id":"https:\/\/vosgesinfo.fr\/gerardmerinfo\/#website"},"primaryImageOfPage":{"@id":"https:\/\/vosgesinfo.fr\/gerardmerinfo\/2017\/09\/voile-viviane-ventrin-vice-championne-deurope-hongrie\/#primaryimage"},"image":{"@id":"https:\/\/vosgesinfo.fr\/gerardmerinfo\/2017\/09\/voile-viviane-ventrin-vice-championne-deurope-hongrie\/#primaryimage"},"thumbnailUrl":"https:\/\/vosgesinfo.fr\/app\/uploads\/sites\/6\/2024\/07\/201709viviane-ventrin-hongrie-3.jpg","datePublished":"2017-09-12T14:35:18+00:00","dateModified":"2017-09-12T14:35:18+00:00","breadcrumb":{"@id":"https:\/\/vosgesinfo.fr\/gerardmerinfo\/2017\/09\/voile-viviane-ventrin-vice-championne-deurope-hongrie\/#breadcrumb"},"inLanguage":"fr-FR","potentialAction":[{"@type":"ReadAction","target":["https:\/\/vosgesinfo.fr\/gerardmerinfo\/2017\/09\/voile-viviane-ventrin-vice-championne-deurope-hongrie\/"]}]},{"@type":"ImageObject","inLanguage":"fr-FR","@id":"https:\/\/vosgesinfo.fr\/gerardmerinfo\/2017\/09\/voile-viviane-ventrin-vice-championne-deurope-hongrie\/#primaryimage","url":"https:\/\/vosgesinfo.fr\/app\/uploads\/sites\/6\/2024\/07\/201709viviane-ventrin-hongrie-3.jpg","contentUrl":"https:\/\/vosgesinfo.fr\/app\/uploads\/sites\/6\/2024\/07\/201709viviane-ventrin-hongrie-3.jpg","width":800,"height":533},{"@type":"BreadcrumbList","@id":"https:\/\/vosgesinfo.fr\/gerardmerinfo\/2017\/09\/voile-viviane-ventrin-vice-championne-deurope-hongrie\/#breadcrumb","itemListElement":[{"@type":"ListItem","position":1,"name":"Home","item":"https:\/\/vosgesinfo.fr\/gerardmerinfo\/"},{"@type":"ListItem","position":2,"name":"Voile : Viviane Ventrin vice-championne d&rsquo;Europe en Hongrie !"}]},{"@type":"WebSite","@id":"https:\/\/vosgesinfo.fr\/gerardmerinfo\/#website","url":"https:\/\/vosgesinfo.fr\/gerardmerinfo\/","name":"Gerardmer Info","description":"Toute l&#039;actualit\u00e9 de G\u00e9rardmer","publisher":{"@id":"https:\/\/vosgesinfo.fr\/gerardmerinfo\/#organization"},"alternateName":"Toute l'actualit\u00e9 de G\u00e9rardmer","potentialAction":[{"@type":"SearchAction","target":{"@type":"EntryPoint","urlTemplate":"https:\/\/vosgesinfo.fr\/gerardmerinfo\/?s={search_term_string}"},"query-input":"required name=search_term_string"}],"inLanguage":"fr-FR"},{"@type":"Organization","@id":"https:\/\/vosgesinfo.fr\/gerardmerinfo\/#organization","name":"Gerardmer Info","url":"https:\/\/vosgesinfo.fr\/gerardmerinfo\/","logo":{"@type":"ImageObject","inLanguage":"fr-FR","@id":"https:\/\/vosgesinfo.fr\/gerardmerinfo\/#\/schema\/logo\/image\/","url":"https:\/\/vosgesinfo.fr\/app\/uploads\/sites\/6\/2023\/08\/favicon-gerardmerinfo.png","contentUrl":"https:\/\/vosgesinfo.fr\/app\/uploads\/sites\/6\/2023\/08\/favicon-gerardmerinfo.png","width":512,"height":512,"caption":"Gerardmer Info"},"image":{"@id":"https:\/\/vosgesinfo.fr\/gerardmerinfo\/#\/schema\/logo\/image\/"},"sameAs":["https:\/\/www.facebook.com\/profile.php?id=100049475262660","https:\/\/x.com\/VosgesInfo88","https:\/\/www.youtube.com\/@vosgesinfo"]},{"@type":"Person","@id":"https:\/\/vosgesinfo.fr\/gerardmerinfo\/#\/schema\/person\/db5605779a843dad16b5368f3e7613a5","name":"QG","image":{"@type":"ImageObject","inLanguage":"fr-FR","@id":"https:\/\/vosgesinfo.fr\/gerardmerinfo\/#\/schema\/person\/image\/","url":"https:\/\/secure.gravatar.com\/avatar\/ea80c42c204b534408512832fde52504ecabb9706bcb6151cf6175e5b64e6793?s=96&d=mm&r=g","contentUrl":"https:\/\/secure.gravatar.com\/avatar\/ea80c42c204b534408512832fde52504ecabb9706bcb6151cf6175e5b64e6793?s=96&d=mm&r=g","caption":"QG"},"url":"https:\/\/vosgesinfo.fr\/gerardmerinfo\/author\/quentin88\/"}]}},"_links":{"self":[{"href":"https:\/\/vosgesinfo.fr\/gerardmerinfo\/wp-json\/wp\/v2\/posts\/29054","targetHints":{"allow":["GET"]}}],"collection":[{"href":"https:\/\/vosgesinfo.fr\/gerardmerinfo\/wp-json\/wp\/v2\/posts"}],"about":[{"href":"https:\/\/vosgesinfo.fr\/gerardmerinfo\/wp-json\/wp\/v2\/types\/post"}],"author":[{"embeddable":true,"href":"https:\/\/vosgesinfo.fr\/gerardmerinfo\/wp-json\/wp\/v2\/users\/42"}],"replies":[{"embeddable":true,"href":"https:\/\/vosgesinfo.fr\/gerardmerinfo\/wp-json\/wp\/v2\/comments?post=29054"}],"version-history":[{"count":0,"href":"https:\/\/vosgesinfo.fr\/gerardmerinfo\/wp-json\/wp\/v2\/posts\/29054\/revisions"}],"wp:featuredmedia":[{"embeddable":true,"href":"https:\/\/vosgesinfo.fr\/gerardmerinfo\/wp-json\/wp\/v2\/media\/29055"}],"wp:attachment":[{"href":"https:\/\/vosgesinfo.fr\/gerardmerinfo\/wp-json\/wp\/v2\/media?parent=29054"}],"wp:term":[{"taxonomy":"category","embeddable":true,"href":"https:\/\/vosgesinfo.fr\/gerardmerinfo\/wp-json\/wp\/v2\/categories?post=29054"},{"taxonomy":"post_tag","embeddable":true,"href":"https:\/\/vosgesinfo.fr\/gerardmerinfo\/wp-json\/wp\/v2\/tags?post=29054"}],"curies":[{"name":"wp","href":"https:\/\/api.w.org\/{rel}","templated":true}]}}