{"id":29069,"date":"2017-09-14T15:59:49","date_gmt":"2017-09-14T13:59:49","guid":{"rendered":"https:\/\/vosgesinfo.fr\/gerardmerinfo\/2017\/09\/soectacle-equinoxe-dautomne-2017-a-vagney\/"},"modified":"2017-09-14T15:59:49","modified_gmt":"2017-09-14T13:59:49","slug":"soectacle-equinoxe-dautomne-2017-a-vagney","status":"publish","type":"post","link":"https:\/\/vosgesinfo.fr\/gerardmerinfo\/2017\/09\/soectacle-equinoxe-dautomne-2017-a-vagney\/","title":{"rendered":"Soectacle EQUINOXE D\u2019AUTOMNE 2017 \u00e0 Vagney"},"content":{"rendered":"<h2><span style=\"font-size: 14pt;\">La Th\u00e9matique de cet\u00a0 L\u2019\u00c9quinoxe d\u2019automne 2017 explorera les contes d\u2019ici et d\u2019ailleurs. Chaque conte est inspir\u00e9 de l\u2019histoire locale, ponctu\u00e9e et contredite par l\u2019imaginaire.<\/span><\/h2>\n<p><a href=\"\/2017\/09\/Affiche-A-3-Equinoxe-automne-2017.jpg\"><img decoding=\"async\" class=\"alignright size-medium wp-image-114463\" src=\"\/2017\/09\/Affiche-A-3-Equinoxe-automne-2017-180x255.jpg\" alt=\"Affiche A 3 Equinoxe automne 2017\" width=\"180\" height=\"255\" \/><\/a>Une cr\u00e9ation th\u00e9\u00e2trale originale, rassemblant amateurs et professionnels du spectacle vivant.<\/p>\n<h3><span style=\"font-size: 12pt;\"><b>Spectacle Equinoxe d\u2019automne 2017<\/b><\/span><\/h3>\n<p><b>Entr\u00e9e libre<br \/>\n<\/b><b>Dimanche 24\u00a0 mars 2017 \u00e0 17H00<br \/>\nParvis de l\u2019\u00e9glise<br \/>\nVagney (88)<\/b><br \/>\nLES \u00c9QUINOXES, C\u2019EST QUOI ?<br \/>\nDepuis 2012, les \u00c9quinoxes de printemps et d\u2019automne r\u00e9unissent des professionnels du spectacle vivant et des amateurs pour une cr\u00e9ation in\u00e9dite. A chaque saison, une nouvelle th\u00e9matique est explor\u00e9e. L\u2019\u00c9quinoxe se pr\u00e9sente sous la forme d\u2019un laboratoire du spectacle vivant. Ce temps fort d\u00e9bouche sur une repr\u00e9sentation dans une ville de la Communaut\u00e9 de Communes des Hautes-Vosges.<\/p>\n<p>LA COMPAGNIE LE PLATEAU IVRE, C\u2019EST QUI ?<br \/>\nLa compagnie Le Plateau Ivre fond\u00e9e en 2002, articule ses projets artistiques autour des \u00e9critures contemporaines et r\u00e9unit une \u00e9quipe<br \/>\nartistique et technique suivant l\u2019orientation de chaque projet. Depuis 2004, la compagnie poursuit sa d\u00e9marche artistique avec son travail de r\u00e9sidence dans les Hautes-Vosges.<br \/>\nTout au long de l\u2019ann\u00e9e, Le Plateau Ivre cr\u00e9e des spectacles et les diffuse dans tout le Grand Est.<\/p>\n","protected":false},"excerpt":{"rendered":"<p>La Th\u00e9matique de cet\u00a0 L\u2019\u00c9quinoxe d\u2019automne 2017 explorera les contes d\u2019ici et d\u2019ailleurs. Chaque conte est inspir\u00e9 de l\u2019histoire locale, [&hellip;]<\/p>\n","protected":false},"author":1,"featured_media":29070,"comment_status":"open","ping_status":"open","sticky":false,"template":"","format":"standard","meta":{"footnotes":""},"categories":[20,4],"tags":[3255],"class_list":["post-29069","post","type-post","status-publish","format-standard","has-post-thumbnail","hentry","category-a-la-une","category-culture","tag-spectacle-equinoxe"],"acf":[],"yoast_head":"<!-- This site is optimized with the Yoast SEO plugin v22.5 - https:\/\/yoast.com\/wordpress\/plugins\/seo\/ -->\n<title>Soectacle EQUINOXE D\u2019AUTOMNE 2017 \u00e0 Vagney - Gerardmer Info<\/title>\n<meta name=\"robots\" content=\"index, follow, max-snippet:-1, max-image-preview:large, max-video-preview:-1\" \/>\n<link rel=\"canonical\" href=\"https:\/\/vosgesinfo.fr\/gerardmerinfo\/2017\/09\/soectacle-equinoxe-dautomne-2017-a-vagney\/\" \/>\n<meta name=\"twitter:card\" content=\"summary_large_image\" \/>\n<meta name=\"twitter:title\" content=\"Soectacle EQUINOXE D\u2019AUTOMNE 2017 \u00e0 Vagney - Gerardmer Info\" \/>\n<meta name=\"twitter:description\" content=\"La Th\u00e9matique de cet\u00a0 L\u2019\u00c9quinoxe d\u2019automne 2017 explorera les contes d\u2019ici et d\u2019ailleurs. Chaque conte est inspir\u00e9 de l\u2019histoire locale, [&hellip;]\" \/>\n<meta name=\"twitter:image\" content=\"https:\/\/vosgesinfo.fr\/app\/uploads\/sites\/6\/2024\/07\/201709affiche-a-3-equinoxe-automne-2017.jpg\" \/>\n<meta name=\"twitter:creator\" content=\"@VosgesInfo88\" \/>\n<meta name=\"twitter:site\" content=\"@VosgesInfo88\" \/>\n<meta name=\"twitter:label1\" content=\"\u00c9crit par\" \/>\n\t<meta name=\"twitter:data1\" content=\"qs_admin\" \/>\n\t<meta name=\"twitter:label2\" content=\"Dur\u00e9e de lecture estim\u00e9e\" \/>\n\t<meta name=\"twitter:data2\" content=\"1 minute\" \/>\n<script type=\"application\/ld+json\" class=\"yoast-schema-graph\">{\"@context\":\"https:\/\/schema.org\",\"@graph\":[{\"@type\":\"Article\",\"@id\":\"https:\/\/vosgesinfo.fr\/gerardmerinfo\/2017\/09\/soectacle-equinoxe-dautomne-2017-a-vagney\/#article\",\"isPartOf\":{\"@id\":\"https:\/\/vosgesinfo.fr\/gerardmerinfo\/2017\/09\/soectacle-equinoxe-dautomne-2017-a-vagney\/\"},\"author\":{\"name\":\"qs_admin\",\"@id\":\"https:\/\/vosgesinfo.fr\/gerardmerinfo\/#\/schema\/person\/bc5d02d71e6932e81b6dadb7386667b1\"},\"headline\":\"Soectacle EQUINOXE D\u2019AUTOMNE 2017 \u00e0 Vagney\",\"datePublished\":\"2017-09-14T13:59:49+00:00\",\"dateModified\":\"2017-09-14T13:59:49+00:00\",\"mainEntityOfPage\":{\"@id\":\"https:\/\/vosgesinfo.fr\/gerardmerinfo\/2017\/09\/soectacle-equinoxe-dautomne-2017-a-vagney\/\"},\"wordCount\":214,\"commentCount\":0,\"publisher\":{\"@id\":\"https:\/\/vosgesinfo.fr\/gerardmerinfo\/#organization\"},\"image\":{\"@id\":\"https:\/\/vosgesinfo.fr\/gerardmerinfo\/2017\/09\/soectacle-equinoxe-dautomne-2017-a-vagney\/#primaryimage\"},\"thumbnailUrl\":\"https:\/\/vosgesinfo.fr\/app\/uploads\/sites\/6\/2024\/07\/201709affiche-a-3-equinoxe-automne-2017.jpg\",\"keywords\":[\"Spectacle Equinoxe\"],\"articleSection\":[\"A la une\",\"Culture\"],\"inLanguage\":\"fr-FR\",\"potentialAction\":[{\"@type\":\"CommentAction\",\"name\":\"Comment\",\"target\":[\"https:\/\/vosgesinfo.fr\/gerardmerinfo\/2017\/09\/soectacle-equinoxe-dautomne-2017-a-vagney\/#respond\"]}]},{\"@type\":\"WebPage\",\"@id\":\"https:\/\/vosgesinfo.fr\/gerardmerinfo\/2017\/09\/soectacle-equinoxe-dautomne-2017-a-vagney\/\",\"url\":\"https:\/\/vosgesinfo.fr\/gerardmerinfo\/2017\/09\/soectacle-equinoxe-dautomne-2017-a-vagney\/\",\"name\":\"Soectacle EQUINOXE D\u2019AUTOMNE 2017 \u00e0 Vagney - Gerardmer Info\",\"isPartOf\":{\"@id\":\"https:\/\/vosgesinfo.fr\/gerardmerinfo\/#website\"},\"primaryImageOfPage\":{\"@id\":\"https:\/\/vosgesinfo.fr\/gerardmerinfo\/2017\/09\/soectacle-equinoxe-dautomne-2017-a-vagney\/#primaryimage\"},\"image\":{\"@id\":\"https:\/\/vosgesinfo.fr\/gerardmerinfo\/2017\/09\/soectacle-equinoxe-dautomne-2017-a-vagney\/#primaryimage\"},\"thumbnailUrl\":\"https:\/\/vosgesinfo.fr\/app\/uploads\/sites\/6\/2024\/07\/201709affiche-a-3-equinoxe-automne-2017.jpg\",\"datePublished\":\"2017-09-14T13:59:49+00:00\",\"dateModified\":\"2017-09-14T13:59:49+00:00\",\"breadcrumb\":{\"@id\":\"https:\/\/vosgesinfo.fr\/gerardmerinfo\/2017\/09\/soectacle-equinoxe-dautomne-2017-a-vagney\/#breadcrumb\"},\"inLanguage\":\"fr-FR\",\"potentialAction\":[{\"@type\":\"ReadAction\",\"target\":[\"https:\/\/vosgesinfo.fr\/gerardmerinfo\/2017\/09\/soectacle-equinoxe-dautomne-2017-a-vagney\/\"]}]},{\"@type\":\"ImageObject\",\"inLanguage\":\"fr-FR\",\"@id\":\"https:\/\/vosgesinfo.fr\/gerardmerinfo\/2017\/09\/soectacle-equinoxe-dautomne-2017-a-vagney\/#primaryimage\",\"url\":\"https:\/\/vosgesinfo.fr\/app\/uploads\/sites\/6\/2024\/07\/201709affiche-a-3-equinoxe-automne-2017.jpg\",\"contentUrl\":\"https:\/\/vosgesinfo.fr\/app\/uploads\/sites\/6\/2024\/07\/201709affiche-a-3-equinoxe-automne-2017.jpg\",\"width\":566,\"height\":800},{\"@type\":\"BreadcrumbList\",\"@id\":\"https:\/\/vosgesinfo.fr\/gerardmerinfo\/2017\/09\/soectacle-equinoxe-dautomne-2017-a-vagney\/#breadcrumb\",\"itemListElement\":[{\"@type\":\"ListItem\",\"position\":1,\"name\":\"Home\",\"item\":\"https:\/\/vosgesinfo.fr\/gerardmerinfo\/\"},{\"@type\":\"ListItem\",\"position\":2,\"name\":\"Soectacle EQUINOXE D\u2019AUTOMNE 2017 \u00e0 Vagney\"}]},{\"@type\":\"WebSite\",\"@id\":\"https:\/\/vosgesinfo.fr\/gerardmerinfo\/#website\",\"url\":\"https:\/\/vosgesinfo.fr\/gerardmerinfo\/\",\"name\":\"Gerardmer Info\",\"description\":\"Toute l&#039;actualit\u00e9 de G\u00e9rardmer\",\"publisher\":{\"@id\":\"https:\/\/vosgesinfo.fr\/gerardmerinfo\/#organization\"},\"alternateName\":\"Toute l'actualit\u00e9 de G\u00e9rardmer\",\"potentialAction\":[{\"@type\":\"SearchAction\",\"target\":{\"@type\":\"EntryPoint\",\"urlTemplate\":\"https:\/\/vosgesinfo.fr\/gerardmerinfo\/?s={search_term_string}\"},\"query-input\":\"required name=search_term_string\"}],\"inLanguage\":\"fr-FR\"},{\"@type\":\"Organization\",\"@id\":\"https:\/\/vosgesinfo.fr\/gerardmerinfo\/#organization\",\"name\":\"Gerardmer Info\",\"url\":\"https:\/\/vosgesinfo.fr\/gerardmerinfo\/\",\"logo\":{\"@type\":\"ImageObject\",\"inLanguage\":\"fr-FR\",\"@id\":\"https:\/\/vosgesinfo.fr\/gerardmerinfo\/#\/schema\/logo\/image\/\",\"url\":\"https:\/\/vosgesinfo.fr\/app\/uploads\/sites\/6\/2023\/08\/favicon-gerardmerinfo.png\",\"contentUrl\":\"https:\/\/vosgesinfo.fr\/app\/uploads\/sites\/6\/2023\/08\/favicon-gerardmerinfo.png\",\"width\":512,\"height\":512,\"caption\":\"Gerardmer Info\"},\"image\":{\"@id\":\"https:\/\/vosgesinfo.fr\/gerardmerinfo\/#\/schema\/logo\/image\/\"},\"sameAs\":[\"https:\/\/www.facebook.com\/profile.php?id=100049475262660\",\"https:\/\/x.com\/VosgesInfo88\",\"https:\/\/www.youtube.com\/@vosgesinfo\"]},{\"@type\":\"Person\",\"@id\":\"https:\/\/vosgesinfo.fr\/gerardmerinfo\/#\/schema\/person\/bc5d02d71e6932e81b6dadb7386667b1\",\"name\":\"qs_admin\",\"image\":{\"@type\":\"ImageObject\",\"inLanguage\":\"fr-FR\",\"@id\":\"https:\/\/vosgesinfo.fr\/gerardmerinfo\/#\/schema\/person\/image\/\",\"url\":\"https:\/\/secure.gravatar.com\/avatar\/94b18ee0ed79e4a42ea2f2931277b6841a8999fc6fde214600c78057cf1fe1de?s=96&d=mm&r=g\",\"contentUrl\":\"https:\/\/secure.gravatar.com\/avatar\/94b18ee0ed79e4a42ea2f2931277b6841a8999fc6fde214600c78057cf1fe1de?s=96&d=mm&r=g\",\"caption\":\"qs_admin\"},\"sameAs\":[\"https:\/\/vosgesinfo.fr\/wp\"],\"url\":\"https:\/\/vosgesinfo.fr\/gerardmerinfo\/author\/qs_admin\/\"}]}<\/script>\n<!-- \/ Yoast SEO plugin. -->","yoast_head_json":{"title":"Soectacle EQUINOXE D\u2019AUTOMNE 2017 \u00e0 Vagney - Gerardmer Info","robots":{"index":"index","follow":"follow","max-snippet":"max-snippet:-1","max-image-preview":"max-image-preview:large","max-video-preview":"max-video-preview:-1"},"canonical":"https:\/\/vosgesinfo.fr\/gerardmerinfo\/2017\/09\/soectacle-equinoxe-dautomne-2017-a-vagney\/","twitter_card":"summary_large_image","twitter_title":"Soectacle EQUINOXE D\u2019AUTOMNE 2017 \u00e0 Vagney - Gerardmer Info","twitter_description":"La Th\u00e9matique de cet\u00a0 L\u2019\u00c9quinoxe d\u2019automne 2017 explorera les contes d\u2019ici et d\u2019ailleurs. Chaque conte est inspir\u00e9 de l\u2019histoire locale, [&hellip;]","twitter_image":"https:\/\/vosgesinfo.fr\/app\/uploads\/sites\/6\/2024\/07\/201709affiche-a-3-equinoxe-automne-2017.jpg","twitter_creator":"@VosgesInfo88","twitter_site":"@VosgesInfo88","twitter_misc":{"\u00c9crit par":"qs_admin","Dur\u00e9e de lecture estim\u00e9e":"1 minute"},"schema":{"@context":"https:\/\/schema.org","@graph":[{"@type":"Article","@id":"https:\/\/vosgesinfo.fr\/gerardmerinfo\/2017\/09\/soectacle-equinoxe-dautomne-2017-a-vagney\/#article","isPartOf":{"@id":"https:\/\/vosgesinfo.fr\/gerardmerinfo\/2017\/09\/soectacle-equinoxe-dautomne-2017-a-vagney\/"},"author":{"name":"qs_admin","@id":"https:\/\/vosgesinfo.fr\/gerardmerinfo\/#\/schema\/person\/bc5d02d71e6932e81b6dadb7386667b1"},"headline":"Soectacle EQUINOXE D\u2019AUTOMNE 2017 \u00e0 Vagney","datePublished":"2017-09-14T13:59:49+00:00","dateModified":"2017-09-14T13:59:49+00:00","mainEntityOfPage":{"@id":"https:\/\/vosgesinfo.fr\/gerardmerinfo\/2017\/09\/soectacle-equinoxe-dautomne-2017-a-vagney\/"},"wordCount":214,"commentCount":0,"publisher":{"@id":"https:\/\/vosgesinfo.fr\/gerardmerinfo\/#organization"},"image":{"@id":"https:\/\/vosgesinfo.fr\/gerardmerinfo\/2017\/09\/soectacle-equinoxe-dautomne-2017-a-vagney\/#primaryimage"},"thumbnailUrl":"https:\/\/vosgesinfo.fr\/app\/uploads\/sites\/6\/2024\/07\/201709affiche-a-3-equinoxe-automne-2017.jpg","keywords":["Spectacle Equinoxe"],"articleSection":["A la une","Culture"],"inLanguage":"fr-FR","potentialAction":[{"@type":"CommentAction","name":"Comment","target":["https:\/\/vosgesinfo.fr\/gerardmerinfo\/2017\/09\/soectacle-equinoxe-dautomne-2017-a-vagney\/#respond"]}]},{"@type":"WebPage","@id":"https:\/\/vosgesinfo.fr\/gerardmerinfo\/2017\/09\/soectacle-equinoxe-dautomne-2017-a-vagney\/","url":"https:\/\/vosgesinfo.fr\/gerardmerinfo\/2017\/09\/soectacle-equinoxe-dautomne-2017-a-vagney\/","name":"Soectacle EQUINOXE D\u2019AUTOMNE 2017 \u00e0 Vagney - Gerardmer Info","isPartOf":{"@id":"https:\/\/vosgesinfo.fr\/gerardmerinfo\/#website"},"primaryImageOfPage":{"@id":"https:\/\/vosgesinfo.fr\/gerardmerinfo\/2017\/09\/soectacle-equinoxe-dautomne-2017-a-vagney\/#primaryimage"},"image":{"@id":"https:\/\/vosgesinfo.fr\/gerardmerinfo\/2017\/09\/soectacle-equinoxe-dautomne-2017-a-vagney\/#primaryimage"},"thumbnailUrl":"https:\/\/vosgesinfo.fr\/app\/uploads\/sites\/6\/2024\/07\/201709affiche-a-3-equinoxe-automne-2017.jpg","datePublished":"2017-09-14T13:59:49+00:00","dateModified":"2017-09-14T13:59:49+00:00","breadcrumb":{"@id":"https:\/\/vosgesinfo.fr\/gerardmerinfo\/2017\/09\/soectacle-equinoxe-dautomne-2017-a-vagney\/#breadcrumb"},"inLanguage":"fr-FR","potentialAction":[{"@type":"ReadAction","target":["https:\/\/vosgesinfo.fr\/gerardmerinfo\/2017\/09\/soectacle-equinoxe-dautomne-2017-a-vagney\/"]}]},{"@type":"ImageObject","inLanguage":"fr-FR","@id":"https:\/\/vosgesinfo.fr\/gerardmerinfo\/2017\/09\/soectacle-equinoxe-dautomne-2017-a-vagney\/#primaryimage","url":"https:\/\/vosgesinfo.fr\/app\/uploads\/sites\/6\/2024\/07\/201709affiche-a-3-equinoxe-automne-2017.jpg","contentUrl":"https:\/\/vosgesinfo.fr\/app\/uploads\/sites\/6\/2024\/07\/201709affiche-a-3-equinoxe-automne-2017.jpg","width":566,"height":800},{"@type":"BreadcrumbList","@id":"https:\/\/vosgesinfo.fr\/gerardmerinfo\/2017\/09\/soectacle-equinoxe-dautomne-2017-a-vagney\/#breadcrumb","itemListElement":[{"@type":"ListItem","position":1,"name":"Home","item":"https:\/\/vosgesinfo.fr\/gerardmerinfo\/"},{"@type":"ListItem","position":2,"name":"Soectacle EQUINOXE D\u2019AUTOMNE 2017 \u00e0 Vagney"}]},{"@type":"WebSite","@id":"https:\/\/vosgesinfo.fr\/gerardmerinfo\/#website","url":"https:\/\/vosgesinfo.fr\/gerardmerinfo\/","name":"Gerardmer Info","description":"Toute l&#039;actualit\u00e9 de G\u00e9rardmer","publisher":{"@id":"https:\/\/vosgesinfo.fr\/gerardmerinfo\/#organization"},"alternateName":"Toute l'actualit\u00e9 de G\u00e9rardmer","potentialAction":[{"@type":"SearchAction","target":{"@type":"EntryPoint","urlTemplate":"https:\/\/vosgesinfo.fr\/gerardmerinfo\/?s={search_term_string}"},"query-input":"required name=search_term_string"}],"inLanguage":"fr-FR"},{"@type":"Organization","@id":"https:\/\/vosgesinfo.fr\/gerardmerinfo\/#organization","name":"Gerardmer Info","url":"https:\/\/vosgesinfo.fr\/gerardmerinfo\/","logo":{"@type":"ImageObject","inLanguage":"fr-FR","@id":"https:\/\/vosgesinfo.fr\/gerardmerinfo\/#\/schema\/logo\/image\/","url":"https:\/\/vosgesinfo.fr\/app\/uploads\/sites\/6\/2023\/08\/favicon-gerardmerinfo.png","contentUrl":"https:\/\/vosgesinfo.fr\/app\/uploads\/sites\/6\/2023\/08\/favicon-gerardmerinfo.png","width":512,"height":512,"caption":"Gerardmer Info"},"image":{"@id":"https:\/\/vosgesinfo.fr\/gerardmerinfo\/#\/schema\/logo\/image\/"},"sameAs":["https:\/\/www.facebook.com\/profile.php?id=100049475262660","https:\/\/x.com\/VosgesInfo88","https:\/\/www.youtube.com\/@vosgesinfo"]},{"@type":"Person","@id":"https:\/\/vosgesinfo.fr\/gerardmerinfo\/#\/schema\/person\/bc5d02d71e6932e81b6dadb7386667b1","name":"qs_admin","image":{"@type":"ImageObject","inLanguage":"fr-FR","@id":"https:\/\/vosgesinfo.fr\/gerardmerinfo\/#\/schema\/person\/image\/","url":"https:\/\/secure.gravatar.com\/avatar\/94b18ee0ed79e4a42ea2f2931277b6841a8999fc6fde214600c78057cf1fe1de?s=96&d=mm&r=g","contentUrl":"https:\/\/secure.gravatar.com\/avatar\/94b18ee0ed79e4a42ea2f2931277b6841a8999fc6fde214600c78057cf1fe1de?s=96&d=mm&r=g","caption":"qs_admin"},"sameAs":["https:\/\/vosgesinfo.fr\/wp"],"url":"https:\/\/vosgesinfo.fr\/gerardmerinfo\/author\/qs_admin\/"}]}},"_links":{"self":[{"href":"https:\/\/vosgesinfo.fr\/gerardmerinfo\/wp-json\/wp\/v2\/posts\/29069","targetHints":{"allow":["GET"]}}],"collection":[{"href":"https:\/\/vosgesinfo.fr\/gerardmerinfo\/wp-json\/wp\/v2\/posts"}],"about":[{"href":"https:\/\/vosgesinfo.fr\/gerardmerinfo\/wp-json\/wp\/v2\/types\/post"}],"author":[{"embeddable":true,"href":"https:\/\/vosgesinfo.fr\/gerardmerinfo\/wp-json\/wp\/v2\/users\/1"}],"replies":[{"embeddable":true,"href":"https:\/\/vosgesinfo.fr\/gerardmerinfo\/wp-json\/wp\/v2\/comments?post=29069"}],"version-history":[{"count":0,"href":"https:\/\/vosgesinfo.fr\/gerardmerinfo\/wp-json\/wp\/v2\/posts\/29069\/revisions"}],"wp:featuredmedia":[{"embeddable":true,"href":"https:\/\/vosgesinfo.fr\/gerardmerinfo\/wp-json\/wp\/v2\/media\/29070"}],"wp:attachment":[{"href":"https:\/\/vosgesinfo.fr\/gerardmerinfo\/wp-json\/wp\/v2\/media?parent=29069"}],"wp:term":[{"taxonomy":"category","embeddable":true,"href":"https:\/\/vosgesinfo.fr\/gerardmerinfo\/wp-json\/wp\/v2\/categories?post=29069"},{"taxonomy":"post_tag","embeddable":true,"href":"https:\/\/vosgesinfo.fr\/gerardmerinfo\/wp-json\/wp\/v2\/tags?post=29069"}],"curies":[{"name":"wp","href":"https:\/\/api.w.org\/{rel}","templated":true}]}}