{"id":29465,"date":"2017-10-05T16:08:36","date_gmt":"2017-10-05T14:08:36","guid":{"rendered":"https:\/\/vosgesinfo.fr\/gerardmerinfo\/2017\/10\/vosges-quune-montagne-a-vache-montagne-vache-parfois\/"},"modified":"2017-10-05T16:08:36","modified_gmt":"2017-10-05T14:08:36","slug":"vosges-quune-montagne-a-vache-montagne-vache-parfois","status":"publish","type":"post","link":"https:\/\/vosgesinfo.fr\/gerardmerinfo\/2017\/10\/vosges-quune-montagne-a-vache-montagne-vache-parfois\/","title":{"rendered":"Les Vosges : \u00ab\u00a0pas qu&rsquo;une montagne \u00e0 vaches mais aussi une montagne un peu vache parfois&#8230;\u00a0\u00bb"},"content":{"rendered":"<p><strong>La semaine de pr\u00e9vention des risques domestiques est sur orbite depuis aujourd&rsquo;hui avec comme premi\u00e8re animation ouverte au public, outres les man\u0153uvres op\u00e9r\u00e9es place du Tilleul, une conf\u00e9rence participative du SDIS sur les risques li\u00e9s \u00e0 la montagne.<\/strong><\/p>\n<div id=\"attachment_115588\" style=\"width: 410px\" class=\"wp-caption alignright\"><a href=\"\/2017\/10\/DSC03218.jpg\"><img decoding=\"async\" aria-describedby=\"caption-attachment-115588\" class=\"size-medium wp-image-115588\" src=\"\/2017\/10\/DSC03218-400x225.jpg\" alt=\"En compagnie de Serge Cacheux, Ne sergent Nicolas Delicurt a abord\u00e9 les risques li\u00e9s \u00e0 la montagne et surtout comment les \u00e9viter !\" width=\"400\" height=\"225\" \/><\/a><p id=\"caption-attachment-115588\" class=\"wp-caption-text\"><strong><span style=\"color: #800000;\">En compagnie d&rsquo;Yves Cacheux, Le sergent Nicolas Delicurt a abord\u00e9 les risques li\u00e9s \u00e0 la montagne et surtout comment les \u00e9viter !<\/span><\/strong><\/p><\/div>\n<p>Aux commandes, deux sapeurs du centre de secours de G\u00e9rardmer sp\u00e9cialistes du secours en montagne en la personne d&rsquo;Yves Cacheux et du Sergent Nicolas Delicourt, ce dernier \u00e9tant \u00e9galement accompagnateur en montagne. Le postulat de base est simple mais d&rsquo;une certaine mani\u00e8re \u00e9difiant : \u00ab\u00a0Les Vosges ne sont pas qu&rsquo;une montagne \u00e0 vaches mais aussi une montagne un peu vache\u00a0\u00bb ; dixit le Sergent ! En effet, sous leur aspect plut\u00f4t placide et vallonn\u00e9, les Vosges cachent bien leur jeu et r\u00e9servent parfois de bien mauvaises surprises, et pour cause : \u00ab\u00a0M\u00eame si les points culminants ne d\u00e9passent pas 1300-1400 m\u00e8tres, c&rsquo;est un massif qui poss\u00e8de des risques et des dangers assimil\u00e9s \u00e0 ceux de plateaux et cr\u00eates alpines de 2 200-2 500 m\u00e8tres. Cela est principalement li\u00e9 \u00e0 des conditions m\u00e9t\u00e9orologiques bien sp\u00e9cifiques (froid, vent, changements\u00a0 brutaux&#8230;) et une pluviom\u00e9trie importante\u00a0\u00bb ajoute Nicolas Delicourt.<\/p>\n<p>Des conditions qu&rsquo;il faut donc imp\u00e9rativement prendre en compte avant de partir en randonn\u00e9e et c&rsquo;est donc par une petite explication de la topographie du massif vosgien que la conf\u00e9rence a d\u00e9but\u00e9. \u00ab\u00a0Nous allons \u00e9galement abord\u00e9 la cr\u00e9ation d&rsquo;un fond de sac type et ses variantes de type hiver avec ce que l&rsquo;on appelle le triptyque qui est indispensable <strong>pour chaque randonneur<\/strong> : il se compose d&rsquo;un d\u00e9tecteur de victime en avalanche (DVA) que chacun doit porter sur soi et justement pas dans son sac, d&rsquo;une pelle et d&rsquo;une sonde. A cela peuvent s&rsquo;ajouter des raquettes, des skis de rando, des b\u00e2tons ou encore des chaufferettes\u00a0\u00bb pr\u00e9cisent Nicolas Delicourt et Yves Cacheux. Et d&rsquo;ajouter : \u00ab\u00a0Lorsque vous partez seul, il est important de donner son itin\u00e9raire \u00e0 des proches et d&rsquo;\u00e9viter d&rsquo;en changer ou de pr\u00e9venir en cas de changement, cela facilite les recherches des secours pour localiser les personnes en cas de p\u00e9pin. M\u00eame des personnes qui connaissent le secteur peuvent avoir des difficult\u00e9s \u00e0 se localiser si le massif est plong\u00e9 dans le brouillard !\u00a0\u00bb<\/p>\n<p>D&rsquo;o\u00f9 l&rsquo;int\u00e9r\u00eat d&#8217;emporter avec soi topos et cartes, sans oublier un t\u00e9l\u00e9phone portable charg\u00e9 ! \u00ab\u00a0Nous \u00e9voquons aussi les applis utiles pour les sorties en montagne. Des applis de m\u00e9t\u00e9o, d&rsquo;orientation, ou encore l&rsquo;application de localisation des victimes mises en place par le SDIS 88 pour g\u00e9olocaliser une personne gr\u00e2ce \u00e0 l&rsquo;envoi d&rsquo;un SMS auquel doit r\u00e9pondre la victime ou la personne \u00e9gar\u00e9e pour \u00eatre localis\u00e9e. C&rsquo;est tr\u00e8s important que les personnes sachent que \u00e7a existe\u00a0\u00bb insiste Yves Cacheux. Pour conclure, les deux sapeurs sont \u00e9galement pass\u00e9s par une petite pr\u00e9sentation de l&rsquo;organisation des secours avec le Peloton de Gendarmerie de Montagne, les \u00e9quipes de secours, la S\u00e9curit\u00e9 Civile et les h\u00e9licopt\u00e8res pr\u00eats \u00e0 intervenir&#8230; \u00c7a en fait du monde pour venir sauver vos petites fesses en montagne mais, est-il besoin de le rappeler, ce n&rsquo;est pas une raison pour partir faire le GR (sentier de grande randonn\u00e9e) en tongs !?<\/p>\n","protected":false},"excerpt":{"rendered":"<p>La semaine de pr\u00e9vention des risques domestiques est sur orbite depuis aujourd&rsquo;hui avec comme premi\u00e8re animation ouverte au public, outres [&hellip;]<\/p>\n","protected":false},"author":42,"featured_media":29466,"comment_status":"open","ping_status":"open","sticky":false,"template":"","format":"standard","meta":{"footnotes":""},"categories":[20,7,25,14,15],"tags":[191,3258],"class_list":["post-29465","post","type-post","status-publish","format-standard","has-post-thumbnail","hentry","category-a-la-une","category-environnement","category-gerardmer","category-sport","category-tourisme","tag-sdis-88","tag-semaine-de-prevention-des-risques-domestiques"],"acf":[],"yoast_head":"<!-- This site is optimized with the Yoast SEO plugin v22.5 - https:\/\/yoast.com\/wordpress\/plugins\/seo\/ -->\n<title>Les Vosges : &quot;pas qu&#039;une montagne \u00e0 vaches mais aussi une montagne un peu vache parfois...&quot; - Gerardmer Info<\/title>\n<meta name=\"robots\" content=\"index, follow, max-snippet:-1, max-image-preview:large, max-video-preview:-1\" \/>\n<link rel=\"canonical\" href=\"https:\/\/vosgesinfo.fr\/gerardmerinfo\/2017\/10\/vosges-quune-montagne-a-vache-montagne-vache-parfois\/\" \/>\n<meta name=\"twitter:card\" content=\"summary_large_image\" \/>\n<meta name=\"twitter:title\" content=\"Les Vosges : &quot;pas qu&#039;une montagne \u00e0 vaches mais aussi une montagne un peu vache parfois...&quot; - Gerardmer Info\" \/>\n<meta name=\"twitter:description\" content=\"La semaine de pr\u00e9vention des risques domestiques est sur orbite depuis aujourd&rsquo;hui avec comme premi\u00e8re animation ouverte au public, outres [&hellip;]\" \/>\n<meta name=\"twitter:image\" content=\"https:\/\/vosgesinfo.fr\/app\/uploads\/sites\/6\/2024\/07\/201710dsc03218.jpg\" \/>\n<meta name=\"twitter:creator\" content=\"@VosgesInfo88\" \/>\n<meta name=\"twitter:site\" content=\"@VosgesInfo88\" \/>\n<meta name=\"twitter:label1\" content=\"\u00c9crit par\" \/>\n\t<meta name=\"twitter:data1\" content=\"QG\" \/>\n\t<meta name=\"twitter:label2\" content=\"Dur\u00e9e de lecture estim\u00e9e\" \/>\n\t<meta name=\"twitter:data2\" content=\"3 minutes\" \/>\n<script type=\"application\/ld+json\" class=\"yoast-schema-graph\">{\"@context\":\"https:\/\/schema.org\",\"@graph\":[{\"@type\":\"Article\",\"@id\":\"https:\/\/vosgesinfo.fr\/gerardmerinfo\/2017\/10\/vosges-quune-montagne-a-vache-montagne-vache-parfois\/#article\",\"isPartOf\":{\"@id\":\"https:\/\/vosgesinfo.fr\/gerardmerinfo\/2017\/10\/vosges-quune-montagne-a-vache-montagne-vache-parfois\/\"},\"author\":{\"name\":\"QG\",\"@id\":\"https:\/\/vosgesinfo.fr\/gerardmerinfo\/#\/schema\/person\/db5605779a843dad16b5368f3e7613a5\"},\"headline\":\"Les Vosges : \u00ab\u00a0pas qu&rsquo;une montagne \u00e0 vaches mais aussi une montagne un peu vache parfois&#8230;\u00a0\u00bb\",\"datePublished\":\"2017-10-05T14:08:36+00:00\",\"dateModified\":\"2017-10-05T14:08:36+00:00\",\"mainEntityOfPage\":{\"@id\":\"https:\/\/vosgesinfo.fr\/gerardmerinfo\/2017\/10\/vosges-quune-montagne-a-vache-montagne-vache-parfois\/\"},\"wordCount\":616,\"commentCount\":0,\"publisher\":{\"@id\":\"https:\/\/vosgesinfo.fr\/gerardmerinfo\/#organization\"},\"image\":{\"@id\":\"https:\/\/vosgesinfo.fr\/gerardmerinfo\/2017\/10\/vosges-quune-montagne-a-vache-montagne-vache-parfois\/#primaryimage\"},\"thumbnailUrl\":\"https:\/\/vosgesinfo.fr\/app\/uploads\/sites\/6\/2024\/07\/201710dsc03218.jpg\",\"keywords\":[\"sdis 88\",\"semaine de pr\u00e9vention des risques domestiques\"],\"articleSection\":[\"A la une\",\"Environnement\",\"G\u00e9rardmer\",\"Sport\",\"Tourisme\"],\"inLanguage\":\"fr-FR\",\"potentialAction\":[{\"@type\":\"CommentAction\",\"name\":\"Comment\",\"target\":[\"https:\/\/vosgesinfo.fr\/gerardmerinfo\/2017\/10\/vosges-quune-montagne-a-vache-montagne-vache-parfois\/#respond\"]}]},{\"@type\":\"WebPage\",\"@id\":\"https:\/\/vosgesinfo.fr\/gerardmerinfo\/2017\/10\/vosges-quune-montagne-a-vache-montagne-vache-parfois\/\",\"url\":\"https:\/\/vosgesinfo.fr\/gerardmerinfo\/2017\/10\/vosges-quune-montagne-a-vache-montagne-vache-parfois\/\",\"name\":\"Les Vosges : \\\"pas qu'une montagne \u00e0 vaches mais aussi une montagne un peu vache parfois...\\\" - Gerardmer Info\",\"isPartOf\":{\"@id\":\"https:\/\/vosgesinfo.fr\/gerardmerinfo\/#website\"},\"primaryImageOfPage\":{\"@id\":\"https:\/\/vosgesinfo.fr\/gerardmerinfo\/2017\/10\/vosges-quune-montagne-a-vache-montagne-vache-parfois\/#primaryimage\"},\"image\":{\"@id\":\"https:\/\/vosgesinfo.fr\/gerardmerinfo\/2017\/10\/vosges-quune-montagne-a-vache-montagne-vache-parfois\/#primaryimage\"},\"thumbnailUrl\":\"https:\/\/vosgesinfo.fr\/app\/uploads\/sites\/6\/2024\/07\/201710dsc03218.jpg\",\"datePublished\":\"2017-10-05T14:08:36+00:00\",\"dateModified\":\"2017-10-05T14:08:36+00:00\",\"breadcrumb\":{\"@id\":\"https:\/\/vosgesinfo.fr\/gerardmerinfo\/2017\/10\/vosges-quune-montagne-a-vache-montagne-vache-parfois\/#breadcrumb\"},\"inLanguage\":\"fr-FR\",\"potentialAction\":[{\"@type\":\"ReadAction\",\"target\":[\"https:\/\/vosgesinfo.fr\/gerardmerinfo\/2017\/10\/vosges-quune-montagne-a-vache-montagne-vache-parfois\/\"]}]},{\"@type\":\"ImageObject\",\"inLanguage\":\"fr-FR\",\"@id\":\"https:\/\/vosgesinfo.fr\/gerardmerinfo\/2017\/10\/vosges-quune-montagne-a-vache-montagne-vache-parfois\/#primaryimage\",\"url\":\"https:\/\/vosgesinfo.fr\/app\/uploads\/sites\/6\/2024\/07\/201710dsc03218.jpg\",\"contentUrl\":\"https:\/\/vosgesinfo.fr\/app\/uploads\/sites\/6\/2024\/07\/201710dsc03218.jpg\",\"width\":800,\"height\":450},{\"@type\":\"BreadcrumbList\",\"@id\":\"https:\/\/vosgesinfo.fr\/gerardmerinfo\/2017\/10\/vosges-quune-montagne-a-vache-montagne-vache-parfois\/#breadcrumb\",\"itemListElement\":[{\"@type\":\"ListItem\",\"position\":1,\"name\":\"Home\",\"item\":\"https:\/\/vosgesinfo.fr\/gerardmerinfo\/\"},{\"@type\":\"ListItem\",\"position\":2,\"name\":\"Les Vosges : \u00ab\u00a0pas qu&rsquo;une montagne \u00e0 vaches mais aussi une montagne un peu vache parfois&#8230;\u00a0\u00bb\"}]},{\"@type\":\"WebSite\",\"@id\":\"https:\/\/vosgesinfo.fr\/gerardmerinfo\/#website\",\"url\":\"https:\/\/vosgesinfo.fr\/gerardmerinfo\/\",\"name\":\"Gerardmer Info\",\"description\":\"Toute l&#039;actualit\u00e9 de G\u00e9rardmer\",\"publisher\":{\"@id\":\"https:\/\/vosgesinfo.fr\/gerardmerinfo\/#organization\"},\"alternateName\":\"Toute l'actualit\u00e9 de G\u00e9rardmer\",\"potentialAction\":[{\"@type\":\"SearchAction\",\"target\":{\"@type\":\"EntryPoint\",\"urlTemplate\":\"https:\/\/vosgesinfo.fr\/gerardmerinfo\/?s={search_term_string}\"},\"query-input\":\"required name=search_term_string\"}],\"inLanguage\":\"fr-FR\"},{\"@type\":\"Organization\",\"@id\":\"https:\/\/vosgesinfo.fr\/gerardmerinfo\/#organization\",\"name\":\"Gerardmer Info\",\"url\":\"https:\/\/vosgesinfo.fr\/gerardmerinfo\/\",\"logo\":{\"@type\":\"ImageObject\",\"inLanguage\":\"fr-FR\",\"@id\":\"https:\/\/vosgesinfo.fr\/gerardmerinfo\/#\/schema\/logo\/image\/\",\"url\":\"https:\/\/vosgesinfo.fr\/app\/uploads\/sites\/6\/2023\/08\/favicon-gerardmerinfo.png\",\"contentUrl\":\"https:\/\/vosgesinfo.fr\/app\/uploads\/sites\/6\/2023\/08\/favicon-gerardmerinfo.png\",\"width\":512,\"height\":512,\"caption\":\"Gerardmer Info\"},\"image\":{\"@id\":\"https:\/\/vosgesinfo.fr\/gerardmerinfo\/#\/schema\/logo\/image\/\"},\"sameAs\":[\"https:\/\/www.facebook.com\/profile.php?id=100049475262660\",\"https:\/\/x.com\/VosgesInfo88\",\"https:\/\/www.youtube.com\/@vosgesinfo\"]},{\"@type\":\"Person\",\"@id\":\"https:\/\/vosgesinfo.fr\/gerardmerinfo\/#\/schema\/person\/db5605779a843dad16b5368f3e7613a5\",\"name\":\"QG\",\"image\":{\"@type\":\"ImageObject\",\"inLanguage\":\"fr-FR\",\"@id\":\"https:\/\/vosgesinfo.fr\/gerardmerinfo\/#\/schema\/person\/image\/\",\"url\":\"https:\/\/secure.gravatar.com\/avatar\/ea80c42c204b534408512832fde52504ecabb9706bcb6151cf6175e5b64e6793?s=96&d=mm&r=g\",\"contentUrl\":\"https:\/\/secure.gravatar.com\/avatar\/ea80c42c204b534408512832fde52504ecabb9706bcb6151cf6175e5b64e6793?s=96&d=mm&r=g\",\"caption\":\"QG\"},\"url\":\"https:\/\/vosgesinfo.fr\/gerardmerinfo\/author\/quentin88\/\"}]}<\/script>\n<!-- \/ Yoast SEO plugin. -->","yoast_head_json":{"title":"Les Vosges : \"pas qu'une montagne \u00e0 vaches mais aussi une montagne un peu vache parfois...\" - Gerardmer Info","robots":{"index":"index","follow":"follow","max-snippet":"max-snippet:-1","max-image-preview":"max-image-preview:large","max-video-preview":"max-video-preview:-1"},"canonical":"https:\/\/vosgesinfo.fr\/gerardmerinfo\/2017\/10\/vosges-quune-montagne-a-vache-montagne-vache-parfois\/","twitter_card":"summary_large_image","twitter_title":"Les Vosges : \"pas qu'une montagne \u00e0 vaches mais aussi une montagne un peu vache parfois...\" - Gerardmer Info","twitter_description":"La semaine de pr\u00e9vention des risques domestiques est sur orbite depuis aujourd&rsquo;hui avec comme premi\u00e8re animation ouverte au public, outres [&hellip;]","twitter_image":"https:\/\/vosgesinfo.fr\/app\/uploads\/sites\/6\/2024\/07\/201710dsc03218.jpg","twitter_creator":"@VosgesInfo88","twitter_site":"@VosgesInfo88","twitter_misc":{"\u00c9crit par":"QG","Dur\u00e9e de lecture estim\u00e9e":"3 minutes"},"schema":{"@context":"https:\/\/schema.org","@graph":[{"@type":"Article","@id":"https:\/\/vosgesinfo.fr\/gerardmerinfo\/2017\/10\/vosges-quune-montagne-a-vache-montagne-vache-parfois\/#article","isPartOf":{"@id":"https:\/\/vosgesinfo.fr\/gerardmerinfo\/2017\/10\/vosges-quune-montagne-a-vache-montagne-vache-parfois\/"},"author":{"name":"QG","@id":"https:\/\/vosgesinfo.fr\/gerardmerinfo\/#\/schema\/person\/db5605779a843dad16b5368f3e7613a5"},"headline":"Les Vosges : \u00ab\u00a0pas qu&rsquo;une montagne \u00e0 vaches mais aussi une montagne un peu vache parfois&#8230;\u00a0\u00bb","datePublished":"2017-10-05T14:08:36+00:00","dateModified":"2017-10-05T14:08:36+00:00","mainEntityOfPage":{"@id":"https:\/\/vosgesinfo.fr\/gerardmerinfo\/2017\/10\/vosges-quune-montagne-a-vache-montagne-vache-parfois\/"},"wordCount":616,"commentCount":0,"publisher":{"@id":"https:\/\/vosgesinfo.fr\/gerardmerinfo\/#organization"},"image":{"@id":"https:\/\/vosgesinfo.fr\/gerardmerinfo\/2017\/10\/vosges-quune-montagne-a-vache-montagne-vache-parfois\/#primaryimage"},"thumbnailUrl":"https:\/\/vosgesinfo.fr\/app\/uploads\/sites\/6\/2024\/07\/201710dsc03218.jpg","keywords":["sdis 88","semaine de pr\u00e9vention des risques domestiques"],"articleSection":["A la une","Environnement","G\u00e9rardmer","Sport","Tourisme"],"inLanguage":"fr-FR","potentialAction":[{"@type":"CommentAction","name":"Comment","target":["https:\/\/vosgesinfo.fr\/gerardmerinfo\/2017\/10\/vosges-quune-montagne-a-vache-montagne-vache-parfois\/#respond"]}]},{"@type":"WebPage","@id":"https:\/\/vosgesinfo.fr\/gerardmerinfo\/2017\/10\/vosges-quune-montagne-a-vache-montagne-vache-parfois\/","url":"https:\/\/vosgesinfo.fr\/gerardmerinfo\/2017\/10\/vosges-quune-montagne-a-vache-montagne-vache-parfois\/","name":"Les Vosges : \"pas qu'une montagne \u00e0 vaches mais aussi une montagne un peu vache parfois...\" - Gerardmer Info","isPartOf":{"@id":"https:\/\/vosgesinfo.fr\/gerardmerinfo\/#website"},"primaryImageOfPage":{"@id":"https:\/\/vosgesinfo.fr\/gerardmerinfo\/2017\/10\/vosges-quune-montagne-a-vache-montagne-vache-parfois\/#primaryimage"},"image":{"@id":"https:\/\/vosgesinfo.fr\/gerardmerinfo\/2017\/10\/vosges-quune-montagne-a-vache-montagne-vache-parfois\/#primaryimage"},"thumbnailUrl":"https:\/\/vosgesinfo.fr\/app\/uploads\/sites\/6\/2024\/07\/201710dsc03218.jpg","datePublished":"2017-10-05T14:08:36+00:00","dateModified":"2017-10-05T14:08:36+00:00","breadcrumb":{"@id":"https:\/\/vosgesinfo.fr\/gerardmerinfo\/2017\/10\/vosges-quune-montagne-a-vache-montagne-vache-parfois\/#breadcrumb"},"inLanguage":"fr-FR","potentialAction":[{"@type":"ReadAction","target":["https:\/\/vosgesinfo.fr\/gerardmerinfo\/2017\/10\/vosges-quune-montagne-a-vache-montagne-vache-parfois\/"]}]},{"@type":"ImageObject","inLanguage":"fr-FR","@id":"https:\/\/vosgesinfo.fr\/gerardmerinfo\/2017\/10\/vosges-quune-montagne-a-vache-montagne-vache-parfois\/#primaryimage","url":"https:\/\/vosgesinfo.fr\/app\/uploads\/sites\/6\/2024\/07\/201710dsc03218.jpg","contentUrl":"https:\/\/vosgesinfo.fr\/app\/uploads\/sites\/6\/2024\/07\/201710dsc03218.jpg","width":800,"height":450},{"@type":"BreadcrumbList","@id":"https:\/\/vosgesinfo.fr\/gerardmerinfo\/2017\/10\/vosges-quune-montagne-a-vache-montagne-vache-parfois\/#breadcrumb","itemListElement":[{"@type":"ListItem","position":1,"name":"Home","item":"https:\/\/vosgesinfo.fr\/gerardmerinfo\/"},{"@type":"ListItem","position":2,"name":"Les Vosges : \u00ab\u00a0pas qu&rsquo;une montagne \u00e0 vaches mais aussi une montagne un peu vache parfois&#8230;\u00a0\u00bb"}]},{"@type":"WebSite","@id":"https:\/\/vosgesinfo.fr\/gerardmerinfo\/#website","url":"https:\/\/vosgesinfo.fr\/gerardmerinfo\/","name":"Gerardmer Info","description":"Toute l&#039;actualit\u00e9 de G\u00e9rardmer","publisher":{"@id":"https:\/\/vosgesinfo.fr\/gerardmerinfo\/#organization"},"alternateName":"Toute l'actualit\u00e9 de G\u00e9rardmer","potentialAction":[{"@type":"SearchAction","target":{"@type":"EntryPoint","urlTemplate":"https:\/\/vosgesinfo.fr\/gerardmerinfo\/?s={search_term_string}"},"query-input":"required name=search_term_string"}],"inLanguage":"fr-FR"},{"@type":"Organization","@id":"https:\/\/vosgesinfo.fr\/gerardmerinfo\/#organization","name":"Gerardmer Info","url":"https:\/\/vosgesinfo.fr\/gerardmerinfo\/","logo":{"@type":"ImageObject","inLanguage":"fr-FR","@id":"https:\/\/vosgesinfo.fr\/gerardmerinfo\/#\/schema\/logo\/image\/","url":"https:\/\/vosgesinfo.fr\/app\/uploads\/sites\/6\/2023\/08\/favicon-gerardmerinfo.png","contentUrl":"https:\/\/vosgesinfo.fr\/app\/uploads\/sites\/6\/2023\/08\/favicon-gerardmerinfo.png","width":512,"height":512,"caption":"Gerardmer Info"},"image":{"@id":"https:\/\/vosgesinfo.fr\/gerardmerinfo\/#\/schema\/logo\/image\/"},"sameAs":["https:\/\/www.facebook.com\/profile.php?id=100049475262660","https:\/\/x.com\/VosgesInfo88","https:\/\/www.youtube.com\/@vosgesinfo"]},{"@type":"Person","@id":"https:\/\/vosgesinfo.fr\/gerardmerinfo\/#\/schema\/person\/db5605779a843dad16b5368f3e7613a5","name":"QG","image":{"@type":"ImageObject","inLanguage":"fr-FR","@id":"https:\/\/vosgesinfo.fr\/gerardmerinfo\/#\/schema\/person\/image\/","url":"https:\/\/secure.gravatar.com\/avatar\/ea80c42c204b534408512832fde52504ecabb9706bcb6151cf6175e5b64e6793?s=96&d=mm&r=g","contentUrl":"https:\/\/secure.gravatar.com\/avatar\/ea80c42c204b534408512832fde52504ecabb9706bcb6151cf6175e5b64e6793?s=96&d=mm&r=g","caption":"QG"},"url":"https:\/\/vosgesinfo.fr\/gerardmerinfo\/author\/quentin88\/"}]}},"_links":{"self":[{"href":"https:\/\/vosgesinfo.fr\/gerardmerinfo\/wp-json\/wp\/v2\/posts\/29465","targetHints":{"allow":["GET"]}}],"collection":[{"href":"https:\/\/vosgesinfo.fr\/gerardmerinfo\/wp-json\/wp\/v2\/posts"}],"about":[{"href":"https:\/\/vosgesinfo.fr\/gerardmerinfo\/wp-json\/wp\/v2\/types\/post"}],"author":[{"embeddable":true,"href":"https:\/\/vosgesinfo.fr\/gerardmerinfo\/wp-json\/wp\/v2\/users\/42"}],"replies":[{"embeddable":true,"href":"https:\/\/vosgesinfo.fr\/gerardmerinfo\/wp-json\/wp\/v2\/comments?post=29465"}],"version-history":[{"count":0,"href":"https:\/\/vosgesinfo.fr\/gerardmerinfo\/wp-json\/wp\/v2\/posts\/29465\/revisions"}],"wp:featuredmedia":[{"embeddable":true,"href":"https:\/\/vosgesinfo.fr\/gerardmerinfo\/wp-json\/wp\/v2\/media\/29466"}],"wp:attachment":[{"href":"https:\/\/vosgesinfo.fr\/gerardmerinfo\/wp-json\/wp\/v2\/media?parent=29465"}],"wp:term":[{"taxonomy":"category","embeddable":true,"href":"https:\/\/vosgesinfo.fr\/gerardmerinfo\/wp-json\/wp\/v2\/categories?post=29465"},{"taxonomy":"post_tag","embeddable":true,"href":"https:\/\/vosgesinfo.fr\/gerardmerinfo\/wp-json\/wp\/v2\/tags?post=29465"}],"curies":[{"name":"wp","href":"https:\/\/api.w.org\/{rel}","templated":true}]}}