{"id":29666,"date":"2017-10-12T16:23:07","date_gmt":"2017-10-12T14:23:07","guid":{"rendered":"https:\/\/vosgesinfo.fr\/gerardmerinfo\/2017\/10\/assises-spinalien-de-36-ans-juge-meurtre-ecope-de-16-ans-de-prison\/"},"modified":"2017-10-12T16:23:07","modified_gmt":"2017-10-12T14:23:07","slug":"assises-spinalien-de-36-ans-juge-meurtre-ecope-de-16-ans-de-prison","status":"publish","type":"post","link":"https:\/\/vosgesinfo.fr\/gerardmerinfo\/2017\/10\/assises-spinalien-de-36-ans-juge-meurtre-ecope-de-16-ans-de-prison\/","title":{"rendered":"Assises \u2013 Le Spinalien de 36 ans jug\u00e9 pour meurtre \u00e9cope de 16 ans de prison"},"content":{"rendered":"<p>Depuis mardi, un Spinalien \u00e2g\u00e9 de 36 ans est jug\u00e9 devant la cour d\u2019assises des Vosges pour le meurtre d\u2019une prostitu\u00e9e d\u2019origine portugaise. Le verdict a \u00e9t\u00e9 rendu ce jeudi soir. L\u2019homme, accus\u00e9 d\u2019avoir poignard\u00e9 de 53 coups de couteau la femme, m\u00e8re de quatre enfants \u00e9cope de 16 ans de prison. Il fera aussi l\u2019objet d\u2019une mesure de suivi socio-judiciaire durant 7 ans avec une obligation de soin destin\u00e9e \u00e0 pr\u00e9venir la r\u00e9cidive.<\/p>\n","protected":false},"excerpt":{"rendered":"<p>Depuis mardi, un Spinalien \u00e2g\u00e9 de 36 ans est jug\u00e9 devant la cour d\u2019assises des Vosges pour le meurtre d\u2019une [&hellip;]<\/p>\n","protected":false},"author":1,"featured_media":29667,"comment_status":"open","ping_status":"open","sticky":false,"template":"","format":"standard","meta":{"footnotes":""},"categories":[20,8,31],"tags":[],"class_list":["post-29666","post","type-post","status-publish","format-standard","has-post-thumbnail","hentry","category-a-la-une","category-faits-divers","category-vosges-faits-divers"],"acf":[],"yoast_head":"<!-- This site is optimized with the Yoast SEO plugin v22.5 - https:\/\/yoast.com\/wordpress\/plugins\/seo\/ -->\n<title>Assises \u2013 Le Spinalien de 36 ans jug\u00e9 pour meurtre \u00e9cope de 16 ans de prison - Gerardmer Info<\/title>\n<meta name=\"robots\" content=\"index, follow, max-snippet:-1, max-image-preview:large, max-video-preview:-1\" \/>\n<link rel=\"canonical\" href=\"https:\/\/vosgesinfo.fr\/gerardmerinfo\/2017\/10\/assises-spinalien-de-36-ans-juge-meurtre-ecope-de-16-ans-de-prison\/\" \/>\n<meta name=\"twitter:card\" content=\"summary_large_image\" \/>\n<meta name=\"twitter:title\" content=\"Assises \u2013 Le Spinalien de 36 ans jug\u00e9 pour meurtre \u00e9cope de 16 ans de prison - Gerardmer Info\" \/>\n<meta name=\"twitter:description\" content=\"Depuis mardi, un Spinalien \u00e2g\u00e9 de 36 ans est jug\u00e9 devant la cour d\u2019assises des Vosges pour le meurtre d\u2019une [&hellip;]\" \/>\n<meta name=\"twitter:image\" content=\"https:\/\/vosgesinfo.fr\/app\/uploads\/sites\/6\/2024\/07\/201710penales.jpg\" \/>\n<meta name=\"twitter:creator\" content=\"@VosgesInfo88\" \/>\n<meta name=\"twitter:site\" content=\"@VosgesInfo88\" \/>\n<meta name=\"twitter:label1\" content=\"\u00c9crit par\" \/>\n\t<meta name=\"twitter:data1\" content=\"qs_admin\" \/>\n<script type=\"application\/ld+json\" class=\"yoast-schema-graph\">{\"@context\":\"https:\/\/schema.org\",\"@graph\":[{\"@type\":\"Article\",\"@id\":\"https:\/\/vosgesinfo.fr\/gerardmerinfo\/2017\/10\/assises-spinalien-de-36-ans-juge-meurtre-ecope-de-16-ans-de-prison\/#article\",\"isPartOf\":{\"@id\":\"https:\/\/vosgesinfo.fr\/gerardmerinfo\/2017\/10\/assises-spinalien-de-36-ans-juge-meurtre-ecope-de-16-ans-de-prison\/\"},\"author\":{\"name\":\"qs_admin\",\"@id\":\"https:\/\/vosgesinfo.fr\/gerardmerinfo\/#\/schema\/person\/bc5d02d71e6932e81b6dadb7386667b1\"},\"headline\":\"Assises \u2013 Le Spinalien de 36 ans jug\u00e9 pour meurtre \u00e9cope de 16 ans de prison\",\"datePublished\":\"2017-10-12T14:23:07+00:00\",\"dateModified\":\"2017-10-12T14:23:07+00:00\",\"mainEntityOfPage\":{\"@id\":\"https:\/\/vosgesinfo.fr\/gerardmerinfo\/2017\/10\/assises-spinalien-de-36-ans-juge-meurtre-ecope-de-16-ans-de-prison\/\"},\"wordCount\":94,\"commentCount\":0,\"publisher\":{\"@id\":\"https:\/\/vosgesinfo.fr\/gerardmerinfo\/#organization\"},\"image\":{\"@id\":\"https:\/\/vosgesinfo.fr\/gerardmerinfo\/2017\/10\/assises-spinalien-de-36-ans-juge-meurtre-ecope-de-16-ans-de-prison\/#primaryimage\"},\"thumbnailUrl\":\"https:\/\/vosgesinfo.fr\/app\/uploads\/sites\/6\/2024\/07\/201710penales.jpg\",\"articleSection\":[\"A la une\",\"Faits-divers\",\"Vosges\"],\"inLanguage\":\"fr-FR\",\"potentialAction\":[{\"@type\":\"CommentAction\",\"name\":\"Comment\",\"target\":[\"https:\/\/vosgesinfo.fr\/gerardmerinfo\/2017\/10\/assises-spinalien-de-36-ans-juge-meurtre-ecope-de-16-ans-de-prison\/#respond\"]}]},{\"@type\":\"WebPage\",\"@id\":\"https:\/\/vosgesinfo.fr\/gerardmerinfo\/2017\/10\/assises-spinalien-de-36-ans-juge-meurtre-ecope-de-16-ans-de-prison\/\",\"url\":\"https:\/\/vosgesinfo.fr\/gerardmerinfo\/2017\/10\/assises-spinalien-de-36-ans-juge-meurtre-ecope-de-16-ans-de-prison\/\",\"name\":\"Assises \u2013 Le Spinalien de 36 ans jug\u00e9 pour meurtre \u00e9cope de 16 ans de prison - Gerardmer Info\",\"isPartOf\":{\"@id\":\"https:\/\/vosgesinfo.fr\/gerardmerinfo\/#website\"},\"primaryImageOfPage\":{\"@id\":\"https:\/\/vosgesinfo.fr\/gerardmerinfo\/2017\/10\/assises-spinalien-de-36-ans-juge-meurtre-ecope-de-16-ans-de-prison\/#primaryimage\"},\"image\":{\"@id\":\"https:\/\/vosgesinfo.fr\/gerardmerinfo\/2017\/10\/assises-spinalien-de-36-ans-juge-meurtre-ecope-de-16-ans-de-prison\/#primaryimage\"},\"thumbnailUrl\":\"https:\/\/vosgesinfo.fr\/app\/uploads\/sites\/6\/2024\/07\/201710penales.jpg\",\"datePublished\":\"2017-10-12T14:23:07+00:00\",\"dateModified\":\"2017-10-12T14:23:07+00:00\",\"breadcrumb\":{\"@id\":\"https:\/\/vosgesinfo.fr\/gerardmerinfo\/2017\/10\/assises-spinalien-de-36-ans-juge-meurtre-ecope-de-16-ans-de-prison\/#breadcrumb\"},\"inLanguage\":\"fr-FR\",\"potentialAction\":[{\"@type\":\"ReadAction\",\"target\":[\"https:\/\/vosgesinfo.fr\/gerardmerinfo\/2017\/10\/assises-spinalien-de-36-ans-juge-meurtre-ecope-de-16-ans-de-prison\/\"]}]},{\"@type\":\"ImageObject\",\"inLanguage\":\"fr-FR\",\"@id\":\"https:\/\/vosgesinfo.fr\/gerardmerinfo\/2017\/10\/assises-spinalien-de-36-ans-juge-meurtre-ecope-de-16-ans-de-prison\/#primaryimage\",\"url\":\"https:\/\/vosgesinfo.fr\/app\/uploads\/sites\/6\/2024\/07\/201710penales.jpg\",\"contentUrl\":\"https:\/\/vosgesinfo.fr\/app\/uploads\/sites\/6\/2024\/07\/201710penales.jpg\",\"width\":800,\"height\":600},{\"@type\":\"BreadcrumbList\",\"@id\":\"https:\/\/vosgesinfo.fr\/gerardmerinfo\/2017\/10\/assises-spinalien-de-36-ans-juge-meurtre-ecope-de-16-ans-de-prison\/#breadcrumb\",\"itemListElement\":[{\"@type\":\"ListItem\",\"position\":1,\"name\":\"Home\",\"item\":\"https:\/\/vosgesinfo.fr\/gerardmerinfo\/\"},{\"@type\":\"ListItem\",\"position\":2,\"name\":\"Assises \u2013 Le Spinalien de 36 ans jug\u00e9 pour meurtre \u00e9cope de 16 ans de prison\"}]},{\"@type\":\"WebSite\",\"@id\":\"https:\/\/vosgesinfo.fr\/gerardmerinfo\/#website\",\"url\":\"https:\/\/vosgesinfo.fr\/gerardmerinfo\/\",\"name\":\"Gerardmer Info\",\"description\":\"Toute l&#039;actualit\u00e9 de G\u00e9rardmer\",\"publisher\":{\"@id\":\"https:\/\/vosgesinfo.fr\/gerardmerinfo\/#organization\"},\"alternateName\":\"Toute l'actualit\u00e9 de G\u00e9rardmer\",\"potentialAction\":[{\"@type\":\"SearchAction\",\"target\":{\"@type\":\"EntryPoint\",\"urlTemplate\":\"https:\/\/vosgesinfo.fr\/gerardmerinfo\/?s={search_term_string}\"},\"query-input\":\"required name=search_term_string\"}],\"inLanguage\":\"fr-FR\"},{\"@type\":\"Organization\",\"@id\":\"https:\/\/vosgesinfo.fr\/gerardmerinfo\/#organization\",\"name\":\"Gerardmer Info\",\"url\":\"https:\/\/vosgesinfo.fr\/gerardmerinfo\/\",\"logo\":{\"@type\":\"ImageObject\",\"inLanguage\":\"fr-FR\",\"@id\":\"https:\/\/vosgesinfo.fr\/gerardmerinfo\/#\/schema\/logo\/image\/\",\"url\":\"https:\/\/vosgesinfo.fr\/app\/uploads\/sites\/6\/2023\/08\/favicon-gerardmerinfo.png\",\"contentUrl\":\"https:\/\/vosgesinfo.fr\/app\/uploads\/sites\/6\/2023\/08\/favicon-gerardmerinfo.png\",\"width\":512,\"height\":512,\"caption\":\"Gerardmer Info\"},\"image\":{\"@id\":\"https:\/\/vosgesinfo.fr\/gerardmerinfo\/#\/schema\/logo\/image\/\"},\"sameAs\":[\"https:\/\/www.facebook.com\/profile.php?id=100049475262660\",\"https:\/\/x.com\/VosgesInfo88\",\"https:\/\/www.youtube.com\/@vosgesinfo\"]},{\"@type\":\"Person\",\"@id\":\"https:\/\/vosgesinfo.fr\/gerardmerinfo\/#\/schema\/person\/bc5d02d71e6932e81b6dadb7386667b1\",\"name\":\"qs_admin\",\"image\":{\"@type\":\"ImageObject\",\"inLanguage\":\"fr-FR\",\"@id\":\"https:\/\/vosgesinfo.fr\/gerardmerinfo\/#\/schema\/person\/image\/\",\"url\":\"https:\/\/secure.gravatar.com\/avatar\/94b18ee0ed79e4a42ea2f2931277b6841a8999fc6fde214600c78057cf1fe1de?s=96&d=mm&r=g\",\"contentUrl\":\"https:\/\/secure.gravatar.com\/avatar\/94b18ee0ed79e4a42ea2f2931277b6841a8999fc6fde214600c78057cf1fe1de?s=96&d=mm&r=g\",\"caption\":\"qs_admin\"},\"sameAs\":[\"https:\/\/vosgesinfo.fr\/wp\"],\"url\":\"https:\/\/vosgesinfo.fr\/gerardmerinfo\/author\/qs_admin\/\"}]}<\/script>\n<!-- \/ Yoast SEO plugin. -->","yoast_head_json":{"title":"Assises \u2013 Le Spinalien de 36 ans jug\u00e9 pour meurtre \u00e9cope de 16 ans de prison - Gerardmer Info","robots":{"index":"index","follow":"follow","max-snippet":"max-snippet:-1","max-image-preview":"max-image-preview:large","max-video-preview":"max-video-preview:-1"},"canonical":"https:\/\/vosgesinfo.fr\/gerardmerinfo\/2017\/10\/assises-spinalien-de-36-ans-juge-meurtre-ecope-de-16-ans-de-prison\/","twitter_card":"summary_large_image","twitter_title":"Assises \u2013 Le Spinalien de 36 ans jug\u00e9 pour meurtre \u00e9cope de 16 ans de prison - Gerardmer Info","twitter_description":"Depuis mardi, un Spinalien \u00e2g\u00e9 de 36 ans est jug\u00e9 devant la cour d\u2019assises des Vosges pour le meurtre d\u2019une [&hellip;]","twitter_image":"https:\/\/vosgesinfo.fr\/app\/uploads\/sites\/6\/2024\/07\/201710penales.jpg","twitter_creator":"@VosgesInfo88","twitter_site":"@VosgesInfo88","twitter_misc":{"\u00c9crit par":"qs_admin"},"schema":{"@context":"https:\/\/schema.org","@graph":[{"@type":"Article","@id":"https:\/\/vosgesinfo.fr\/gerardmerinfo\/2017\/10\/assises-spinalien-de-36-ans-juge-meurtre-ecope-de-16-ans-de-prison\/#article","isPartOf":{"@id":"https:\/\/vosgesinfo.fr\/gerardmerinfo\/2017\/10\/assises-spinalien-de-36-ans-juge-meurtre-ecope-de-16-ans-de-prison\/"},"author":{"name":"qs_admin","@id":"https:\/\/vosgesinfo.fr\/gerardmerinfo\/#\/schema\/person\/bc5d02d71e6932e81b6dadb7386667b1"},"headline":"Assises \u2013 Le Spinalien de 36 ans jug\u00e9 pour meurtre \u00e9cope de 16 ans de prison","datePublished":"2017-10-12T14:23:07+00:00","dateModified":"2017-10-12T14:23:07+00:00","mainEntityOfPage":{"@id":"https:\/\/vosgesinfo.fr\/gerardmerinfo\/2017\/10\/assises-spinalien-de-36-ans-juge-meurtre-ecope-de-16-ans-de-prison\/"},"wordCount":94,"commentCount":0,"publisher":{"@id":"https:\/\/vosgesinfo.fr\/gerardmerinfo\/#organization"},"image":{"@id":"https:\/\/vosgesinfo.fr\/gerardmerinfo\/2017\/10\/assises-spinalien-de-36-ans-juge-meurtre-ecope-de-16-ans-de-prison\/#primaryimage"},"thumbnailUrl":"https:\/\/vosgesinfo.fr\/app\/uploads\/sites\/6\/2024\/07\/201710penales.jpg","articleSection":["A la une","Faits-divers","Vosges"],"inLanguage":"fr-FR","potentialAction":[{"@type":"CommentAction","name":"Comment","target":["https:\/\/vosgesinfo.fr\/gerardmerinfo\/2017\/10\/assises-spinalien-de-36-ans-juge-meurtre-ecope-de-16-ans-de-prison\/#respond"]}]},{"@type":"WebPage","@id":"https:\/\/vosgesinfo.fr\/gerardmerinfo\/2017\/10\/assises-spinalien-de-36-ans-juge-meurtre-ecope-de-16-ans-de-prison\/","url":"https:\/\/vosgesinfo.fr\/gerardmerinfo\/2017\/10\/assises-spinalien-de-36-ans-juge-meurtre-ecope-de-16-ans-de-prison\/","name":"Assises \u2013 Le Spinalien de 36 ans jug\u00e9 pour meurtre \u00e9cope de 16 ans de prison - Gerardmer Info","isPartOf":{"@id":"https:\/\/vosgesinfo.fr\/gerardmerinfo\/#website"},"primaryImageOfPage":{"@id":"https:\/\/vosgesinfo.fr\/gerardmerinfo\/2017\/10\/assises-spinalien-de-36-ans-juge-meurtre-ecope-de-16-ans-de-prison\/#primaryimage"},"image":{"@id":"https:\/\/vosgesinfo.fr\/gerardmerinfo\/2017\/10\/assises-spinalien-de-36-ans-juge-meurtre-ecope-de-16-ans-de-prison\/#primaryimage"},"thumbnailUrl":"https:\/\/vosgesinfo.fr\/app\/uploads\/sites\/6\/2024\/07\/201710penales.jpg","datePublished":"2017-10-12T14:23:07+00:00","dateModified":"2017-10-12T14:23:07+00:00","breadcrumb":{"@id":"https:\/\/vosgesinfo.fr\/gerardmerinfo\/2017\/10\/assises-spinalien-de-36-ans-juge-meurtre-ecope-de-16-ans-de-prison\/#breadcrumb"},"inLanguage":"fr-FR","potentialAction":[{"@type":"ReadAction","target":["https:\/\/vosgesinfo.fr\/gerardmerinfo\/2017\/10\/assises-spinalien-de-36-ans-juge-meurtre-ecope-de-16-ans-de-prison\/"]}]},{"@type":"ImageObject","inLanguage":"fr-FR","@id":"https:\/\/vosgesinfo.fr\/gerardmerinfo\/2017\/10\/assises-spinalien-de-36-ans-juge-meurtre-ecope-de-16-ans-de-prison\/#primaryimage","url":"https:\/\/vosgesinfo.fr\/app\/uploads\/sites\/6\/2024\/07\/201710penales.jpg","contentUrl":"https:\/\/vosgesinfo.fr\/app\/uploads\/sites\/6\/2024\/07\/201710penales.jpg","width":800,"height":600},{"@type":"BreadcrumbList","@id":"https:\/\/vosgesinfo.fr\/gerardmerinfo\/2017\/10\/assises-spinalien-de-36-ans-juge-meurtre-ecope-de-16-ans-de-prison\/#breadcrumb","itemListElement":[{"@type":"ListItem","position":1,"name":"Home","item":"https:\/\/vosgesinfo.fr\/gerardmerinfo\/"},{"@type":"ListItem","position":2,"name":"Assises \u2013 Le Spinalien de 36 ans jug\u00e9 pour meurtre \u00e9cope de 16 ans de prison"}]},{"@type":"WebSite","@id":"https:\/\/vosgesinfo.fr\/gerardmerinfo\/#website","url":"https:\/\/vosgesinfo.fr\/gerardmerinfo\/","name":"Gerardmer Info","description":"Toute l&#039;actualit\u00e9 de G\u00e9rardmer","publisher":{"@id":"https:\/\/vosgesinfo.fr\/gerardmerinfo\/#organization"},"alternateName":"Toute l'actualit\u00e9 de G\u00e9rardmer","potentialAction":[{"@type":"SearchAction","target":{"@type":"EntryPoint","urlTemplate":"https:\/\/vosgesinfo.fr\/gerardmerinfo\/?s={search_term_string}"},"query-input":"required name=search_term_string"}],"inLanguage":"fr-FR"},{"@type":"Organization","@id":"https:\/\/vosgesinfo.fr\/gerardmerinfo\/#organization","name":"Gerardmer Info","url":"https:\/\/vosgesinfo.fr\/gerardmerinfo\/","logo":{"@type":"ImageObject","inLanguage":"fr-FR","@id":"https:\/\/vosgesinfo.fr\/gerardmerinfo\/#\/schema\/logo\/image\/","url":"https:\/\/vosgesinfo.fr\/app\/uploads\/sites\/6\/2023\/08\/favicon-gerardmerinfo.png","contentUrl":"https:\/\/vosgesinfo.fr\/app\/uploads\/sites\/6\/2023\/08\/favicon-gerardmerinfo.png","width":512,"height":512,"caption":"Gerardmer Info"},"image":{"@id":"https:\/\/vosgesinfo.fr\/gerardmerinfo\/#\/schema\/logo\/image\/"},"sameAs":["https:\/\/www.facebook.com\/profile.php?id=100049475262660","https:\/\/x.com\/VosgesInfo88","https:\/\/www.youtube.com\/@vosgesinfo"]},{"@type":"Person","@id":"https:\/\/vosgesinfo.fr\/gerardmerinfo\/#\/schema\/person\/bc5d02d71e6932e81b6dadb7386667b1","name":"qs_admin","image":{"@type":"ImageObject","inLanguage":"fr-FR","@id":"https:\/\/vosgesinfo.fr\/gerardmerinfo\/#\/schema\/person\/image\/","url":"https:\/\/secure.gravatar.com\/avatar\/94b18ee0ed79e4a42ea2f2931277b6841a8999fc6fde214600c78057cf1fe1de?s=96&d=mm&r=g","contentUrl":"https:\/\/secure.gravatar.com\/avatar\/94b18ee0ed79e4a42ea2f2931277b6841a8999fc6fde214600c78057cf1fe1de?s=96&d=mm&r=g","caption":"qs_admin"},"sameAs":["https:\/\/vosgesinfo.fr\/wp"],"url":"https:\/\/vosgesinfo.fr\/gerardmerinfo\/author\/qs_admin\/"}]}},"_links":{"self":[{"href":"https:\/\/vosgesinfo.fr\/gerardmerinfo\/wp-json\/wp\/v2\/posts\/29666","targetHints":{"allow":["GET"]}}],"collection":[{"href":"https:\/\/vosgesinfo.fr\/gerardmerinfo\/wp-json\/wp\/v2\/posts"}],"about":[{"href":"https:\/\/vosgesinfo.fr\/gerardmerinfo\/wp-json\/wp\/v2\/types\/post"}],"author":[{"embeddable":true,"href":"https:\/\/vosgesinfo.fr\/gerardmerinfo\/wp-json\/wp\/v2\/users\/1"}],"replies":[{"embeddable":true,"href":"https:\/\/vosgesinfo.fr\/gerardmerinfo\/wp-json\/wp\/v2\/comments?post=29666"}],"version-history":[{"count":0,"href":"https:\/\/vosgesinfo.fr\/gerardmerinfo\/wp-json\/wp\/v2\/posts\/29666\/revisions"}],"wp:featuredmedia":[{"embeddable":true,"href":"https:\/\/vosgesinfo.fr\/gerardmerinfo\/wp-json\/wp\/v2\/media\/29667"}],"wp:attachment":[{"href":"https:\/\/vosgesinfo.fr\/gerardmerinfo\/wp-json\/wp\/v2\/media?parent=29666"}],"wp:term":[{"taxonomy":"category","embeddable":true,"href":"https:\/\/vosgesinfo.fr\/gerardmerinfo\/wp-json\/wp\/v2\/categories?post=29666"},{"taxonomy":"post_tag","embeddable":true,"href":"https:\/\/vosgesinfo.fr\/gerardmerinfo\/wp-json\/wp\/v2\/tags?post=29666"}],"curies":[{"name":"wp","href":"https:\/\/api.w.org\/{rel}","templated":true}]}}