{"id":29733,"date":"2017-10-16T15:58:37","date_gmt":"2017-10-16T13:58:37","guid":{"rendered":"https:\/\/vosgesinfo.fr\/gerardmerinfo\/2017\/10\/1-champion-dictee-de-solidarite-vaincre-leucodystrophies\/"},"modified":"2017-10-16T15:58:37","modified_gmt":"2017-10-16T13:58:37","slug":"1-champion-dictee-de-solidarite-vaincre-leucodystrophies","status":"publish","type":"post","link":"https:\/\/vosgesinfo.fr\/gerardmerinfo\/2017\/10\/1-champion-dictee-de-solidarite-vaincre-leucodystrophies\/","title":{"rendered":"1 champion, une dict\u00e9e et de la solidarit\u00e9 pour vaincre les leucodystrophies"},"content":{"rendered":"<p style=\"text-align: left;\" align=\"center\"><strong><a href=\"\/2017\/10\/dict\u00e9e-ELA-de-gennes-3.jpg\"><img decoding=\"async\" class=\"aligncenter size-full wp-image-116238\" src=\"\/2017\/10\/dict\u00e9e-ELA-de-gennes-3.jpg\" alt=\"dict\u00e9e ELA de gennes (3)\" width=\"800\" height=\"450\" \/><\/a>Peut-\u00eatre un peu moins connue que la dict\u00e9e d&rsquo;un certain Bernard Pivot, celle d&rsquo;ELA ne m\u00e9rite cependant pas moins d&rsquo;attention, bien au contraire. Cet \u00e9lan solidaire fait en effet partie de la campagne annuelle et citoyenne d&rsquo;ELA baptis\u00e9e \u00ab\u00a0Mets tes baskets et bats la maladie\u00a0\u00bb\u00a0 en faveur des enfants atteints de leucodystrophie.<\/strong><\/p>\n<p style=\"text-align: left;\">Moment d\u2019\u00e9change sur la maladie, le respect, la solidarit\u00e9 et le handicap, la Dict\u00e9e d\u2019ELA marque le lancement officiel de la campagne \u00ab\u00a0Mets tes baskets et bats la maladie \u00e0 l\u2019\u00e9cole\u00a0\u00bb \u00e0 laquelle participe chaque ann\u00e9e, depuis pr\u00e8s de 10 ans, le lyc\u00e9e\u00a0 technique et professionnel Pierre-Gilles de Gennes. Ce lundi matin, cet \u00e9v\u00e9nement rev\u00eatait un visage particulier \u00e0 plus d&rsquo;un titre. Il \u00e9tait tout d&rsquo;abord marqu\u00e9 par la pr\u00e9sence de Doriane Pacchiana, repr\u00e9sentante officielle d&rsquo;ELA et maman d&rsquo;un enfant touch\u00e9 par la maladie. Cette derni\u00e8re a ainsi pu sensibiliser les quelques 84 \u00e9l\u00e8ves de 1\u00e8re participant \u00e0 l&rsquo;op\u00e9ration aux leucodystrophies ainsi qu&rsquo;\u00e0 l&rsquo;action globale d&rsquo;ELA.<\/p>\n<div id=\"attachment_116237\" style=\"width: 410px\" class=\"wp-caption alignright\"><a href=\"\/2017\/10\/dict\u00e9e-ELA-de-gennes-1.jpg\"><img decoding=\"async\" aria-describedby=\"caption-attachment-116237\" class=\"size-medium wp-image-116237\" src=\"\/2017\/10\/dict\u00e9e-ELA-de-gennes-1-400x225.jpg\" alt=\"Mathieu P\u00e9ch\u00e9 et Diane Pacchiana\" width=\"400\" height=\"225\" \/><\/a><p id=\"caption-attachment-116237\" class=\"wp-caption-text\">Mathieu P\u00e9ch\u00e9 et Diane Pacchiana<\/p><\/div>\n<p style=\"text-align: left;\" align=\"center\">L&rsquo;autre petite sp\u00e9cificit\u00e9 de cette dict\u00e9e cuv\u00e9e 2017 au lyc\u00e9e de Gennes \u00e9tait \u00e0 chercher du c\u00f4t\u00e9 du lecteur qui n&rsquo;\u00e9tait autre que Mathieu P\u00e9ch\u00e9, Champion du Monde de Kayak biplace en 2017 associ\u00e9 \u00e0 Gauthier Klauss (ce dernier n&rsquo;ayant pu faire le d\u00e9placement en raison d&rsquo;un emp\u00eachement de derni\u00e8re minute). Une premi\u00e8re pour Mathieu, visiblement ravi de se pr\u00eater au jeu et de mettre ainsi sa petite pierre \u00e0 l&rsquo;\u00e9difice de ce mouvement solidaire. L&rsquo;occasion \u00e9tait \u00e9galement r\u00eav\u00e9e de revivre les exploits du jeune homme et de son compatriote aux jeux de Rio en 2016 puis \u00e0 Pau cette ann\u00e9e. Des grands moments de sport comme on les aime ! Quant \u00e0 la dict\u00e9e elle-m\u00eame, texte de la journaliste et \u00e9crivain Le\u00efla Slimani, elle \u00e9voquait l&rsquo;histoire d&rsquo;un docteur un peu excentrique sugg\u00e9rant \u00e0 un enfant malade de trouver la fin d&rsquo;une histoire, celle des baskets magiques !<\/p>\n<p style=\"text-align: left;\" align=\"center\">Ces baskets, l&rsquo;ensemble des \u00e9l\u00e8ves internes du lyc\u00e9e les ont chauss\u00e9es en soir\u00e9e de 20 h \u00e0 22 h pour une petite vir\u00e9e compos\u00e9e de diff\u00e9rents ateliers sportifs. Une session mise en place par les enseignants d&rsquo;EPS messieurs D\u00e9lon et Andr\u00e9 qui s&rsquo;est prolong\u00e9e par un pot de l&rsquo;amiti\u00e9. \u00ab\u00a0Cette op\u00e9ration s&rsquo;inscrit bien dans notre parcours d&rsquo;\u00e9ducation \u00e0 la sant\u00e9. Concernant la dict\u00e9e, elle s&rsquo;adresse uniquement aux \u00e9l\u00e8ves de 1\u00e8re car nous estimons qu&rsquo;ils sont plus en \u00e2ge d&rsquo;\u00eatre r\u00e9ceptifs au message, celui de s&rsquo;ouvrir sur les autres, d\u2019\u00eatre solidaires et moins centr\u00e9s uniquement sur soi m\u00eame. Pour les 2des par exemple, c&rsquo;est diff\u00e9rent et les actions visent plus \u00e0 les faire prendre conscience des risques qu&rsquo;eux-m\u00eame encourent suite \u00e0 certains comportements qui peuvent \u00eatre dangereux\u00a0\u00bb pr\u00e9cise ainsi Sylvie Delatre, CPE du lyc\u00e9e en charge de cet \u00e9v\u00e9nement.<\/p>\n<p>&nbsp;<\/p>\n","protected":false},"excerpt":{"rendered":"<p>Peut-\u00eatre un peu moins connue que la dict\u00e9e d&rsquo;un certain Bernard Pivot, celle d&rsquo;ELA ne m\u00e9rite cependant pas moins d&rsquo;attention, [&hellip;]<\/p>\n","protected":false},"author":42,"featured_media":29734,"comment_status":"open","ping_status":"open","sticky":false,"template":"","format":"standard","meta":{"footnotes":""},"categories":[20,6,12,26],"tags":[3303,544,2753],"class_list":["post-29733","post","type-post","status-publish","format-standard","has-post-thumbnail","hentry","category-a-la-une","category-education","category-sante","category-solidarite","tag-dictee-ela","tag-lycee-pierre-gilles-de-gennes","tag-mathieu-peche"],"acf":[],"yoast_head":"<!-- This site is optimized with the Yoast SEO plugin v22.5 - https:\/\/yoast.com\/wordpress\/plugins\/seo\/ -->\n<title>1 champion, une dict\u00e9e et de la solidarit\u00e9 pour vaincre les leucodystrophies - Gerardmer Info<\/title>\n<meta name=\"robots\" content=\"index, follow, max-snippet:-1, max-image-preview:large, max-video-preview:-1\" \/>\n<link rel=\"canonical\" href=\"https:\/\/vosgesinfo.fr\/gerardmerinfo\/2017\/10\/1-champion-dictee-de-solidarite-vaincre-leucodystrophies\/\" \/>\n<meta name=\"twitter:card\" content=\"summary_large_image\" \/>\n<meta name=\"twitter:title\" content=\"1 champion, une dict\u00e9e et de la solidarit\u00e9 pour vaincre les leucodystrophies - Gerardmer Info\" \/>\n<meta name=\"twitter:description\" content=\"Peut-\u00eatre un peu moins connue que la dict\u00e9e d&rsquo;un certain Bernard Pivot, celle d&rsquo;ELA ne m\u00e9rite cependant pas moins d&rsquo;attention, [&hellip;]\" \/>\n<meta name=\"twitter:image\" content=\"https:\/\/vosgesinfo.fr\/app\/uploads\/sites\/6\/2024\/07\/201710dictee-ela-de-gennes-1.jpg\" \/>\n<meta name=\"twitter:creator\" content=\"@VosgesInfo88\" \/>\n<meta name=\"twitter:site\" content=\"@VosgesInfo88\" \/>\n<meta name=\"twitter:label1\" content=\"\u00c9crit par\" \/>\n\t<meta name=\"twitter:data1\" content=\"QG\" \/>\n\t<meta name=\"twitter:label2\" content=\"Dur\u00e9e de lecture estim\u00e9e\" \/>\n\t<meta name=\"twitter:data2\" content=\"2 minutes\" \/>\n<script type=\"application\/ld+json\" class=\"yoast-schema-graph\">{\"@context\":\"https:\/\/schema.org\",\"@graph\":[{\"@type\":\"Article\",\"@id\":\"https:\/\/vosgesinfo.fr\/gerardmerinfo\/2017\/10\/1-champion-dictee-de-solidarite-vaincre-leucodystrophies\/#article\",\"isPartOf\":{\"@id\":\"https:\/\/vosgesinfo.fr\/gerardmerinfo\/2017\/10\/1-champion-dictee-de-solidarite-vaincre-leucodystrophies\/\"},\"author\":{\"name\":\"QG\",\"@id\":\"https:\/\/vosgesinfo.fr\/gerardmerinfo\/#\/schema\/person\/db5605779a843dad16b5368f3e7613a5\"},\"headline\":\"1 champion, une dict\u00e9e et de la solidarit\u00e9 pour vaincre les leucodystrophies\",\"datePublished\":\"2017-10-16T13:58:37+00:00\",\"dateModified\":\"2017-10-16T13:58:37+00:00\",\"mainEntityOfPage\":{\"@id\":\"https:\/\/vosgesinfo.fr\/gerardmerinfo\/2017\/10\/1-champion-dictee-de-solidarite-vaincre-leucodystrophies\/\"},\"wordCount\":536,\"commentCount\":0,\"publisher\":{\"@id\":\"https:\/\/vosgesinfo.fr\/gerardmerinfo\/#organization\"},\"image\":{\"@id\":\"https:\/\/vosgesinfo.fr\/gerardmerinfo\/2017\/10\/1-champion-dictee-de-solidarite-vaincre-leucodystrophies\/#primaryimage\"},\"thumbnailUrl\":\"https:\/\/vosgesinfo.fr\/app\/uploads\/sites\/6\/2024\/07\/201710dictee-ela-de-gennes-1.jpg\",\"keywords\":[\"dict\u00e9e ELA\",\"lyc\u00e9e pierre gilles de gennes\",\"mathieu peche\"],\"articleSection\":[\"A la une\",\"\u00c9ducation\",\"Sant\u00e9\",\"solidarit\u00e9\"],\"inLanguage\":\"fr-FR\",\"potentialAction\":[{\"@type\":\"CommentAction\",\"name\":\"Comment\",\"target\":[\"https:\/\/vosgesinfo.fr\/gerardmerinfo\/2017\/10\/1-champion-dictee-de-solidarite-vaincre-leucodystrophies\/#respond\"]}]},{\"@type\":\"WebPage\",\"@id\":\"https:\/\/vosgesinfo.fr\/gerardmerinfo\/2017\/10\/1-champion-dictee-de-solidarite-vaincre-leucodystrophies\/\",\"url\":\"https:\/\/vosgesinfo.fr\/gerardmerinfo\/2017\/10\/1-champion-dictee-de-solidarite-vaincre-leucodystrophies\/\",\"name\":\"1 champion, une dict\u00e9e et de la solidarit\u00e9 pour vaincre les leucodystrophies - Gerardmer Info\",\"isPartOf\":{\"@id\":\"https:\/\/vosgesinfo.fr\/gerardmerinfo\/#website\"},\"primaryImageOfPage\":{\"@id\":\"https:\/\/vosgesinfo.fr\/gerardmerinfo\/2017\/10\/1-champion-dictee-de-solidarite-vaincre-leucodystrophies\/#primaryimage\"},\"image\":{\"@id\":\"https:\/\/vosgesinfo.fr\/gerardmerinfo\/2017\/10\/1-champion-dictee-de-solidarite-vaincre-leucodystrophies\/#primaryimage\"},\"thumbnailUrl\":\"https:\/\/vosgesinfo.fr\/app\/uploads\/sites\/6\/2024\/07\/201710dictee-ela-de-gennes-1.jpg\",\"datePublished\":\"2017-10-16T13:58:37+00:00\",\"dateModified\":\"2017-10-16T13:58:37+00:00\",\"breadcrumb\":{\"@id\":\"https:\/\/vosgesinfo.fr\/gerardmerinfo\/2017\/10\/1-champion-dictee-de-solidarite-vaincre-leucodystrophies\/#breadcrumb\"},\"inLanguage\":\"fr-FR\",\"potentialAction\":[{\"@type\":\"ReadAction\",\"target\":[\"https:\/\/vosgesinfo.fr\/gerardmerinfo\/2017\/10\/1-champion-dictee-de-solidarite-vaincre-leucodystrophies\/\"]}]},{\"@type\":\"ImageObject\",\"inLanguage\":\"fr-FR\",\"@id\":\"https:\/\/vosgesinfo.fr\/gerardmerinfo\/2017\/10\/1-champion-dictee-de-solidarite-vaincre-leucodystrophies\/#primaryimage\",\"url\":\"https:\/\/vosgesinfo.fr\/app\/uploads\/sites\/6\/2024\/07\/201710dictee-ela-de-gennes-1.jpg\",\"contentUrl\":\"https:\/\/vosgesinfo.fr\/app\/uploads\/sites\/6\/2024\/07\/201710dictee-ela-de-gennes-1.jpg\",\"width\":800,\"height\":450},{\"@type\":\"BreadcrumbList\",\"@id\":\"https:\/\/vosgesinfo.fr\/gerardmerinfo\/2017\/10\/1-champion-dictee-de-solidarite-vaincre-leucodystrophies\/#breadcrumb\",\"itemListElement\":[{\"@type\":\"ListItem\",\"position\":1,\"name\":\"Home\",\"item\":\"https:\/\/vosgesinfo.fr\/gerardmerinfo\/\"},{\"@type\":\"ListItem\",\"position\":2,\"name\":\"1 champion, une dict\u00e9e et de la solidarit\u00e9 pour vaincre les leucodystrophies\"}]},{\"@type\":\"WebSite\",\"@id\":\"https:\/\/vosgesinfo.fr\/gerardmerinfo\/#website\",\"url\":\"https:\/\/vosgesinfo.fr\/gerardmerinfo\/\",\"name\":\"Gerardmer Info\",\"description\":\"Toute l&#039;actualit\u00e9 de G\u00e9rardmer\",\"publisher\":{\"@id\":\"https:\/\/vosgesinfo.fr\/gerardmerinfo\/#organization\"},\"alternateName\":\"Toute l'actualit\u00e9 de G\u00e9rardmer\",\"potentialAction\":[{\"@type\":\"SearchAction\",\"target\":{\"@type\":\"EntryPoint\",\"urlTemplate\":\"https:\/\/vosgesinfo.fr\/gerardmerinfo\/?s={search_term_string}\"},\"query-input\":\"required name=search_term_string\"}],\"inLanguage\":\"fr-FR\"},{\"@type\":\"Organization\",\"@id\":\"https:\/\/vosgesinfo.fr\/gerardmerinfo\/#organization\",\"name\":\"Gerardmer Info\",\"url\":\"https:\/\/vosgesinfo.fr\/gerardmerinfo\/\",\"logo\":{\"@type\":\"ImageObject\",\"inLanguage\":\"fr-FR\",\"@id\":\"https:\/\/vosgesinfo.fr\/gerardmerinfo\/#\/schema\/logo\/image\/\",\"url\":\"https:\/\/vosgesinfo.fr\/app\/uploads\/sites\/6\/2023\/08\/favicon-gerardmerinfo.png\",\"contentUrl\":\"https:\/\/vosgesinfo.fr\/app\/uploads\/sites\/6\/2023\/08\/favicon-gerardmerinfo.png\",\"width\":512,\"height\":512,\"caption\":\"Gerardmer Info\"},\"image\":{\"@id\":\"https:\/\/vosgesinfo.fr\/gerardmerinfo\/#\/schema\/logo\/image\/\"},\"sameAs\":[\"https:\/\/www.facebook.com\/profile.php?id=100049475262660\",\"https:\/\/x.com\/VosgesInfo88\",\"https:\/\/www.youtube.com\/@vosgesinfo\"]},{\"@type\":\"Person\",\"@id\":\"https:\/\/vosgesinfo.fr\/gerardmerinfo\/#\/schema\/person\/db5605779a843dad16b5368f3e7613a5\",\"name\":\"QG\",\"image\":{\"@type\":\"ImageObject\",\"inLanguage\":\"fr-FR\",\"@id\":\"https:\/\/vosgesinfo.fr\/gerardmerinfo\/#\/schema\/person\/image\/\",\"url\":\"https:\/\/secure.gravatar.com\/avatar\/ea80c42c204b534408512832fde52504ecabb9706bcb6151cf6175e5b64e6793?s=96&d=mm&r=g\",\"contentUrl\":\"https:\/\/secure.gravatar.com\/avatar\/ea80c42c204b534408512832fde52504ecabb9706bcb6151cf6175e5b64e6793?s=96&d=mm&r=g\",\"caption\":\"QG\"},\"url\":\"https:\/\/vosgesinfo.fr\/gerardmerinfo\/author\/quentin88\/\"}]}<\/script>\n<!-- \/ Yoast SEO plugin. -->","yoast_head_json":{"title":"1 champion, une dict\u00e9e et de la solidarit\u00e9 pour vaincre les leucodystrophies - Gerardmer Info","robots":{"index":"index","follow":"follow","max-snippet":"max-snippet:-1","max-image-preview":"max-image-preview:large","max-video-preview":"max-video-preview:-1"},"canonical":"https:\/\/vosgesinfo.fr\/gerardmerinfo\/2017\/10\/1-champion-dictee-de-solidarite-vaincre-leucodystrophies\/","twitter_card":"summary_large_image","twitter_title":"1 champion, une dict\u00e9e et de la solidarit\u00e9 pour vaincre les leucodystrophies - Gerardmer Info","twitter_description":"Peut-\u00eatre un peu moins connue que la dict\u00e9e d&rsquo;un certain Bernard Pivot, celle d&rsquo;ELA ne m\u00e9rite cependant pas moins d&rsquo;attention, [&hellip;]","twitter_image":"https:\/\/vosgesinfo.fr\/app\/uploads\/sites\/6\/2024\/07\/201710dictee-ela-de-gennes-1.jpg","twitter_creator":"@VosgesInfo88","twitter_site":"@VosgesInfo88","twitter_misc":{"\u00c9crit par":"QG","Dur\u00e9e de lecture estim\u00e9e":"2 minutes"},"schema":{"@context":"https:\/\/schema.org","@graph":[{"@type":"Article","@id":"https:\/\/vosgesinfo.fr\/gerardmerinfo\/2017\/10\/1-champion-dictee-de-solidarite-vaincre-leucodystrophies\/#article","isPartOf":{"@id":"https:\/\/vosgesinfo.fr\/gerardmerinfo\/2017\/10\/1-champion-dictee-de-solidarite-vaincre-leucodystrophies\/"},"author":{"name":"QG","@id":"https:\/\/vosgesinfo.fr\/gerardmerinfo\/#\/schema\/person\/db5605779a843dad16b5368f3e7613a5"},"headline":"1 champion, une dict\u00e9e et de la solidarit\u00e9 pour vaincre les leucodystrophies","datePublished":"2017-10-16T13:58:37+00:00","dateModified":"2017-10-16T13:58:37+00:00","mainEntityOfPage":{"@id":"https:\/\/vosgesinfo.fr\/gerardmerinfo\/2017\/10\/1-champion-dictee-de-solidarite-vaincre-leucodystrophies\/"},"wordCount":536,"commentCount":0,"publisher":{"@id":"https:\/\/vosgesinfo.fr\/gerardmerinfo\/#organization"},"image":{"@id":"https:\/\/vosgesinfo.fr\/gerardmerinfo\/2017\/10\/1-champion-dictee-de-solidarite-vaincre-leucodystrophies\/#primaryimage"},"thumbnailUrl":"https:\/\/vosgesinfo.fr\/app\/uploads\/sites\/6\/2024\/07\/201710dictee-ela-de-gennes-1.jpg","keywords":["dict\u00e9e ELA","lyc\u00e9e pierre gilles de gennes","mathieu peche"],"articleSection":["A la une","\u00c9ducation","Sant\u00e9","solidarit\u00e9"],"inLanguage":"fr-FR","potentialAction":[{"@type":"CommentAction","name":"Comment","target":["https:\/\/vosgesinfo.fr\/gerardmerinfo\/2017\/10\/1-champion-dictee-de-solidarite-vaincre-leucodystrophies\/#respond"]}]},{"@type":"WebPage","@id":"https:\/\/vosgesinfo.fr\/gerardmerinfo\/2017\/10\/1-champion-dictee-de-solidarite-vaincre-leucodystrophies\/","url":"https:\/\/vosgesinfo.fr\/gerardmerinfo\/2017\/10\/1-champion-dictee-de-solidarite-vaincre-leucodystrophies\/","name":"1 champion, une dict\u00e9e et de la solidarit\u00e9 pour vaincre les leucodystrophies - Gerardmer Info","isPartOf":{"@id":"https:\/\/vosgesinfo.fr\/gerardmerinfo\/#website"},"primaryImageOfPage":{"@id":"https:\/\/vosgesinfo.fr\/gerardmerinfo\/2017\/10\/1-champion-dictee-de-solidarite-vaincre-leucodystrophies\/#primaryimage"},"image":{"@id":"https:\/\/vosgesinfo.fr\/gerardmerinfo\/2017\/10\/1-champion-dictee-de-solidarite-vaincre-leucodystrophies\/#primaryimage"},"thumbnailUrl":"https:\/\/vosgesinfo.fr\/app\/uploads\/sites\/6\/2024\/07\/201710dictee-ela-de-gennes-1.jpg","datePublished":"2017-10-16T13:58:37+00:00","dateModified":"2017-10-16T13:58:37+00:00","breadcrumb":{"@id":"https:\/\/vosgesinfo.fr\/gerardmerinfo\/2017\/10\/1-champion-dictee-de-solidarite-vaincre-leucodystrophies\/#breadcrumb"},"inLanguage":"fr-FR","potentialAction":[{"@type":"ReadAction","target":["https:\/\/vosgesinfo.fr\/gerardmerinfo\/2017\/10\/1-champion-dictee-de-solidarite-vaincre-leucodystrophies\/"]}]},{"@type":"ImageObject","inLanguage":"fr-FR","@id":"https:\/\/vosgesinfo.fr\/gerardmerinfo\/2017\/10\/1-champion-dictee-de-solidarite-vaincre-leucodystrophies\/#primaryimage","url":"https:\/\/vosgesinfo.fr\/app\/uploads\/sites\/6\/2024\/07\/201710dictee-ela-de-gennes-1.jpg","contentUrl":"https:\/\/vosgesinfo.fr\/app\/uploads\/sites\/6\/2024\/07\/201710dictee-ela-de-gennes-1.jpg","width":800,"height":450},{"@type":"BreadcrumbList","@id":"https:\/\/vosgesinfo.fr\/gerardmerinfo\/2017\/10\/1-champion-dictee-de-solidarite-vaincre-leucodystrophies\/#breadcrumb","itemListElement":[{"@type":"ListItem","position":1,"name":"Home","item":"https:\/\/vosgesinfo.fr\/gerardmerinfo\/"},{"@type":"ListItem","position":2,"name":"1 champion, une dict\u00e9e et de la solidarit\u00e9 pour vaincre les leucodystrophies"}]},{"@type":"WebSite","@id":"https:\/\/vosgesinfo.fr\/gerardmerinfo\/#website","url":"https:\/\/vosgesinfo.fr\/gerardmerinfo\/","name":"Gerardmer Info","description":"Toute l&#039;actualit\u00e9 de G\u00e9rardmer","publisher":{"@id":"https:\/\/vosgesinfo.fr\/gerardmerinfo\/#organization"},"alternateName":"Toute l'actualit\u00e9 de G\u00e9rardmer","potentialAction":[{"@type":"SearchAction","target":{"@type":"EntryPoint","urlTemplate":"https:\/\/vosgesinfo.fr\/gerardmerinfo\/?s={search_term_string}"},"query-input":"required name=search_term_string"}],"inLanguage":"fr-FR"},{"@type":"Organization","@id":"https:\/\/vosgesinfo.fr\/gerardmerinfo\/#organization","name":"Gerardmer Info","url":"https:\/\/vosgesinfo.fr\/gerardmerinfo\/","logo":{"@type":"ImageObject","inLanguage":"fr-FR","@id":"https:\/\/vosgesinfo.fr\/gerardmerinfo\/#\/schema\/logo\/image\/","url":"https:\/\/vosgesinfo.fr\/app\/uploads\/sites\/6\/2023\/08\/favicon-gerardmerinfo.png","contentUrl":"https:\/\/vosgesinfo.fr\/app\/uploads\/sites\/6\/2023\/08\/favicon-gerardmerinfo.png","width":512,"height":512,"caption":"Gerardmer Info"},"image":{"@id":"https:\/\/vosgesinfo.fr\/gerardmerinfo\/#\/schema\/logo\/image\/"},"sameAs":["https:\/\/www.facebook.com\/profile.php?id=100049475262660","https:\/\/x.com\/VosgesInfo88","https:\/\/www.youtube.com\/@vosgesinfo"]},{"@type":"Person","@id":"https:\/\/vosgesinfo.fr\/gerardmerinfo\/#\/schema\/person\/db5605779a843dad16b5368f3e7613a5","name":"QG","image":{"@type":"ImageObject","inLanguage":"fr-FR","@id":"https:\/\/vosgesinfo.fr\/gerardmerinfo\/#\/schema\/person\/image\/","url":"https:\/\/secure.gravatar.com\/avatar\/ea80c42c204b534408512832fde52504ecabb9706bcb6151cf6175e5b64e6793?s=96&d=mm&r=g","contentUrl":"https:\/\/secure.gravatar.com\/avatar\/ea80c42c204b534408512832fde52504ecabb9706bcb6151cf6175e5b64e6793?s=96&d=mm&r=g","caption":"QG"},"url":"https:\/\/vosgesinfo.fr\/gerardmerinfo\/author\/quentin88\/"}]}},"_links":{"self":[{"href":"https:\/\/vosgesinfo.fr\/gerardmerinfo\/wp-json\/wp\/v2\/posts\/29733","targetHints":{"allow":["GET"]}}],"collection":[{"href":"https:\/\/vosgesinfo.fr\/gerardmerinfo\/wp-json\/wp\/v2\/posts"}],"about":[{"href":"https:\/\/vosgesinfo.fr\/gerardmerinfo\/wp-json\/wp\/v2\/types\/post"}],"author":[{"embeddable":true,"href":"https:\/\/vosgesinfo.fr\/gerardmerinfo\/wp-json\/wp\/v2\/users\/42"}],"replies":[{"embeddable":true,"href":"https:\/\/vosgesinfo.fr\/gerardmerinfo\/wp-json\/wp\/v2\/comments?post=29733"}],"version-history":[{"count":0,"href":"https:\/\/vosgesinfo.fr\/gerardmerinfo\/wp-json\/wp\/v2\/posts\/29733\/revisions"}],"wp:featuredmedia":[{"embeddable":true,"href":"https:\/\/vosgesinfo.fr\/gerardmerinfo\/wp-json\/wp\/v2\/media\/29734"}],"wp:attachment":[{"href":"https:\/\/vosgesinfo.fr\/gerardmerinfo\/wp-json\/wp\/v2\/media?parent=29733"}],"wp:term":[{"taxonomy":"category","embeddable":true,"href":"https:\/\/vosgesinfo.fr\/gerardmerinfo\/wp-json\/wp\/v2\/categories?post=29733"},{"taxonomy":"post_tag","embeddable":true,"href":"https:\/\/vosgesinfo.fr\/gerardmerinfo\/wp-json\/wp\/v2\/tags?post=29733"}],"curies":[{"name":"wp","href":"https:\/\/api.w.org\/{rel}","templated":true}]}}