{"id":29844,"date":"2017-10-21T15:51:20","date_gmt":"2017-10-21T13:51:20","guid":{"rendered":"https:\/\/vosgesinfo.fr\/gerardmerinfo\/2017\/10\/avf-anciens-accueillir-nouveaux\/"},"modified":"2017-10-21T15:51:20","modified_gmt":"2017-10-21T13:51:20","slug":"avf-anciens-accueillir-nouveaux","status":"publish","type":"post","link":"https:\/\/vosgesinfo.fr\/gerardmerinfo\/2017\/10\/avf-anciens-accueillir-nouveaux\/","title":{"rendered":"AVF : des anciens pour accueillir les nouveaux"},"content":{"rendered":"<p><strong><a href=\"\/2017\/10\/AVF-2017-2.jpg\"><img decoding=\"async\" class=\"aligncenter size-full wp-image-116582\" src=\"\/2017\/10\/AVF-2017-2.jpg\" alt=\"AVF 2017 (2)\" width=\"800\" height=\"600\" \/><\/a>L\u2019Accueil des Villes Fran\u00e7aises (AVF) section de G\u00e9rardmer avait le plaisir de recevoir ses adh\u00e9rents \u00e0 la salle des Armes de l&rsquo;h\u00f4tel de Ville, histoire de se sentir un peu plus \u00e0 l&rsquo;aise, les bureaux de l&rsquo;amicale situ\u00e9s au Tilleul \u00e9tant devenus un peu exigus pour tout ce beau monde !<\/strong><\/p>\n<div id=\"attachment_116581\" style=\"width: 350px\" class=\"wp-caption alignright\"><a href=\"\/2017\/10\/AVF-2017-1.jpg\"><img decoding=\"async\" aria-describedby=\"caption-attachment-116581\" class=\"size-medium wp-image-116581\" src=\"\/2017\/10\/AVF-2017-1-340x255.jpg\" alt=\"Nadine Bassi\u00e8re et Mich\u00e8le Mombelli\" width=\"340\" height=\"255\" \/><\/a><p id=\"caption-attachment-116581\" class=\"wp-caption-text\">Nadine Bassi\u00e8re et Mich\u00e8le Mombelli<\/p><\/div>\n<p>En effet, l&rsquo;AVF de G\u00e9rardmer compte actuellement dans ses rangs pr\u00e8s de 140 adh\u00e9rents qu&rsquo;il \u00e9tait devenu difficile de faire rentrer au 1er \u00e9tage du Tilleul. Qu&rsquo;\u00e0 cela ne tienne, rendez-vous \u00e9tait donn\u00e9 ce vendredi \u00e0 16 h \u00e0 la salle des Armes pour le traditionnel pot du nouvel arrivant qui s&rsquo;est d\u00e9roul\u00e9 en pr\u00e9sence de l&rsquo;adjointe aux sports Nadine Bassi\u00e8re. Deux bonnes raisons pour remercier la Ville pour son soutien technique, notamment pour le pr\u00eat des locaux cit\u00e9s pr\u00e9c\u00e9demment, sans oublier le personnel communal qui \u0153uvre en coulisses.<\/p>\n<p>La pr\u00e9sidente de l&rsquo;AVF, Mich\u00e8le Mombelli, n&rsquo;a oubli\u00e9 personne et a \u00e9galement remerci\u00e9 les accueillants et les animateurs de l&rsquo;amicale qui aident les nouveaux arrivants \u00e0 se tisser un r\u00e9seau au sein de la Perle des Vosges afin de s&rsquo;y sentir \u00e0 la maison, de se faire des amis et de profiter pleinement de tout ce qu&rsquo;offre la cit\u00e9 g\u00e9r\u00f4moise. Cette ann\u00e9e, ils sont donc au nombre de 14 et ont d\u00e9j\u00e0 commenc\u00e9 \u00e0 prendre leurs marques, \u00e0 d\u00e9couvrir la ville et ses environs ou encore \u00e0 lier des amiti\u00e9s \u00e0 travers des sorties ou des activit\u00e9s propos\u00e9es par l&rsquo;AVF.<\/p>\n<p>Il faut dire qu&rsquo;il y a l&#8217;embarras du choix et que la dynamique \u00e9quipe du bureau de l&rsquo;amicale ne m\u00e9nage pas ses efforts. Cette ann\u00e9e, quelques belles sorties sont d\u00e9j\u00e0 au programme, avec Saint Nabord pour une soir\u00e9e transformistes, une journ\u00e9e \u00e0 Besan\u00e7on ou encore au parc minier de Tellure&#8230; Pas le temps de s&rsquo;ennuyer ! Quant \u00e0 Nadine Bassi\u00e8re, elle a profit\u00e9 de sa pr\u00e9sence pour f\u00e9liciter l&rsquo;AVF pour son engagement solidaire en ajoutant : \u00ab\u00a0Je vois qu&rsquo;il y a des anciens g\u00e9r\u00f4mois qui vont donc pouvoir accueillir les nouveaux dans d&rsquo;excellentes conditions, c&rsquo;est une bonne chose !\u00a0\u00bb En r\u00e9sum\u00e9, bienvenu(e) \u00e0 G\u00e9rardmer !!<\/p>\n<p>Retrouver l&rsquo;AVF sur son site : <a href=\"http:\/\/avf.asso.fr\/fr\/gerardmer\" target=\"_blank\" rel=\"noopener\">http:\/\/avf.asso.fr\/fr\/gerardmer<\/a><\/p>\n","protected":false},"excerpt":{"rendered":"<p>L\u2019Accueil des Villes Fran\u00e7aises (AVF) section de G\u00e9rardmer avait le plaisir de recevoir ses adh\u00e9rents \u00e0 la salle des Armes [&hellip;]<\/p>\n","protected":false},"author":42,"featured_media":29845,"comment_status":"open","ping_status":"open","sticky":false,"template":"","format":"standard","meta":{"footnotes":""},"categories":[20,17],"tags":[708],"class_list":["post-29844","post","type-post","status-publish","format-standard","has-post-thumbnail","hentry","category-a-la-une","category-vie-associative","tag-avf"],"acf":[],"yoast_head":"<!-- This site is optimized with the Yoast SEO plugin v22.5 - https:\/\/yoast.com\/wordpress\/plugins\/seo\/ -->\n<title>AVF : des anciens pour accueillir les nouveaux - Gerardmer Info<\/title>\n<meta name=\"robots\" content=\"index, follow, max-snippet:-1, max-image-preview:large, max-video-preview:-1\" \/>\n<link rel=\"canonical\" href=\"https:\/\/vosgesinfo.fr\/gerardmerinfo\/2017\/10\/avf-anciens-accueillir-nouveaux\/\" \/>\n<meta name=\"twitter:card\" content=\"summary_large_image\" \/>\n<meta name=\"twitter:title\" content=\"AVF : des anciens pour accueillir les nouveaux - Gerardmer Info\" \/>\n<meta name=\"twitter:description\" content=\"L\u2019Accueil des Villes Fran\u00e7aises (AVF) section de G\u00e9rardmer avait le plaisir de recevoir ses adh\u00e9rents \u00e0 la salle des Armes [&hellip;]\" \/>\n<meta name=\"twitter:image\" content=\"https:\/\/vosgesinfo.fr\/app\/uploads\/sites\/6\/2024\/07\/201710avf-2017-1.jpg\" \/>\n<meta name=\"twitter:creator\" content=\"@VosgesInfo88\" \/>\n<meta name=\"twitter:site\" content=\"@VosgesInfo88\" \/>\n<meta name=\"twitter:label1\" content=\"\u00c9crit par\" \/>\n\t<meta name=\"twitter:data1\" content=\"QG\" \/>\n\t<meta name=\"twitter:label2\" content=\"Dur\u00e9e de lecture estim\u00e9e\" \/>\n\t<meta name=\"twitter:data2\" content=\"2 minutes\" \/>\n<script type=\"application\/ld+json\" class=\"yoast-schema-graph\">{\"@context\":\"https:\/\/schema.org\",\"@graph\":[{\"@type\":\"Article\",\"@id\":\"https:\/\/vosgesinfo.fr\/gerardmerinfo\/2017\/10\/avf-anciens-accueillir-nouveaux\/#article\",\"isPartOf\":{\"@id\":\"https:\/\/vosgesinfo.fr\/gerardmerinfo\/2017\/10\/avf-anciens-accueillir-nouveaux\/\"},\"author\":{\"name\":\"QG\",\"@id\":\"https:\/\/vosgesinfo.fr\/gerardmerinfo\/#\/schema\/person\/db5605779a843dad16b5368f3e7613a5\"},\"headline\":\"AVF : des anciens pour accueillir les nouveaux\",\"datePublished\":\"2017-10-21T13:51:20+00:00\",\"dateModified\":\"2017-10-21T13:51:20+00:00\",\"mainEntityOfPage\":{\"@id\":\"https:\/\/vosgesinfo.fr\/gerardmerinfo\/2017\/10\/avf-anciens-accueillir-nouveaux\/\"},\"wordCount\":419,\"commentCount\":0,\"publisher\":{\"@id\":\"https:\/\/vosgesinfo.fr\/gerardmerinfo\/#organization\"},\"image\":{\"@id\":\"https:\/\/vosgesinfo.fr\/gerardmerinfo\/2017\/10\/avf-anciens-accueillir-nouveaux\/#primaryimage\"},\"thumbnailUrl\":\"https:\/\/vosgesinfo.fr\/app\/uploads\/sites\/6\/2024\/07\/201710avf-2017-1.jpg\",\"keywords\":[\"AVF\"],\"articleSection\":[\"A la une\",\"Vie Associative\"],\"inLanguage\":\"fr-FR\",\"potentialAction\":[{\"@type\":\"CommentAction\",\"name\":\"Comment\",\"target\":[\"https:\/\/vosgesinfo.fr\/gerardmerinfo\/2017\/10\/avf-anciens-accueillir-nouveaux\/#respond\"]}]},{\"@type\":\"WebPage\",\"@id\":\"https:\/\/vosgesinfo.fr\/gerardmerinfo\/2017\/10\/avf-anciens-accueillir-nouveaux\/\",\"url\":\"https:\/\/vosgesinfo.fr\/gerardmerinfo\/2017\/10\/avf-anciens-accueillir-nouveaux\/\",\"name\":\"AVF : des anciens pour accueillir les nouveaux - Gerardmer Info\",\"isPartOf\":{\"@id\":\"https:\/\/vosgesinfo.fr\/gerardmerinfo\/#website\"},\"primaryImageOfPage\":{\"@id\":\"https:\/\/vosgesinfo.fr\/gerardmerinfo\/2017\/10\/avf-anciens-accueillir-nouveaux\/#primaryimage\"},\"image\":{\"@id\":\"https:\/\/vosgesinfo.fr\/gerardmerinfo\/2017\/10\/avf-anciens-accueillir-nouveaux\/#primaryimage\"},\"thumbnailUrl\":\"https:\/\/vosgesinfo.fr\/app\/uploads\/sites\/6\/2024\/07\/201710avf-2017-1.jpg\",\"datePublished\":\"2017-10-21T13:51:20+00:00\",\"dateModified\":\"2017-10-21T13:51:20+00:00\",\"breadcrumb\":{\"@id\":\"https:\/\/vosgesinfo.fr\/gerardmerinfo\/2017\/10\/avf-anciens-accueillir-nouveaux\/#breadcrumb\"},\"inLanguage\":\"fr-FR\",\"potentialAction\":[{\"@type\":\"ReadAction\",\"target\":[\"https:\/\/vosgesinfo.fr\/gerardmerinfo\/2017\/10\/avf-anciens-accueillir-nouveaux\/\"]}]},{\"@type\":\"ImageObject\",\"inLanguage\":\"fr-FR\",\"@id\":\"https:\/\/vosgesinfo.fr\/gerardmerinfo\/2017\/10\/avf-anciens-accueillir-nouveaux\/#primaryimage\",\"url\":\"https:\/\/vosgesinfo.fr\/app\/uploads\/sites\/6\/2024\/07\/201710avf-2017-1.jpg\",\"contentUrl\":\"https:\/\/vosgesinfo.fr\/app\/uploads\/sites\/6\/2024\/07\/201710avf-2017-1.jpg\",\"width\":800,\"height\":600},{\"@type\":\"BreadcrumbList\",\"@id\":\"https:\/\/vosgesinfo.fr\/gerardmerinfo\/2017\/10\/avf-anciens-accueillir-nouveaux\/#breadcrumb\",\"itemListElement\":[{\"@type\":\"ListItem\",\"position\":1,\"name\":\"Home\",\"item\":\"https:\/\/vosgesinfo.fr\/gerardmerinfo\/\"},{\"@type\":\"ListItem\",\"position\":2,\"name\":\"AVF : des anciens pour accueillir les nouveaux\"}]},{\"@type\":\"WebSite\",\"@id\":\"https:\/\/vosgesinfo.fr\/gerardmerinfo\/#website\",\"url\":\"https:\/\/vosgesinfo.fr\/gerardmerinfo\/\",\"name\":\"Gerardmer Info\",\"description\":\"Toute l&#039;actualit\u00e9 de G\u00e9rardmer\",\"publisher\":{\"@id\":\"https:\/\/vosgesinfo.fr\/gerardmerinfo\/#organization\"},\"alternateName\":\"Toute l'actualit\u00e9 de G\u00e9rardmer\",\"potentialAction\":[{\"@type\":\"SearchAction\",\"target\":{\"@type\":\"EntryPoint\",\"urlTemplate\":\"https:\/\/vosgesinfo.fr\/gerardmerinfo\/?s={search_term_string}\"},\"query-input\":\"required name=search_term_string\"}],\"inLanguage\":\"fr-FR\"},{\"@type\":\"Organization\",\"@id\":\"https:\/\/vosgesinfo.fr\/gerardmerinfo\/#organization\",\"name\":\"Gerardmer Info\",\"url\":\"https:\/\/vosgesinfo.fr\/gerardmerinfo\/\",\"logo\":{\"@type\":\"ImageObject\",\"inLanguage\":\"fr-FR\",\"@id\":\"https:\/\/vosgesinfo.fr\/gerardmerinfo\/#\/schema\/logo\/image\/\",\"url\":\"https:\/\/vosgesinfo.fr\/app\/uploads\/sites\/6\/2023\/08\/favicon-gerardmerinfo.png\",\"contentUrl\":\"https:\/\/vosgesinfo.fr\/app\/uploads\/sites\/6\/2023\/08\/favicon-gerardmerinfo.png\",\"width\":512,\"height\":512,\"caption\":\"Gerardmer Info\"},\"image\":{\"@id\":\"https:\/\/vosgesinfo.fr\/gerardmerinfo\/#\/schema\/logo\/image\/\"},\"sameAs\":[\"https:\/\/www.facebook.com\/profile.php?id=100049475262660\",\"https:\/\/x.com\/VosgesInfo88\",\"https:\/\/www.youtube.com\/@vosgesinfo\"]},{\"@type\":\"Person\",\"@id\":\"https:\/\/vosgesinfo.fr\/gerardmerinfo\/#\/schema\/person\/db5605779a843dad16b5368f3e7613a5\",\"name\":\"QG\",\"image\":{\"@type\":\"ImageObject\",\"inLanguage\":\"fr-FR\",\"@id\":\"https:\/\/vosgesinfo.fr\/gerardmerinfo\/#\/schema\/person\/image\/\",\"url\":\"https:\/\/secure.gravatar.com\/avatar\/ea80c42c204b534408512832fde52504ecabb9706bcb6151cf6175e5b64e6793?s=96&d=mm&r=g\",\"contentUrl\":\"https:\/\/secure.gravatar.com\/avatar\/ea80c42c204b534408512832fde52504ecabb9706bcb6151cf6175e5b64e6793?s=96&d=mm&r=g\",\"caption\":\"QG\"},\"url\":\"https:\/\/vosgesinfo.fr\/gerardmerinfo\/author\/quentin88\/\"}]}<\/script>\n<!-- \/ Yoast SEO plugin. -->","yoast_head_json":{"title":"AVF : des anciens pour accueillir les nouveaux - Gerardmer Info","robots":{"index":"index","follow":"follow","max-snippet":"max-snippet:-1","max-image-preview":"max-image-preview:large","max-video-preview":"max-video-preview:-1"},"canonical":"https:\/\/vosgesinfo.fr\/gerardmerinfo\/2017\/10\/avf-anciens-accueillir-nouveaux\/","twitter_card":"summary_large_image","twitter_title":"AVF : des anciens pour accueillir les nouveaux - Gerardmer Info","twitter_description":"L\u2019Accueil des Villes Fran\u00e7aises (AVF) section de G\u00e9rardmer avait le plaisir de recevoir ses adh\u00e9rents \u00e0 la salle des Armes [&hellip;]","twitter_image":"https:\/\/vosgesinfo.fr\/app\/uploads\/sites\/6\/2024\/07\/201710avf-2017-1.jpg","twitter_creator":"@VosgesInfo88","twitter_site":"@VosgesInfo88","twitter_misc":{"\u00c9crit par":"QG","Dur\u00e9e de lecture estim\u00e9e":"2 minutes"},"schema":{"@context":"https:\/\/schema.org","@graph":[{"@type":"Article","@id":"https:\/\/vosgesinfo.fr\/gerardmerinfo\/2017\/10\/avf-anciens-accueillir-nouveaux\/#article","isPartOf":{"@id":"https:\/\/vosgesinfo.fr\/gerardmerinfo\/2017\/10\/avf-anciens-accueillir-nouveaux\/"},"author":{"name":"QG","@id":"https:\/\/vosgesinfo.fr\/gerardmerinfo\/#\/schema\/person\/db5605779a843dad16b5368f3e7613a5"},"headline":"AVF : des anciens pour accueillir les nouveaux","datePublished":"2017-10-21T13:51:20+00:00","dateModified":"2017-10-21T13:51:20+00:00","mainEntityOfPage":{"@id":"https:\/\/vosgesinfo.fr\/gerardmerinfo\/2017\/10\/avf-anciens-accueillir-nouveaux\/"},"wordCount":419,"commentCount":0,"publisher":{"@id":"https:\/\/vosgesinfo.fr\/gerardmerinfo\/#organization"},"image":{"@id":"https:\/\/vosgesinfo.fr\/gerardmerinfo\/2017\/10\/avf-anciens-accueillir-nouveaux\/#primaryimage"},"thumbnailUrl":"https:\/\/vosgesinfo.fr\/app\/uploads\/sites\/6\/2024\/07\/201710avf-2017-1.jpg","keywords":["AVF"],"articleSection":["A la une","Vie Associative"],"inLanguage":"fr-FR","potentialAction":[{"@type":"CommentAction","name":"Comment","target":["https:\/\/vosgesinfo.fr\/gerardmerinfo\/2017\/10\/avf-anciens-accueillir-nouveaux\/#respond"]}]},{"@type":"WebPage","@id":"https:\/\/vosgesinfo.fr\/gerardmerinfo\/2017\/10\/avf-anciens-accueillir-nouveaux\/","url":"https:\/\/vosgesinfo.fr\/gerardmerinfo\/2017\/10\/avf-anciens-accueillir-nouveaux\/","name":"AVF : des anciens pour accueillir les nouveaux - Gerardmer Info","isPartOf":{"@id":"https:\/\/vosgesinfo.fr\/gerardmerinfo\/#website"},"primaryImageOfPage":{"@id":"https:\/\/vosgesinfo.fr\/gerardmerinfo\/2017\/10\/avf-anciens-accueillir-nouveaux\/#primaryimage"},"image":{"@id":"https:\/\/vosgesinfo.fr\/gerardmerinfo\/2017\/10\/avf-anciens-accueillir-nouveaux\/#primaryimage"},"thumbnailUrl":"https:\/\/vosgesinfo.fr\/app\/uploads\/sites\/6\/2024\/07\/201710avf-2017-1.jpg","datePublished":"2017-10-21T13:51:20+00:00","dateModified":"2017-10-21T13:51:20+00:00","breadcrumb":{"@id":"https:\/\/vosgesinfo.fr\/gerardmerinfo\/2017\/10\/avf-anciens-accueillir-nouveaux\/#breadcrumb"},"inLanguage":"fr-FR","potentialAction":[{"@type":"ReadAction","target":["https:\/\/vosgesinfo.fr\/gerardmerinfo\/2017\/10\/avf-anciens-accueillir-nouveaux\/"]}]},{"@type":"ImageObject","inLanguage":"fr-FR","@id":"https:\/\/vosgesinfo.fr\/gerardmerinfo\/2017\/10\/avf-anciens-accueillir-nouveaux\/#primaryimage","url":"https:\/\/vosgesinfo.fr\/app\/uploads\/sites\/6\/2024\/07\/201710avf-2017-1.jpg","contentUrl":"https:\/\/vosgesinfo.fr\/app\/uploads\/sites\/6\/2024\/07\/201710avf-2017-1.jpg","width":800,"height":600},{"@type":"BreadcrumbList","@id":"https:\/\/vosgesinfo.fr\/gerardmerinfo\/2017\/10\/avf-anciens-accueillir-nouveaux\/#breadcrumb","itemListElement":[{"@type":"ListItem","position":1,"name":"Home","item":"https:\/\/vosgesinfo.fr\/gerardmerinfo\/"},{"@type":"ListItem","position":2,"name":"AVF : des anciens pour accueillir les nouveaux"}]},{"@type":"WebSite","@id":"https:\/\/vosgesinfo.fr\/gerardmerinfo\/#website","url":"https:\/\/vosgesinfo.fr\/gerardmerinfo\/","name":"Gerardmer Info","description":"Toute l&#039;actualit\u00e9 de G\u00e9rardmer","publisher":{"@id":"https:\/\/vosgesinfo.fr\/gerardmerinfo\/#organization"},"alternateName":"Toute l'actualit\u00e9 de G\u00e9rardmer","potentialAction":[{"@type":"SearchAction","target":{"@type":"EntryPoint","urlTemplate":"https:\/\/vosgesinfo.fr\/gerardmerinfo\/?s={search_term_string}"},"query-input":"required name=search_term_string"}],"inLanguage":"fr-FR"},{"@type":"Organization","@id":"https:\/\/vosgesinfo.fr\/gerardmerinfo\/#organization","name":"Gerardmer Info","url":"https:\/\/vosgesinfo.fr\/gerardmerinfo\/","logo":{"@type":"ImageObject","inLanguage":"fr-FR","@id":"https:\/\/vosgesinfo.fr\/gerardmerinfo\/#\/schema\/logo\/image\/","url":"https:\/\/vosgesinfo.fr\/app\/uploads\/sites\/6\/2023\/08\/favicon-gerardmerinfo.png","contentUrl":"https:\/\/vosgesinfo.fr\/app\/uploads\/sites\/6\/2023\/08\/favicon-gerardmerinfo.png","width":512,"height":512,"caption":"Gerardmer Info"},"image":{"@id":"https:\/\/vosgesinfo.fr\/gerardmerinfo\/#\/schema\/logo\/image\/"},"sameAs":["https:\/\/www.facebook.com\/profile.php?id=100049475262660","https:\/\/x.com\/VosgesInfo88","https:\/\/www.youtube.com\/@vosgesinfo"]},{"@type":"Person","@id":"https:\/\/vosgesinfo.fr\/gerardmerinfo\/#\/schema\/person\/db5605779a843dad16b5368f3e7613a5","name":"QG","image":{"@type":"ImageObject","inLanguage":"fr-FR","@id":"https:\/\/vosgesinfo.fr\/gerardmerinfo\/#\/schema\/person\/image\/","url":"https:\/\/secure.gravatar.com\/avatar\/ea80c42c204b534408512832fde52504ecabb9706bcb6151cf6175e5b64e6793?s=96&d=mm&r=g","contentUrl":"https:\/\/secure.gravatar.com\/avatar\/ea80c42c204b534408512832fde52504ecabb9706bcb6151cf6175e5b64e6793?s=96&d=mm&r=g","caption":"QG"},"url":"https:\/\/vosgesinfo.fr\/gerardmerinfo\/author\/quentin88\/"}]}},"_links":{"self":[{"href":"https:\/\/vosgesinfo.fr\/gerardmerinfo\/wp-json\/wp\/v2\/posts\/29844","targetHints":{"allow":["GET"]}}],"collection":[{"href":"https:\/\/vosgesinfo.fr\/gerardmerinfo\/wp-json\/wp\/v2\/posts"}],"about":[{"href":"https:\/\/vosgesinfo.fr\/gerardmerinfo\/wp-json\/wp\/v2\/types\/post"}],"author":[{"embeddable":true,"href":"https:\/\/vosgesinfo.fr\/gerardmerinfo\/wp-json\/wp\/v2\/users\/42"}],"replies":[{"embeddable":true,"href":"https:\/\/vosgesinfo.fr\/gerardmerinfo\/wp-json\/wp\/v2\/comments?post=29844"}],"version-history":[{"count":0,"href":"https:\/\/vosgesinfo.fr\/gerardmerinfo\/wp-json\/wp\/v2\/posts\/29844\/revisions"}],"wp:featuredmedia":[{"embeddable":true,"href":"https:\/\/vosgesinfo.fr\/gerardmerinfo\/wp-json\/wp\/v2\/media\/29845"}],"wp:attachment":[{"href":"https:\/\/vosgesinfo.fr\/gerardmerinfo\/wp-json\/wp\/v2\/media?parent=29844"}],"wp:term":[{"taxonomy":"category","embeddable":true,"href":"https:\/\/vosgesinfo.fr\/gerardmerinfo\/wp-json\/wp\/v2\/categories?post=29844"},{"taxonomy":"post_tag","embeddable":true,"href":"https:\/\/vosgesinfo.fr\/gerardmerinfo\/wp-json\/wp\/v2\/tags?post=29844"}],"curies":[{"name":"wp","href":"https:\/\/api.w.org\/{rel}","templated":true}]}}