{"id":29869,"date":"2017-10-22T07:54:55","date_gmt":"2017-10-22T05:54:55","guid":{"rendered":"https:\/\/vosgesinfo.fr\/gerardmerinfo\/2017\/10\/petite-mort-de-region-grand\/"},"modified":"2017-10-22T07:54:55","modified_gmt":"2017-10-22T05:54:55","slug":"petite-mort-de-region-grand","status":"publish","type":"post","link":"https:\/\/vosgesinfo.fr\/gerardmerinfo\/2017\/10\/petite-mort-de-region-grand\/","title":{"rendered":"La petite mort de la R\u00e9gion Grand Est"},"content":{"rendered":"<p><a href=\"http:\/\/gerardmerinfo.fr\/2017\/10\/petite-mort-de-region-grand\/auto\/\" rel=\"attachment wp-att-116604\"><img decoding=\"async\" class=\"aligncenter size-full wp-image-116604\" src=\"\/2017\/10\/auto.jpg\" alt=\"auto\" width=\"659\" height=\"800\" \/><\/a>La d\u00e9mission de l\u2019ancien pr\u00e9sident Philippe Richert r\u00e9sonne comme les pr\u00e9mices d&rsquo;une petite mort de la R\u00e9gion Grand Est. Les raisons invoqu\u00e9es par l&rsquo;\u00e9lu alsacien faisait \u00e9tat d&rsquo;une lassitude, d&rsquo;un retrait de la vie politique, mais c&rsquo;est sans doute la pression alsacienne, rien \u00e0 voir avec la bi\u00e8re, qui lui a fait l\u00e2cher prise. Ne vous voilons pas la face mais la R\u00e9gion Grand Est, comme toutes les r\u00e9gions fran\u00e7aises qui ont \u00e9t\u00e9 remani\u00e9es en 2016, ne satisfait personne. A commencer par les habitants des zones g\u00e9ographiques \u00e0 forte identit\u00e9 comme la Bretagne, la Corse, le Sud Ouest et forc\u00e9ment l\u2019Alsace. Vous n&rsquo;aurez pas l\u2019Alsace et la Lorraine semble aujourd&rsquo;hui d\u00e9finitivement au rencart de notre histoire. Le Haut-Rhin et le Bas-Rhin ne veulent faire qu&rsquo;un pour une autonomie en pointill\u00e9. Pour preuve, l\u2019attitude du maire de la petite comme de\u00a0 Lauterbourg et de ses adjoints qui d\u00e9voilent sur la page facebook du premier magistrat\u00a0 leur volont\u00e9 de voir disparaitre la nouvelle fausse union sacr\u00e9e \u00e0 commencer par le panneau de la r\u00e9gion. Extraits choisis<\/p>\n<p>\u00ab\u00a0<em>Le Maire que je suis et deux de mes adjoints ont particip\u00e9 \u00e0 l&rsquo;enl\u00e8vement du panneau \u00ab\u00a0Alsace\u00a0\u00bb \u00e0 l&rsquo;entr\u00e9e de notre Ville. Pourquoi ? Tout simplement pour \u00e9conomiser beaucoup d&rsquo;argent \u00e0 la r\u00e9gion Grand Est. Nous avons mis 5 minutes alors qu&rsquo;eux&#8230;&#8230;&#8230;&#8230;&#8230;&#8230;&#8230;&#8230;&#8230;..<\/em><br \/>\n<em> Bien entendu nous nettoierons ce panneau qui en a bien besoin et nous le garderons bien au chaud.<\/em><br \/>\n<em> Bient\u00f4t le panneau \u00ab\u00a0grand est\u00a0\u00bb va \u00eatre mis en place.<\/em><br \/>\n<em> Nous l&rsquo;\u00f4terons et remettrons celui \u00f4t\u00e9, car ici \u00e0 Lauterbourg, nous aimons l&rsquo;Alsace.<\/em><br \/>\n<em> Merci partager..\u00a0\u00bb <\/em><\/p>\n<p>La r\u00e9bellion pour le moment parcellaire est en marche\u00a0 : elle devrait monter en puissance dans les semaines \u00e0 venir. Bien s\u00fbr ce t\u00e9moignage, cette \u00e9vocation\u00a0 n&rsquo;a rien de valeur officielle ni m\u00eame de r\u00e9f\u00e9rendum, mais au regard du nombre de \u00ab\u00a0like\u00a0\u00bb pour un si petit lieu de vie ( toute la presse alsacienne s&rsquo;en est empar\u00e9e), on peut imaginer une suite totalement \u00ab\u00a0r\u00e9volutionnaire\u00a0\u00bb, les fourches\u00a0 en moins, le dialecte en plus m\u00eame si la t\u00eate de Philippe Richert est d\u00e9j\u00e0 tomb\u00e9e. Imaginons \u00e9galement\u00a0 les futures n\u00e9gociations administratives entre les <a title=\"Ardennes (d\u00e9partement)\" href=\"https:\/\/fr.wikipedia.org\/wiki\/Ardennes_(d%C3%A9partement)\">Ardennes<\/a> (08) l&rsquo;<a title=\"Aube (d\u00e9partement)\" href=\"https:\/\/fr.wikipedia.org\/wiki\/Aube_(d%C3%A9partement)\">Aube<\/a> (10) la <a title=\"Marne (d\u00e9partement)\" href=\"https:\/\/fr.wikipedia.org\/wiki\/Marne_(d%C3%A9partement)\">Marne<\/a> (51)\u00a0 la <a title=\"Haute-Marne\" href=\"https:\/\/fr.wikipedia.org\/wiki\/Haute-Marne\">Haute-Marne<\/a> (52) la <a title=\"Meurthe-et-Moselle\" href=\"https:\/\/fr.wikipedia.org\/wiki\/Meurthe-et-Moselle\">Meurthe-et-Moselle<\/a> (54) la <a title=\"Meuse (d\u00e9partement)\" href=\"https:\/\/fr.wikipedia.org\/wiki\/Meuse_(d%C3%A9partement)\">Meuse<\/a> (55) et enfin les <a title=\"Vosges (d\u00e9partement)\" href=\"https:\/\/fr.wikipedia.org\/wiki\/Vosges_(d%C3%A9partement)\">Vosges<\/a> (88). Forc\u00e9ment les discussions vont se tendre au fil du temps. Pour quel r\u00e9sultat ? Dieu seul le sait ! Pas m\u00eame le pr\u00e9sident Jupit\u00e9rien et son \u00e9quipe qui devront plancher avec l&rsquo;ensemble de la classe politique sur une nouvelle d\u00e9coupe de la France. Et si on revenait, au regard des \u00e9checs ambiants et successifs, \u00e0 notre bon vieux d\u00e9partement, \u00e0 nos cantons de quelques communes&#8230;.Mais \u00e7a c&rsquo;\u00e9tait avant ! Avant l&rsquo;installation d&rsquo;une loi de d\u00e9centralisation qui a du plomb dans l&rsquo;aile pour avoir train\u00e9 en longueur.<\/p>\n","protected":false},"excerpt":{"rendered":"<p>La d\u00e9mission de l\u2019ancien pr\u00e9sident Philippe Richert r\u00e9sonne comme les pr\u00e9mices d&rsquo;une petite mort de la R\u00e9gion Grand Est. Les [&hellip;]<\/p>\n","protected":false},"author":1,"featured_media":29870,"comment_status":"open","ping_status":"open","sticky":false,"template":"","format":"standard","meta":{"footnotes":""},"categories":[20],"tags":[],"class_list":["post-29869","post","type-post","status-publish","format-standard","has-post-thumbnail","hentry","category-a-la-une"],"acf":[],"yoast_head":"<!-- This site is optimized with the Yoast SEO plugin v22.5 - https:\/\/yoast.com\/wordpress\/plugins\/seo\/ -->\n<title>La petite mort de la R\u00e9gion Grand Est - Gerardmer Info<\/title>\n<meta name=\"robots\" content=\"index, follow, max-snippet:-1, max-image-preview:large, max-video-preview:-1\" \/>\n<link rel=\"canonical\" href=\"https:\/\/vosgesinfo.fr\/gerardmerinfo\/2017\/10\/petite-mort-de-region-grand\/\" \/>\n<meta name=\"twitter:card\" content=\"summary_large_image\" \/>\n<meta name=\"twitter:title\" content=\"La petite mort de la R\u00e9gion Grand Est - Gerardmer Info\" \/>\n<meta name=\"twitter:description\" content=\"La d\u00e9mission de l\u2019ancien pr\u00e9sident Philippe Richert r\u00e9sonne comme les pr\u00e9mices d&rsquo;une petite mort de la R\u00e9gion Grand Est. Les [&hellip;]\" \/>\n<meta name=\"twitter:image\" content=\"https:\/\/vosgesinfo.fr\/app\/uploads\/sites\/6\/2024\/07\/201710auto.jpg\" \/>\n<meta name=\"twitter:creator\" content=\"@VosgesInfo88\" \/>\n<meta name=\"twitter:site\" content=\"@VosgesInfo88\" \/>\n<meta name=\"twitter:label1\" content=\"\u00c9crit par\" \/>\n\t<meta name=\"twitter:data1\" content=\"qs_admin\" \/>\n\t<meta name=\"twitter:label2\" content=\"Dur\u00e9e de lecture estim\u00e9e\" \/>\n\t<meta name=\"twitter:data2\" content=\"2 minutes\" \/>\n<script type=\"application\/ld+json\" class=\"yoast-schema-graph\">{\"@context\":\"https:\/\/schema.org\",\"@graph\":[{\"@type\":\"Article\",\"@id\":\"https:\/\/vosgesinfo.fr\/gerardmerinfo\/2017\/10\/petite-mort-de-region-grand\/#article\",\"isPartOf\":{\"@id\":\"https:\/\/vosgesinfo.fr\/gerardmerinfo\/2017\/10\/petite-mort-de-region-grand\/\"},\"author\":{\"name\":\"qs_admin\",\"@id\":\"https:\/\/vosgesinfo.fr\/gerardmerinfo\/#\/schema\/person\/bc5d02d71e6932e81b6dadb7386667b1\"},\"headline\":\"La petite mort de la R\u00e9gion Grand Est\",\"datePublished\":\"2017-10-22T05:54:55+00:00\",\"dateModified\":\"2017-10-22T05:54:55+00:00\",\"mainEntityOfPage\":{\"@id\":\"https:\/\/vosgesinfo.fr\/gerardmerinfo\/2017\/10\/petite-mort-de-region-grand\/\"},\"wordCount\":510,\"commentCount\":0,\"publisher\":{\"@id\":\"https:\/\/vosgesinfo.fr\/gerardmerinfo\/#organization\"},\"image\":{\"@id\":\"https:\/\/vosgesinfo.fr\/gerardmerinfo\/2017\/10\/petite-mort-de-region-grand\/#primaryimage\"},\"thumbnailUrl\":\"https:\/\/vosgesinfo.fr\/app\/uploads\/sites\/6\/2024\/07\/201710auto.jpg\",\"articleSection\":[\"A la une\"],\"inLanguage\":\"fr-FR\",\"potentialAction\":[{\"@type\":\"CommentAction\",\"name\":\"Comment\",\"target\":[\"https:\/\/vosgesinfo.fr\/gerardmerinfo\/2017\/10\/petite-mort-de-region-grand\/#respond\"]}]},{\"@type\":\"WebPage\",\"@id\":\"https:\/\/vosgesinfo.fr\/gerardmerinfo\/2017\/10\/petite-mort-de-region-grand\/\",\"url\":\"https:\/\/vosgesinfo.fr\/gerardmerinfo\/2017\/10\/petite-mort-de-region-grand\/\",\"name\":\"La petite mort de la R\u00e9gion Grand Est - Gerardmer Info\",\"isPartOf\":{\"@id\":\"https:\/\/vosgesinfo.fr\/gerardmerinfo\/#website\"},\"primaryImageOfPage\":{\"@id\":\"https:\/\/vosgesinfo.fr\/gerardmerinfo\/2017\/10\/petite-mort-de-region-grand\/#primaryimage\"},\"image\":{\"@id\":\"https:\/\/vosgesinfo.fr\/gerardmerinfo\/2017\/10\/petite-mort-de-region-grand\/#primaryimage\"},\"thumbnailUrl\":\"https:\/\/vosgesinfo.fr\/app\/uploads\/sites\/6\/2024\/07\/201710auto.jpg\",\"datePublished\":\"2017-10-22T05:54:55+00:00\",\"dateModified\":\"2017-10-22T05:54:55+00:00\",\"breadcrumb\":{\"@id\":\"https:\/\/vosgesinfo.fr\/gerardmerinfo\/2017\/10\/petite-mort-de-region-grand\/#breadcrumb\"},\"inLanguage\":\"fr-FR\",\"potentialAction\":[{\"@type\":\"ReadAction\",\"target\":[\"https:\/\/vosgesinfo.fr\/gerardmerinfo\/2017\/10\/petite-mort-de-region-grand\/\"]}]},{\"@type\":\"ImageObject\",\"inLanguage\":\"fr-FR\",\"@id\":\"https:\/\/vosgesinfo.fr\/gerardmerinfo\/2017\/10\/petite-mort-de-region-grand\/#primaryimage\",\"url\":\"https:\/\/vosgesinfo.fr\/app\/uploads\/sites\/6\/2024\/07\/201710auto.jpg\",\"contentUrl\":\"https:\/\/vosgesinfo.fr\/app\/uploads\/sites\/6\/2024\/07\/201710auto.jpg\",\"width\":659,\"height\":800},{\"@type\":\"BreadcrumbList\",\"@id\":\"https:\/\/vosgesinfo.fr\/gerardmerinfo\/2017\/10\/petite-mort-de-region-grand\/#breadcrumb\",\"itemListElement\":[{\"@type\":\"ListItem\",\"position\":1,\"name\":\"Home\",\"item\":\"https:\/\/vosgesinfo.fr\/gerardmerinfo\/\"},{\"@type\":\"ListItem\",\"position\":2,\"name\":\"La petite mort de la R\u00e9gion Grand Est\"}]},{\"@type\":\"WebSite\",\"@id\":\"https:\/\/vosgesinfo.fr\/gerardmerinfo\/#website\",\"url\":\"https:\/\/vosgesinfo.fr\/gerardmerinfo\/\",\"name\":\"Gerardmer Info\",\"description\":\"Toute l&#039;actualit\u00e9 de G\u00e9rardmer\",\"publisher\":{\"@id\":\"https:\/\/vosgesinfo.fr\/gerardmerinfo\/#organization\"},\"alternateName\":\"Toute l'actualit\u00e9 de G\u00e9rardmer\",\"potentialAction\":[{\"@type\":\"SearchAction\",\"target\":{\"@type\":\"EntryPoint\",\"urlTemplate\":\"https:\/\/vosgesinfo.fr\/gerardmerinfo\/?s={search_term_string}\"},\"query-input\":\"required name=search_term_string\"}],\"inLanguage\":\"fr-FR\"},{\"@type\":\"Organization\",\"@id\":\"https:\/\/vosgesinfo.fr\/gerardmerinfo\/#organization\",\"name\":\"Gerardmer Info\",\"url\":\"https:\/\/vosgesinfo.fr\/gerardmerinfo\/\",\"logo\":{\"@type\":\"ImageObject\",\"inLanguage\":\"fr-FR\",\"@id\":\"https:\/\/vosgesinfo.fr\/gerardmerinfo\/#\/schema\/logo\/image\/\",\"url\":\"https:\/\/vosgesinfo.fr\/app\/uploads\/sites\/6\/2023\/08\/favicon-gerardmerinfo.png\",\"contentUrl\":\"https:\/\/vosgesinfo.fr\/app\/uploads\/sites\/6\/2023\/08\/favicon-gerardmerinfo.png\",\"width\":512,\"height\":512,\"caption\":\"Gerardmer Info\"},\"image\":{\"@id\":\"https:\/\/vosgesinfo.fr\/gerardmerinfo\/#\/schema\/logo\/image\/\"},\"sameAs\":[\"https:\/\/www.facebook.com\/profile.php?id=100049475262660\",\"https:\/\/x.com\/VosgesInfo88\",\"https:\/\/www.youtube.com\/@vosgesinfo\"]},{\"@type\":\"Person\",\"@id\":\"https:\/\/vosgesinfo.fr\/gerardmerinfo\/#\/schema\/person\/bc5d02d71e6932e81b6dadb7386667b1\",\"name\":\"qs_admin\",\"image\":{\"@type\":\"ImageObject\",\"inLanguage\":\"fr-FR\",\"@id\":\"https:\/\/vosgesinfo.fr\/gerardmerinfo\/#\/schema\/person\/image\/\",\"url\":\"https:\/\/secure.gravatar.com\/avatar\/94b18ee0ed79e4a42ea2f2931277b6841a8999fc6fde214600c78057cf1fe1de?s=96&d=mm&r=g\",\"contentUrl\":\"https:\/\/secure.gravatar.com\/avatar\/94b18ee0ed79e4a42ea2f2931277b6841a8999fc6fde214600c78057cf1fe1de?s=96&d=mm&r=g\",\"caption\":\"qs_admin\"},\"sameAs\":[\"https:\/\/vosgesinfo.fr\/wp\"],\"url\":\"https:\/\/vosgesinfo.fr\/gerardmerinfo\/author\/qs_admin\/\"}]}<\/script>\n<!-- \/ Yoast SEO plugin. -->","yoast_head_json":{"title":"La petite mort de la R\u00e9gion Grand Est - Gerardmer Info","robots":{"index":"index","follow":"follow","max-snippet":"max-snippet:-1","max-image-preview":"max-image-preview:large","max-video-preview":"max-video-preview:-1"},"canonical":"https:\/\/vosgesinfo.fr\/gerardmerinfo\/2017\/10\/petite-mort-de-region-grand\/","twitter_card":"summary_large_image","twitter_title":"La petite mort de la R\u00e9gion Grand Est - Gerardmer Info","twitter_description":"La d\u00e9mission de l\u2019ancien pr\u00e9sident Philippe Richert r\u00e9sonne comme les pr\u00e9mices d&rsquo;une petite mort de la R\u00e9gion Grand Est. Les [&hellip;]","twitter_image":"https:\/\/vosgesinfo.fr\/app\/uploads\/sites\/6\/2024\/07\/201710auto.jpg","twitter_creator":"@VosgesInfo88","twitter_site":"@VosgesInfo88","twitter_misc":{"\u00c9crit par":"qs_admin","Dur\u00e9e de lecture estim\u00e9e":"2 minutes"},"schema":{"@context":"https:\/\/schema.org","@graph":[{"@type":"Article","@id":"https:\/\/vosgesinfo.fr\/gerardmerinfo\/2017\/10\/petite-mort-de-region-grand\/#article","isPartOf":{"@id":"https:\/\/vosgesinfo.fr\/gerardmerinfo\/2017\/10\/petite-mort-de-region-grand\/"},"author":{"name":"qs_admin","@id":"https:\/\/vosgesinfo.fr\/gerardmerinfo\/#\/schema\/person\/bc5d02d71e6932e81b6dadb7386667b1"},"headline":"La petite mort de la R\u00e9gion Grand Est","datePublished":"2017-10-22T05:54:55+00:00","dateModified":"2017-10-22T05:54:55+00:00","mainEntityOfPage":{"@id":"https:\/\/vosgesinfo.fr\/gerardmerinfo\/2017\/10\/petite-mort-de-region-grand\/"},"wordCount":510,"commentCount":0,"publisher":{"@id":"https:\/\/vosgesinfo.fr\/gerardmerinfo\/#organization"},"image":{"@id":"https:\/\/vosgesinfo.fr\/gerardmerinfo\/2017\/10\/petite-mort-de-region-grand\/#primaryimage"},"thumbnailUrl":"https:\/\/vosgesinfo.fr\/app\/uploads\/sites\/6\/2024\/07\/201710auto.jpg","articleSection":["A la une"],"inLanguage":"fr-FR","potentialAction":[{"@type":"CommentAction","name":"Comment","target":["https:\/\/vosgesinfo.fr\/gerardmerinfo\/2017\/10\/petite-mort-de-region-grand\/#respond"]}]},{"@type":"WebPage","@id":"https:\/\/vosgesinfo.fr\/gerardmerinfo\/2017\/10\/petite-mort-de-region-grand\/","url":"https:\/\/vosgesinfo.fr\/gerardmerinfo\/2017\/10\/petite-mort-de-region-grand\/","name":"La petite mort de la R\u00e9gion Grand Est - Gerardmer Info","isPartOf":{"@id":"https:\/\/vosgesinfo.fr\/gerardmerinfo\/#website"},"primaryImageOfPage":{"@id":"https:\/\/vosgesinfo.fr\/gerardmerinfo\/2017\/10\/petite-mort-de-region-grand\/#primaryimage"},"image":{"@id":"https:\/\/vosgesinfo.fr\/gerardmerinfo\/2017\/10\/petite-mort-de-region-grand\/#primaryimage"},"thumbnailUrl":"https:\/\/vosgesinfo.fr\/app\/uploads\/sites\/6\/2024\/07\/201710auto.jpg","datePublished":"2017-10-22T05:54:55+00:00","dateModified":"2017-10-22T05:54:55+00:00","breadcrumb":{"@id":"https:\/\/vosgesinfo.fr\/gerardmerinfo\/2017\/10\/petite-mort-de-region-grand\/#breadcrumb"},"inLanguage":"fr-FR","potentialAction":[{"@type":"ReadAction","target":["https:\/\/vosgesinfo.fr\/gerardmerinfo\/2017\/10\/petite-mort-de-region-grand\/"]}]},{"@type":"ImageObject","inLanguage":"fr-FR","@id":"https:\/\/vosgesinfo.fr\/gerardmerinfo\/2017\/10\/petite-mort-de-region-grand\/#primaryimage","url":"https:\/\/vosgesinfo.fr\/app\/uploads\/sites\/6\/2024\/07\/201710auto.jpg","contentUrl":"https:\/\/vosgesinfo.fr\/app\/uploads\/sites\/6\/2024\/07\/201710auto.jpg","width":659,"height":800},{"@type":"BreadcrumbList","@id":"https:\/\/vosgesinfo.fr\/gerardmerinfo\/2017\/10\/petite-mort-de-region-grand\/#breadcrumb","itemListElement":[{"@type":"ListItem","position":1,"name":"Home","item":"https:\/\/vosgesinfo.fr\/gerardmerinfo\/"},{"@type":"ListItem","position":2,"name":"La petite mort de la R\u00e9gion Grand Est"}]},{"@type":"WebSite","@id":"https:\/\/vosgesinfo.fr\/gerardmerinfo\/#website","url":"https:\/\/vosgesinfo.fr\/gerardmerinfo\/","name":"Gerardmer Info","description":"Toute l&#039;actualit\u00e9 de G\u00e9rardmer","publisher":{"@id":"https:\/\/vosgesinfo.fr\/gerardmerinfo\/#organization"},"alternateName":"Toute l'actualit\u00e9 de G\u00e9rardmer","potentialAction":[{"@type":"SearchAction","target":{"@type":"EntryPoint","urlTemplate":"https:\/\/vosgesinfo.fr\/gerardmerinfo\/?s={search_term_string}"},"query-input":"required name=search_term_string"}],"inLanguage":"fr-FR"},{"@type":"Organization","@id":"https:\/\/vosgesinfo.fr\/gerardmerinfo\/#organization","name":"Gerardmer Info","url":"https:\/\/vosgesinfo.fr\/gerardmerinfo\/","logo":{"@type":"ImageObject","inLanguage":"fr-FR","@id":"https:\/\/vosgesinfo.fr\/gerardmerinfo\/#\/schema\/logo\/image\/","url":"https:\/\/vosgesinfo.fr\/app\/uploads\/sites\/6\/2023\/08\/favicon-gerardmerinfo.png","contentUrl":"https:\/\/vosgesinfo.fr\/app\/uploads\/sites\/6\/2023\/08\/favicon-gerardmerinfo.png","width":512,"height":512,"caption":"Gerardmer Info"},"image":{"@id":"https:\/\/vosgesinfo.fr\/gerardmerinfo\/#\/schema\/logo\/image\/"},"sameAs":["https:\/\/www.facebook.com\/profile.php?id=100049475262660","https:\/\/x.com\/VosgesInfo88","https:\/\/www.youtube.com\/@vosgesinfo"]},{"@type":"Person","@id":"https:\/\/vosgesinfo.fr\/gerardmerinfo\/#\/schema\/person\/bc5d02d71e6932e81b6dadb7386667b1","name":"qs_admin","image":{"@type":"ImageObject","inLanguage":"fr-FR","@id":"https:\/\/vosgesinfo.fr\/gerardmerinfo\/#\/schema\/person\/image\/","url":"https:\/\/secure.gravatar.com\/avatar\/94b18ee0ed79e4a42ea2f2931277b6841a8999fc6fde214600c78057cf1fe1de?s=96&d=mm&r=g","contentUrl":"https:\/\/secure.gravatar.com\/avatar\/94b18ee0ed79e4a42ea2f2931277b6841a8999fc6fde214600c78057cf1fe1de?s=96&d=mm&r=g","caption":"qs_admin"},"sameAs":["https:\/\/vosgesinfo.fr\/wp"],"url":"https:\/\/vosgesinfo.fr\/gerardmerinfo\/author\/qs_admin\/"}]}},"_links":{"self":[{"href":"https:\/\/vosgesinfo.fr\/gerardmerinfo\/wp-json\/wp\/v2\/posts\/29869","targetHints":{"allow":["GET"]}}],"collection":[{"href":"https:\/\/vosgesinfo.fr\/gerardmerinfo\/wp-json\/wp\/v2\/posts"}],"about":[{"href":"https:\/\/vosgesinfo.fr\/gerardmerinfo\/wp-json\/wp\/v2\/types\/post"}],"author":[{"embeddable":true,"href":"https:\/\/vosgesinfo.fr\/gerardmerinfo\/wp-json\/wp\/v2\/users\/1"}],"replies":[{"embeddable":true,"href":"https:\/\/vosgesinfo.fr\/gerardmerinfo\/wp-json\/wp\/v2\/comments?post=29869"}],"version-history":[{"count":0,"href":"https:\/\/vosgesinfo.fr\/gerardmerinfo\/wp-json\/wp\/v2\/posts\/29869\/revisions"}],"wp:featuredmedia":[{"embeddable":true,"href":"https:\/\/vosgesinfo.fr\/gerardmerinfo\/wp-json\/wp\/v2\/media\/29870"}],"wp:attachment":[{"href":"https:\/\/vosgesinfo.fr\/gerardmerinfo\/wp-json\/wp\/v2\/media?parent=29869"}],"wp:term":[{"taxonomy":"category","embeddable":true,"href":"https:\/\/vosgesinfo.fr\/gerardmerinfo\/wp-json\/wp\/v2\/categories?post=29869"},{"taxonomy":"post_tag","embeddable":true,"href":"https:\/\/vosgesinfo.fr\/gerardmerinfo\/wp-json\/wp\/v2\/tags?post=29869"}],"curies":[{"name":"wp","href":"https:\/\/api.w.org\/{rel}","templated":true}]}}