{"id":29897,"date":"2017-10-23T15:38:26","date_gmt":"2017-10-23T13:38:26","guid":{"rendered":"https:\/\/vosgesinfo.fr\/gerardmerinfo\/2017\/10\/15-artistes-15-ans-amis-arts\/"},"modified":"2017-10-23T15:38:26","modified_gmt":"2017-10-23T13:38:26","slug":"15-artistes-15-ans-amis-arts","status":"publish","type":"post","link":"https:\/\/vosgesinfo.fr\/gerardmerinfo\/2017\/10\/15-artistes-15-ans-amis-arts\/","title":{"rendered":"15 artistes pour les 15 ans des Amis des Arts"},"content":{"rendered":"<div id=\"attachment_116670\" style=\"width: 810px\" class=\"wp-caption aligncenter\"><a href=\"\/2017\/10\/amis-des-arts-2017-6.jpg\"><img decoding=\"async\" aria-describedby=\"caption-attachment-116670\" class=\"size-full wp-image-116670\" src=\"\/2017\/10\/amis-des-arts-2017-6.jpg\" alt=\"Nunco (\u00e0 gauche) et Capra, invit\u00e9es d'honneur de cette \u00e9dition. \" width=\"800\" height=\"600\" \/><\/a><p id=\"caption-attachment-116670\" class=\"wp-caption-text\"><span style=\"color: #000080;\">Nunco (\u00e0 gauche) et Edwige Capra, invit\u00e9es d&rsquo;honneur de cette \u00e9dition.<\/span><\/p><\/div>\n<p><strong>Les Amis des Arts ont proc\u00e9d\u00e9 au vernissage de leur salon annuel qui occupe actuellement les deux salles du rez-de-chauss\u00e9e de l&rsquo;Espace Tilleul. Une exposition comme toujours tr\u00e8s vari\u00e9e avec pour cette nouvelle \u00e9dition non pas 1, mais 2 invit\u00e9es d&rsquo;honneur.<\/strong><\/p>\n<div id=\"attachment_116665\" style=\"width: 350px\" class=\"wp-caption alignright\"><a href=\"\/2017\/10\/amis-des-arts-2017-1.jpg\"><img decoding=\"async\" aria-describedby=\"caption-attachment-116665\" class=\"size-medium wp-image-116665\" src=\"\/2017\/10\/amis-des-arts-2017-1-340x255.jpg\" alt=\"La pr\u00e9sidente Lilia Boch au micro en compagnie des \u00e9lus g\u00e9r\u00f4mois et du d\u00e9put\u00e9 Naegelen.\" width=\"340\" height=\"255\" \/><\/a><p id=\"caption-attachment-116665\" class=\"wp-caption-text\"><span style=\"color: #000080;\">La pr\u00e9sidente Lilia Boch au micro en compagnie des \u00e9lus g\u00e9r\u00f4mois et du d\u00e9put\u00e9 Naegelen.<\/span><\/p><\/div>\n<p>Il y a avait donc un brin d&rsquo;\u00e9motion du c\u00f4t\u00e9 de la pr\u00e9sidente des Amis des Arts, Lilia Boch, au moment de pr\u00e9senter ce nouveau salon des Amis des Arts en pr\u00e9sence de\u00a0 repr\u00e9sentants de la municipalit\u00e9 locale et du d\u00e9put\u00e9 Christophe Naegelen. Si ce dernier a mis en lumi\u00e8re la grande diversit\u00e9 de cette exposition, sa qualit\u00e9 ou encore le dynamisme de G\u00e9rardmer, l&rsquo;adjointe \u00e0 la culture Anne Chwaliszewski a \u00e9voqu\u00e9 \u00ab\u00a0une pause salutaire\u00a0\u00bb . Une pause pour l&rsquo;\u00e2me et la possibilit\u00e9 de s&rsquo;\u00e9vader gr\u00e2ce \u00e0 tous ses univers, toutes ses couleurs et ses interpr\u00e9tations qui s&rsquo;offrent \u00e0 vous pendant ses 15 jours.<\/p>\n<p>Pour sa part, Lilia Boch a remerci\u00e9 la Ville et les agents communaux pour le soutien technique et la mise \u00e0 disposition des locaux. Mais cette fois, les remerciements se sont m\u00eame mat\u00e9rialis\u00e9s en un cadeau fait \u00e0 la mairie et au d\u00e9put\u00e9 pr\u00e9sent : un dossier relativement exhaustif sur l&rsquo;historique des Amis des Arts et de leurs salons. La pr\u00e9sidente des Amis des Arts qui a termin\u00e9 son intervention en pr\u00e9sentant les deux invit\u00e9es pr\u00e9sentes : tout d&rsquo;abord Edwige Capra, peintre vosgienne qui expose pour la premi\u00e8re fois avec les Amis des Arts ses natures mortes et paysages.<\/p>\n<p>Et enfin Isabelle Nuncq alias Nunco, sculpteur install\u00e9e \u00e0 Epinal et qui a fait les Beaux arts \u00e0 Berlin. Artiste qui, apr\u00e8s 20 ans de travail dans le domaine de la poup\u00e9e \/automates (fabrication et restauration) se tourne d\u00e9sormais vers la sculpture. Elle travaille notamment autour de la perception de l&rsquo;enfant, et de l&rsquo;univers de la Fantasy. Nunco utilise diff\u00e9rentes techniques et diff\u00e9rents mat\u00e9riaux comme des moules pl\u00e2tres type c\u00e9ramique et des moules \u00e9lastom\u00e8res ou encore des tirages porcelaine et r\u00e9sine. Mais les patines appliqu\u00e9es vous induiront sans doute en erreur et donnent \u00e0 l&rsquo;\u00e9chantillon de sculptures expos\u00e9es un aspect m\u00e9tallique&#8230; Surprenant !<\/p>\n<p>Retrouvez Nunco sur le <a href=\"http:\/\/nunco.fr\/\" target=\"_blank\" rel=\"noopener\">http:\/\/nunco.fr\/<\/a><\/p>\n\n","protected":false},"excerpt":{"rendered":"<p>Les Amis des Arts ont proc\u00e9d\u00e9 au vernissage de leur salon annuel qui occupe actuellement les deux salles du rez-de-chauss\u00e9e [&hellip;]<\/p>\n","protected":false},"author":42,"featured_media":29898,"comment_status":"open","ping_status":"open","sticky":false,"template":"","format":"standard","meta":{"footnotes":""},"categories":[20,4],"tags":[3315,3316,3317,3297,3318],"class_list":["post-29897","post","type-post","status-publish","format-standard","has-post-thumbnail","hentry","category-a-la-une","category-culture","tag-amis-des-arts","tag-isabelle-nuncq","tag-lilia-boch","tag-naegelen","tag-nunco"],"acf":[],"yoast_head":"<!-- This site is optimized with the Yoast SEO plugin v22.5 - https:\/\/yoast.com\/wordpress\/plugins\/seo\/ -->\n<title>15 artistes pour les 15 ans des Amis des Arts - Gerardmer Info<\/title>\n<meta name=\"robots\" content=\"index, follow, max-snippet:-1, max-image-preview:large, max-video-preview:-1\" \/>\n<link rel=\"canonical\" href=\"https:\/\/vosgesinfo.fr\/gerardmerinfo\/2017\/10\/15-artistes-15-ans-amis-arts\/\" \/>\n<meta name=\"twitter:card\" content=\"summary_large_image\" \/>\n<meta name=\"twitter:title\" content=\"15 artistes pour les 15 ans des Amis des Arts - Gerardmer Info\" \/>\n<meta name=\"twitter:description\" content=\"Les Amis des Arts ont proc\u00e9d\u00e9 au vernissage de leur salon annuel qui occupe actuellement les deux salles du rez-de-chauss\u00e9e [&hellip;]\" \/>\n<meta name=\"twitter:image\" content=\"https:\/\/vosgesinfo.fr\/app\/uploads\/sites\/6\/2024\/07\/201710amis-des-arts-2017-6.jpg\" \/>\n<meta name=\"twitter:creator\" content=\"@VosgesInfo88\" \/>\n<meta name=\"twitter:site\" content=\"@VosgesInfo88\" \/>\n<meta name=\"twitter:label1\" content=\"\u00c9crit par\" \/>\n\t<meta name=\"twitter:data1\" content=\"QG\" \/>\n\t<meta name=\"twitter:label2\" content=\"Dur\u00e9e de lecture estim\u00e9e\" \/>\n\t<meta name=\"twitter:data2\" content=\"2 minutes\" \/>\n<script type=\"application\/ld+json\" class=\"yoast-schema-graph\">{\"@context\":\"https:\/\/schema.org\",\"@graph\":[{\"@type\":\"Article\",\"@id\":\"https:\/\/vosgesinfo.fr\/gerardmerinfo\/2017\/10\/15-artistes-15-ans-amis-arts\/#article\",\"isPartOf\":{\"@id\":\"https:\/\/vosgesinfo.fr\/gerardmerinfo\/2017\/10\/15-artistes-15-ans-amis-arts\/\"},\"author\":{\"name\":\"QG\",\"@id\":\"https:\/\/vosgesinfo.fr\/gerardmerinfo\/#\/schema\/person\/db5605779a843dad16b5368f3e7613a5\"},\"headline\":\"15 artistes pour les 15 ans des Amis des Arts\",\"datePublished\":\"2017-10-23T13:38:26+00:00\",\"dateModified\":\"2017-10-23T13:38:26+00:00\",\"mainEntityOfPage\":{\"@id\":\"https:\/\/vosgesinfo.fr\/gerardmerinfo\/2017\/10\/15-artistes-15-ans-amis-arts\/\"},\"wordCount\":452,\"commentCount\":0,\"publisher\":{\"@id\":\"https:\/\/vosgesinfo.fr\/gerardmerinfo\/#organization\"},\"image\":{\"@id\":\"https:\/\/vosgesinfo.fr\/gerardmerinfo\/2017\/10\/15-artistes-15-ans-amis-arts\/#primaryimage\"},\"thumbnailUrl\":\"https:\/\/vosgesinfo.fr\/app\/uploads\/sites\/6\/2024\/07\/201710amis-des-arts-2017-6.jpg\",\"keywords\":[\"amis des arts\",\"isabelle Nuncq\",\"Lilia Boch\",\"naegelen\",\"Nunco\"],\"articleSection\":[\"A la une\",\"Culture\"],\"inLanguage\":\"fr-FR\",\"potentialAction\":[{\"@type\":\"CommentAction\",\"name\":\"Comment\",\"target\":[\"https:\/\/vosgesinfo.fr\/gerardmerinfo\/2017\/10\/15-artistes-15-ans-amis-arts\/#respond\"]}]},{\"@type\":\"WebPage\",\"@id\":\"https:\/\/vosgesinfo.fr\/gerardmerinfo\/2017\/10\/15-artistes-15-ans-amis-arts\/\",\"url\":\"https:\/\/vosgesinfo.fr\/gerardmerinfo\/2017\/10\/15-artistes-15-ans-amis-arts\/\",\"name\":\"15 artistes pour les 15 ans des Amis des Arts - Gerardmer Info\",\"isPartOf\":{\"@id\":\"https:\/\/vosgesinfo.fr\/gerardmerinfo\/#website\"},\"primaryImageOfPage\":{\"@id\":\"https:\/\/vosgesinfo.fr\/gerardmerinfo\/2017\/10\/15-artistes-15-ans-amis-arts\/#primaryimage\"},\"image\":{\"@id\":\"https:\/\/vosgesinfo.fr\/gerardmerinfo\/2017\/10\/15-artistes-15-ans-amis-arts\/#primaryimage\"},\"thumbnailUrl\":\"https:\/\/vosgesinfo.fr\/app\/uploads\/sites\/6\/2024\/07\/201710amis-des-arts-2017-6.jpg\",\"datePublished\":\"2017-10-23T13:38:26+00:00\",\"dateModified\":\"2017-10-23T13:38:26+00:00\",\"breadcrumb\":{\"@id\":\"https:\/\/vosgesinfo.fr\/gerardmerinfo\/2017\/10\/15-artistes-15-ans-amis-arts\/#breadcrumb\"},\"inLanguage\":\"fr-FR\",\"potentialAction\":[{\"@type\":\"ReadAction\",\"target\":[\"https:\/\/vosgesinfo.fr\/gerardmerinfo\/2017\/10\/15-artistes-15-ans-amis-arts\/\"]}]},{\"@type\":\"ImageObject\",\"inLanguage\":\"fr-FR\",\"@id\":\"https:\/\/vosgesinfo.fr\/gerardmerinfo\/2017\/10\/15-artistes-15-ans-amis-arts\/#primaryimage\",\"url\":\"https:\/\/vosgesinfo.fr\/app\/uploads\/sites\/6\/2024\/07\/201710amis-des-arts-2017-6.jpg\",\"contentUrl\":\"https:\/\/vosgesinfo.fr\/app\/uploads\/sites\/6\/2024\/07\/201710amis-des-arts-2017-6.jpg\",\"width\":800,\"height\":600},{\"@type\":\"BreadcrumbList\",\"@id\":\"https:\/\/vosgesinfo.fr\/gerardmerinfo\/2017\/10\/15-artistes-15-ans-amis-arts\/#breadcrumb\",\"itemListElement\":[{\"@type\":\"ListItem\",\"position\":1,\"name\":\"Home\",\"item\":\"https:\/\/vosgesinfo.fr\/gerardmerinfo\/\"},{\"@type\":\"ListItem\",\"position\":2,\"name\":\"15 artistes pour les 15 ans des Amis des Arts\"}]},{\"@type\":\"WebSite\",\"@id\":\"https:\/\/vosgesinfo.fr\/gerardmerinfo\/#website\",\"url\":\"https:\/\/vosgesinfo.fr\/gerardmerinfo\/\",\"name\":\"Gerardmer Info\",\"description\":\"Toute l&#039;actualit\u00e9 de G\u00e9rardmer\",\"publisher\":{\"@id\":\"https:\/\/vosgesinfo.fr\/gerardmerinfo\/#organization\"},\"alternateName\":\"Toute l'actualit\u00e9 de G\u00e9rardmer\",\"potentialAction\":[{\"@type\":\"SearchAction\",\"target\":{\"@type\":\"EntryPoint\",\"urlTemplate\":\"https:\/\/vosgesinfo.fr\/gerardmerinfo\/?s={search_term_string}\"},\"query-input\":\"required name=search_term_string\"}],\"inLanguage\":\"fr-FR\"},{\"@type\":\"Organization\",\"@id\":\"https:\/\/vosgesinfo.fr\/gerardmerinfo\/#organization\",\"name\":\"Gerardmer Info\",\"url\":\"https:\/\/vosgesinfo.fr\/gerardmerinfo\/\",\"logo\":{\"@type\":\"ImageObject\",\"inLanguage\":\"fr-FR\",\"@id\":\"https:\/\/vosgesinfo.fr\/gerardmerinfo\/#\/schema\/logo\/image\/\",\"url\":\"https:\/\/vosgesinfo.fr\/app\/uploads\/sites\/6\/2023\/08\/favicon-gerardmerinfo.png\",\"contentUrl\":\"https:\/\/vosgesinfo.fr\/app\/uploads\/sites\/6\/2023\/08\/favicon-gerardmerinfo.png\",\"width\":512,\"height\":512,\"caption\":\"Gerardmer Info\"},\"image\":{\"@id\":\"https:\/\/vosgesinfo.fr\/gerardmerinfo\/#\/schema\/logo\/image\/\"},\"sameAs\":[\"https:\/\/www.facebook.com\/profile.php?id=100049475262660\",\"https:\/\/x.com\/VosgesInfo88\",\"https:\/\/www.youtube.com\/@vosgesinfo\"]},{\"@type\":\"Person\",\"@id\":\"https:\/\/vosgesinfo.fr\/gerardmerinfo\/#\/schema\/person\/db5605779a843dad16b5368f3e7613a5\",\"name\":\"QG\",\"image\":{\"@type\":\"ImageObject\",\"inLanguage\":\"fr-FR\",\"@id\":\"https:\/\/vosgesinfo.fr\/gerardmerinfo\/#\/schema\/person\/image\/\",\"url\":\"https:\/\/secure.gravatar.com\/avatar\/ea80c42c204b534408512832fde52504ecabb9706bcb6151cf6175e5b64e6793?s=96&d=mm&r=g\",\"contentUrl\":\"https:\/\/secure.gravatar.com\/avatar\/ea80c42c204b534408512832fde52504ecabb9706bcb6151cf6175e5b64e6793?s=96&d=mm&r=g\",\"caption\":\"QG\"},\"url\":\"https:\/\/vosgesinfo.fr\/gerardmerinfo\/author\/quentin88\/\"}]}<\/script>\n<!-- \/ Yoast SEO plugin. -->","yoast_head_json":{"title":"15 artistes pour les 15 ans des Amis des Arts - Gerardmer Info","robots":{"index":"index","follow":"follow","max-snippet":"max-snippet:-1","max-image-preview":"max-image-preview:large","max-video-preview":"max-video-preview:-1"},"canonical":"https:\/\/vosgesinfo.fr\/gerardmerinfo\/2017\/10\/15-artistes-15-ans-amis-arts\/","twitter_card":"summary_large_image","twitter_title":"15 artistes pour les 15 ans des Amis des Arts - Gerardmer Info","twitter_description":"Les Amis des Arts ont proc\u00e9d\u00e9 au vernissage de leur salon annuel qui occupe actuellement les deux salles du rez-de-chauss\u00e9e [&hellip;]","twitter_image":"https:\/\/vosgesinfo.fr\/app\/uploads\/sites\/6\/2024\/07\/201710amis-des-arts-2017-6.jpg","twitter_creator":"@VosgesInfo88","twitter_site":"@VosgesInfo88","twitter_misc":{"\u00c9crit par":"QG","Dur\u00e9e de lecture estim\u00e9e":"2 minutes"},"schema":{"@context":"https:\/\/schema.org","@graph":[{"@type":"Article","@id":"https:\/\/vosgesinfo.fr\/gerardmerinfo\/2017\/10\/15-artistes-15-ans-amis-arts\/#article","isPartOf":{"@id":"https:\/\/vosgesinfo.fr\/gerardmerinfo\/2017\/10\/15-artistes-15-ans-amis-arts\/"},"author":{"name":"QG","@id":"https:\/\/vosgesinfo.fr\/gerardmerinfo\/#\/schema\/person\/db5605779a843dad16b5368f3e7613a5"},"headline":"15 artistes pour les 15 ans des Amis des Arts","datePublished":"2017-10-23T13:38:26+00:00","dateModified":"2017-10-23T13:38:26+00:00","mainEntityOfPage":{"@id":"https:\/\/vosgesinfo.fr\/gerardmerinfo\/2017\/10\/15-artistes-15-ans-amis-arts\/"},"wordCount":452,"commentCount":0,"publisher":{"@id":"https:\/\/vosgesinfo.fr\/gerardmerinfo\/#organization"},"image":{"@id":"https:\/\/vosgesinfo.fr\/gerardmerinfo\/2017\/10\/15-artistes-15-ans-amis-arts\/#primaryimage"},"thumbnailUrl":"https:\/\/vosgesinfo.fr\/app\/uploads\/sites\/6\/2024\/07\/201710amis-des-arts-2017-6.jpg","keywords":["amis des arts","isabelle Nuncq","Lilia Boch","naegelen","Nunco"],"articleSection":["A la une","Culture"],"inLanguage":"fr-FR","potentialAction":[{"@type":"CommentAction","name":"Comment","target":["https:\/\/vosgesinfo.fr\/gerardmerinfo\/2017\/10\/15-artistes-15-ans-amis-arts\/#respond"]}]},{"@type":"WebPage","@id":"https:\/\/vosgesinfo.fr\/gerardmerinfo\/2017\/10\/15-artistes-15-ans-amis-arts\/","url":"https:\/\/vosgesinfo.fr\/gerardmerinfo\/2017\/10\/15-artistes-15-ans-amis-arts\/","name":"15 artistes pour les 15 ans des Amis des Arts - Gerardmer Info","isPartOf":{"@id":"https:\/\/vosgesinfo.fr\/gerardmerinfo\/#website"},"primaryImageOfPage":{"@id":"https:\/\/vosgesinfo.fr\/gerardmerinfo\/2017\/10\/15-artistes-15-ans-amis-arts\/#primaryimage"},"image":{"@id":"https:\/\/vosgesinfo.fr\/gerardmerinfo\/2017\/10\/15-artistes-15-ans-amis-arts\/#primaryimage"},"thumbnailUrl":"https:\/\/vosgesinfo.fr\/app\/uploads\/sites\/6\/2024\/07\/201710amis-des-arts-2017-6.jpg","datePublished":"2017-10-23T13:38:26+00:00","dateModified":"2017-10-23T13:38:26+00:00","breadcrumb":{"@id":"https:\/\/vosgesinfo.fr\/gerardmerinfo\/2017\/10\/15-artistes-15-ans-amis-arts\/#breadcrumb"},"inLanguage":"fr-FR","potentialAction":[{"@type":"ReadAction","target":["https:\/\/vosgesinfo.fr\/gerardmerinfo\/2017\/10\/15-artistes-15-ans-amis-arts\/"]}]},{"@type":"ImageObject","inLanguage":"fr-FR","@id":"https:\/\/vosgesinfo.fr\/gerardmerinfo\/2017\/10\/15-artistes-15-ans-amis-arts\/#primaryimage","url":"https:\/\/vosgesinfo.fr\/app\/uploads\/sites\/6\/2024\/07\/201710amis-des-arts-2017-6.jpg","contentUrl":"https:\/\/vosgesinfo.fr\/app\/uploads\/sites\/6\/2024\/07\/201710amis-des-arts-2017-6.jpg","width":800,"height":600},{"@type":"BreadcrumbList","@id":"https:\/\/vosgesinfo.fr\/gerardmerinfo\/2017\/10\/15-artistes-15-ans-amis-arts\/#breadcrumb","itemListElement":[{"@type":"ListItem","position":1,"name":"Home","item":"https:\/\/vosgesinfo.fr\/gerardmerinfo\/"},{"@type":"ListItem","position":2,"name":"15 artistes pour les 15 ans des Amis des Arts"}]},{"@type":"WebSite","@id":"https:\/\/vosgesinfo.fr\/gerardmerinfo\/#website","url":"https:\/\/vosgesinfo.fr\/gerardmerinfo\/","name":"Gerardmer Info","description":"Toute l&#039;actualit\u00e9 de G\u00e9rardmer","publisher":{"@id":"https:\/\/vosgesinfo.fr\/gerardmerinfo\/#organization"},"alternateName":"Toute l'actualit\u00e9 de G\u00e9rardmer","potentialAction":[{"@type":"SearchAction","target":{"@type":"EntryPoint","urlTemplate":"https:\/\/vosgesinfo.fr\/gerardmerinfo\/?s={search_term_string}"},"query-input":"required name=search_term_string"}],"inLanguage":"fr-FR"},{"@type":"Organization","@id":"https:\/\/vosgesinfo.fr\/gerardmerinfo\/#organization","name":"Gerardmer Info","url":"https:\/\/vosgesinfo.fr\/gerardmerinfo\/","logo":{"@type":"ImageObject","inLanguage":"fr-FR","@id":"https:\/\/vosgesinfo.fr\/gerardmerinfo\/#\/schema\/logo\/image\/","url":"https:\/\/vosgesinfo.fr\/app\/uploads\/sites\/6\/2023\/08\/favicon-gerardmerinfo.png","contentUrl":"https:\/\/vosgesinfo.fr\/app\/uploads\/sites\/6\/2023\/08\/favicon-gerardmerinfo.png","width":512,"height":512,"caption":"Gerardmer Info"},"image":{"@id":"https:\/\/vosgesinfo.fr\/gerardmerinfo\/#\/schema\/logo\/image\/"},"sameAs":["https:\/\/www.facebook.com\/profile.php?id=100049475262660","https:\/\/x.com\/VosgesInfo88","https:\/\/www.youtube.com\/@vosgesinfo"]},{"@type":"Person","@id":"https:\/\/vosgesinfo.fr\/gerardmerinfo\/#\/schema\/person\/db5605779a843dad16b5368f3e7613a5","name":"QG","image":{"@type":"ImageObject","inLanguage":"fr-FR","@id":"https:\/\/vosgesinfo.fr\/gerardmerinfo\/#\/schema\/person\/image\/","url":"https:\/\/secure.gravatar.com\/avatar\/ea80c42c204b534408512832fde52504ecabb9706bcb6151cf6175e5b64e6793?s=96&d=mm&r=g","contentUrl":"https:\/\/secure.gravatar.com\/avatar\/ea80c42c204b534408512832fde52504ecabb9706bcb6151cf6175e5b64e6793?s=96&d=mm&r=g","caption":"QG"},"url":"https:\/\/vosgesinfo.fr\/gerardmerinfo\/author\/quentin88\/"}]}},"_links":{"self":[{"href":"https:\/\/vosgesinfo.fr\/gerardmerinfo\/wp-json\/wp\/v2\/posts\/29897","targetHints":{"allow":["GET"]}}],"collection":[{"href":"https:\/\/vosgesinfo.fr\/gerardmerinfo\/wp-json\/wp\/v2\/posts"}],"about":[{"href":"https:\/\/vosgesinfo.fr\/gerardmerinfo\/wp-json\/wp\/v2\/types\/post"}],"author":[{"embeddable":true,"href":"https:\/\/vosgesinfo.fr\/gerardmerinfo\/wp-json\/wp\/v2\/users\/42"}],"replies":[{"embeddable":true,"href":"https:\/\/vosgesinfo.fr\/gerardmerinfo\/wp-json\/wp\/v2\/comments?post=29897"}],"version-history":[{"count":0,"href":"https:\/\/vosgesinfo.fr\/gerardmerinfo\/wp-json\/wp\/v2\/posts\/29897\/revisions"}],"wp:featuredmedia":[{"embeddable":true,"href":"https:\/\/vosgesinfo.fr\/gerardmerinfo\/wp-json\/wp\/v2\/media\/29898"}],"wp:attachment":[{"href":"https:\/\/vosgesinfo.fr\/gerardmerinfo\/wp-json\/wp\/v2\/media?parent=29897"}],"wp:term":[{"taxonomy":"category","embeddable":true,"href":"https:\/\/vosgesinfo.fr\/gerardmerinfo\/wp-json\/wp\/v2\/categories?post=29897"},{"taxonomy":"post_tag","embeddable":true,"href":"https:\/\/vosgesinfo.fr\/gerardmerinfo\/wp-json\/wp\/v2\/tags?post=29897"}],"curies":[{"name":"wp","href":"https:\/\/api.w.org\/{rel}","templated":true}]}}