{"id":30032,"date":"2017-10-30T12:01:28","date_gmt":"2017-10-30T11:01:28","guid":{"rendered":"https:\/\/vosgesinfo.fr\/gerardmerinfo\/2017\/10\/saut-der-a-lispach-samedi\/"},"modified":"2017-10-30T12:01:28","modified_gmt":"2017-10-30T11:01:28","slug":"saut-der-a-lispach-samedi","status":"publish","type":"post","link":"https:\/\/vosgesinfo.fr\/gerardmerinfo\/2017\/10\/saut-der-a-lispach-samedi\/","title":{"rendered":"Saut : la der \u00e0 Lispach samedi"},"content":{"rendered":"<div id=\"attachment_117015\" style=\"width: 350px\" class=\"wp-caption aligncenter\"><a href=\"\/2017\/10\/Xonrupt-1er-club-\u00e9quipes.jpg\"><img decoding=\"async\" aria-describedby=\"caption-attachment-117015\" class=\"size-medium wp-image-117015\" src=\"\/2017\/10\/Xonrupt-1er-club-\u00e9quipes-340x255.jpg\" alt=\"Xonrupt 1er club au classement par \u00e9quipes !!\" width=\"340\" height=\"255\" \/><\/a><p id=\"caption-attachment-117015\" class=\"wp-caption-text\"><span style=\"color: #000080;\">Xonrupt 1er club au classement par \u00e9quipes !!<\/span><\/p><\/div>\n<p>C\u2019\u00e9tait la der sur les tremplins version \u00e9t\u00e9 pour le circuit r\u00e9gional qui faisait \u00e9tape sur le site de Lispach . Malgr\u00e9 une m\u00e9t\u00e9o quasiment hivernale , les forces vives de la discipline se sont mobilis\u00e9es sur cette comp\u00e9tition qui marquait la mi- parcours de la coupe des Vosges Cr\u00e9dit Mutuel 2017\/2018<\/p>\n<p>Le club de La Bressaude autour de sa pr\u00e9sidente Odile Munsch et de son responsable du saut , Bernard Pierrat a organis\u00e9 ces finales ( tremplins version \u00e9t\u00e9 ) de la meilleure des mani\u00e8res sur le plan sportif mais \u00e9galement en pr\u00e9servant la partie conviviale . Le vin chaud \u00e9tait de\u2026.. circonstance , le jeu du quizz \u00ab SPORT PASSION \u00bb est \u00e9galement \u00e0 reconduire , et le palmar\u00e8s salle Camille Claudel , lui aussi \u00ab au chaud \u00ab n\u2019avait \u00e0 envier au vin du m\u00eame\u2026.. qualificatif<\/p>\n<p>C\u00f4t\u00e9 sportif , le niveau des comp\u00e9titions a \u00e9t\u00e9 particuli\u00e8rement relev\u00e9 gr\u00e2ce notamment \u00e0 la pr\u00e9sence d\u2019athl\u00e8tes Vosgiens des groupes nationaux \u2026 Un retour aux sources et une participation qui a \u00e9t\u00e9 vraiment appr\u00e9ci\u00e9e par tous les acteurs de cette finale r\u00e9gionale \u2026. C\u2019est naturellement un d\u2019entre eux , Nicolas Didier qui s\u2019est impos\u00e9 sur ce concours o\u00f9 le record du tremplin a \u00e9t\u00e9 titill\u00e9 \u00e0 plusieurs reprises \u2026. Il est vrai que le vent tr\u00e8s portant , a permis aux sauteurs de profiter de l\u2019aubaine et de prendre un maximum de plaisir sur le site Bressaud .<\/p>\n<div id=\"attachment_117014\" style=\"width: 350px\" class=\"wp-caption alignleft\"><a href=\"\/2017\/10\/Thomas-Gerard-Ventron.jpg\"><img decoding=\"async\" aria-describedby=\"caption-attachment-117014\" class=\"size-medium wp-image-117014\" src=\"\/2017\/10\/Thomas-Gerard-Ventron-340x255.jpg\" alt=\"Thomas Gerard - Ventron\" width=\"340\" height=\"255\" \/><\/a><p id=\"caption-attachment-117014\" class=\"wp-caption-text\">Thomas Gerard &#8211; Ventron<\/p><\/div>\n<p>Sur le podium de cette 6\u00e8 \u00e9tape, Naokin Jacquel est second , Tom Rochat 3\u00e8 . Ce n\u2019est pas une surprise , les deux combin\u00e9s du p\u00f4le espoir devancent deux \u00ab anciens \u00bb du p\u00f4le , Thomas Spenner et Loic Didier qui en sont sortis l\u2019an dernier apr\u00e8s avoir r\u00e9ussi leur BAC au lyc\u00e9e de G\u00e9rardmer . A noter, la participation sur cette \u00e9preuve des entraineurs des groupes Vosges , Jean Louis Arnould ( 8\u00e8) et S\u00e9bastien Ruer ( 11\u00e8 ) , loin d\u2019\u00eatre \u00e0 la rue sur ce tremplin de Lispach<\/p>\n<p>Chez filles , la \u00ab revenante \u00bb Am\u00e9lie Andr\u00e9 a d\u00e9montr\u00e9 que la technique ne se perdait pas avec les ann\u00e9es . A bient\u00f4t 30 ans \u00ab m\u00e9m\u00e9 \u00bb n\u2019a pas l\u2019\u00e2ge de ses art\u00e8res !!! Elle devance largement ses beaucoup plus jeunes rivales du jour de plusieurs longueurs . Zo\u00e9 Hatton est seconde, Maela Didier 3\u00e8 . Le nombre de filles sur ce circuit Coupe des Vosges est d\u2019ailleurs en constante progression , le niveau est mont\u00e9 d\u2019un cran cet \u00e9t\u00e9 , et la question de la cr\u00e9ation d\u2019un groupe d\u2019entra\u00eenement f\u00e9minin se pose aujourd\u2019hui clairement\u2026 Une spectatrice de luxe assistait elle aussi \u00e0 l\u2019\u00e9preuve , Julia Clair qui \u00e9tait rentr\u00e9e dans les Vosges apr\u00e8s avoir boucl\u00e9 les entrainements sur plastique la veille , avec le groupe Franc. La confiance est \u00e0 nouveau au rendez vous pour la Vosgienne avec au bout des spatules en f\u00e9vier prochain , personne n\u2019en doute, la Cor\u00e9e !<\/p>\n<p>Sur le petit tremplin , l\u2019\u00e9preuve a vu la victoire de Pierre Bailly ( Xonrupt ) devant le Bressaud Louis Remy et la 1\u00e8re fille Laurine Grandgirard du SC Kruth . Ces comp\u00e9titions promo permettent aux sauteurs moins confirm\u00e9s, de progresser dans des confrontations \u00e0 leur niveau en attendant de pouvoir rejoindre l\u2019\u00e9lite r\u00e9gionale sur les tremplins de taille sup\u00e9rieure<\/p>\n<p>Point sur la coupe des Vosges Credit Mutuel :<\/p>\n<p>Apr\u00e8s 6 \u00e9tapes \u00e9t\u00e9 , et en attendant les 6 suivantes sur neige, il est d\u00e9j\u00e0 possible de se faire une id\u00e9e sur les forces en pr\u00e9sence \u00e0 mi circuit \u2026<\/p>\n<p>Globalement le club de Xonrupt domine chez les Gar\u00e7ons, m\u00eame si quelques individualit\u00e9s de clubs voisins auront du mal \u00e0 \u00eatre d\u00e9tr\u00f4n\u00e9es pour la victoire finale , comme c\u00e9lestin M\u00e9line ( G\u00e9rardmer SN ) en U 13<\/p>\n<div id=\"attachment_117013\" style=\"width: 201px\" class=\"wp-caption alignright\"><a href=\"\/2017\/10\/Podium-filles.jpg\"><img decoding=\"async\" aria-describedby=\"caption-attachment-117013\" class=\"size-medium wp-image-117013\" src=\"\/2017\/10\/Podium-filles-191x255.jpg\" alt=\"Le podium f\u00e9minin\" width=\"191\" height=\"255\" \/><\/a><p id=\"caption-attachment-117013\" class=\"wp-caption-text\">Le podium f\u00e9minin<\/p><\/div>\n<p>Chez les filles , c\u2019est le club de La Bressaude qui devrait emporter les lauriers au printemps . Mais attention v\u00e9ternats , g\u00e9r\u00f4mois , ou jeunes sauteurs du versant alsacien ne vont pas s\u2019en laisser compter . Un param\u00e8tre pourra faire la diff\u00e9rence : le saut sur neige privil\u00e9gie les bons skieurs , alors avant les premiers sauts en skis sp\u00e9cifiques sur neige , il faudra mettre les skis alpins et de fond aux pieds pour travailler l\u2019\u00e9quilibre et les appuis , c\u2019est \u00e0 n\u2019en pas douter la principale condition de la r\u00e9ussite \u2026.<\/p>\n<p>Le calendrier hivernal d\u00e9butera avec la 7\u00e8 \u00e9tape de cette coupe des Vosges CREDIT MUTUEL , elle est programm\u00e9e \u00e0 Bussang sur le stade de Larcenaire le samedi 30 D\u00e9cembre<\/p>\n<p>Suite des entra\u00eenements :<\/p>\n<p>Les tremplins de La Bresse et Bresse vont \u00eatre \u00e9quip\u00e9s de filets tr\u00e8s prochainement et ne pourront plus \u00eatre utilis\u00e9s que sur neige . Poursuite des entrainements \u00e0 G\u00e9rardmer , Ventron et Xonrupt jusqu\u2019en d\u00e9cembre.<\/p>\n<p>Les r\u00e9sultats : <a href=\"\/2017\/10\/K20-FINALE-COUPE-DES-VOSGES-ETE-LISPACH-LA-BRESS-28102017.pdf\">K20 FINALE COUPE DES VOSGES ETE LISPACH LA BRESS 28102017<\/a><\/p>\n<p><a href=\"\/2017\/10\/K40-SCRATCH-FINALE-COUPE-DES-VOSGES-ETE-LISPACH-LA-BRESS-28102017.pdf\">K40 SCRATCH FINALE COUPE DES VOSGES ETE LISPACH LA BRESS 28102017<\/a><\/p>\n<p><a href=\"\/2017\/10\/Equipes-CV-CM-saut-2017-2018.xls\">Equipes CV CM saut 2017-2018<\/a><\/p>\n<p>R.R<\/p>\n\n","protected":false},"excerpt":{"rendered":"<p>C\u2019\u00e9tait la der sur les tremplins version \u00e9t\u00e9 pour le circuit r\u00e9gional qui faisait \u00e9tape sur le site de Lispach [&hellip;]<\/p>\n","protected":false},"author":1,"featured_media":30033,"comment_status":"open","ping_status":"open","sticky":false,"template":"","format":"standard","meta":{"footnotes":""},"categories":[20,14,18],"tags":[68],"class_list":["post-30032","post","type-post","status-publish","format-standard","has-post-thumbnail","hentry","category-a-la-une","category-sport","category-vosges","tag-saut-a-ski"],"acf":[],"yoast_head":"<!-- This site is optimized with the Yoast SEO plugin v22.5 - https:\/\/yoast.com\/wordpress\/plugins\/seo\/ -->\n<title>Saut : la der \u00e0 Lispach samedi - Gerardmer Info<\/title>\n<meta name=\"robots\" content=\"index, follow, max-snippet:-1, max-image-preview:large, max-video-preview:-1\" \/>\n<link rel=\"canonical\" href=\"https:\/\/vosgesinfo.fr\/gerardmerinfo\/2017\/10\/saut-der-a-lispach-samedi\/\" \/>\n<meta name=\"twitter:card\" content=\"summary_large_image\" \/>\n<meta name=\"twitter:title\" content=\"Saut : la der \u00e0 Lispach samedi - Gerardmer Info\" \/>\n<meta name=\"twitter:description\" content=\"C\u2019\u00e9tait la der sur les tremplins version \u00e9t\u00e9 pour le circuit r\u00e9gional qui faisait \u00e9tape sur le site de Lispach [&hellip;]\" \/>\n<meta name=\"twitter:image\" content=\"https:\/\/vosgesinfo.fr\/app\/uploads\/sites\/6\/2024\/07\/201710pierre-bailly-1er-tremplin-20m.jpg\" \/>\n<meta name=\"twitter:creator\" content=\"@VosgesInfo88\" \/>\n<meta name=\"twitter:site\" content=\"@VosgesInfo88\" \/>\n<meta name=\"twitter:label1\" content=\"\u00c9crit par\" \/>\n\t<meta name=\"twitter:data1\" content=\"qs_admin\" \/>\n\t<meta name=\"twitter:label2\" content=\"Dur\u00e9e de lecture estim\u00e9e\" \/>\n\t<meta name=\"twitter:data2\" content=\"4 minutes\" \/>\n<script type=\"application\/ld+json\" class=\"yoast-schema-graph\">{\"@context\":\"https:\/\/schema.org\",\"@graph\":[{\"@type\":\"Article\",\"@id\":\"https:\/\/vosgesinfo.fr\/gerardmerinfo\/2017\/10\/saut-der-a-lispach-samedi\/#article\",\"isPartOf\":{\"@id\":\"https:\/\/vosgesinfo.fr\/gerardmerinfo\/2017\/10\/saut-der-a-lispach-samedi\/\"},\"author\":{\"name\":\"qs_admin\",\"@id\":\"https:\/\/vosgesinfo.fr\/gerardmerinfo\/#\/schema\/person\/bc5d02d71e6932e81b6dadb7386667b1\"},\"headline\":\"Saut : la der \u00e0 Lispach samedi\",\"datePublished\":\"2017-10-30T11:01:28+00:00\",\"dateModified\":\"2017-10-30T11:01:28+00:00\",\"mainEntityOfPage\":{\"@id\":\"https:\/\/vosgesinfo.fr\/gerardmerinfo\/2017\/10\/saut-der-a-lispach-samedi\/\"},\"wordCount\":869,\"commentCount\":0,\"publisher\":{\"@id\":\"https:\/\/vosgesinfo.fr\/gerardmerinfo\/#organization\"},\"image\":{\"@id\":\"https:\/\/vosgesinfo.fr\/gerardmerinfo\/2017\/10\/saut-der-a-lispach-samedi\/#primaryimage\"},\"thumbnailUrl\":\"https:\/\/vosgesinfo.fr\/app\/uploads\/sites\/6\/2024\/07\/201710pierre-bailly-1er-tremplin-20m.jpg\",\"keywords\":[\"saut \u00e0 ski\"],\"articleSection\":[\"A la une\",\"Sport\",\"Vosges\"],\"inLanguage\":\"fr-FR\",\"potentialAction\":[{\"@type\":\"CommentAction\",\"name\":\"Comment\",\"target\":[\"https:\/\/vosgesinfo.fr\/gerardmerinfo\/2017\/10\/saut-der-a-lispach-samedi\/#respond\"]}]},{\"@type\":\"WebPage\",\"@id\":\"https:\/\/vosgesinfo.fr\/gerardmerinfo\/2017\/10\/saut-der-a-lispach-samedi\/\",\"url\":\"https:\/\/vosgesinfo.fr\/gerardmerinfo\/2017\/10\/saut-der-a-lispach-samedi\/\",\"name\":\"Saut : la der \u00e0 Lispach samedi - Gerardmer Info\",\"isPartOf\":{\"@id\":\"https:\/\/vosgesinfo.fr\/gerardmerinfo\/#website\"},\"primaryImageOfPage\":{\"@id\":\"https:\/\/vosgesinfo.fr\/gerardmerinfo\/2017\/10\/saut-der-a-lispach-samedi\/#primaryimage\"},\"image\":{\"@id\":\"https:\/\/vosgesinfo.fr\/gerardmerinfo\/2017\/10\/saut-der-a-lispach-samedi\/#primaryimage\"},\"thumbnailUrl\":\"https:\/\/vosgesinfo.fr\/app\/uploads\/sites\/6\/2024\/07\/201710pierre-bailly-1er-tremplin-20m.jpg\",\"datePublished\":\"2017-10-30T11:01:28+00:00\",\"dateModified\":\"2017-10-30T11:01:28+00:00\",\"breadcrumb\":{\"@id\":\"https:\/\/vosgesinfo.fr\/gerardmerinfo\/2017\/10\/saut-der-a-lispach-samedi\/#breadcrumb\"},\"inLanguage\":\"fr-FR\",\"potentialAction\":[{\"@type\":\"ReadAction\",\"target\":[\"https:\/\/vosgesinfo.fr\/gerardmerinfo\/2017\/10\/saut-der-a-lispach-samedi\/\"]}]},{\"@type\":\"ImageObject\",\"inLanguage\":\"fr-FR\",\"@id\":\"https:\/\/vosgesinfo.fr\/gerardmerinfo\/2017\/10\/saut-der-a-lispach-samedi\/#primaryimage\",\"url\":\"https:\/\/vosgesinfo.fr\/app\/uploads\/sites\/6\/2024\/07\/201710pierre-bailly-1er-tremplin-20m.jpg\",\"contentUrl\":\"https:\/\/vosgesinfo.fr\/app\/uploads\/sites\/6\/2024\/07\/201710pierre-bailly-1er-tremplin-20m.jpg\",\"width\":800,\"height\":600},{\"@type\":\"BreadcrumbList\",\"@id\":\"https:\/\/vosgesinfo.fr\/gerardmerinfo\/2017\/10\/saut-der-a-lispach-samedi\/#breadcrumb\",\"itemListElement\":[{\"@type\":\"ListItem\",\"position\":1,\"name\":\"Home\",\"item\":\"https:\/\/vosgesinfo.fr\/gerardmerinfo\/\"},{\"@type\":\"ListItem\",\"position\":2,\"name\":\"Saut : la der \u00e0 Lispach samedi\"}]},{\"@type\":\"WebSite\",\"@id\":\"https:\/\/vosgesinfo.fr\/gerardmerinfo\/#website\",\"url\":\"https:\/\/vosgesinfo.fr\/gerardmerinfo\/\",\"name\":\"Gerardmer Info\",\"description\":\"Toute l&#039;actualit\u00e9 de G\u00e9rardmer\",\"publisher\":{\"@id\":\"https:\/\/vosgesinfo.fr\/gerardmerinfo\/#organization\"},\"alternateName\":\"Toute l'actualit\u00e9 de G\u00e9rardmer\",\"potentialAction\":[{\"@type\":\"SearchAction\",\"target\":{\"@type\":\"EntryPoint\",\"urlTemplate\":\"https:\/\/vosgesinfo.fr\/gerardmerinfo\/?s={search_term_string}\"},\"query-input\":\"required name=search_term_string\"}],\"inLanguage\":\"fr-FR\"},{\"@type\":\"Organization\",\"@id\":\"https:\/\/vosgesinfo.fr\/gerardmerinfo\/#organization\",\"name\":\"Gerardmer Info\",\"url\":\"https:\/\/vosgesinfo.fr\/gerardmerinfo\/\",\"logo\":{\"@type\":\"ImageObject\",\"inLanguage\":\"fr-FR\",\"@id\":\"https:\/\/vosgesinfo.fr\/gerardmerinfo\/#\/schema\/logo\/image\/\",\"url\":\"https:\/\/vosgesinfo.fr\/app\/uploads\/sites\/6\/2023\/08\/favicon-gerardmerinfo.png\",\"contentUrl\":\"https:\/\/vosgesinfo.fr\/app\/uploads\/sites\/6\/2023\/08\/favicon-gerardmerinfo.png\",\"width\":512,\"height\":512,\"caption\":\"Gerardmer Info\"},\"image\":{\"@id\":\"https:\/\/vosgesinfo.fr\/gerardmerinfo\/#\/schema\/logo\/image\/\"},\"sameAs\":[\"https:\/\/www.facebook.com\/profile.php?id=100049475262660\",\"https:\/\/x.com\/VosgesInfo88\",\"https:\/\/www.youtube.com\/@vosgesinfo\"]},{\"@type\":\"Person\",\"@id\":\"https:\/\/vosgesinfo.fr\/gerardmerinfo\/#\/schema\/person\/bc5d02d71e6932e81b6dadb7386667b1\",\"name\":\"qs_admin\",\"image\":{\"@type\":\"ImageObject\",\"inLanguage\":\"fr-FR\",\"@id\":\"https:\/\/vosgesinfo.fr\/gerardmerinfo\/#\/schema\/person\/image\/\",\"url\":\"https:\/\/secure.gravatar.com\/avatar\/94b18ee0ed79e4a42ea2f2931277b6841a8999fc6fde214600c78057cf1fe1de?s=96&d=mm&r=g\",\"contentUrl\":\"https:\/\/secure.gravatar.com\/avatar\/94b18ee0ed79e4a42ea2f2931277b6841a8999fc6fde214600c78057cf1fe1de?s=96&d=mm&r=g\",\"caption\":\"qs_admin\"},\"sameAs\":[\"https:\/\/vosgesinfo.fr\/wp\"],\"url\":\"https:\/\/vosgesinfo.fr\/gerardmerinfo\/author\/qs_admin\/\"}]}<\/script>\n<!-- \/ Yoast SEO plugin. -->","yoast_head_json":{"title":"Saut : la der \u00e0 Lispach samedi - Gerardmer Info","robots":{"index":"index","follow":"follow","max-snippet":"max-snippet:-1","max-image-preview":"max-image-preview:large","max-video-preview":"max-video-preview:-1"},"canonical":"https:\/\/vosgesinfo.fr\/gerardmerinfo\/2017\/10\/saut-der-a-lispach-samedi\/","twitter_card":"summary_large_image","twitter_title":"Saut : la der \u00e0 Lispach samedi - Gerardmer Info","twitter_description":"C\u2019\u00e9tait la der sur les tremplins version \u00e9t\u00e9 pour le circuit r\u00e9gional qui faisait \u00e9tape sur le site de Lispach [&hellip;]","twitter_image":"https:\/\/vosgesinfo.fr\/app\/uploads\/sites\/6\/2024\/07\/201710pierre-bailly-1er-tremplin-20m.jpg","twitter_creator":"@VosgesInfo88","twitter_site":"@VosgesInfo88","twitter_misc":{"\u00c9crit par":"qs_admin","Dur\u00e9e de lecture estim\u00e9e":"4 minutes"},"schema":{"@context":"https:\/\/schema.org","@graph":[{"@type":"Article","@id":"https:\/\/vosgesinfo.fr\/gerardmerinfo\/2017\/10\/saut-der-a-lispach-samedi\/#article","isPartOf":{"@id":"https:\/\/vosgesinfo.fr\/gerardmerinfo\/2017\/10\/saut-der-a-lispach-samedi\/"},"author":{"name":"qs_admin","@id":"https:\/\/vosgesinfo.fr\/gerardmerinfo\/#\/schema\/person\/bc5d02d71e6932e81b6dadb7386667b1"},"headline":"Saut : la der \u00e0 Lispach samedi","datePublished":"2017-10-30T11:01:28+00:00","dateModified":"2017-10-30T11:01:28+00:00","mainEntityOfPage":{"@id":"https:\/\/vosgesinfo.fr\/gerardmerinfo\/2017\/10\/saut-der-a-lispach-samedi\/"},"wordCount":869,"commentCount":0,"publisher":{"@id":"https:\/\/vosgesinfo.fr\/gerardmerinfo\/#organization"},"image":{"@id":"https:\/\/vosgesinfo.fr\/gerardmerinfo\/2017\/10\/saut-der-a-lispach-samedi\/#primaryimage"},"thumbnailUrl":"https:\/\/vosgesinfo.fr\/app\/uploads\/sites\/6\/2024\/07\/201710pierre-bailly-1er-tremplin-20m.jpg","keywords":["saut \u00e0 ski"],"articleSection":["A la une","Sport","Vosges"],"inLanguage":"fr-FR","potentialAction":[{"@type":"CommentAction","name":"Comment","target":["https:\/\/vosgesinfo.fr\/gerardmerinfo\/2017\/10\/saut-der-a-lispach-samedi\/#respond"]}]},{"@type":"WebPage","@id":"https:\/\/vosgesinfo.fr\/gerardmerinfo\/2017\/10\/saut-der-a-lispach-samedi\/","url":"https:\/\/vosgesinfo.fr\/gerardmerinfo\/2017\/10\/saut-der-a-lispach-samedi\/","name":"Saut : la der \u00e0 Lispach samedi - Gerardmer Info","isPartOf":{"@id":"https:\/\/vosgesinfo.fr\/gerardmerinfo\/#website"},"primaryImageOfPage":{"@id":"https:\/\/vosgesinfo.fr\/gerardmerinfo\/2017\/10\/saut-der-a-lispach-samedi\/#primaryimage"},"image":{"@id":"https:\/\/vosgesinfo.fr\/gerardmerinfo\/2017\/10\/saut-der-a-lispach-samedi\/#primaryimage"},"thumbnailUrl":"https:\/\/vosgesinfo.fr\/app\/uploads\/sites\/6\/2024\/07\/201710pierre-bailly-1er-tremplin-20m.jpg","datePublished":"2017-10-30T11:01:28+00:00","dateModified":"2017-10-30T11:01:28+00:00","breadcrumb":{"@id":"https:\/\/vosgesinfo.fr\/gerardmerinfo\/2017\/10\/saut-der-a-lispach-samedi\/#breadcrumb"},"inLanguage":"fr-FR","potentialAction":[{"@type":"ReadAction","target":["https:\/\/vosgesinfo.fr\/gerardmerinfo\/2017\/10\/saut-der-a-lispach-samedi\/"]}]},{"@type":"ImageObject","inLanguage":"fr-FR","@id":"https:\/\/vosgesinfo.fr\/gerardmerinfo\/2017\/10\/saut-der-a-lispach-samedi\/#primaryimage","url":"https:\/\/vosgesinfo.fr\/app\/uploads\/sites\/6\/2024\/07\/201710pierre-bailly-1er-tremplin-20m.jpg","contentUrl":"https:\/\/vosgesinfo.fr\/app\/uploads\/sites\/6\/2024\/07\/201710pierre-bailly-1er-tremplin-20m.jpg","width":800,"height":600},{"@type":"BreadcrumbList","@id":"https:\/\/vosgesinfo.fr\/gerardmerinfo\/2017\/10\/saut-der-a-lispach-samedi\/#breadcrumb","itemListElement":[{"@type":"ListItem","position":1,"name":"Home","item":"https:\/\/vosgesinfo.fr\/gerardmerinfo\/"},{"@type":"ListItem","position":2,"name":"Saut : la der \u00e0 Lispach samedi"}]},{"@type":"WebSite","@id":"https:\/\/vosgesinfo.fr\/gerardmerinfo\/#website","url":"https:\/\/vosgesinfo.fr\/gerardmerinfo\/","name":"Gerardmer Info","description":"Toute l&#039;actualit\u00e9 de G\u00e9rardmer","publisher":{"@id":"https:\/\/vosgesinfo.fr\/gerardmerinfo\/#organization"},"alternateName":"Toute l'actualit\u00e9 de G\u00e9rardmer","potentialAction":[{"@type":"SearchAction","target":{"@type":"EntryPoint","urlTemplate":"https:\/\/vosgesinfo.fr\/gerardmerinfo\/?s={search_term_string}"},"query-input":"required name=search_term_string"}],"inLanguage":"fr-FR"},{"@type":"Organization","@id":"https:\/\/vosgesinfo.fr\/gerardmerinfo\/#organization","name":"Gerardmer Info","url":"https:\/\/vosgesinfo.fr\/gerardmerinfo\/","logo":{"@type":"ImageObject","inLanguage":"fr-FR","@id":"https:\/\/vosgesinfo.fr\/gerardmerinfo\/#\/schema\/logo\/image\/","url":"https:\/\/vosgesinfo.fr\/app\/uploads\/sites\/6\/2023\/08\/favicon-gerardmerinfo.png","contentUrl":"https:\/\/vosgesinfo.fr\/app\/uploads\/sites\/6\/2023\/08\/favicon-gerardmerinfo.png","width":512,"height":512,"caption":"Gerardmer Info"},"image":{"@id":"https:\/\/vosgesinfo.fr\/gerardmerinfo\/#\/schema\/logo\/image\/"},"sameAs":["https:\/\/www.facebook.com\/profile.php?id=100049475262660","https:\/\/x.com\/VosgesInfo88","https:\/\/www.youtube.com\/@vosgesinfo"]},{"@type":"Person","@id":"https:\/\/vosgesinfo.fr\/gerardmerinfo\/#\/schema\/person\/bc5d02d71e6932e81b6dadb7386667b1","name":"qs_admin","image":{"@type":"ImageObject","inLanguage":"fr-FR","@id":"https:\/\/vosgesinfo.fr\/gerardmerinfo\/#\/schema\/person\/image\/","url":"https:\/\/secure.gravatar.com\/avatar\/94b18ee0ed79e4a42ea2f2931277b6841a8999fc6fde214600c78057cf1fe1de?s=96&d=mm&r=g","contentUrl":"https:\/\/secure.gravatar.com\/avatar\/94b18ee0ed79e4a42ea2f2931277b6841a8999fc6fde214600c78057cf1fe1de?s=96&d=mm&r=g","caption":"qs_admin"},"sameAs":["https:\/\/vosgesinfo.fr\/wp"],"url":"https:\/\/vosgesinfo.fr\/gerardmerinfo\/author\/qs_admin\/"}]}},"_links":{"self":[{"href":"https:\/\/vosgesinfo.fr\/gerardmerinfo\/wp-json\/wp\/v2\/posts\/30032","targetHints":{"allow":["GET"]}}],"collection":[{"href":"https:\/\/vosgesinfo.fr\/gerardmerinfo\/wp-json\/wp\/v2\/posts"}],"about":[{"href":"https:\/\/vosgesinfo.fr\/gerardmerinfo\/wp-json\/wp\/v2\/types\/post"}],"author":[{"embeddable":true,"href":"https:\/\/vosgesinfo.fr\/gerardmerinfo\/wp-json\/wp\/v2\/users\/1"}],"replies":[{"embeddable":true,"href":"https:\/\/vosgesinfo.fr\/gerardmerinfo\/wp-json\/wp\/v2\/comments?post=30032"}],"version-history":[{"count":0,"href":"https:\/\/vosgesinfo.fr\/gerardmerinfo\/wp-json\/wp\/v2\/posts\/30032\/revisions"}],"wp:featuredmedia":[{"embeddable":true,"href":"https:\/\/vosgesinfo.fr\/gerardmerinfo\/wp-json\/wp\/v2\/media\/30033"}],"wp:attachment":[{"href":"https:\/\/vosgesinfo.fr\/gerardmerinfo\/wp-json\/wp\/v2\/media?parent=30032"}],"wp:term":[{"taxonomy":"category","embeddable":true,"href":"https:\/\/vosgesinfo.fr\/gerardmerinfo\/wp-json\/wp\/v2\/categories?post=30032"},{"taxonomy":"post_tag","embeddable":true,"href":"https:\/\/vosgesinfo.fr\/gerardmerinfo\/wp-json\/wp\/v2\/tags?post=30032"}],"curies":[{"name":"wp","href":"https:\/\/api.w.org\/{rel}","templated":true}]}}