{"id":30566,"date":"2017-12-01T16:56:57","date_gmt":"2017-12-01T15:56:57","guid":{"rendered":"https:\/\/vosgesinfo.fr\/gerardmerinfo\/2017\/12\/experimentation-de-revegetalisation-berges-lac\/"},"modified":"2017-12-01T16:56:57","modified_gmt":"2017-12-01T15:56:57","slug":"experimentation-de-revegetalisation-berges-lac","status":"publish","type":"post","link":"https:\/\/vosgesinfo.fr\/gerardmerinfo\/2017\/12\/experimentation-de-revegetalisation-berges-lac\/","title":{"rendered":"Exp\u00e9rimentation de rev\u00e9g\u00e9talisation des berges du lac"},"content":{"rendered":"<p class=\"x_MsoNormal\"><strong><span class=\"\"><a href=\"\/2017\/11\/IMGP1033.jpeg\"><img decoding=\"async\" class=\"aligncenter size-medium wp-image-118392\" src=\"\/2017\/11\/IMGP1033-381x255.jpeg\" alt=\"berges du lac \" width=\"381\" height=\"255\" \/><\/a>La v\u00e9g\u00e9tation littorale qui \u00e9tait encore tr\u00e8s pr\u00e9sente au d\u00e9but du XX<sup class=\"\">e<\/sup> si\u00e8cle sur le lac a fortement r\u00e9gress\u00e9 suite \u00e0 des modifications morphologiques profondes. Cette artificialisation a eu pour impact de r\u00e9duire les zones propices au d\u00e9veloppement de la v\u00e9g\u00e9tation littorale. On estime que 80 % des berges sont aujourd\u2019hui artificielles.<\/span><\/strong><\/p>\n<p class=\"x_MsoNormal\"><span class=\"\"><span class=\"\">Une<\/span> <span class=\"\">op\u00e9ration<\/span> <span class=\"\">pour<\/span> <span class=\"\">le<\/span> <span class=\"\">maintien<\/span> <span class=\"\">d<\/span><span class=\"\">\u2019<\/span><span class=\"\">une<\/span> <span class=\"\">v\u00e9g\u00e9tation<\/span> <span class=\"\">naturelle<\/span> <span class=\"\">du<\/span> <span class=\"\">lac<\/span><span class=\"\">, <\/span><span class=\"\">par<\/span> <span class=\"\">la<\/span> <span class=\"\">restauration<\/span> <span class=\"\">partielle<\/span> <span class=\"\">des<\/span> <span class=\"\">berges<\/span> <span class=\"\">naturelles<\/span><span class=\"\">, <\/span><span class=\"\">est<\/span> <span class=\"\">actuellement<\/span> <span class=\"\">men\u00e9e<\/span><span class=\"\">. <\/span><span class=\"\">Les<\/span> <span class=\"\">Elus<\/span> <span class=\"\">et<\/span> <span class=\"\">les<\/span> <span class=\"\">services<\/span> <span class=\"\">communaux<\/span><span class=\"\">, <\/span><span class=\"\">en<\/span> <span class=\"\">\u00e9troite<\/span> <span class=\"\">collaboration<\/span> <span class=\"\">avec<\/span> <span class=\"\">la<\/span> <span class=\"\">F\u00e9d\u00e9ration<\/span> <span class=\"\">de<\/span> <span class=\"\">P\u00eache<\/span> <span class=\"\">des<\/span> <span class=\"\">Vosges<\/span><span class=\"\">, <\/span><span class=\"\">la<\/span> <span class=\"\">Soci\u00e9t\u00e9<\/span> <span class=\"\">de<\/span> <span class=\"\">P\u00eache<\/span> <span class=\"\">de<\/span> <span class=\"\">la<\/span> <span class=\"\">Vall\u00e9e<\/span> <span class=\"\">des<\/span> <span class=\"\">Lacs<\/span><span class=\"\"><span class=\"x_msoIns\"><ins class=\"\" datetime=\"2017-11-22T14:09\">,<\/ins><\/span> <\/span><span class=\"\">l\u2019Agence de l\u2019Eau et le Conservatoire d\u2019Espaces Naturels Lorrain ont<\/span> <span class=\"\">permis<\/span> <span class=\"\">la<\/span> <span class=\"\">mise<\/span> <span class=\"\">en<\/span> <span class=\"\">\u0153uvre<\/span> <span class=\"\">de cette<\/span> <span class=\"\">exp\u00e9rimentation<\/span><span class=\"\">.<\/span><\/span><\/p>\n<p class=\"x_p1\"><span class=\"\"><span class=\"\"><a href=\"\/2017\/11\/VFF_120X180REVEGLAC5MMFP-copie.jpeg\"><img decoding=\"async\" class=\"alignright wp-image-118393\" src=\"\/2017\/11\/VFF_120X180REVEGLAC5MMFP-copie.jpeg\" alt=\"VFF_120X180REVEGLAC5MMFP copie\" width=\"321\" height=\"493\" \/><\/a>Voici<\/span> <span class=\"\">les<\/span> <span class=\"\">grands<\/span> <span class=\"\">int\u00e9r\u00eats<\/span> <span class=\"\">d<\/span><span class=\"\">\u2019<\/span><span class=\"\">une<\/span> <span class=\"\">telle<\/span> <span class=\"\">op\u00e9ration<\/span><span class=\"\"> :<\/span><\/span><\/p>\n<p class=\"x_p1\"><span class=\"\"><span class=\"\">\u00b7<span class=\"\">\u00a0\u00a0\u00a0\u00a0\u00a0\u00a0 <\/span><\/span><span class=\"\">Restaurer<\/span> <span class=\"\">la<\/span> <span class=\"\">v\u00e9g\u00e9tation<\/span> <span class=\"\">littorale<\/span> <span class=\"\">naturelle<\/span> <span class=\"\">du<\/span> <span class=\"\">lac<\/span> <span class=\"\">et<\/span> <span class=\"\">permettre de conserver<\/span> <span class=\"\">la<\/span> <span class=\"\">biodiversit\u00e9<\/span><span class=\"\">,<\/span><\/span><\/p>\n<p class=\"x_p1\"><span class=\"\"><span class=\"\">\u00b7<span class=\"\">\u00a0\u00a0\u00a0\u00a0\u00a0\u00a0 <\/span><\/span><span class=\"\">Prot\u00e9ger<\/span> <span class=\"\">les<\/span> <span class=\"\">berges<\/span> <span class=\"\">de<\/span> <span class=\"\">l<\/span><span class=\"\">\u2019<\/span><span class=\"\">\u00e9rosion<\/span> <span class=\"\">en<\/span> <span class=\"\">constituant<\/span> <span class=\"\">un<\/span> <span class=\"\">rempart<\/span> <span class=\"\">v\u00e9g\u00e9tal<\/span> <span class=\"\">contre<\/span> <span class=\"\">la<\/span> <span class=\"\">houle<\/span> <span class=\"\">et<\/span> <span class=\"\">le<\/span> <span class=\"\">batillage<\/span><span class=\"\">,<\/span><\/span><\/p>\n<p class=\"x_p1\"><span class=\"\"><span class=\"\">\u00b7<span class=\"\">\u00a0\u00a0\u00a0\u00a0\u00a0\u00a0 <\/span><\/span><span class=\"\">Am\u00e9liorer<\/span> <span class=\"\">le<\/span> <span class=\"\">cadre<\/span> <span class=\"\">paysager<\/span><span class=\"\">,<\/span><\/span><\/p>\n<p class=\"x_p1\"><span class=\"\"><span class=\"\">\u00b7<span class=\"\">\u00a0\u00a0\u00a0\u00a0\u00a0\u00a0 <\/span><\/span><span class=\"\">Am\u00e9liorer<\/span> <span class=\"\">la<\/span> <span class=\"\">qualit\u00e9<\/span> <span class=\"\">de<\/span> <span class=\"\">l<\/span><span class=\"\">\u2019<\/span><span class=\"\">eau<\/span> <span class=\"\">et<\/span> <span class=\"\">le<\/span> <span class=\"\">bon<\/span> <span class=\"\">fonctionnement<\/span> <span class=\"\">de<\/span> <span class=\"\">l<\/span><span class=\"\">\u2019<\/span><span class=\"\">\u00e9cosyst\u00e8me<\/span><span class=\"\">.<\/span><\/span><\/p>\n<p class=\"x_p1\"><span class=\"\"><span class=\"\">Les<\/span> <span class=\"\">sites<\/span> <span class=\"\">exp\u00e9rimentaux<\/span> <span class=\"\">sont<\/span> <span class=\"\">la<\/span> <span class=\"\">pointe<\/span> <span class=\"\">de<\/span> <span class=\"\">l<\/span><span class=\"\">\u2019<\/span><span class=\"\">AVJOR<\/span> <span class=\"\">\u00e0<\/span> <span class=\"\">Ramberchamp<\/span> <span class=\"\">et<\/span> <span class=\"\">un<\/span> <span class=\"\">espace<\/span> <span class=\"\">le<\/span> <span class=\"\">long<\/span> <span class=\"\">du<\/span> <span class=\"\">quai<\/span> <span class=\"\">du<\/span> <span class=\"\">Locle<\/span><span class=\"\">. <\/span><span class=\"\">L<\/span><span class=\"\">\u2019<\/span><span class=\"\">exp\u00e9rimentation<\/span> <span class=\"\">vise<\/span> <span class=\"\">\u00e0<\/span> <span class=\"\">tester<\/span> <span class=\"\">plusieurs<\/span> <span class=\"\">configurations<\/span> <span class=\"\">de<\/span> <span class=\"\">techniques<\/span> <span class=\"\">de<\/span> <span class=\"\">restauration<\/span> <span class=\"\">des<\/span> <span class=\"\">littoraux, telles que\u00a0:<\/span><\/span><\/p>\n<p class=\"x_p1\"><span class=\"\"><span class=\"\">\u00b7<span class=\"\">\u00a0\u00a0\u00a0\u00a0\u00a0\u00a0 <\/span><\/span><span class=\"\">La<\/span> <span class=\"\">r\u00e9implantation<\/span> <span class=\"\">des<\/span> <span class=\"\">v\u00e9g\u00e9taux<\/span> <span class=\"\">ayant<\/span> <span class=\"\">disparus<\/span> <span class=\"\">ou<\/span> <span class=\"\">r\u00e9gress\u00e9s<\/span><span class=\"\">, <\/span><\/span><\/p>\n<p class=\"x_p1\"><span class=\"\"><span class=\"\">\u00b7<span class=\"\">\u00a0\u00a0\u00a0\u00a0\u00a0\u00a0 <\/span><\/span><span class=\"\">La<\/span> <span class=\"\">mise<\/span> <span class=\"\">en<\/span> <span class=\"\">place<\/span> <span class=\"\">de<\/span> <span class=\"\">protection<\/span> <span class=\"\">des<\/span> <span class=\"\">plantations<\/span> <span class=\"\">contre<\/span> <span class=\"\">la<\/span> <span class=\"\">houle<\/span><span class=\"\"> (<\/span><span class=\"\">palissades<\/span> <span class=\"\">\u00ab<\/span><span class=\"\">\u00a0<\/span><span class=\"\">en<\/span> <span class=\"\">dur<\/span><span class=\"\">\u00a0<\/span><span class=\"\">\u00bb<\/span> <span class=\"\">et<\/span> <span class=\"\">\u00ab<\/span><span class=\"\">\u00a0<\/span><span class=\"\">souple<\/span><span class=\"\">\u00a0<\/span><span class=\"\">\u00bb<\/span><span class=\"\">),<\/span><\/span><\/p>\n<p class=\"x_p1\"><span class=\"\"><span class=\"\">\u00b7<span class=\"\">\u00a0\u00a0\u00a0\u00a0\u00a0\u00a0 <\/span><\/span><span class=\"\">Le<\/span> <span class=\"\">suivi<\/span> <span class=\"\">de<\/span> <span class=\"\">l<\/span><span class=\"\">\u2019<\/span><span class=\"\">\u00e9volution<\/span> <span class=\"\">du<\/span> <span class=\"\">d\u00e9veloppement<\/span> <span class=\"\">de<\/span> <span class=\"\">la<\/span> <span class=\"\">v\u00e9g\u00e9tation<\/span> <span class=\"\">sur<\/span> <span class=\"\">plusieurs<\/span> <span class=\"\">ann\u00e9es<\/span><span class=\"\">,<\/span><\/span><\/p>\n<p class=\"x_p1\"><span class=\"\"><span class=\"\">\u00b7<span class=\"\">\u00a0\u00a0\u00a0\u00a0\u00a0\u00a0 <\/span><\/span><span class=\"\">L<\/span><span class=\"\">\u2019<\/span><span class=\"\">installation<\/span> <span class=\"\">d<\/span><span class=\"\">\u2019<\/span><span class=\"\">instruments<\/span> <span class=\"\">de<\/span> <span class=\"\">suivi<\/span> <span class=\"\">du<\/span> <span class=\"\">niveau<\/span> <span class=\"\">du<\/span> <span class=\"\">lac<\/span><span class=\"\"> (<\/span><span class=\"\">\u00e9chelle<\/span> <span class=\"\">limnim\u00e9trique<\/span><span class=\"\">)<\/span><\/span><\/p>\n<p class=\"x_p1\"><span class=\"\"><span class=\"\">Les<\/span> <span class=\"\">travaux<\/span> <span class=\"\">de<\/span> <span class=\"\">mise<\/span> <span class=\"\">en<\/span> <span class=\"\">place<\/span> <span class=\"\">seront<\/span> <span class=\"\">r\u00e9alis\u00e9s<\/span> <span class=\"\">selon<\/span> <span class=\"\">le<\/span> <span class=\"\">calendrier<\/span> <span class=\"\">suivant<\/span><span class=\"\">\u00a0:<\/span><\/span><\/p>\n<p class=\"x_p1\"><span class=\"\"><span class=\"\">&#8211;<span class=\"\">\u00a0\u00a0\u00a0\u00a0\u00a0\u00a0\u00a0 <\/span><\/span><span class=\"\">Automne<\/span><span class=\"\"> 2017\u00a0: <\/span><span class=\"\">installation<\/span> <span class=\"\">des<\/span> <span class=\"\">syst\u00e8mes<\/span> <span class=\"\">de<\/span> <span class=\"\">palissade<\/span> <span class=\"\">sur<\/span> <span class=\"\">la<\/span> <span class=\"\">pointe<\/span> <span class=\"\">de<\/span> <span class=\"\">l<\/span><span class=\"\">\u2019<\/span><span class=\"\">AVJOR<\/span> <span class=\"\">et<\/span> <span class=\"\">la<\/span> <span class=\"\">zone<\/span> <span class=\"\">du<\/span> <span class=\"\">Quai<\/span> <span class=\"\">du<\/span> <span class=\"\">Locle<\/span><span class=\"\"> (<\/span><span class=\"\">surveillance<\/span> <span class=\"\">de<\/span> <span class=\"\">la<\/span> <span class=\"\">solidit\u00e9<\/span> <span class=\"\">des<\/span> <span class=\"\">dispositifs<\/span> <span class=\"\">durant<\/span> <span class=\"\">l<\/span><span class=\"\">\u2019<\/span><span class=\"\">hiver<\/span><span class=\"\"> (<\/span><span class=\"\">probl\u00e8me<\/span> <span class=\"\">du<\/span> <span class=\"\">gel<\/span><span class=\"\">),<\/span><\/span><\/p>\n<p class=\"x_p1\"><span class=\"\"><span class=\"\">&#8211;<span class=\"\">\u00a0\u00a0\u00a0\u00a0\u00a0\u00a0\u00a0 <\/span><\/span><span class=\"\">Printemps<\/span><span class=\"\"> 2018\u00a0: <\/span><span class=\"\">phase<\/span> <span class=\"\">de<\/span> <span class=\"\">rev\u00e9g\u00e9talisation<\/span><span class=\"\"> (<\/span><span class=\"\">protection<\/span> <span class=\"\">des<\/span> <span class=\"\">dispositifs<\/span> <span class=\"\">durant<\/span> <span class=\"\">la<\/span> <span class=\"\">p\u00e9riode<\/span> <span class=\"\">touristique<\/span><span class=\"\">),<\/span><\/span><\/p>\n<p class=\"x_p1\"><span class=\"\"><span class=\"\">&#8211;<span class=\"\">\u00a0\u00a0\u00a0\u00a0\u00a0\u00a0\u00a0 <\/span><\/span><span class=\"\">Automne<\/span><span class=\"\"> 2018\u00a0: <\/span><span class=\"\">mesures<\/span> <span class=\"\">suppl\u00e9mentaires<\/span> <span class=\"\">si<\/span> <span class=\"\">besoin<\/span><\/span><\/p>\n<p class=\"x_p1\"><span class=\"\"><b class=\"\"><span class=\"\">Les<\/span><\/b><b class=\"\"> <\/b><b class=\"\"><span class=\"\">usagers<\/span><\/b><b class=\"\"> <\/b><b class=\"\"><span class=\"\">du<\/span><\/b><b class=\"\"> <\/b><b class=\"\"><span class=\"\">lac<\/span><\/b><b class=\"\"> <\/b><b class=\"\"><span class=\"\">et<\/span><\/b><b class=\"\"> <\/b><b class=\"\"><span class=\"\">de<\/span><\/b><b class=\"\"> <\/b><b class=\"\"><span class=\"\">ses<\/span><\/b><b class=\"\"> <\/b><b class=\"\"><span class=\"\">abords<\/span><\/b><b class=\"\"> <\/b><b class=\"\"><span class=\"\">sont<\/span><\/b><b class=\"\"> <\/b><b class=\"\"><span class=\"\">pri\u00e9s<\/span><\/b><b class=\"\"> <\/b><b class=\"\"><span class=\"\">de<\/span><\/b><b class=\"\"> <\/b><b class=\"\"><span class=\"\">respecter<\/span><\/b><b class=\"\"> <\/b><b class=\"\"><span class=\"\">ces<\/span><\/b><b class=\"\"> <\/b><b class=\"\"><span class=\"\">diff\u00e9rents<\/span><\/b><b class=\"\"> <\/b><b class=\"\"><span class=\"\">dispositifs<\/span><\/b><b class=\"\"><span class=\"\">.<\/span><\/b><\/span><\/p>\n","protected":false},"excerpt":{"rendered":"<p>La v\u00e9g\u00e9tation littorale qui \u00e9tait encore tr\u00e8s pr\u00e9sente au d\u00e9but du XXe si\u00e8cle sur le lac a fortement r\u00e9gress\u00e9 suite [&hellip;]<\/p>\n","protected":false},"author":1,"featured_media":30567,"comment_status":"open","ping_status":"open","sticky":false,"template":"","format":"standard","meta":{"footnotes":""},"categories":[20,25],"tags":[],"class_list":["post-30566","post","type-post","status-publish","format-standard","has-post-thumbnail","hentry","category-a-la-une","category-gerardmer"],"acf":[],"yoast_head":"<!-- This site is optimized with the Yoast SEO plugin v22.5 - https:\/\/yoast.com\/wordpress\/plugins\/seo\/ -->\n<title>Exp\u00e9rimentation de rev\u00e9g\u00e9talisation des berges du lac - Gerardmer Info<\/title>\n<meta name=\"robots\" content=\"index, follow, max-snippet:-1, max-image-preview:large, max-video-preview:-1\" \/>\n<link rel=\"canonical\" href=\"https:\/\/vosgesinfo.fr\/gerardmerinfo\/2017\/12\/experimentation-de-revegetalisation-berges-lac\/\" \/>\n<meta name=\"twitter:card\" content=\"summary_large_image\" \/>\n<meta name=\"twitter:title\" content=\"Exp\u00e9rimentation de rev\u00e9g\u00e9talisation des berges du lac - Gerardmer Info\" \/>\n<meta name=\"twitter:description\" content=\"La v\u00e9g\u00e9tation littorale qui \u00e9tait encore tr\u00e8s pr\u00e9sente au d\u00e9but du XXe si\u00e8cle sur le lac a fortement r\u00e9gress\u00e9 suite [&hellip;]\" \/>\n<meta name=\"twitter:image\" content=\"https:\/\/vosgesinfo.fr\/app\/uploads\/sites\/6\/2024\/07\/201711imgp1033.jpeg\" \/>\n<meta name=\"twitter:creator\" content=\"@VosgesInfo88\" \/>\n<meta name=\"twitter:site\" content=\"@VosgesInfo88\" \/>\n<meta name=\"twitter:label1\" content=\"\u00c9crit par\" \/>\n\t<meta name=\"twitter:data1\" content=\"qs_admin\" \/>\n\t<meta name=\"twitter:label2\" content=\"Dur\u00e9e de lecture estim\u00e9e\" \/>\n\t<meta name=\"twitter:data2\" content=\"2 minutes\" \/>\n<script type=\"application\/ld+json\" class=\"yoast-schema-graph\">{\"@context\":\"https:\/\/schema.org\",\"@graph\":[{\"@type\":\"Article\",\"@id\":\"https:\/\/vosgesinfo.fr\/gerardmerinfo\/2017\/12\/experimentation-de-revegetalisation-berges-lac\/#article\",\"isPartOf\":{\"@id\":\"https:\/\/vosgesinfo.fr\/gerardmerinfo\/2017\/12\/experimentation-de-revegetalisation-berges-lac\/\"},\"author\":{\"name\":\"qs_admin\",\"@id\":\"https:\/\/vosgesinfo.fr\/gerardmerinfo\/#\/schema\/person\/bc5d02d71e6932e81b6dadb7386667b1\"},\"headline\":\"Exp\u00e9rimentation de rev\u00e9g\u00e9talisation des berges du lac\",\"datePublished\":\"2017-12-01T15:56:57+00:00\",\"dateModified\":\"2017-12-01T15:56:57+00:00\",\"mainEntityOfPage\":{\"@id\":\"https:\/\/vosgesinfo.fr\/gerardmerinfo\/2017\/12\/experimentation-de-revegetalisation-berges-lac\/\"},\"wordCount\":396,\"commentCount\":0,\"publisher\":{\"@id\":\"https:\/\/vosgesinfo.fr\/gerardmerinfo\/#organization\"},\"image\":{\"@id\":\"https:\/\/vosgesinfo.fr\/gerardmerinfo\/2017\/12\/experimentation-de-revegetalisation-berges-lac\/#primaryimage\"},\"thumbnailUrl\":\"https:\/\/vosgesinfo.fr\/app\/uploads\/sites\/6\/2024\/07\/201711imgp1033.jpeg\",\"articleSection\":[\"A la une\",\"G\u00e9rardmer\"],\"inLanguage\":\"fr-FR\",\"potentialAction\":[{\"@type\":\"CommentAction\",\"name\":\"Comment\",\"target\":[\"https:\/\/vosgesinfo.fr\/gerardmerinfo\/2017\/12\/experimentation-de-revegetalisation-berges-lac\/#respond\"]}]},{\"@type\":\"WebPage\",\"@id\":\"https:\/\/vosgesinfo.fr\/gerardmerinfo\/2017\/12\/experimentation-de-revegetalisation-berges-lac\/\",\"url\":\"https:\/\/vosgesinfo.fr\/gerardmerinfo\/2017\/12\/experimentation-de-revegetalisation-berges-lac\/\",\"name\":\"Exp\u00e9rimentation de rev\u00e9g\u00e9talisation des berges du lac - Gerardmer Info\",\"isPartOf\":{\"@id\":\"https:\/\/vosgesinfo.fr\/gerardmerinfo\/#website\"},\"primaryImageOfPage\":{\"@id\":\"https:\/\/vosgesinfo.fr\/gerardmerinfo\/2017\/12\/experimentation-de-revegetalisation-berges-lac\/#primaryimage\"},\"image\":{\"@id\":\"https:\/\/vosgesinfo.fr\/gerardmerinfo\/2017\/12\/experimentation-de-revegetalisation-berges-lac\/#primaryimage\"},\"thumbnailUrl\":\"https:\/\/vosgesinfo.fr\/app\/uploads\/sites\/6\/2024\/07\/201711imgp1033.jpeg\",\"datePublished\":\"2017-12-01T15:56:57+00:00\",\"dateModified\":\"2017-12-01T15:56:57+00:00\",\"breadcrumb\":{\"@id\":\"https:\/\/vosgesinfo.fr\/gerardmerinfo\/2017\/12\/experimentation-de-revegetalisation-berges-lac\/#breadcrumb\"},\"inLanguage\":\"fr-FR\",\"potentialAction\":[{\"@type\":\"ReadAction\",\"target\":[\"https:\/\/vosgesinfo.fr\/gerardmerinfo\/2017\/12\/experimentation-de-revegetalisation-berges-lac\/\"]}]},{\"@type\":\"ImageObject\",\"inLanguage\":\"fr-FR\",\"@id\":\"https:\/\/vosgesinfo.fr\/gerardmerinfo\/2017\/12\/experimentation-de-revegetalisation-berges-lac\/#primaryimage\",\"url\":\"https:\/\/vosgesinfo.fr\/app\/uploads\/sites\/6\/2024\/07\/201711imgp1033.jpeg\",\"contentUrl\":\"https:\/\/vosgesinfo.fr\/app\/uploads\/sites\/6\/2024\/07\/201711imgp1033.jpeg\",\"width\":800,\"height\":536},{\"@type\":\"BreadcrumbList\",\"@id\":\"https:\/\/vosgesinfo.fr\/gerardmerinfo\/2017\/12\/experimentation-de-revegetalisation-berges-lac\/#breadcrumb\",\"itemListElement\":[{\"@type\":\"ListItem\",\"position\":1,\"name\":\"Home\",\"item\":\"https:\/\/vosgesinfo.fr\/gerardmerinfo\/\"},{\"@type\":\"ListItem\",\"position\":2,\"name\":\"Exp\u00e9rimentation de rev\u00e9g\u00e9talisation des berges du lac\"}]},{\"@type\":\"WebSite\",\"@id\":\"https:\/\/vosgesinfo.fr\/gerardmerinfo\/#website\",\"url\":\"https:\/\/vosgesinfo.fr\/gerardmerinfo\/\",\"name\":\"Gerardmer Info\",\"description\":\"Toute l&#039;actualit\u00e9 de G\u00e9rardmer\",\"publisher\":{\"@id\":\"https:\/\/vosgesinfo.fr\/gerardmerinfo\/#organization\"},\"alternateName\":\"Toute l'actualit\u00e9 de G\u00e9rardmer\",\"potentialAction\":[{\"@type\":\"SearchAction\",\"target\":{\"@type\":\"EntryPoint\",\"urlTemplate\":\"https:\/\/vosgesinfo.fr\/gerardmerinfo\/?s={search_term_string}\"},\"query-input\":\"required name=search_term_string\"}],\"inLanguage\":\"fr-FR\"},{\"@type\":\"Organization\",\"@id\":\"https:\/\/vosgesinfo.fr\/gerardmerinfo\/#organization\",\"name\":\"Gerardmer Info\",\"url\":\"https:\/\/vosgesinfo.fr\/gerardmerinfo\/\",\"logo\":{\"@type\":\"ImageObject\",\"inLanguage\":\"fr-FR\",\"@id\":\"https:\/\/vosgesinfo.fr\/gerardmerinfo\/#\/schema\/logo\/image\/\",\"url\":\"https:\/\/vosgesinfo.fr\/app\/uploads\/sites\/6\/2023\/08\/favicon-gerardmerinfo.png\",\"contentUrl\":\"https:\/\/vosgesinfo.fr\/app\/uploads\/sites\/6\/2023\/08\/favicon-gerardmerinfo.png\",\"width\":512,\"height\":512,\"caption\":\"Gerardmer Info\"},\"image\":{\"@id\":\"https:\/\/vosgesinfo.fr\/gerardmerinfo\/#\/schema\/logo\/image\/\"},\"sameAs\":[\"https:\/\/www.facebook.com\/profile.php?id=100049475262660\",\"https:\/\/x.com\/VosgesInfo88\",\"https:\/\/www.youtube.com\/@vosgesinfo\"]},{\"@type\":\"Person\",\"@id\":\"https:\/\/vosgesinfo.fr\/gerardmerinfo\/#\/schema\/person\/bc5d02d71e6932e81b6dadb7386667b1\",\"name\":\"qs_admin\",\"image\":{\"@type\":\"ImageObject\",\"inLanguage\":\"fr-FR\",\"@id\":\"https:\/\/vosgesinfo.fr\/gerardmerinfo\/#\/schema\/person\/image\/\",\"url\":\"https:\/\/secure.gravatar.com\/avatar\/94b18ee0ed79e4a42ea2f2931277b6841a8999fc6fde214600c78057cf1fe1de?s=96&d=mm&r=g\",\"contentUrl\":\"https:\/\/secure.gravatar.com\/avatar\/94b18ee0ed79e4a42ea2f2931277b6841a8999fc6fde214600c78057cf1fe1de?s=96&d=mm&r=g\",\"caption\":\"qs_admin\"},\"sameAs\":[\"https:\/\/vosgesinfo.fr\/wp\"],\"url\":\"https:\/\/vosgesinfo.fr\/gerardmerinfo\/author\/qs_admin\/\"}]}<\/script>\n<!-- \/ Yoast SEO plugin. -->","yoast_head_json":{"title":"Exp\u00e9rimentation de rev\u00e9g\u00e9talisation des berges du lac - Gerardmer Info","robots":{"index":"index","follow":"follow","max-snippet":"max-snippet:-1","max-image-preview":"max-image-preview:large","max-video-preview":"max-video-preview:-1"},"canonical":"https:\/\/vosgesinfo.fr\/gerardmerinfo\/2017\/12\/experimentation-de-revegetalisation-berges-lac\/","twitter_card":"summary_large_image","twitter_title":"Exp\u00e9rimentation de rev\u00e9g\u00e9talisation des berges du lac - Gerardmer Info","twitter_description":"La v\u00e9g\u00e9tation littorale qui \u00e9tait encore tr\u00e8s pr\u00e9sente au d\u00e9but du XXe si\u00e8cle sur le lac a fortement r\u00e9gress\u00e9 suite [&hellip;]","twitter_image":"https:\/\/vosgesinfo.fr\/app\/uploads\/sites\/6\/2024\/07\/201711imgp1033.jpeg","twitter_creator":"@VosgesInfo88","twitter_site":"@VosgesInfo88","twitter_misc":{"\u00c9crit par":"qs_admin","Dur\u00e9e de lecture estim\u00e9e":"2 minutes"},"schema":{"@context":"https:\/\/schema.org","@graph":[{"@type":"Article","@id":"https:\/\/vosgesinfo.fr\/gerardmerinfo\/2017\/12\/experimentation-de-revegetalisation-berges-lac\/#article","isPartOf":{"@id":"https:\/\/vosgesinfo.fr\/gerardmerinfo\/2017\/12\/experimentation-de-revegetalisation-berges-lac\/"},"author":{"name":"qs_admin","@id":"https:\/\/vosgesinfo.fr\/gerardmerinfo\/#\/schema\/person\/bc5d02d71e6932e81b6dadb7386667b1"},"headline":"Exp\u00e9rimentation de rev\u00e9g\u00e9talisation des berges du lac","datePublished":"2017-12-01T15:56:57+00:00","dateModified":"2017-12-01T15:56:57+00:00","mainEntityOfPage":{"@id":"https:\/\/vosgesinfo.fr\/gerardmerinfo\/2017\/12\/experimentation-de-revegetalisation-berges-lac\/"},"wordCount":396,"commentCount":0,"publisher":{"@id":"https:\/\/vosgesinfo.fr\/gerardmerinfo\/#organization"},"image":{"@id":"https:\/\/vosgesinfo.fr\/gerardmerinfo\/2017\/12\/experimentation-de-revegetalisation-berges-lac\/#primaryimage"},"thumbnailUrl":"https:\/\/vosgesinfo.fr\/app\/uploads\/sites\/6\/2024\/07\/201711imgp1033.jpeg","articleSection":["A la une","G\u00e9rardmer"],"inLanguage":"fr-FR","potentialAction":[{"@type":"CommentAction","name":"Comment","target":["https:\/\/vosgesinfo.fr\/gerardmerinfo\/2017\/12\/experimentation-de-revegetalisation-berges-lac\/#respond"]}]},{"@type":"WebPage","@id":"https:\/\/vosgesinfo.fr\/gerardmerinfo\/2017\/12\/experimentation-de-revegetalisation-berges-lac\/","url":"https:\/\/vosgesinfo.fr\/gerardmerinfo\/2017\/12\/experimentation-de-revegetalisation-berges-lac\/","name":"Exp\u00e9rimentation de rev\u00e9g\u00e9talisation des berges du lac - Gerardmer Info","isPartOf":{"@id":"https:\/\/vosgesinfo.fr\/gerardmerinfo\/#website"},"primaryImageOfPage":{"@id":"https:\/\/vosgesinfo.fr\/gerardmerinfo\/2017\/12\/experimentation-de-revegetalisation-berges-lac\/#primaryimage"},"image":{"@id":"https:\/\/vosgesinfo.fr\/gerardmerinfo\/2017\/12\/experimentation-de-revegetalisation-berges-lac\/#primaryimage"},"thumbnailUrl":"https:\/\/vosgesinfo.fr\/app\/uploads\/sites\/6\/2024\/07\/201711imgp1033.jpeg","datePublished":"2017-12-01T15:56:57+00:00","dateModified":"2017-12-01T15:56:57+00:00","breadcrumb":{"@id":"https:\/\/vosgesinfo.fr\/gerardmerinfo\/2017\/12\/experimentation-de-revegetalisation-berges-lac\/#breadcrumb"},"inLanguage":"fr-FR","potentialAction":[{"@type":"ReadAction","target":["https:\/\/vosgesinfo.fr\/gerardmerinfo\/2017\/12\/experimentation-de-revegetalisation-berges-lac\/"]}]},{"@type":"ImageObject","inLanguage":"fr-FR","@id":"https:\/\/vosgesinfo.fr\/gerardmerinfo\/2017\/12\/experimentation-de-revegetalisation-berges-lac\/#primaryimage","url":"https:\/\/vosgesinfo.fr\/app\/uploads\/sites\/6\/2024\/07\/201711imgp1033.jpeg","contentUrl":"https:\/\/vosgesinfo.fr\/app\/uploads\/sites\/6\/2024\/07\/201711imgp1033.jpeg","width":800,"height":536},{"@type":"BreadcrumbList","@id":"https:\/\/vosgesinfo.fr\/gerardmerinfo\/2017\/12\/experimentation-de-revegetalisation-berges-lac\/#breadcrumb","itemListElement":[{"@type":"ListItem","position":1,"name":"Home","item":"https:\/\/vosgesinfo.fr\/gerardmerinfo\/"},{"@type":"ListItem","position":2,"name":"Exp\u00e9rimentation de rev\u00e9g\u00e9talisation des berges du lac"}]},{"@type":"WebSite","@id":"https:\/\/vosgesinfo.fr\/gerardmerinfo\/#website","url":"https:\/\/vosgesinfo.fr\/gerardmerinfo\/","name":"Gerardmer Info","description":"Toute l&#039;actualit\u00e9 de G\u00e9rardmer","publisher":{"@id":"https:\/\/vosgesinfo.fr\/gerardmerinfo\/#organization"},"alternateName":"Toute l'actualit\u00e9 de G\u00e9rardmer","potentialAction":[{"@type":"SearchAction","target":{"@type":"EntryPoint","urlTemplate":"https:\/\/vosgesinfo.fr\/gerardmerinfo\/?s={search_term_string}"},"query-input":"required name=search_term_string"}],"inLanguage":"fr-FR"},{"@type":"Organization","@id":"https:\/\/vosgesinfo.fr\/gerardmerinfo\/#organization","name":"Gerardmer Info","url":"https:\/\/vosgesinfo.fr\/gerardmerinfo\/","logo":{"@type":"ImageObject","inLanguage":"fr-FR","@id":"https:\/\/vosgesinfo.fr\/gerardmerinfo\/#\/schema\/logo\/image\/","url":"https:\/\/vosgesinfo.fr\/app\/uploads\/sites\/6\/2023\/08\/favicon-gerardmerinfo.png","contentUrl":"https:\/\/vosgesinfo.fr\/app\/uploads\/sites\/6\/2023\/08\/favicon-gerardmerinfo.png","width":512,"height":512,"caption":"Gerardmer Info"},"image":{"@id":"https:\/\/vosgesinfo.fr\/gerardmerinfo\/#\/schema\/logo\/image\/"},"sameAs":["https:\/\/www.facebook.com\/profile.php?id=100049475262660","https:\/\/x.com\/VosgesInfo88","https:\/\/www.youtube.com\/@vosgesinfo"]},{"@type":"Person","@id":"https:\/\/vosgesinfo.fr\/gerardmerinfo\/#\/schema\/person\/bc5d02d71e6932e81b6dadb7386667b1","name":"qs_admin","image":{"@type":"ImageObject","inLanguage":"fr-FR","@id":"https:\/\/vosgesinfo.fr\/gerardmerinfo\/#\/schema\/person\/image\/","url":"https:\/\/secure.gravatar.com\/avatar\/94b18ee0ed79e4a42ea2f2931277b6841a8999fc6fde214600c78057cf1fe1de?s=96&d=mm&r=g","contentUrl":"https:\/\/secure.gravatar.com\/avatar\/94b18ee0ed79e4a42ea2f2931277b6841a8999fc6fde214600c78057cf1fe1de?s=96&d=mm&r=g","caption":"qs_admin"},"sameAs":["https:\/\/vosgesinfo.fr\/wp"],"url":"https:\/\/vosgesinfo.fr\/gerardmerinfo\/author\/qs_admin\/"}]}},"_links":{"self":[{"href":"https:\/\/vosgesinfo.fr\/gerardmerinfo\/wp-json\/wp\/v2\/posts\/30566","targetHints":{"allow":["GET"]}}],"collection":[{"href":"https:\/\/vosgesinfo.fr\/gerardmerinfo\/wp-json\/wp\/v2\/posts"}],"about":[{"href":"https:\/\/vosgesinfo.fr\/gerardmerinfo\/wp-json\/wp\/v2\/types\/post"}],"author":[{"embeddable":true,"href":"https:\/\/vosgesinfo.fr\/gerardmerinfo\/wp-json\/wp\/v2\/users\/1"}],"replies":[{"embeddable":true,"href":"https:\/\/vosgesinfo.fr\/gerardmerinfo\/wp-json\/wp\/v2\/comments?post=30566"}],"version-history":[{"count":0,"href":"https:\/\/vosgesinfo.fr\/gerardmerinfo\/wp-json\/wp\/v2\/posts\/30566\/revisions"}],"wp:featuredmedia":[{"embeddable":true,"href":"https:\/\/vosgesinfo.fr\/gerardmerinfo\/wp-json\/wp\/v2\/media\/30567"}],"wp:attachment":[{"href":"https:\/\/vosgesinfo.fr\/gerardmerinfo\/wp-json\/wp\/v2\/media?parent=30566"}],"wp:term":[{"taxonomy":"category","embeddable":true,"href":"https:\/\/vosgesinfo.fr\/gerardmerinfo\/wp-json\/wp\/v2\/categories?post=30566"},{"taxonomy":"post_tag","embeddable":true,"href":"https:\/\/vosgesinfo.fr\/gerardmerinfo\/wp-json\/wp\/v2\/tags?post=30566"}],"curies":[{"name":"wp","href":"https:\/\/api.w.org\/{rel}","templated":true}]}}