{"id":30604,"date":"2017-12-01T16:53:04","date_gmt":"2017-12-01T15:53:04","guid":{"rendered":"https:\/\/vosgesinfo.fr\/gerardmerinfo\/2017\/12\/lancement-24h-realisations-2018-a-mcl-de-gerardmer\/"},"modified":"2017-12-01T16:53:04","modified_gmt":"2017-12-01T15:53:04","slug":"lancement-24h-realisations-2018-a-mcl-de-gerardmer","status":"publish","type":"post","link":"https:\/\/vosgesinfo.fr\/gerardmerinfo\/2017\/12\/lancement-24h-realisations-2018-a-mcl-de-gerardmer\/","title":{"rendered":"Lancement des 24h des R\u00e9alisations 2018 \u00e0 la MCL de G\u00e9rardmer"},"content":{"rendered":"<h2><span style=\"color: #000000;\"><span style=\"font-family: Times New Roman, serif;\"><a href=\"\/2016\/01\/24h1.jpeg\"><img decoding=\"async\" class=\"aligncenter size-medium wp-image-70483\" src=\"\/2016\/01\/24h1-382x255.jpeg\" alt=\"24h des r\u00e9alisations MCM\" width=\"382\" height=\"255\" \/><\/a><span style=\"font-size: 14pt;\">La MCL de G\u00e9rardmer propose la 4<b>\u00e8me \u00e9dition des 24h des R\u00e9alisations <\/b>qui aura lieu du samedi 20 janvier au dimanche 21 janvier 2018.<\/span><br \/>\n<\/span><\/span><\/h2>\n<p><span style=\"color: #000000;\"><span style=\"font-family: Times New Roman, serif;\">Les 24heures des R\u00e9alisations vous proposent de vous confronter \u00e0 la r\u00e9alisation d&rsquo;un court-m\u00e9trage dans une ambiance conviviale et en 24h chrono. En partenariat avec le 25\u00e8me Festival International du Film Fantastique et les 24H des R\u00e9alisations organis\u00e9es par la F\u00e9d\u00e9ration Fran\u00e7aise des MJC, la MCL de G\u00e9rardmer accueille les passionn\u00e9s de cin\u00e9ma pour ce challenge intense.<\/span><\/span><\/p>\n<p><span style=\"color: #000000;\"><span style=\"font-family: Times New Roman, serif;\"><b>Vous aurez 24 heures pour r\u00e9aliser un film sur un th\u00e8me fantastique tir\u00e9 au sort le jour m\u00eame.<\/b><\/span><\/span><\/p>\n<p><span style=\"color: #000000;\"><span style=\"font-family: Times New Roman, serif;\"><a href=\"\/2016\/02\/24H-Paris-2.jpg\"><img decoding=\"async\" class=\"alignright size-medium wp-image-78271\" src=\"\/2016\/02\/24H-Paris-2-383x255.jpg\" alt=\"24H Paris (2)\" width=\"383\" height=\"255\" \/><\/a>Les \u00e9quipes seront compos\u00e9es au maximum de 5 personnes, \u00e2g\u00e9es entre 15 et 26 ans.<b>Les courts-m\u00e9trages seront d\u00e9partag\u00e9s par un jury de professionnels du cin\u00e9ma, le dimanche 21 janvier \u00e0 12h. Le jury d\u00e9cernera ce jour-l\u00e0 le prix coup de c\u0153ur de cette quatri\u00e8me \u00e9dition. L&rsquo;\u00e9quipe gagnante concourra \u00e0 Paris pour l&rsquo;\u00e9dition nationale des 24H des R\u00e9alisations les 23, 24 et 25 f\u00e9vrier 2018 (h\u00e9bergement et transport pris en charge).<\/b><\/span><\/span><\/p>\n<p><span style=\"color: #000000;\"><span style=\"font-family: Times New Roman, serif;\">Une projection gratuite et ouverte \u00e0 tous aura lieu le dimanche 4 f\u00e9vrier 2018 dans le cadre du <b>Festival International du Film Fantastique de G\u00e9rardmer !<\/b><\/span><\/span><\/p>\n<div dir=\"ltr\">\n<p><span style=\"color: #000000;\"><span style=\"font-family: Times New Roman, serif;\">Vous \u00eates fan de cin\u00e9ma? Vous avez envie de vivre une aventure exceptionnelle avec votre \u00e9quipe ? Alors les 24h des R\u00e9alisations sont pour vous !<\/span><\/span><\/p>\n<p><span style=\"color: #000000;\"><span style=\"font-family: Times New Roman, serif;\">Inscriptions jusqu&rsquo;au lundi 8 janvier 2018.<\/span><\/span><span style=\"color: #000000;\"><span style=\"font-family: Times New Roman, serif;\">\u00a0<\/span><\/span><span style=\"color: #000000;\"><span style=\"font-family: Times New Roman, serif;\">Pour plus de renseignements et inscriptions : Julien Thibault, Lo\u00efc Mor\u00e9si et Margot Liberale (03 29 63 11 96 \/ @ :\u00a0<a href=\"mailto:contactmcl.gerardmer@orange.fr\" target=\"_blank\" rel=\"noopener noreferrer\">contactmcl.gerardmer@orange.fr<\/a>)<\/span><\/span><span style=\"color: #000000;\"><span style=\"font-family: Times New Roman, serif;\">\u00a0<\/span><\/span><span style=\"color: #000000;\"><span style=\"font-family: Times New Roman, serif;\">R\u00e8glement en PJ et \u00e0 retrouver sur notre site internet\u00a0<a href=\"http:\/\/mclgerardmer.fr\/\" target=\"_blank\" rel=\"noopener noreferrer\">mclgerardmer.fr<\/a><\/span><\/span><\/p>\n<p><a href=\"\/2016\/12\/24h.jpg\"><img decoding=\"async\" class=\"aligncenter size-full wp-image-98649\" src=\"\/2016\/12\/24h.jpg\" alt=\"24h\" width=\"465\" height=\"479\" \/><\/a><\/p>\n<\/div>\n<div id=\"x_DAB4FAD8-2DD7-40BB-A1B8-4E2AA1F9FDF2\"><\/div>\n","protected":false},"excerpt":{"rendered":"<p>La MCL de G\u00e9rardmer propose la 4\u00e8me \u00e9dition des 24h des R\u00e9alisations qui aura lieu du samedi 20 janvier au [&hellip;]<\/p>\n","protected":false},"author":42,"featured_media":30605,"comment_status":"open","ping_status":"open","sticky":false,"template":"","format":"standard","meta":{"footnotes":""},"categories":[20,39,4,18],"tags":[2733,103],"class_list":["post-30604","post","type-post","status-publish","format-standard","has-post-thumbnail","hentry","category-a-la-une","category-cinema","category-culture","category-vosges","tag-24h-des-realisations","tag-mcl-gerardmer"],"acf":[],"yoast_head":"<!-- This site is optimized with the Yoast SEO plugin v22.5 - https:\/\/yoast.com\/wordpress\/plugins\/seo\/ -->\n<title>Lancement des 24h des R\u00e9alisations 2018 \u00e0 la MCL de G\u00e9rardmer - Gerardmer Info<\/title>\n<meta name=\"robots\" content=\"index, follow, max-snippet:-1, max-image-preview:large, max-video-preview:-1\" \/>\n<link rel=\"canonical\" href=\"https:\/\/vosgesinfo.fr\/gerardmerinfo\/2017\/12\/lancement-24h-realisations-2018-a-mcl-de-gerardmer\/\" \/>\n<meta name=\"twitter:card\" content=\"summary_large_image\" \/>\n<meta name=\"twitter:title\" content=\"Lancement des 24h des R\u00e9alisations 2018 \u00e0 la MCL de G\u00e9rardmer - Gerardmer Info\" \/>\n<meta name=\"twitter:description\" content=\"La MCL de G\u00e9rardmer propose la 4\u00e8me \u00e9dition des 24h des R\u00e9alisations qui aura lieu du samedi 20 janvier au [&hellip;]\" \/>\n<meta name=\"twitter:image\" content=\"https:\/\/vosgesinfo.fr\/app\/uploads\/sites\/6\/2024\/07\/201711filmmaking.jpg\" \/>\n<meta name=\"twitter:creator\" content=\"@VosgesInfo88\" \/>\n<meta name=\"twitter:site\" content=\"@VosgesInfo88\" \/>\n<meta name=\"twitter:label1\" content=\"\u00c9crit par\" \/>\n\t<meta name=\"twitter:data1\" content=\"QG\" \/>\n\t<meta name=\"twitter:label2\" content=\"Dur\u00e9e de lecture estim\u00e9e\" \/>\n\t<meta name=\"twitter:data2\" content=\"1 minute\" \/>\n<script type=\"application\/ld+json\" class=\"yoast-schema-graph\">{\"@context\":\"https:\/\/schema.org\",\"@graph\":[{\"@type\":\"Article\",\"@id\":\"https:\/\/vosgesinfo.fr\/gerardmerinfo\/2017\/12\/lancement-24h-realisations-2018-a-mcl-de-gerardmer\/#article\",\"isPartOf\":{\"@id\":\"https:\/\/vosgesinfo.fr\/gerardmerinfo\/2017\/12\/lancement-24h-realisations-2018-a-mcl-de-gerardmer\/\"},\"author\":{\"name\":\"QG\",\"@id\":\"https:\/\/vosgesinfo.fr\/gerardmerinfo\/#\/schema\/person\/db5605779a843dad16b5368f3e7613a5\"},\"headline\":\"Lancement des 24h des R\u00e9alisations 2018 \u00e0 la MCL de G\u00e9rardmer\",\"datePublished\":\"2017-12-01T15:53:04+00:00\",\"dateModified\":\"2017-12-01T15:53:04+00:00\",\"mainEntityOfPage\":{\"@id\":\"https:\/\/vosgesinfo.fr\/gerardmerinfo\/2017\/12\/lancement-24h-realisations-2018-a-mcl-de-gerardmer\/\"},\"wordCount\":283,\"commentCount\":0,\"publisher\":{\"@id\":\"https:\/\/vosgesinfo.fr\/gerardmerinfo\/#organization\"},\"image\":{\"@id\":\"https:\/\/vosgesinfo.fr\/gerardmerinfo\/2017\/12\/lancement-24h-realisations-2018-a-mcl-de-gerardmer\/#primaryimage\"},\"thumbnailUrl\":\"https:\/\/vosgesinfo.fr\/app\/uploads\/sites\/6\/2024\/07\/201711filmmaking.jpg\",\"keywords\":[\"24H des r\u00e9alisations\",\"MCL G\u00e9rardmer\"],\"articleSection\":[\"A la une\",\"cin\u00e9ma\",\"Culture\",\"Vosges\"],\"inLanguage\":\"fr-FR\",\"potentialAction\":[{\"@type\":\"CommentAction\",\"name\":\"Comment\",\"target\":[\"https:\/\/vosgesinfo.fr\/gerardmerinfo\/2017\/12\/lancement-24h-realisations-2018-a-mcl-de-gerardmer\/#respond\"]}]},{\"@type\":\"WebPage\",\"@id\":\"https:\/\/vosgesinfo.fr\/gerardmerinfo\/2017\/12\/lancement-24h-realisations-2018-a-mcl-de-gerardmer\/\",\"url\":\"https:\/\/vosgesinfo.fr\/gerardmerinfo\/2017\/12\/lancement-24h-realisations-2018-a-mcl-de-gerardmer\/\",\"name\":\"Lancement des 24h des R\u00e9alisations 2018 \u00e0 la MCL de G\u00e9rardmer - Gerardmer Info\",\"isPartOf\":{\"@id\":\"https:\/\/vosgesinfo.fr\/gerardmerinfo\/#website\"},\"primaryImageOfPage\":{\"@id\":\"https:\/\/vosgesinfo.fr\/gerardmerinfo\/2017\/12\/lancement-24h-realisations-2018-a-mcl-de-gerardmer\/#primaryimage\"},\"image\":{\"@id\":\"https:\/\/vosgesinfo.fr\/gerardmerinfo\/2017\/12\/lancement-24h-realisations-2018-a-mcl-de-gerardmer\/#primaryimage\"},\"thumbnailUrl\":\"https:\/\/vosgesinfo.fr\/app\/uploads\/sites\/6\/2024\/07\/201711filmmaking.jpg\",\"datePublished\":\"2017-12-01T15:53:04+00:00\",\"dateModified\":\"2017-12-01T15:53:04+00:00\",\"breadcrumb\":{\"@id\":\"https:\/\/vosgesinfo.fr\/gerardmerinfo\/2017\/12\/lancement-24h-realisations-2018-a-mcl-de-gerardmer\/#breadcrumb\"},\"inLanguage\":\"fr-FR\",\"potentialAction\":[{\"@type\":\"ReadAction\",\"target\":[\"https:\/\/vosgesinfo.fr\/gerardmerinfo\/2017\/12\/lancement-24h-realisations-2018-a-mcl-de-gerardmer\/\"]}]},{\"@type\":\"ImageObject\",\"inLanguage\":\"fr-FR\",\"@id\":\"https:\/\/vosgesinfo.fr\/gerardmerinfo\/2017\/12\/lancement-24h-realisations-2018-a-mcl-de-gerardmer\/#primaryimage\",\"url\":\"https:\/\/vosgesinfo.fr\/app\/uploads\/sites\/6\/2024\/07\/201711filmmaking.jpg\",\"contentUrl\":\"https:\/\/vosgesinfo.fr\/app\/uploads\/sites\/6\/2024\/07\/201711filmmaking.jpg\",\"width\":500,\"height\":446},{\"@type\":\"BreadcrumbList\",\"@id\":\"https:\/\/vosgesinfo.fr\/gerardmerinfo\/2017\/12\/lancement-24h-realisations-2018-a-mcl-de-gerardmer\/#breadcrumb\",\"itemListElement\":[{\"@type\":\"ListItem\",\"position\":1,\"name\":\"Home\",\"item\":\"https:\/\/vosgesinfo.fr\/gerardmerinfo\/\"},{\"@type\":\"ListItem\",\"position\":2,\"name\":\"Lancement des 24h des R\u00e9alisations 2018 \u00e0 la MCL de G\u00e9rardmer\"}]},{\"@type\":\"WebSite\",\"@id\":\"https:\/\/vosgesinfo.fr\/gerardmerinfo\/#website\",\"url\":\"https:\/\/vosgesinfo.fr\/gerardmerinfo\/\",\"name\":\"Gerardmer Info\",\"description\":\"Toute l&#039;actualit\u00e9 de G\u00e9rardmer\",\"publisher\":{\"@id\":\"https:\/\/vosgesinfo.fr\/gerardmerinfo\/#organization\"},\"alternateName\":\"Toute l'actualit\u00e9 de G\u00e9rardmer\",\"potentialAction\":[{\"@type\":\"SearchAction\",\"target\":{\"@type\":\"EntryPoint\",\"urlTemplate\":\"https:\/\/vosgesinfo.fr\/gerardmerinfo\/?s={search_term_string}\"},\"query-input\":\"required name=search_term_string\"}],\"inLanguage\":\"fr-FR\"},{\"@type\":\"Organization\",\"@id\":\"https:\/\/vosgesinfo.fr\/gerardmerinfo\/#organization\",\"name\":\"Gerardmer Info\",\"url\":\"https:\/\/vosgesinfo.fr\/gerardmerinfo\/\",\"logo\":{\"@type\":\"ImageObject\",\"inLanguage\":\"fr-FR\",\"@id\":\"https:\/\/vosgesinfo.fr\/gerardmerinfo\/#\/schema\/logo\/image\/\",\"url\":\"https:\/\/vosgesinfo.fr\/app\/uploads\/sites\/6\/2023\/08\/favicon-gerardmerinfo.png\",\"contentUrl\":\"https:\/\/vosgesinfo.fr\/app\/uploads\/sites\/6\/2023\/08\/favicon-gerardmerinfo.png\",\"width\":512,\"height\":512,\"caption\":\"Gerardmer Info\"},\"image\":{\"@id\":\"https:\/\/vosgesinfo.fr\/gerardmerinfo\/#\/schema\/logo\/image\/\"},\"sameAs\":[\"https:\/\/www.facebook.com\/profile.php?id=100049475262660\",\"https:\/\/x.com\/VosgesInfo88\",\"https:\/\/www.youtube.com\/@vosgesinfo\"]},{\"@type\":\"Person\",\"@id\":\"https:\/\/vosgesinfo.fr\/gerardmerinfo\/#\/schema\/person\/db5605779a843dad16b5368f3e7613a5\",\"name\":\"QG\",\"image\":{\"@type\":\"ImageObject\",\"inLanguage\":\"fr-FR\",\"@id\":\"https:\/\/vosgesinfo.fr\/gerardmerinfo\/#\/schema\/person\/image\/\",\"url\":\"https:\/\/secure.gravatar.com\/avatar\/ea80c42c204b534408512832fde52504ecabb9706bcb6151cf6175e5b64e6793?s=96&d=mm&r=g\",\"contentUrl\":\"https:\/\/secure.gravatar.com\/avatar\/ea80c42c204b534408512832fde52504ecabb9706bcb6151cf6175e5b64e6793?s=96&d=mm&r=g\",\"caption\":\"QG\"},\"url\":\"https:\/\/vosgesinfo.fr\/gerardmerinfo\/author\/quentin88\/\"}]}<\/script>\n<!-- \/ Yoast SEO plugin. -->","yoast_head_json":{"title":"Lancement des 24h des R\u00e9alisations 2018 \u00e0 la MCL de G\u00e9rardmer - Gerardmer Info","robots":{"index":"index","follow":"follow","max-snippet":"max-snippet:-1","max-image-preview":"max-image-preview:large","max-video-preview":"max-video-preview:-1"},"canonical":"https:\/\/vosgesinfo.fr\/gerardmerinfo\/2017\/12\/lancement-24h-realisations-2018-a-mcl-de-gerardmer\/","twitter_card":"summary_large_image","twitter_title":"Lancement des 24h des R\u00e9alisations 2018 \u00e0 la MCL de G\u00e9rardmer - Gerardmer Info","twitter_description":"La MCL de G\u00e9rardmer propose la 4\u00e8me \u00e9dition des 24h des R\u00e9alisations qui aura lieu du samedi 20 janvier au [&hellip;]","twitter_image":"https:\/\/vosgesinfo.fr\/app\/uploads\/sites\/6\/2024\/07\/201711filmmaking.jpg","twitter_creator":"@VosgesInfo88","twitter_site":"@VosgesInfo88","twitter_misc":{"\u00c9crit par":"QG","Dur\u00e9e de lecture estim\u00e9e":"1 minute"},"schema":{"@context":"https:\/\/schema.org","@graph":[{"@type":"Article","@id":"https:\/\/vosgesinfo.fr\/gerardmerinfo\/2017\/12\/lancement-24h-realisations-2018-a-mcl-de-gerardmer\/#article","isPartOf":{"@id":"https:\/\/vosgesinfo.fr\/gerardmerinfo\/2017\/12\/lancement-24h-realisations-2018-a-mcl-de-gerardmer\/"},"author":{"name":"QG","@id":"https:\/\/vosgesinfo.fr\/gerardmerinfo\/#\/schema\/person\/db5605779a843dad16b5368f3e7613a5"},"headline":"Lancement des 24h des R\u00e9alisations 2018 \u00e0 la MCL de G\u00e9rardmer","datePublished":"2017-12-01T15:53:04+00:00","dateModified":"2017-12-01T15:53:04+00:00","mainEntityOfPage":{"@id":"https:\/\/vosgesinfo.fr\/gerardmerinfo\/2017\/12\/lancement-24h-realisations-2018-a-mcl-de-gerardmer\/"},"wordCount":283,"commentCount":0,"publisher":{"@id":"https:\/\/vosgesinfo.fr\/gerardmerinfo\/#organization"},"image":{"@id":"https:\/\/vosgesinfo.fr\/gerardmerinfo\/2017\/12\/lancement-24h-realisations-2018-a-mcl-de-gerardmer\/#primaryimage"},"thumbnailUrl":"https:\/\/vosgesinfo.fr\/app\/uploads\/sites\/6\/2024\/07\/201711filmmaking.jpg","keywords":["24H des r\u00e9alisations","MCL G\u00e9rardmer"],"articleSection":["A la une","cin\u00e9ma","Culture","Vosges"],"inLanguage":"fr-FR","potentialAction":[{"@type":"CommentAction","name":"Comment","target":["https:\/\/vosgesinfo.fr\/gerardmerinfo\/2017\/12\/lancement-24h-realisations-2018-a-mcl-de-gerardmer\/#respond"]}]},{"@type":"WebPage","@id":"https:\/\/vosgesinfo.fr\/gerardmerinfo\/2017\/12\/lancement-24h-realisations-2018-a-mcl-de-gerardmer\/","url":"https:\/\/vosgesinfo.fr\/gerardmerinfo\/2017\/12\/lancement-24h-realisations-2018-a-mcl-de-gerardmer\/","name":"Lancement des 24h des R\u00e9alisations 2018 \u00e0 la MCL de G\u00e9rardmer - Gerardmer Info","isPartOf":{"@id":"https:\/\/vosgesinfo.fr\/gerardmerinfo\/#website"},"primaryImageOfPage":{"@id":"https:\/\/vosgesinfo.fr\/gerardmerinfo\/2017\/12\/lancement-24h-realisations-2018-a-mcl-de-gerardmer\/#primaryimage"},"image":{"@id":"https:\/\/vosgesinfo.fr\/gerardmerinfo\/2017\/12\/lancement-24h-realisations-2018-a-mcl-de-gerardmer\/#primaryimage"},"thumbnailUrl":"https:\/\/vosgesinfo.fr\/app\/uploads\/sites\/6\/2024\/07\/201711filmmaking.jpg","datePublished":"2017-12-01T15:53:04+00:00","dateModified":"2017-12-01T15:53:04+00:00","breadcrumb":{"@id":"https:\/\/vosgesinfo.fr\/gerardmerinfo\/2017\/12\/lancement-24h-realisations-2018-a-mcl-de-gerardmer\/#breadcrumb"},"inLanguage":"fr-FR","potentialAction":[{"@type":"ReadAction","target":["https:\/\/vosgesinfo.fr\/gerardmerinfo\/2017\/12\/lancement-24h-realisations-2018-a-mcl-de-gerardmer\/"]}]},{"@type":"ImageObject","inLanguage":"fr-FR","@id":"https:\/\/vosgesinfo.fr\/gerardmerinfo\/2017\/12\/lancement-24h-realisations-2018-a-mcl-de-gerardmer\/#primaryimage","url":"https:\/\/vosgesinfo.fr\/app\/uploads\/sites\/6\/2024\/07\/201711filmmaking.jpg","contentUrl":"https:\/\/vosgesinfo.fr\/app\/uploads\/sites\/6\/2024\/07\/201711filmmaking.jpg","width":500,"height":446},{"@type":"BreadcrumbList","@id":"https:\/\/vosgesinfo.fr\/gerardmerinfo\/2017\/12\/lancement-24h-realisations-2018-a-mcl-de-gerardmer\/#breadcrumb","itemListElement":[{"@type":"ListItem","position":1,"name":"Home","item":"https:\/\/vosgesinfo.fr\/gerardmerinfo\/"},{"@type":"ListItem","position":2,"name":"Lancement des 24h des R\u00e9alisations 2018 \u00e0 la MCL de G\u00e9rardmer"}]},{"@type":"WebSite","@id":"https:\/\/vosgesinfo.fr\/gerardmerinfo\/#website","url":"https:\/\/vosgesinfo.fr\/gerardmerinfo\/","name":"Gerardmer Info","description":"Toute l&#039;actualit\u00e9 de G\u00e9rardmer","publisher":{"@id":"https:\/\/vosgesinfo.fr\/gerardmerinfo\/#organization"},"alternateName":"Toute l'actualit\u00e9 de G\u00e9rardmer","potentialAction":[{"@type":"SearchAction","target":{"@type":"EntryPoint","urlTemplate":"https:\/\/vosgesinfo.fr\/gerardmerinfo\/?s={search_term_string}"},"query-input":"required name=search_term_string"}],"inLanguage":"fr-FR"},{"@type":"Organization","@id":"https:\/\/vosgesinfo.fr\/gerardmerinfo\/#organization","name":"Gerardmer Info","url":"https:\/\/vosgesinfo.fr\/gerardmerinfo\/","logo":{"@type":"ImageObject","inLanguage":"fr-FR","@id":"https:\/\/vosgesinfo.fr\/gerardmerinfo\/#\/schema\/logo\/image\/","url":"https:\/\/vosgesinfo.fr\/app\/uploads\/sites\/6\/2023\/08\/favicon-gerardmerinfo.png","contentUrl":"https:\/\/vosgesinfo.fr\/app\/uploads\/sites\/6\/2023\/08\/favicon-gerardmerinfo.png","width":512,"height":512,"caption":"Gerardmer Info"},"image":{"@id":"https:\/\/vosgesinfo.fr\/gerardmerinfo\/#\/schema\/logo\/image\/"},"sameAs":["https:\/\/www.facebook.com\/profile.php?id=100049475262660","https:\/\/x.com\/VosgesInfo88","https:\/\/www.youtube.com\/@vosgesinfo"]},{"@type":"Person","@id":"https:\/\/vosgesinfo.fr\/gerardmerinfo\/#\/schema\/person\/db5605779a843dad16b5368f3e7613a5","name":"QG","image":{"@type":"ImageObject","inLanguage":"fr-FR","@id":"https:\/\/vosgesinfo.fr\/gerardmerinfo\/#\/schema\/person\/image\/","url":"https:\/\/secure.gravatar.com\/avatar\/ea80c42c204b534408512832fde52504ecabb9706bcb6151cf6175e5b64e6793?s=96&d=mm&r=g","contentUrl":"https:\/\/secure.gravatar.com\/avatar\/ea80c42c204b534408512832fde52504ecabb9706bcb6151cf6175e5b64e6793?s=96&d=mm&r=g","caption":"QG"},"url":"https:\/\/vosgesinfo.fr\/gerardmerinfo\/author\/quentin88\/"}]}},"_links":{"self":[{"href":"https:\/\/vosgesinfo.fr\/gerardmerinfo\/wp-json\/wp\/v2\/posts\/30604","targetHints":{"allow":["GET"]}}],"collection":[{"href":"https:\/\/vosgesinfo.fr\/gerardmerinfo\/wp-json\/wp\/v2\/posts"}],"about":[{"href":"https:\/\/vosgesinfo.fr\/gerardmerinfo\/wp-json\/wp\/v2\/types\/post"}],"author":[{"embeddable":true,"href":"https:\/\/vosgesinfo.fr\/gerardmerinfo\/wp-json\/wp\/v2\/users\/42"}],"replies":[{"embeddable":true,"href":"https:\/\/vosgesinfo.fr\/gerardmerinfo\/wp-json\/wp\/v2\/comments?post=30604"}],"version-history":[{"count":0,"href":"https:\/\/vosgesinfo.fr\/gerardmerinfo\/wp-json\/wp\/v2\/posts\/30604\/revisions"}],"wp:featuredmedia":[{"embeddable":true,"href":"https:\/\/vosgesinfo.fr\/gerardmerinfo\/wp-json\/wp\/v2\/media\/30605"}],"wp:attachment":[{"href":"https:\/\/vosgesinfo.fr\/gerardmerinfo\/wp-json\/wp\/v2\/media?parent=30604"}],"wp:term":[{"taxonomy":"category","embeddable":true,"href":"https:\/\/vosgesinfo.fr\/gerardmerinfo\/wp-json\/wp\/v2\/categories?post=30604"},{"taxonomy":"post_tag","embeddable":true,"href":"https:\/\/vosgesinfo.fr\/gerardmerinfo\/wp-json\/wp\/v2\/tags?post=30604"}],"curies":[{"name":"wp","href":"https:\/\/api.w.org\/{rel}","templated":true}]}}