{"id":30647,"date":"2017-12-01T16:52:48","date_gmt":"2017-12-01T15:52:48","guid":{"rendered":"https:\/\/vosgesinfo.fr\/gerardmerinfo\/2017\/12\/association-de-cercenee-on-monte-puissance\/"},"modified":"2017-12-01T16:52:48","modified_gmt":"2017-12-01T15:52:48","slug":"association-de-cercenee-on-monte-puissance","status":"publish","type":"post","link":"https:\/\/vosgesinfo.fr\/gerardmerinfo\/2017\/12\/association-de-cercenee-on-monte-puissance\/","title":{"rendered":"Association de la Cercen\u00e9e : on monte en puissance !"},"content":{"rendered":"<p><strong>Le noyau dur de l&rsquo;association de la Cercen\u00e9e s&rsquo;est r\u00e9uni mercredi soir au Mille Club autour du pr\u00e9sident Mimi Serfague et son \u00e9quipe dans le cadre des assises annuelles de cette amicale qui monte progressivement en puissance.<\/strong><\/p>\n<p><a href=\"\/2017\/11\/AG-Cercen\u00e9e-1.jpg\"><img decoding=\"async\" class=\"alignleft wp-image-118633 size-medium\" src=\"\/2017\/11\/AG-Cercen\u00e9e-1-400x225.jpg\" alt=\"AG Cercen\u00e9e (1)\" width=\"400\" height=\"225\" \/><\/a>La vie de cette association \u00e0 vocation principalement conviviale a \u00e9t\u00e9 rythm\u00e9e par trois \u00e9v\u00e9nements majeurs en 2017 et il devrait en \u00eatre de m\u00eame en 2018. Ainsi, la f\u00eate des voisins qui a vu le jour il y a 8 ans avait r\u00e9uni l&rsquo;\u00e9t\u00e9 dernier plus d&rsquo;une centaine de convives, faisant de cette derni\u00e8re la plus grande du secteur. L&rsquo;\u00e9quipe organisatrice n&rsquo;entend pas s&rsquo;arr\u00eater l\u00e0 et aimerait attirer des habitants de toute la Cercen\u00e9e pour la 9\u00e8me \u00e9dition. L&rsquo;objectif sera donc d&rsquo;agrandir le cercle de la f\u00eate, y compris aux lotissements plus anciens.<\/p>\n<p>Le vide-grenier a connu lui aussi une belle progression en mati\u00e8re de fr\u00e9quentation. Il s&rsquo;agissait l\u00e0 de la 2\u00e8me \u00e9dition sous cette nouvelle forme car, rappelons-le, il s&rsquo;agissait au d\u00e9part d&rsquo;un vide-maison. L&rsquo;\u00e9volution a donc \u00e9t\u00e9 salutaire pour cet \u00e9v\u00e9nement qui franchira sans doute un nouveau cap en 2018 car l&rsquo;amicale entend bien en booster la promotion. Enfin, l&rsquo;un des autres gros morceaux de la saison aura \u00e9t\u00e9 la toute premi\u00e8re participation de l&rsquo;association \u00e0 la F\u00eate des Jonquilles. Une \u00e9quipe joyeuse et dynamique a ainsi tenu un stand de boissons et sandwichs le jour de la f\u00eate, permettant ainsi d&rsquo;engranger de pr\u00e9cieux deniers.<\/p>\n<p><a href=\"\/2017\/11\/AG-Cercen\u00e9e-2.jpg\"><img decoding=\"async\" class=\"alignright size-medium wp-image-118632\" src=\"\/2017\/11\/AG-Cercen\u00e9e-2-400x225.jpg\" alt=\"AG Cercen\u00e9e (2)\" width=\"400\" height=\"225\" \/><\/a>Pour la saison \u00e0 venir, vous le savez, pas de F\u00eate des Jonquilles. Mimi Serfague et ses amis ont donc r\u00e9fl\u00e9chi \u00e0 la mise en place d&rsquo;une nouvelle animation. Le comit\u00e9 envisage ainsi d&rsquo;organiser un repas avec animations dans une salle en fin d&rsquo;ann\u00e9e. Mais le prochain rendez-vous est d\u00e9j\u00e0 fix\u00e9 au 14 janvier 2018 avec une galette des rois ! Par ailleurs, l&rsquo;association est \u00e0 la recherche d&rsquo;un petit local pour stocker le mat\u00e9riel acquis et utile \u00e0 l&rsquo;organisation de ses diff\u00e9rentes manifestations. N&rsquo;h\u00e9sitez pas \u00e0 vous signaler aupr\u00e8s du pr\u00e9sident au 06 06 60 42 97. Enfin, il y avait des \u00e9lections et donc quelques changements au sein du bureau. Si Mimi Serfague reste pr\u00e9sident et Dani\u00e8le Barbaux secr\u00e9taire, Henri Michel avait souhait\u00e9 quitter le poste de tr\u00e9sorier et a donc \u00e9t\u00e9 remplac\u00e9 par Franck Mathieu.\u00a0 Emmanuel Fran\u00e7ais succ\u00e8de \u00e0 Bernard Luezas au poste de Vice pr\u00e9sident. Quant \u00e0 Bernadette Romain, membre fondatrice de l&rsquo;association de la Cercen\u00e9e, elle reste pour sa part pr\u00e9sidente honoraire, cela va de soi !<\/p>\n","protected":false},"excerpt":{"rendered":"<p>Le noyau dur de l&rsquo;association de la Cercen\u00e9e s&rsquo;est r\u00e9uni mercredi soir au Mille Club autour du pr\u00e9sident Mimi Serfague [&hellip;]<\/p>\n","protected":false},"author":42,"featured_media":30648,"comment_status":"open","ping_status":"open","sticky":false,"template":"","format":"standard","meta":{"footnotes":""},"categories":[20,17],"tags":[2049],"class_list":["post-30647","post","type-post","status-publish","format-standard","has-post-thumbnail","hentry","category-a-la-une","category-vie-associative","tag-cercenee"],"acf":[],"yoast_head":"<!-- This site is optimized with the Yoast SEO plugin v22.5 - https:\/\/yoast.com\/wordpress\/plugins\/seo\/ -->\n<title>Association de la Cercen\u00e9e : on monte en puissance ! - Gerardmer Info<\/title>\n<meta name=\"robots\" content=\"index, follow, max-snippet:-1, max-image-preview:large, max-video-preview:-1\" \/>\n<link rel=\"canonical\" href=\"https:\/\/vosgesinfo.fr\/gerardmerinfo\/2017\/12\/association-de-cercenee-on-monte-puissance\/\" \/>\n<meta name=\"twitter:card\" content=\"summary_large_image\" \/>\n<meta name=\"twitter:title\" content=\"Association de la Cercen\u00e9e : on monte en puissance ! - Gerardmer Info\" \/>\n<meta name=\"twitter:description\" content=\"Le noyau dur de l&rsquo;association de la Cercen\u00e9e s&rsquo;est r\u00e9uni mercredi soir au Mille Club autour du pr\u00e9sident Mimi Serfague [&hellip;]\" \/>\n<meta name=\"twitter:image\" content=\"https:\/\/vosgesinfo.fr\/app\/uploads\/sites\/6\/2024\/07\/201711ag-cercenee-1.jpg\" \/>\n<meta name=\"twitter:creator\" content=\"@VosgesInfo88\" \/>\n<meta name=\"twitter:site\" content=\"@VosgesInfo88\" \/>\n<meta name=\"twitter:label1\" content=\"\u00c9crit par\" \/>\n\t<meta name=\"twitter:data1\" content=\"QG\" \/>\n\t<meta name=\"twitter:label2\" content=\"Dur\u00e9e de lecture estim\u00e9e\" \/>\n\t<meta name=\"twitter:data2\" content=\"2 minutes\" \/>\n<script type=\"application\/ld+json\" class=\"yoast-schema-graph\">{\"@context\":\"https:\/\/schema.org\",\"@graph\":[{\"@type\":\"Article\",\"@id\":\"https:\/\/vosgesinfo.fr\/gerardmerinfo\/2017\/12\/association-de-cercenee-on-monte-puissance\/#article\",\"isPartOf\":{\"@id\":\"https:\/\/vosgesinfo.fr\/gerardmerinfo\/2017\/12\/association-de-cercenee-on-monte-puissance\/\"},\"author\":{\"name\":\"QG\",\"@id\":\"https:\/\/vosgesinfo.fr\/gerardmerinfo\/#\/schema\/person\/db5605779a843dad16b5368f3e7613a5\"},\"headline\":\"Association de la Cercen\u00e9e : on monte en puissance !\",\"datePublished\":\"2017-12-01T15:52:48+00:00\",\"dateModified\":\"2017-12-01T15:52:48+00:00\",\"mainEntityOfPage\":{\"@id\":\"https:\/\/vosgesinfo.fr\/gerardmerinfo\/2017\/12\/association-de-cercenee-on-monte-puissance\/\"},\"wordCount\":458,\"commentCount\":0,\"publisher\":{\"@id\":\"https:\/\/vosgesinfo.fr\/gerardmerinfo\/#organization\"},\"image\":{\"@id\":\"https:\/\/vosgesinfo.fr\/gerardmerinfo\/2017\/12\/association-de-cercenee-on-monte-puissance\/#primaryimage\"},\"thumbnailUrl\":\"https:\/\/vosgesinfo.fr\/app\/uploads\/sites\/6\/2024\/07\/201711ag-cercenee-1.jpg\",\"keywords\":[\"Cercen\u00e9e\"],\"articleSection\":[\"A la une\",\"Vie Associative\"],\"inLanguage\":\"fr-FR\",\"potentialAction\":[{\"@type\":\"CommentAction\",\"name\":\"Comment\",\"target\":[\"https:\/\/vosgesinfo.fr\/gerardmerinfo\/2017\/12\/association-de-cercenee-on-monte-puissance\/#respond\"]}]},{\"@type\":\"WebPage\",\"@id\":\"https:\/\/vosgesinfo.fr\/gerardmerinfo\/2017\/12\/association-de-cercenee-on-monte-puissance\/\",\"url\":\"https:\/\/vosgesinfo.fr\/gerardmerinfo\/2017\/12\/association-de-cercenee-on-monte-puissance\/\",\"name\":\"Association de la Cercen\u00e9e : on monte en puissance ! - Gerardmer Info\",\"isPartOf\":{\"@id\":\"https:\/\/vosgesinfo.fr\/gerardmerinfo\/#website\"},\"primaryImageOfPage\":{\"@id\":\"https:\/\/vosgesinfo.fr\/gerardmerinfo\/2017\/12\/association-de-cercenee-on-monte-puissance\/#primaryimage\"},\"image\":{\"@id\":\"https:\/\/vosgesinfo.fr\/gerardmerinfo\/2017\/12\/association-de-cercenee-on-monte-puissance\/#primaryimage\"},\"thumbnailUrl\":\"https:\/\/vosgesinfo.fr\/app\/uploads\/sites\/6\/2024\/07\/201711ag-cercenee-1.jpg\",\"datePublished\":\"2017-12-01T15:52:48+00:00\",\"dateModified\":\"2017-12-01T15:52:48+00:00\",\"breadcrumb\":{\"@id\":\"https:\/\/vosgesinfo.fr\/gerardmerinfo\/2017\/12\/association-de-cercenee-on-monte-puissance\/#breadcrumb\"},\"inLanguage\":\"fr-FR\",\"potentialAction\":[{\"@type\":\"ReadAction\",\"target\":[\"https:\/\/vosgesinfo.fr\/gerardmerinfo\/2017\/12\/association-de-cercenee-on-monte-puissance\/\"]}]},{\"@type\":\"ImageObject\",\"inLanguage\":\"fr-FR\",\"@id\":\"https:\/\/vosgesinfo.fr\/gerardmerinfo\/2017\/12\/association-de-cercenee-on-monte-puissance\/#primaryimage\",\"url\":\"https:\/\/vosgesinfo.fr\/app\/uploads\/sites\/6\/2024\/07\/201711ag-cercenee-1.jpg\",\"contentUrl\":\"https:\/\/vosgesinfo.fr\/app\/uploads\/sites\/6\/2024\/07\/201711ag-cercenee-1.jpg\",\"width\":800,\"height\":450},{\"@type\":\"BreadcrumbList\",\"@id\":\"https:\/\/vosgesinfo.fr\/gerardmerinfo\/2017\/12\/association-de-cercenee-on-monte-puissance\/#breadcrumb\",\"itemListElement\":[{\"@type\":\"ListItem\",\"position\":1,\"name\":\"Home\",\"item\":\"https:\/\/vosgesinfo.fr\/gerardmerinfo\/\"},{\"@type\":\"ListItem\",\"position\":2,\"name\":\"Association de la Cercen\u00e9e : on monte en puissance !\"}]},{\"@type\":\"WebSite\",\"@id\":\"https:\/\/vosgesinfo.fr\/gerardmerinfo\/#website\",\"url\":\"https:\/\/vosgesinfo.fr\/gerardmerinfo\/\",\"name\":\"Gerardmer Info\",\"description\":\"Toute l&#039;actualit\u00e9 de G\u00e9rardmer\",\"publisher\":{\"@id\":\"https:\/\/vosgesinfo.fr\/gerardmerinfo\/#organization\"},\"alternateName\":\"Toute l'actualit\u00e9 de G\u00e9rardmer\",\"potentialAction\":[{\"@type\":\"SearchAction\",\"target\":{\"@type\":\"EntryPoint\",\"urlTemplate\":\"https:\/\/vosgesinfo.fr\/gerardmerinfo\/?s={search_term_string}\"},\"query-input\":\"required name=search_term_string\"}],\"inLanguage\":\"fr-FR\"},{\"@type\":\"Organization\",\"@id\":\"https:\/\/vosgesinfo.fr\/gerardmerinfo\/#organization\",\"name\":\"Gerardmer Info\",\"url\":\"https:\/\/vosgesinfo.fr\/gerardmerinfo\/\",\"logo\":{\"@type\":\"ImageObject\",\"inLanguage\":\"fr-FR\",\"@id\":\"https:\/\/vosgesinfo.fr\/gerardmerinfo\/#\/schema\/logo\/image\/\",\"url\":\"https:\/\/vosgesinfo.fr\/app\/uploads\/sites\/6\/2023\/08\/favicon-gerardmerinfo.png\",\"contentUrl\":\"https:\/\/vosgesinfo.fr\/app\/uploads\/sites\/6\/2023\/08\/favicon-gerardmerinfo.png\",\"width\":512,\"height\":512,\"caption\":\"Gerardmer Info\"},\"image\":{\"@id\":\"https:\/\/vosgesinfo.fr\/gerardmerinfo\/#\/schema\/logo\/image\/\"},\"sameAs\":[\"https:\/\/www.facebook.com\/profile.php?id=100049475262660\",\"https:\/\/x.com\/VosgesInfo88\",\"https:\/\/www.youtube.com\/@vosgesinfo\"]},{\"@type\":\"Person\",\"@id\":\"https:\/\/vosgesinfo.fr\/gerardmerinfo\/#\/schema\/person\/db5605779a843dad16b5368f3e7613a5\",\"name\":\"QG\",\"image\":{\"@type\":\"ImageObject\",\"inLanguage\":\"fr-FR\",\"@id\":\"https:\/\/vosgesinfo.fr\/gerardmerinfo\/#\/schema\/person\/image\/\",\"url\":\"https:\/\/secure.gravatar.com\/avatar\/ea80c42c204b534408512832fde52504ecabb9706bcb6151cf6175e5b64e6793?s=96&d=mm&r=g\",\"contentUrl\":\"https:\/\/secure.gravatar.com\/avatar\/ea80c42c204b534408512832fde52504ecabb9706bcb6151cf6175e5b64e6793?s=96&d=mm&r=g\",\"caption\":\"QG\"},\"url\":\"https:\/\/vosgesinfo.fr\/gerardmerinfo\/author\/quentin88\/\"}]}<\/script>\n<!-- \/ Yoast SEO plugin. -->","yoast_head_json":{"title":"Association de la Cercen\u00e9e : on monte en puissance ! - Gerardmer Info","robots":{"index":"index","follow":"follow","max-snippet":"max-snippet:-1","max-image-preview":"max-image-preview:large","max-video-preview":"max-video-preview:-1"},"canonical":"https:\/\/vosgesinfo.fr\/gerardmerinfo\/2017\/12\/association-de-cercenee-on-monte-puissance\/","twitter_card":"summary_large_image","twitter_title":"Association de la Cercen\u00e9e : on monte en puissance ! - Gerardmer Info","twitter_description":"Le noyau dur de l&rsquo;association de la Cercen\u00e9e s&rsquo;est r\u00e9uni mercredi soir au Mille Club autour du pr\u00e9sident Mimi Serfague [&hellip;]","twitter_image":"https:\/\/vosgesinfo.fr\/app\/uploads\/sites\/6\/2024\/07\/201711ag-cercenee-1.jpg","twitter_creator":"@VosgesInfo88","twitter_site":"@VosgesInfo88","twitter_misc":{"\u00c9crit par":"QG","Dur\u00e9e de lecture estim\u00e9e":"2 minutes"},"schema":{"@context":"https:\/\/schema.org","@graph":[{"@type":"Article","@id":"https:\/\/vosgesinfo.fr\/gerardmerinfo\/2017\/12\/association-de-cercenee-on-monte-puissance\/#article","isPartOf":{"@id":"https:\/\/vosgesinfo.fr\/gerardmerinfo\/2017\/12\/association-de-cercenee-on-monte-puissance\/"},"author":{"name":"QG","@id":"https:\/\/vosgesinfo.fr\/gerardmerinfo\/#\/schema\/person\/db5605779a843dad16b5368f3e7613a5"},"headline":"Association de la Cercen\u00e9e : on monte en puissance !","datePublished":"2017-12-01T15:52:48+00:00","dateModified":"2017-12-01T15:52:48+00:00","mainEntityOfPage":{"@id":"https:\/\/vosgesinfo.fr\/gerardmerinfo\/2017\/12\/association-de-cercenee-on-monte-puissance\/"},"wordCount":458,"commentCount":0,"publisher":{"@id":"https:\/\/vosgesinfo.fr\/gerardmerinfo\/#organization"},"image":{"@id":"https:\/\/vosgesinfo.fr\/gerardmerinfo\/2017\/12\/association-de-cercenee-on-monte-puissance\/#primaryimage"},"thumbnailUrl":"https:\/\/vosgesinfo.fr\/app\/uploads\/sites\/6\/2024\/07\/201711ag-cercenee-1.jpg","keywords":["Cercen\u00e9e"],"articleSection":["A la une","Vie Associative"],"inLanguage":"fr-FR","potentialAction":[{"@type":"CommentAction","name":"Comment","target":["https:\/\/vosgesinfo.fr\/gerardmerinfo\/2017\/12\/association-de-cercenee-on-monte-puissance\/#respond"]}]},{"@type":"WebPage","@id":"https:\/\/vosgesinfo.fr\/gerardmerinfo\/2017\/12\/association-de-cercenee-on-monte-puissance\/","url":"https:\/\/vosgesinfo.fr\/gerardmerinfo\/2017\/12\/association-de-cercenee-on-monte-puissance\/","name":"Association de la Cercen\u00e9e : on monte en puissance ! - Gerardmer Info","isPartOf":{"@id":"https:\/\/vosgesinfo.fr\/gerardmerinfo\/#website"},"primaryImageOfPage":{"@id":"https:\/\/vosgesinfo.fr\/gerardmerinfo\/2017\/12\/association-de-cercenee-on-monte-puissance\/#primaryimage"},"image":{"@id":"https:\/\/vosgesinfo.fr\/gerardmerinfo\/2017\/12\/association-de-cercenee-on-monte-puissance\/#primaryimage"},"thumbnailUrl":"https:\/\/vosgesinfo.fr\/app\/uploads\/sites\/6\/2024\/07\/201711ag-cercenee-1.jpg","datePublished":"2017-12-01T15:52:48+00:00","dateModified":"2017-12-01T15:52:48+00:00","breadcrumb":{"@id":"https:\/\/vosgesinfo.fr\/gerardmerinfo\/2017\/12\/association-de-cercenee-on-monte-puissance\/#breadcrumb"},"inLanguage":"fr-FR","potentialAction":[{"@type":"ReadAction","target":["https:\/\/vosgesinfo.fr\/gerardmerinfo\/2017\/12\/association-de-cercenee-on-monte-puissance\/"]}]},{"@type":"ImageObject","inLanguage":"fr-FR","@id":"https:\/\/vosgesinfo.fr\/gerardmerinfo\/2017\/12\/association-de-cercenee-on-monte-puissance\/#primaryimage","url":"https:\/\/vosgesinfo.fr\/app\/uploads\/sites\/6\/2024\/07\/201711ag-cercenee-1.jpg","contentUrl":"https:\/\/vosgesinfo.fr\/app\/uploads\/sites\/6\/2024\/07\/201711ag-cercenee-1.jpg","width":800,"height":450},{"@type":"BreadcrumbList","@id":"https:\/\/vosgesinfo.fr\/gerardmerinfo\/2017\/12\/association-de-cercenee-on-monte-puissance\/#breadcrumb","itemListElement":[{"@type":"ListItem","position":1,"name":"Home","item":"https:\/\/vosgesinfo.fr\/gerardmerinfo\/"},{"@type":"ListItem","position":2,"name":"Association de la Cercen\u00e9e : on monte en puissance !"}]},{"@type":"WebSite","@id":"https:\/\/vosgesinfo.fr\/gerardmerinfo\/#website","url":"https:\/\/vosgesinfo.fr\/gerardmerinfo\/","name":"Gerardmer Info","description":"Toute l&#039;actualit\u00e9 de G\u00e9rardmer","publisher":{"@id":"https:\/\/vosgesinfo.fr\/gerardmerinfo\/#organization"},"alternateName":"Toute l'actualit\u00e9 de G\u00e9rardmer","potentialAction":[{"@type":"SearchAction","target":{"@type":"EntryPoint","urlTemplate":"https:\/\/vosgesinfo.fr\/gerardmerinfo\/?s={search_term_string}"},"query-input":"required name=search_term_string"}],"inLanguage":"fr-FR"},{"@type":"Organization","@id":"https:\/\/vosgesinfo.fr\/gerardmerinfo\/#organization","name":"Gerardmer Info","url":"https:\/\/vosgesinfo.fr\/gerardmerinfo\/","logo":{"@type":"ImageObject","inLanguage":"fr-FR","@id":"https:\/\/vosgesinfo.fr\/gerardmerinfo\/#\/schema\/logo\/image\/","url":"https:\/\/vosgesinfo.fr\/app\/uploads\/sites\/6\/2023\/08\/favicon-gerardmerinfo.png","contentUrl":"https:\/\/vosgesinfo.fr\/app\/uploads\/sites\/6\/2023\/08\/favicon-gerardmerinfo.png","width":512,"height":512,"caption":"Gerardmer Info"},"image":{"@id":"https:\/\/vosgesinfo.fr\/gerardmerinfo\/#\/schema\/logo\/image\/"},"sameAs":["https:\/\/www.facebook.com\/profile.php?id=100049475262660","https:\/\/x.com\/VosgesInfo88","https:\/\/www.youtube.com\/@vosgesinfo"]},{"@type":"Person","@id":"https:\/\/vosgesinfo.fr\/gerardmerinfo\/#\/schema\/person\/db5605779a843dad16b5368f3e7613a5","name":"QG","image":{"@type":"ImageObject","inLanguage":"fr-FR","@id":"https:\/\/vosgesinfo.fr\/gerardmerinfo\/#\/schema\/person\/image\/","url":"https:\/\/secure.gravatar.com\/avatar\/ea80c42c204b534408512832fde52504ecabb9706bcb6151cf6175e5b64e6793?s=96&d=mm&r=g","contentUrl":"https:\/\/secure.gravatar.com\/avatar\/ea80c42c204b534408512832fde52504ecabb9706bcb6151cf6175e5b64e6793?s=96&d=mm&r=g","caption":"QG"},"url":"https:\/\/vosgesinfo.fr\/gerardmerinfo\/author\/quentin88\/"}]}},"_links":{"self":[{"href":"https:\/\/vosgesinfo.fr\/gerardmerinfo\/wp-json\/wp\/v2\/posts\/30647","targetHints":{"allow":["GET"]}}],"collection":[{"href":"https:\/\/vosgesinfo.fr\/gerardmerinfo\/wp-json\/wp\/v2\/posts"}],"about":[{"href":"https:\/\/vosgesinfo.fr\/gerardmerinfo\/wp-json\/wp\/v2\/types\/post"}],"author":[{"embeddable":true,"href":"https:\/\/vosgesinfo.fr\/gerardmerinfo\/wp-json\/wp\/v2\/users\/42"}],"replies":[{"embeddable":true,"href":"https:\/\/vosgesinfo.fr\/gerardmerinfo\/wp-json\/wp\/v2\/comments?post=30647"}],"version-history":[{"count":0,"href":"https:\/\/vosgesinfo.fr\/gerardmerinfo\/wp-json\/wp\/v2\/posts\/30647\/revisions"}],"wp:featuredmedia":[{"embeddable":true,"href":"https:\/\/vosgesinfo.fr\/gerardmerinfo\/wp-json\/wp\/v2\/media\/30648"}],"wp:attachment":[{"href":"https:\/\/vosgesinfo.fr\/gerardmerinfo\/wp-json\/wp\/v2\/media?parent=30647"}],"wp:term":[{"taxonomy":"category","embeddable":true,"href":"https:\/\/vosgesinfo.fr\/gerardmerinfo\/wp-json\/wp\/v2\/categories?post=30647"},{"taxonomy":"post_tag","embeddable":true,"href":"https:\/\/vosgesinfo.fr\/gerardmerinfo\/wp-json\/wp\/v2\/tags?post=30647"}],"curies":[{"name":"wp","href":"https:\/\/api.w.org\/{rel}","templated":true}]}}