{"id":30659,"date":"2017-11-30T16:32:31","date_gmt":"2017-11-30T15:32:31","guid":{"rendered":"https:\/\/vosgesinfo.fr\/gerardmerinfo\/2017\/11\/20eme-anniversaire-gastronomiam\/"},"modified":"2017-11-30T16:32:31","modified_gmt":"2017-11-30T15:32:31","slug":"20eme-anniversaire-gastronomiam","status":"publish","type":"post","link":"https:\/\/vosgesinfo.fr\/gerardmerinfo\/2017\/11\/20eme-anniversaire-gastronomiam\/","title":{"rendered":"20\u00e8me anniversaire pour le Gastrono\u2019Miam"},"content":{"rendered":"<div id=\"attachment_118665\" style=\"width: 410px\" class=\"wp-caption alignright\"><a href=\"http:\/\/gerardmerinfo.fr\/2017\/11\/20eme-anniversaire-gastronomiam\/gastro2-400x255\/\" rel=\"attachment wp-att-118665\"><img decoding=\"async\" aria-describedby=\"caption-attachment-118665\" class=\"wp-image-118665 size-full\" src=\"\/2017\/11\/gastro2-400x255.jpg\" alt=\"gastro2-400x255\" width=\"400\" height=\"255\" \/><\/a><p id=\"caption-attachment-118665\" class=\"wp-caption-text\"><strong>Archive<\/strong><\/p><\/div>\n<p>Le rendez-vous des gourmets et des gourmands, c\u2019est \u00e0 partir de demain, et jusqu\u2019\u00e0 dimanche,\u00a0 au Centre de Congr\u00e8s Espace L.A.C de G\u00e9rardmer.<\/p>\n<p>21 viticulteurs, 20 producteurs du terroir et 2 exposants \u00ab\u00a0arts de la table\u00a0\u00bb vous y attendent. Outre un v\u00e9ritable tour de France des vins, on y retrouvera nombreux fromages, charcuteries, foie gras, \u00e9pices, olives, th\u00e9s, chocolats\u2026<\/p>\n<p>Et pour f\u00eater les 20 ans, 2 repas pour 2 personnes au restaurant Les Lilas \u00e0 Vagney seront \u00e0 gagner par tirage au sort samedi \u00e0 18h30 et dimanche \u00e0 17h30.<\/p>\n<p>Nombreuses animations et d\u00e9monstrations se succ\u00e9deront tout au long du week-end.<\/p>\n<p><strong><u>Informations pratiques :<\/u><\/strong><\/p>\n<p>Le programme des d\u00e9monstrations et animations<\/p>\n<p>Samedi 2 d\u00e9cembre<br \/>\n&#8211; 10h\u00a0: d\u00e9monstration culinaire en direct de France Bleu Sud lorraine avec Lionel Caldefie, chef au restaurant<br \/>\nLes Lilas \u00e0 Vagney<br \/>\n&#8211; 14h-17h\u00a0: Jeux \u0153nologiques avec le Club d\u2019\u0153nologie de G\u00e9rardmer<br \/>\n&#8211; 14h-17h\u00a0: modelage de ballons avec Jo\u2019Magic<br \/>\n&#8211; 14h30\u00a0: d\u00e9monstration culinaire avec Olivier Meurville, professeur de cuisine au lyc\u00e9e h\u00f4telier JBS Chardin<br \/>\n&#8211; 16h\u00a0: art floral avec Julie Rumeau, artisan fleuriste du magasin Les Fleurs du Lac \u00e0 G\u00e9rardmer<br \/>\n&#8211; 17h30\u00a0: d\u00e9monstration de p\u00e2tisserie avec Schmitt Chocolatiers<\/p>\n<p>Dimanche 3 d\u00e9cembre<br \/>\n&#8211; 14h-17h\u00a0: Jeux \u0153nologiques avec le Club d\u2019\u0153nologie de G\u00e9rardmer<br \/>\n&#8211; 14h-17h\u00a0: modelage de ballons avec Jo\u2019Magic<br \/>\n&#8211; 14h30\u00a0: d\u00e9monstration de p\u00e2tisserie avec Schmitt Chocolatiers<br \/>\n&#8211; 16h\u00a0: art floral avec Julie Rumeau, artisan fleuriste du magasin Les Fleurs du Lac \u00e0 G\u00e9rardmer<\/p>\n<p>Gastrono\u2019miam a lieu au Centre de Congr\u00e8s Espace L.A.C<\/p>\n<p>Le vendredi 1er d\u00e9cembre de 15h \u00e0 20h<\/p>\n<p>Le samedi 2 d\u00e9cembre de 10h \u00e0 20h<\/p>\n<p>Le dimanche 3 d\u00e9cembre de 10h \u00e0 18h.<\/p>\n<p>Entr\u00e9e gratuite<\/p>\n<p>&nbsp;<\/p>\n","protected":false},"excerpt":{"rendered":"<p>Le rendez-vous des gourmets et des gourmands, c\u2019est \u00e0 partir de demain, et jusqu\u2019\u00e0 dimanche,\u00a0 au Centre de Congr\u00e8s Espace [&hellip;]<\/p>\n","protected":false},"author":1,"featured_media":30660,"comment_status":"open","ping_status":"open","sticky":false,"template":"","format":"standard","meta":{"footnotes":""},"categories":[20,24,18],"tags":[],"class_list":["post-30659","post","type-post","status-publish","format-standard","has-post-thumbnail","hentry","category-a-la-une","category-evenements","category-vosges"],"acf":[],"yoast_head":"<!-- This site is optimized with the Yoast SEO plugin v22.5 - https:\/\/yoast.com\/wordpress\/plugins\/seo\/ -->\n<title>20\u00e8me anniversaire pour le Gastrono\u2019Miam - Gerardmer Info<\/title>\n<meta name=\"robots\" content=\"index, follow, max-snippet:-1, max-image-preview:large, max-video-preview:-1\" \/>\n<link rel=\"canonical\" href=\"https:\/\/vosgesinfo.fr\/gerardmerinfo\/2017\/11\/20eme-anniversaire-gastronomiam\/\" \/>\n<meta name=\"twitter:card\" content=\"summary_large_image\" \/>\n<meta name=\"twitter:title\" content=\"20\u00e8me anniversaire pour le Gastrono\u2019Miam - Gerardmer Info\" \/>\n<meta name=\"twitter:description\" content=\"Le rendez-vous des gourmets et des gourmands, c\u2019est \u00e0 partir de demain, et jusqu\u2019\u00e0 dimanche,\u00a0 au Centre de Congr\u00e8s Espace [&hellip;]\" \/>\n<meta name=\"twitter:image\" content=\"https:\/\/vosgesinfo.fr\/app\/uploads\/sites\/6\/2024\/07\/201711gastro2-400x255-1.jpg\" \/>\n<meta name=\"twitter:creator\" content=\"@VosgesInfo88\" \/>\n<meta name=\"twitter:site\" content=\"@VosgesInfo88\" \/>\n<meta name=\"twitter:label1\" content=\"\u00c9crit par\" \/>\n\t<meta name=\"twitter:data1\" content=\"qs_admin\" \/>\n\t<meta name=\"twitter:label2\" content=\"Dur\u00e9e de lecture estim\u00e9e\" \/>\n\t<meta name=\"twitter:data2\" content=\"1 minute\" \/>\n<script type=\"application\/ld+json\" class=\"yoast-schema-graph\">{\"@context\":\"https:\/\/schema.org\",\"@graph\":[{\"@type\":\"Article\",\"@id\":\"https:\/\/vosgesinfo.fr\/gerardmerinfo\/2017\/11\/20eme-anniversaire-gastronomiam\/#article\",\"isPartOf\":{\"@id\":\"https:\/\/vosgesinfo.fr\/gerardmerinfo\/2017\/11\/20eme-anniversaire-gastronomiam\/\"},\"author\":{\"name\":\"qs_admin\",\"@id\":\"https:\/\/vosgesinfo.fr\/gerardmerinfo\/#\/schema\/person\/bc5d02d71e6932e81b6dadb7386667b1\"},\"headline\":\"20\u00e8me anniversaire pour le Gastrono\u2019Miam\",\"datePublished\":\"2017-11-30T15:32:31+00:00\",\"dateModified\":\"2017-11-30T15:32:31+00:00\",\"mainEntityOfPage\":{\"@id\":\"https:\/\/vosgesinfo.fr\/gerardmerinfo\/2017\/11\/20eme-anniversaire-gastronomiam\/\"},\"wordCount\":305,\"commentCount\":0,\"publisher\":{\"@id\":\"https:\/\/vosgesinfo.fr\/gerardmerinfo\/#organization\"},\"image\":{\"@id\":\"https:\/\/vosgesinfo.fr\/gerardmerinfo\/2017\/11\/20eme-anniversaire-gastronomiam\/#primaryimage\"},\"thumbnailUrl\":\"https:\/\/vosgesinfo.fr\/app\/uploads\/sites\/6\/2024\/07\/201711gastro2-400x255-1.jpg\",\"articleSection\":[\"A la une\",\"Ev\u00e8nements\",\"Vosges\"],\"inLanguage\":\"fr-FR\",\"potentialAction\":[{\"@type\":\"CommentAction\",\"name\":\"Comment\",\"target\":[\"https:\/\/vosgesinfo.fr\/gerardmerinfo\/2017\/11\/20eme-anniversaire-gastronomiam\/#respond\"]}]},{\"@type\":\"WebPage\",\"@id\":\"https:\/\/vosgesinfo.fr\/gerardmerinfo\/2017\/11\/20eme-anniversaire-gastronomiam\/\",\"url\":\"https:\/\/vosgesinfo.fr\/gerardmerinfo\/2017\/11\/20eme-anniversaire-gastronomiam\/\",\"name\":\"20\u00e8me anniversaire pour le Gastrono\u2019Miam - Gerardmer Info\",\"isPartOf\":{\"@id\":\"https:\/\/vosgesinfo.fr\/gerardmerinfo\/#website\"},\"primaryImageOfPage\":{\"@id\":\"https:\/\/vosgesinfo.fr\/gerardmerinfo\/2017\/11\/20eme-anniversaire-gastronomiam\/#primaryimage\"},\"image\":{\"@id\":\"https:\/\/vosgesinfo.fr\/gerardmerinfo\/2017\/11\/20eme-anniversaire-gastronomiam\/#primaryimage\"},\"thumbnailUrl\":\"https:\/\/vosgesinfo.fr\/app\/uploads\/sites\/6\/2024\/07\/201711gastro2-400x255-1.jpg\",\"datePublished\":\"2017-11-30T15:32:31+00:00\",\"dateModified\":\"2017-11-30T15:32:31+00:00\",\"breadcrumb\":{\"@id\":\"https:\/\/vosgesinfo.fr\/gerardmerinfo\/2017\/11\/20eme-anniversaire-gastronomiam\/#breadcrumb\"},\"inLanguage\":\"fr-FR\",\"potentialAction\":[{\"@type\":\"ReadAction\",\"target\":[\"https:\/\/vosgesinfo.fr\/gerardmerinfo\/2017\/11\/20eme-anniversaire-gastronomiam\/\"]}]},{\"@type\":\"ImageObject\",\"inLanguage\":\"fr-FR\",\"@id\":\"https:\/\/vosgesinfo.fr\/gerardmerinfo\/2017\/11\/20eme-anniversaire-gastronomiam\/#primaryimage\",\"url\":\"https:\/\/vosgesinfo.fr\/app\/uploads\/sites\/6\/2024\/07\/201711gastro2-400x255-1.jpg\",\"contentUrl\":\"https:\/\/vosgesinfo.fr\/app\/uploads\/sites\/6\/2024\/07\/201711gastro2-400x255-1.jpg\",\"width\":400,\"height\":255},{\"@type\":\"BreadcrumbList\",\"@id\":\"https:\/\/vosgesinfo.fr\/gerardmerinfo\/2017\/11\/20eme-anniversaire-gastronomiam\/#breadcrumb\",\"itemListElement\":[{\"@type\":\"ListItem\",\"position\":1,\"name\":\"Home\",\"item\":\"https:\/\/vosgesinfo.fr\/gerardmerinfo\/\"},{\"@type\":\"ListItem\",\"position\":2,\"name\":\"20\u00e8me anniversaire pour le Gastrono\u2019Miam\"}]},{\"@type\":\"WebSite\",\"@id\":\"https:\/\/vosgesinfo.fr\/gerardmerinfo\/#website\",\"url\":\"https:\/\/vosgesinfo.fr\/gerardmerinfo\/\",\"name\":\"Gerardmer Info\",\"description\":\"Toute l&#039;actualit\u00e9 de G\u00e9rardmer\",\"publisher\":{\"@id\":\"https:\/\/vosgesinfo.fr\/gerardmerinfo\/#organization\"},\"alternateName\":\"Toute l'actualit\u00e9 de G\u00e9rardmer\",\"potentialAction\":[{\"@type\":\"SearchAction\",\"target\":{\"@type\":\"EntryPoint\",\"urlTemplate\":\"https:\/\/vosgesinfo.fr\/gerardmerinfo\/?s={search_term_string}\"},\"query-input\":\"required name=search_term_string\"}],\"inLanguage\":\"fr-FR\"},{\"@type\":\"Organization\",\"@id\":\"https:\/\/vosgesinfo.fr\/gerardmerinfo\/#organization\",\"name\":\"Gerardmer Info\",\"url\":\"https:\/\/vosgesinfo.fr\/gerardmerinfo\/\",\"logo\":{\"@type\":\"ImageObject\",\"inLanguage\":\"fr-FR\",\"@id\":\"https:\/\/vosgesinfo.fr\/gerardmerinfo\/#\/schema\/logo\/image\/\",\"url\":\"https:\/\/vosgesinfo.fr\/app\/uploads\/sites\/6\/2023\/08\/favicon-gerardmerinfo.png\",\"contentUrl\":\"https:\/\/vosgesinfo.fr\/app\/uploads\/sites\/6\/2023\/08\/favicon-gerardmerinfo.png\",\"width\":512,\"height\":512,\"caption\":\"Gerardmer Info\"},\"image\":{\"@id\":\"https:\/\/vosgesinfo.fr\/gerardmerinfo\/#\/schema\/logo\/image\/\"},\"sameAs\":[\"https:\/\/www.facebook.com\/profile.php?id=100049475262660\",\"https:\/\/x.com\/VosgesInfo88\",\"https:\/\/www.youtube.com\/@vosgesinfo\"]},{\"@type\":\"Person\",\"@id\":\"https:\/\/vosgesinfo.fr\/gerardmerinfo\/#\/schema\/person\/bc5d02d71e6932e81b6dadb7386667b1\",\"name\":\"qs_admin\",\"image\":{\"@type\":\"ImageObject\",\"inLanguage\":\"fr-FR\",\"@id\":\"https:\/\/vosgesinfo.fr\/gerardmerinfo\/#\/schema\/person\/image\/\",\"url\":\"https:\/\/secure.gravatar.com\/avatar\/94b18ee0ed79e4a42ea2f2931277b6841a8999fc6fde214600c78057cf1fe1de?s=96&d=mm&r=g\",\"contentUrl\":\"https:\/\/secure.gravatar.com\/avatar\/94b18ee0ed79e4a42ea2f2931277b6841a8999fc6fde214600c78057cf1fe1de?s=96&d=mm&r=g\",\"caption\":\"qs_admin\"},\"sameAs\":[\"https:\/\/vosgesinfo.fr\/wp\"],\"url\":\"https:\/\/vosgesinfo.fr\/gerardmerinfo\/author\/qs_admin\/\"}]}<\/script>\n<!-- \/ Yoast SEO plugin. -->","yoast_head_json":{"title":"20\u00e8me anniversaire pour le Gastrono\u2019Miam - Gerardmer Info","robots":{"index":"index","follow":"follow","max-snippet":"max-snippet:-1","max-image-preview":"max-image-preview:large","max-video-preview":"max-video-preview:-1"},"canonical":"https:\/\/vosgesinfo.fr\/gerardmerinfo\/2017\/11\/20eme-anniversaire-gastronomiam\/","twitter_card":"summary_large_image","twitter_title":"20\u00e8me anniversaire pour le Gastrono\u2019Miam - Gerardmer Info","twitter_description":"Le rendez-vous des gourmets et des gourmands, c\u2019est \u00e0 partir de demain, et jusqu\u2019\u00e0 dimanche,\u00a0 au Centre de Congr\u00e8s Espace [&hellip;]","twitter_image":"https:\/\/vosgesinfo.fr\/app\/uploads\/sites\/6\/2024\/07\/201711gastro2-400x255-1.jpg","twitter_creator":"@VosgesInfo88","twitter_site":"@VosgesInfo88","twitter_misc":{"\u00c9crit par":"qs_admin","Dur\u00e9e de lecture estim\u00e9e":"1 minute"},"schema":{"@context":"https:\/\/schema.org","@graph":[{"@type":"Article","@id":"https:\/\/vosgesinfo.fr\/gerardmerinfo\/2017\/11\/20eme-anniversaire-gastronomiam\/#article","isPartOf":{"@id":"https:\/\/vosgesinfo.fr\/gerardmerinfo\/2017\/11\/20eme-anniversaire-gastronomiam\/"},"author":{"name":"qs_admin","@id":"https:\/\/vosgesinfo.fr\/gerardmerinfo\/#\/schema\/person\/bc5d02d71e6932e81b6dadb7386667b1"},"headline":"20\u00e8me anniversaire pour le Gastrono\u2019Miam","datePublished":"2017-11-30T15:32:31+00:00","dateModified":"2017-11-30T15:32:31+00:00","mainEntityOfPage":{"@id":"https:\/\/vosgesinfo.fr\/gerardmerinfo\/2017\/11\/20eme-anniversaire-gastronomiam\/"},"wordCount":305,"commentCount":0,"publisher":{"@id":"https:\/\/vosgesinfo.fr\/gerardmerinfo\/#organization"},"image":{"@id":"https:\/\/vosgesinfo.fr\/gerardmerinfo\/2017\/11\/20eme-anniversaire-gastronomiam\/#primaryimage"},"thumbnailUrl":"https:\/\/vosgesinfo.fr\/app\/uploads\/sites\/6\/2024\/07\/201711gastro2-400x255-1.jpg","articleSection":["A la une","Ev\u00e8nements","Vosges"],"inLanguage":"fr-FR","potentialAction":[{"@type":"CommentAction","name":"Comment","target":["https:\/\/vosgesinfo.fr\/gerardmerinfo\/2017\/11\/20eme-anniversaire-gastronomiam\/#respond"]}]},{"@type":"WebPage","@id":"https:\/\/vosgesinfo.fr\/gerardmerinfo\/2017\/11\/20eme-anniversaire-gastronomiam\/","url":"https:\/\/vosgesinfo.fr\/gerardmerinfo\/2017\/11\/20eme-anniversaire-gastronomiam\/","name":"20\u00e8me anniversaire pour le Gastrono\u2019Miam - Gerardmer Info","isPartOf":{"@id":"https:\/\/vosgesinfo.fr\/gerardmerinfo\/#website"},"primaryImageOfPage":{"@id":"https:\/\/vosgesinfo.fr\/gerardmerinfo\/2017\/11\/20eme-anniversaire-gastronomiam\/#primaryimage"},"image":{"@id":"https:\/\/vosgesinfo.fr\/gerardmerinfo\/2017\/11\/20eme-anniversaire-gastronomiam\/#primaryimage"},"thumbnailUrl":"https:\/\/vosgesinfo.fr\/app\/uploads\/sites\/6\/2024\/07\/201711gastro2-400x255-1.jpg","datePublished":"2017-11-30T15:32:31+00:00","dateModified":"2017-11-30T15:32:31+00:00","breadcrumb":{"@id":"https:\/\/vosgesinfo.fr\/gerardmerinfo\/2017\/11\/20eme-anniversaire-gastronomiam\/#breadcrumb"},"inLanguage":"fr-FR","potentialAction":[{"@type":"ReadAction","target":["https:\/\/vosgesinfo.fr\/gerardmerinfo\/2017\/11\/20eme-anniversaire-gastronomiam\/"]}]},{"@type":"ImageObject","inLanguage":"fr-FR","@id":"https:\/\/vosgesinfo.fr\/gerardmerinfo\/2017\/11\/20eme-anniversaire-gastronomiam\/#primaryimage","url":"https:\/\/vosgesinfo.fr\/app\/uploads\/sites\/6\/2024\/07\/201711gastro2-400x255-1.jpg","contentUrl":"https:\/\/vosgesinfo.fr\/app\/uploads\/sites\/6\/2024\/07\/201711gastro2-400x255-1.jpg","width":400,"height":255},{"@type":"BreadcrumbList","@id":"https:\/\/vosgesinfo.fr\/gerardmerinfo\/2017\/11\/20eme-anniversaire-gastronomiam\/#breadcrumb","itemListElement":[{"@type":"ListItem","position":1,"name":"Home","item":"https:\/\/vosgesinfo.fr\/gerardmerinfo\/"},{"@type":"ListItem","position":2,"name":"20\u00e8me anniversaire pour le Gastrono\u2019Miam"}]},{"@type":"WebSite","@id":"https:\/\/vosgesinfo.fr\/gerardmerinfo\/#website","url":"https:\/\/vosgesinfo.fr\/gerardmerinfo\/","name":"Gerardmer Info","description":"Toute l&#039;actualit\u00e9 de G\u00e9rardmer","publisher":{"@id":"https:\/\/vosgesinfo.fr\/gerardmerinfo\/#organization"},"alternateName":"Toute l'actualit\u00e9 de G\u00e9rardmer","potentialAction":[{"@type":"SearchAction","target":{"@type":"EntryPoint","urlTemplate":"https:\/\/vosgesinfo.fr\/gerardmerinfo\/?s={search_term_string}"},"query-input":"required name=search_term_string"}],"inLanguage":"fr-FR"},{"@type":"Organization","@id":"https:\/\/vosgesinfo.fr\/gerardmerinfo\/#organization","name":"Gerardmer Info","url":"https:\/\/vosgesinfo.fr\/gerardmerinfo\/","logo":{"@type":"ImageObject","inLanguage":"fr-FR","@id":"https:\/\/vosgesinfo.fr\/gerardmerinfo\/#\/schema\/logo\/image\/","url":"https:\/\/vosgesinfo.fr\/app\/uploads\/sites\/6\/2023\/08\/favicon-gerardmerinfo.png","contentUrl":"https:\/\/vosgesinfo.fr\/app\/uploads\/sites\/6\/2023\/08\/favicon-gerardmerinfo.png","width":512,"height":512,"caption":"Gerardmer Info"},"image":{"@id":"https:\/\/vosgesinfo.fr\/gerardmerinfo\/#\/schema\/logo\/image\/"},"sameAs":["https:\/\/www.facebook.com\/profile.php?id=100049475262660","https:\/\/x.com\/VosgesInfo88","https:\/\/www.youtube.com\/@vosgesinfo"]},{"@type":"Person","@id":"https:\/\/vosgesinfo.fr\/gerardmerinfo\/#\/schema\/person\/bc5d02d71e6932e81b6dadb7386667b1","name":"qs_admin","image":{"@type":"ImageObject","inLanguage":"fr-FR","@id":"https:\/\/vosgesinfo.fr\/gerardmerinfo\/#\/schema\/person\/image\/","url":"https:\/\/secure.gravatar.com\/avatar\/94b18ee0ed79e4a42ea2f2931277b6841a8999fc6fde214600c78057cf1fe1de?s=96&d=mm&r=g","contentUrl":"https:\/\/secure.gravatar.com\/avatar\/94b18ee0ed79e4a42ea2f2931277b6841a8999fc6fde214600c78057cf1fe1de?s=96&d=mm&r=g","caption":"qs_admin"},"sameAs":["https:\/\/vosgesinfo.fr\/wp"],"url":"https:\/\/vosgesinfo.fr\/gerardmerinfo\/author\/qs_admin\/"}]}},"_links":{"self":[{"href":"https:\/\/vosgesinfo.fr\/gerardmerinfo\/wp-json\/wp\/v2\/posts\/30659","targetHints":{"allow":["GET"]}}],"collection":[{"href":"https:\/\/vosgesinfo.fr\/gerardmerinfo\/wp-json\/wp\/v2\/posts"}],"about":[{"href":"https:\/\/vosgesinfo.fr\/gerardmerinfo\/wp-json\/wp\/v2\/types\/post"}],"author":[{"embeddable":true,"href":"https:\/\/vosgesinfo.fr\/gerardmerinfo\/wp-json\/wp\/v2\/users\/1"}],"replies":[{"embeddable":true,"href":"https:\/\/vosgesinfo.fr\/gerardmerinfo\/wp-json\/wp\/v2\/comments?post=30659"}],"version-history":[{"count":0,"href":"https:\/\/vosgesinfo.fr\/gerardmerinfo\/wp-json\/wp\/v2\/posts\/30659\/revisions"}],"wp:featuredmedia":[{"embeddable":true,"href":"https:\/\/vosgesinfo.fr\/gerardmerinfo\/wp-json\/wp\/v2\/media\/30660"}],"wp:attachment":[{"href":"https:\/\/vosgesinfo.fr\/gerardmerinfo\/wp-json\/wp\/v2\/media?parent=30659"}],"wp:term":[{"taxonomy":"category","embeddable":true,"href":"https:\/\/vosgesinfo.fr\/gerardmerinfo\/wp-json\/wp\/v2\/categories?post=30659"},{"taxonomy":"post_tag","embeddable":true,"href":"https:\/\/vosgesinfo.fr\/gerardmerinfo\/wp-json\/wp\/v2\/tags?post=30659"}],"curies":[{"name":"wp","href":"https:\/\/api.w.org\/{rel}","templated":true}]}}