{"id":30665,"date":"2017-12-01T16:58:19","date_gmt":"2017-12-01T15:58:19","guid":{"rendered":"https:\/\/vosgesinfo.fr\/gerardmerinfo\/2017\/12\/fils-danpu-2-ateliers-projet\/"},"modified":"2017-12-01T16:58:19","modified_gmt":"2017-12-01T15:58:19","slug":"fils-danpu-2-ateliers-projet","status":"publish","type":"post","link":"https:\/\/vosgesinfo.fr\/gerardmerinfo\/2017\/12\/fils-danpu-2-ateliers-projet\/","title":{"rendered":"\u00ab\u00a0Les fils d&rsquo;Anpu\u00a0\u00bb : 2 ateliers pour un projet"},"content":{"rendered":"<h2><span style=\"font-size: 14pt;\"><strong><a href=\"\/2017\/12\/atelier-th\u00e9atre-Fils-danpu-la-haie-griselle-3.jpg\"><img decoding=\"async\" class=\"aligncenter size-full wp-image-118704\" src=\"\/2017\/12\/atelier-th\u00e9atre-Fils-danpu-la-haie-griselle-3.jpg\" alt=\"atelier th\u00e9atre Fils d'anpu la haie griselle (3)\" width=\"800\" height=\"450\" \/><\/a>Jeudi soir, l&rsquo;atelier cin\u00e9ma du lyc\u00e9e Chardin avait le plaisir de pr\u00e9senter son tout nouveau film au public \u00e0 l&rsquo;occasion d&rsquo;une projection \u00e0 la MCL avec en pr\u00e9ambule un spectacle de l&rsquo;atelier th\u00e9\u00e2tre du coll\u00e8ge de la Haie Griselle.<\/strong><\/span><\/h2>\n<p>C&rsquo;\u00e9tait en effet le grand soir pour les \u00e9l\u00e8ves de l&rsquo;atelier dirig\u00e9 par l&rsquo;enseignant du lyc\u00e9e Chardin David Demange : l&rsquo;\u00e9quipe livrait enfin le fruit de son travail en p\u00e2ture aux cin\u00e9philes dont un habitu\u00e9 du rendez-vous : notre bon vieux Vano national pr\u00e9sent dans la salle et venu incognito&#8230; Cette ann\u00e9e, deux points \u00e0 retenir concernant \u00ab\u00a0Les fils d&rsquo;Anpu\u00a0\u00bb : cette nouvelle production au titre \u00e9nigmatique est revenue \u00e0 un format court (34 minutes) par rapport \u00e0 ses pr\u00e9d\u00e9cesseurs, le long-m\u00e9trage \u00e9tant un exercice particuli\u00e8rement fastidieux et laborieux. L&rsquo;\u00e9quipe de l&rsquo;atelier avait besoin de souffler un peu et sans doute de privil\u00e9gier d&rsquo;une certaine mani\u00e8re la qualit\u00e9 \u00e0 la quantit\u00e9, mais aussi d&rsquo;avoir encore plus le souci du d\u00e9tail.<\/p>\n<p>L&rsquo;autre point important et c&rsquo;est une nouveaut\u00e9, c&rsquo;est que l&rsquo;atelier cin\u00e9 a pour la premi\u00e8re fois travaill\u00e9 en collaboration avec un autre atelier : l&rsquo;atelier th\u00e9\u00e2tre de la Haie Griselle dirig\u00e9 par Corinne Duflos et Nathalie Picot qui regroupe une douzaine d&rsquo;\u00e9l\u00e8ves \u00e2g\u00e9s de 13 \u00e0 14 ans. Mais comment la connexion a pu se faire entre les deux ? La r\u00e9ponse est simple : par l&rsquo;interm\u00e9diaire d&rsquo;une \u00e9l\u00e8ve du lyc\u00e9e Chardin. En effet, l&rsquo;an dernier, David avait besoin d&rsquo;acteurs plus jeunes pour une sc\u00e8ne de flash-back en ouverture du film. Ancienne coll\u00e9gienne de la Haie Griselle et ancienne \u00e9l\u00e8ve de Corinne Duflot, Manon Duroisin a naturellement eu l&rsquo;id\u00e9e de mettre en contact les deux ateliers. Le r\u00e9sultat de cette initiative, c&rsquo;est que les coll\u00e9giens ont ainsi eu le plaisir de tourner cette fameuse premi\u00e8re sc\u00e8ne.<\/p>\n<p>Une exp\u00e9rience qui les a particuli\u00e8rement enthousiasm\u00e9s, ce qui a donn\u00e9 \u00e0 David Demange l&rsquo;id\u00e9e de leur proposer d&rsquo;aller encore plus loin en organisant le d\u00e9but de la projection du film. L\u2019atelier th\u00e9\u00e2tre a donc mis sur pied, sp\u00e9cialement pour l&rsquo;occasion, un spectacle d\u00e9coup\u00e9 en 5 petites sc\u00e9nettes sur le th\u00e8me d&rsquo;un making of imaginaire du film mettant en vedette un r\u00e9alisateur un brin hyst\u00e9rique. Une des originalit\u00e9s de cette mise en bouche \u00e9tait qu&rsquo;elle mixait tr\u00e8s habilement interpr\u00e9tation vid\u00e9o sur l&rsquo;\u00e9cran de cin\u00e9ma et interpr\u00e9tation th\u00e9\u00e2trale sur sc\u00e8ne. Du grand art, car le timing \u00e9tait quasi parfait ! Ajoutons \u00e0 cela la touche d&rsquo;humour et vous comprendrez que la soir\u00e9e \u00e9tait id\u00e9alement lanc\u00e9e. Par ailleurs, sachez que le film a conquis le public et que l&rsquo;atelier th\u00e9\u00e2tre prolongera vraisemblablement l&rsquo;exp\u00e9rience avec la r\u00e9alisation de petit court-m\u00e9trage&#8230; Affaire \u00e0 suivre, mais c&rsquo;est peut-\u00eatre le d\u00e9but d&rsquo;une nouvelle love story !<\/p>\n<p><a href=\"\/2017\/12\/atelier-th\u00e9atre-Fils-danpu-la-haie-griselle-2.jpg\"><img decoding=\"async\" class=\"aligncenter size-full wp-image-118703\" src=\"\/2017\/12\/atelier-th\u00e9atre-Fils-danpu-la-haie-griselle-2.jpg\" alt=\"atelier th\u00e9atre Fils d'anpu la haie griselle (2)\" width=\"800\" height=\"450\" \/><\/a><\/p>\n","protected":false},"excerpt":{"rendered":"<p>Jeudi soir, l&rsquo;atelier cin\u00e9ma du lyc\u00e9e Chardin avait le plaisir de pr\u00e9senter son tout nouveau film au public \u00e0 l&rsquo;occasion [&hellip;]<\/p>\n","protected":false},"author":42,"featured_media":30666,"comment_status":"open","ping_status":"open","sticky":false,"template":"","format":"standard","meta":{"footnotes":""},"categories":[20,39,4],"tags":[2530,807,3351],"class_list":["post-30665","post","type-post","status-publish","format-standard","has-post-thumbnail","hentry","category-a-la-une","category-cinema","category-culture","tag-atelier-cinema-du-lycee-chardin","tag-atelier-theatre","tag-fils-danpu"],"acf":[],"yoast_head":"<!-- This site is optimized with the Yoast SEO plugin v22.5 - https:\/\/yoast.com\/wordpress\/plugins\/seo\/ -->\n<title>&quot;Les fils d&#039;Anpu&quot; : 2 ateliers pour un projet - Gerardmer Info<\/title>\n<meta name=\"robots\" content=\"index, follow, max-snippet:-1, max-image-preview:large, max-video-preview:-1\" \/>\n<link rel=\"canonical\" href=\"https:\/\/vosgesinfo.fr\/gerardmerinfo\/2017\/12\/fils-danpu-2-ateliers-projet\/\" \/>\n<meta name=\"twitter:card\" content=\"summary_large_image\" \/>\n<meta name=\"twitter:title\" content=\"&quot;Les fils d&#039;Anpu&quot; : 2 ateliers pour un projet - Gerardmer Info\" \/>\n<meta name=\"twitter:description\" content=\"Jeudi soir, l&rsquo;atelier cin\u00e9ma du lyc\u00e9e Chardin avait le plaisir de pr\u00e9senter son tout nouveau film au public \u00e0 l&rsquo;occasion [&hellip;]\" \/>\n<meta name=\"twitter:image\" content=\"https:\/\/vosgesinfo.fr\/app\/uploads\/sites\/6\/2024\/07\/201712atelier-theatre-fils-danpu-la-haie-griselle-1.jpg\" \/>\n<meta name=\"twitter:creator\" content=\"@VosgesInfo88\" \/>\n<meta name=\"twitter:site\" content=\"@VosgesInfo88\" \/>\n<meta name=\"twitter:label1\" content=\"\u00c9crit par\" \/>\n\t<meta name=\"twitter:data1\" content=\"QG\" \/>\n\t<meta name=\"twitter:label2\" content=\"Dur\u00e9e de lecture estim\u00e9e\" \/>\n\t<meta name=\"twitter:data2\" content=\"2 minutes\" \/>\n<script type=\"application\/ld+json\" class=\"yoast-schema-graph\">{\"@context\":\"https:\/\/schema.org\",\"@graph\":[{\"@type\":\"Article\",\"@id\":\"https:\/\/vosgesinfo.fr\/gerardmerinfo\/2017\/12\/fils-danpu-2-ateliers-projet\/#article\",\"isPartOf\":{\"@id\":\"https:\/\/vosgesinfo.fr\/gerardmerinfo\/2017\/12\/fils-danpu-2-ateliers-projet\/\"},\"author\":{\"name\":\"QG\",\"@id\":\"https:\/\/vosgesinfo.fr\/gerardmerinfo\/#\/schema\/person\/db5605779a843dad16b5368f3e7613a5\"},\"headline\":\"\u00ab\u00a0Les fils d&rsquo;Anpu\u00a0\u00bb : 2 ateliers pour un projet\",\"datePublished\":\"2017-12-01T15:58:19+00:00\",\"dateModified\":\"2017-12-01T15:58:19+00:00\",\"mainEntityOfPage\":{\"@id\":\"https:\/\/vosgesinfo.fr\/gerardmerinfo\/2017\/12\/fils-danpu-2-ateliers-projet\/\"},\"wordCount\":532,\"commentCount\":0,\"publisher\":{\"@id\":\"https:\/\/vosgesinfo.fr\/gerardmerinfo\/#organization\"},\"image\":{\"@id\":\"https:\/\/vosgesinfo.fr\/gerardmerinfo\/2017\/12\/fils-danpu-2-ateliers-projet\/#primaryimage\"},\"thumbnailUrl\":\"https:\/\/vosgesinfo.fr\/app\/uploads\/sites\/6\/2024\/07\/201712atelier-theatre-fils-danpu-la-haie-griselle-1.jpg\",\"keywords\":[\"atelier cin\u00e9ma du lyc\u00e9e Chardin\",\"atelier th\u00e9\u00e2tre\",\"fils d'anpu\"],\"articleSection\":[\"A la une\",\"cin\u00e9ma\",\"Culture\"],\"inLanguage\":\"fr-FR\",\"potentialAction\":[{\"@type\":\"CommentAction\",\"name\":\"Comment\",\"target\":[\"https:\/\/vosgesinfo.fr\/gerardmerinfo\/2017\/12\/fils-danpu-2-ateliers-projet\/#respond\"]}]},{\"@type\":\"WebPage\",\"@id\":\"https:\/\/vosgesinfo.fr\/gerardmerinfo\/2017\/12\/fils-danpu-2-ateliers-projet\/\",\"url\":\"https:\/\/vosgesinfo.fr\/gerardmerinfo\/2017\/12\/fils-danpu-2-ateliers-projet\/\",\"name\":\"\\\"Les fils d'Anpu\\\" : 2 ateliers pour un projet - Gerardmer Info\",\"isPartOf\":{\"@id\":\"https:\/\/vosgesinfo.fr\/gerardmerinfo\/#website\"},\"primaryImageOfPage\":{\"@id\":\"https:\/\/vosgesinfo.fr\/gerardmerinfo\/2017\/12\/fils-danpu-2-ateliers-projet\/#primaryimage\"},\"image\":{\"@id\":\"https:\/\/vosgesinfo.fr\/gerardmerinfo\/2017\/12\/fils-danpu-2-ateliers-projet\/#primaryimage\"},\"thumbnailUrl\":\"https:\/\/vosgesinfo.fr\/app\/uploads\/sites\/6\/2024\/07\/201712atelier-theatre-fils-danpu-la-haie-griselle-1.jpg\",\"datePublished\":\"2017-12-01T15:58:19+00:00\",\"dateModified\":\"2017-12-01T15:58:19+00:00\",\"breadcrumb\":{\"@id\":\"https:\/\/vosgesinfo.fr\/gerardmerinfo\/2017\/12\/fils-danpu-2-ateliers-projet\/#breadcrumb\"},\"inLanguage\":\"fr-FR\",\"potentialAction\":[{\"@type\":\"ReadAction\",\"target\":[\"https:\/\/vosgesinfo.fr\/gerardmerinfo\/2017\/12\/fils-danpu-2-ateliers-projet\/\"]}]},{\"@type\":\"ImageObject\",\"inLanguage\":\"fr-FR\",\"@id\":\"https:\/\/vosgesinfo.fr\/gerardmerinfo\/2017\/12\/fils-danpu-2-ateliers-projet\/#primaryimage\",\"url\":\"https:\/\/vosgesinfo.fr\/app\/uploads\/sites\/6\/2024\/07\/201712atelier-theatre-fils-danpu-la-haie-griselle-1.jpg\",\"contentUrl\":\"https:\/\/vosgesinfo.fr\/app\/uploads\/sites\/6\/2024\/07\/201712atelier-theatre-fils-danpu-la-haie-griselle-1.jpg\",\"width\":800,\"height\":450},{\"@type\":\"BreadcrumbList\",\"@id\":\"https:\/\/vosgesinfo.fr\/gerardmerinfo\/2017\/12\/fils-danpu-2-ateliers-projet\/#breadcrumb\",\"itemListElement\":[{\"@type\":\"ListItem\",\"position\":1,\"name\":\"Home\",\"item\":\"https:\/\/vosgesinfo.fr\/gerardmerinfo\/\"},{\"@type\":\"ListItem\",\"position\":2,\"name\":\"\u00ab\u00a0Les fils d&rsquo;Anpu\u00a0\u00bb : 2 ateliers pour un projet\"}]},{\"@type\":\"WebSite\",\"@id\":\"https:\/\/vosgesinfo.fr\/gerardmerinfo\/#website\",\"url\":\"https:\/\/vosgesinfo.fr\/gerardmerinfo\/\",\"name\":\"Gerardmer Info\",\"description\":\"Toute l&#039;actualit\u00e9 de G\u00e9rardmer\",\"publisher\":{\"@id\":\"https:\/\/vosgesinfo.fr\/gerardmerinfo\/#organization\"},\"alternateName\":\"Toute l'actualit\u00e9 de G\u00e9rardmer\",\"potentialAction\":[{\"@type\":\"SearchAction\",\"target\":{\"@type\":\"EntryPoint\",\"urlTemplate\":\"https:\/\/vosgesinfo.fr\/gerardmerinfo\/?s={search_term_string}\"},\"query-input\":\"required name=search_term_string\"}],\"inLanguage\":\"fr-FR\"},{\"@type\":\"Organization\",\"@id\":\"https:\/\/vosgesinfo.fr\/gerardmerinfo\/#organization\",\"name\":\"Gerardmer Info\",\"url\":\"https:\/\/vosgesinfo.fr\/gerardmerinfo\/\",\"logo\":{\"@type\":\"ImageObject\",\"inLanguage\":\"fr-FR\",\"@id\":\"https:\/\/vosgesinfo.fr\/gerardmerinfo\/#\/schema\/logo\/image\/\",\"url\":\"https:\/\/vosgesinfo.fr\/app\/uploads\/sites\/6\/2023\/08\/favicon-gerardmerinfo.png\",\"contentUrl\":\"https:\/\/vosgesinfo.fr\/app\/uploads\/sites\/6\/2023\/08\/favicon-gerardmerinfo.png\",\"width\":512,\"height\":512,\"caption\":\"Gerardmer Info\"},\"image\":{\"@id\":\"https:\/\/vosgesinfo.fr\/gerardmerinfo\/#\/schema\/logo\/image\/\"},\"sameAs\":[\"https:\/\/www.facebook.com\/profile.php?id=100049475262660\",\"https:\/\/x.com\/VosgesInfo88\",\"https:\/\/www.youtube.com\/@vosgesinfo\"]},{\"@type\":\"Person\",\"@id\":\"https:\/\/vosgesinfo.fr\/gerardmerinfo\/#\/schema\/person\/db5605779a843dad16b5368f3e7613a5\",\"name\":\"QG\",\"image\":{\"@type\":\"ImageObject\",\"inLanguage\":\"fr-FR\",\"@id\":\"https:\/\/vosgesinfo.fr\/gerardmerinfo\/#\/schema\/person\/image\/\",\"url\":\"https:\/\/secure.gravatar.com\/avatar\/ea80c42c204b534408512832fde52504ecabb9706bcb6151cf6175e5b64e6793?s=96&d=mm&r=g\",\"contentUrl\":\"https:\/\/secure.gravatar.com\/avatar\/ea80c42c204b534408512832fde52504ecabb9706bcb6151cf6175e5b64e6793?s=96&d=mm&r=g\",\"caption\":\"QG\"},\"url\":\"https:\/\/vosgesinfo.fr\/gerardmerinfo\/author\/quentin88\/\"}]}<\/script>\n<!-- \/ Yoast SEO plugin. -->","yoast_head_json":{"title":"\"Les fils d'Anpu\" : 2 ateliers pour un projet - Gerardmer Info","robots":{"index":"index","follow":"follow","max-snippet":"max-snippet:-1","max-image-preview":"max-image-preview:large","max-video-preview":"max-video-preview:-1"},"canonical":"https:\/\/vosgesinfo.fr\/gerardmerinfo\/2017\/12\/fils-danpu-2-ateliers-projet\/","twitter_card":"summary_large_image","twitter_title":"\"Les fils d'Anpu\" : 2 ateliers pour un projet - Gerardmer Info","twitter_description":"Jeudi soir, l&rsquo;atelier cin\u00e9ma du lyc\u00e9e Chardin avait le plaisir de pr\u00e9senter son tout nouveau film au public \u00e0 l&rsquo;occasion [&hellip;]","twitter_image":"https:\/\/vosgesinfo.fr\/app\/uploads\/sites\/6\/2024\/07\/201712atelier-theatre-fils-danpu-la-haie-griselle-1.jpg","twitter_creator":"@VosgesInfo88","twitter_site":"@VosgesInfo88","twitter_misc":{"\u00c9crit par":"QG","Dur\u00e9e de lecture estim\u00e9e":"2 minutes"},"schema":{"@context":"https:\/\/schema.org","@graph":[{"@type":"Article","@id":"https:\/\/vosgesinfo.fr\/gerardmerinfo\/2017\/12\/fils-danpu-2-ateliers-projet\/#article","isPartOf":{"@id":"https:\/\/vosgesinfo.fr\/gerardmerinfo\/2017\/12\/fils-danpu-2-ateliers-projet\/"},"author":{"name":"QG","@id":"https:\/\/vosgesinfo.fr\/gerardmerinfo\/#\/schema\/person\/db5605779a843dad16b5368f3e7613a5"},"headline":"\u00ab\u00a0Les fils d&rsquo;Anpu\u00a0\u00bb : 2 ateliers pour un projet","datePublished":"2017-12-01T15:58:19+00:00","dateModified":"2017-12-01T15:58:19+00:00","mainEntityOfPage":{"@id":"https:\/\/vosgesinfo.fr\/gerardmerinfo\/2017\/12\/fils-danpu-2-ateliers-projet\/"},"wordCount":532,"commentCount":0,"publisher":{"@id":"https:\/\/vosgesinfo.fr\/gerardmerinfo\/#organization"},"image":{"@id":"https:\/\/vosgesinfo.fr\/gerardmerinfo\/2017\/12\/fils-danpu-2-ateliers-projet\/#primaryimage"},"thumbnailUrl":"https:\/\/vosgesinfo.fr\/app\/uploads\/sites\/6\/2024\/07\/201712atelier-theatre-fils-danpu-la-haie-griselle-1.jpg","keywords":["atelier cin\u00e9ma du lyc\u00e9e Chardin","atelier th\u00e9\u00e2tre","fils d'anpu"],"articleSection":["A la une","cin\u00e9ma","Culture"],"inLanguage":"fr-FR","potentialAction":[{"@type":"CommentAction","name":"Comment","target":["https:\/\/vosgesinfo.fr\/gerardmerinfo\/2017\/12\/fils-danpu-2-ateliers-projet\/#respond"]}]},{"@type":"WebPage","@id":"https:\/\/vosgesinfo.fr\/gerardmerinfo\/2017\/12\/fils-danpu-2-ateliers-projet\/","url":"https:\/\/vosgesinfo.fr\/gerardmerinfo\/2017\/12\/fils-danpu-2-ateliers-projet\/","name":"\"Les fils d'Anpu\" : 2 ateliers pour un projet - Gerardmer Info","isPartOf":{"@id":"https:\/\/vosgesinfo.fr\/gerardmerinfo\/#website"},"primaryImageOfPage":{"@id":"https:\/\/vosgesinfo.fr\/gerardmerinfo\/2017\/12\/fils-danpu-2-ateliers-projet\/#primaryimage"},"image":{"@id":"https:\/\/vosgesinfo.fr\/gerardmerinfo\/2017\/12\/fils-danpu-2-ateliers-projet\/#primaryimage"},"thumbnailUrl":"https:\/\/vosgesinfo.fr\/app\/uploads\/sites\/6\/2024\/07\/201712atelier-theatre-fils-danpu-la-haie-griselle-1.jpg","datePublished":"2017-12-01T15:58:19+00:00","dateModified":"2017-12-01T15:58:19+00:00","breadcrumb":{"@id":"https:\/\/vosgesinfo.fr\/gerardmerinfo\/2017\/12\/fils-danpu-2-ateliers-projet\/#breadcrumb"},"inLanguage":"fr-FR","potentialAction":[{"@type":"ReadAction","target":["https:\/\/vosgesinfo.fr\/gerardmerinfo\/2017\/12\/fils-danpu-2-ateliers-projet\/"]}]},{"@type":"ImageObject","inLanguage":"fr-FR","@id":"https:\/\/vosgesinfo.fr\/gerardmerinfo\/2017\/12\/fils-danpu-2-ateliers-projet\/#primaryimage","url":"https:\/\/vosgesinfo.fr\/app\/uploads\/sites\/6\/2024\/07\/201712atelier-theatre-fils-danpu-la-haie-griselle-1.jpg","contentUrl":"https:\/\/vosgesinfo.fr\/app\/uploads\/sites\/6\/2024\/07\/201712atelier-theatre-fils-danpu-la-haie-griselle-1.jpg","width":800,"height":450},{"@type":"BreadcrumbList","@id":"https:\/\/vosgesinfo.fr\/gerardmerinfo\/2017\/12\/fils-danpu-2-ateliers-projet\/#breadcrumb","itemListElement":[{"@type":"ListItem","position":1,"name":"Home","item":"https:\/\/vosgesinfo.fr\/gerardmerinfo\/"},{"@type":"ListItem","position":2,"name":"\u00ab\u00a0Les fils d&rsquo;Anpu\u00a0\u00bb : 2 ateliers pour un projet"}]},{"@type":"WebSite","@id":"https:\/\/vosgesinfo.fr\/gerardmerinfo\/#website","url":"https:\/\/vosgesinfo.fr\/gerardmerinfo\/","name":"Gerardmer Info","description":"Toute l&#039;actualit\u00e9 de G\u00e9rardmer","publisher":{"@id":"https:\/\/vosgesinfo.fr\/gerardmerinfo\/#organization"},"alternateName":"Toute l'actualit\u00e9 de G\u00e9rardmer","potentialAction":[{"@type":"SearchAction","target":{"@type":"EntryPoint","urlTemplate":"https:\/\/vosgesinfo.fr\/gerardmerinfo\/?s={search_term_string}"},"query-input":"required name=search_term_string"}],"inLanguage":"fr-FR"},{"@type":"Organization","@id":"https:\/\/vosgesinfo.fr\/gerardmerinfo\/#organization","name":"Gerardmer Info","url":"https:\/\/vosgesinfo.fr\/gerardmerinfo\/","logo":{"@type":"ImageObject","inLanguage":"fr-FR","@id":"https:\/\/vosgesinfo.fr\/gerardmerinfo\/#\/schema\/logo\/image\/","url":"https:\/\/vosgesinfo.fr\/app\/uploads\/sites\/6\/2023\/08\/favicon-gerardmerinfo.png","contentUrl":"https:\/\/vosgesinfo.fr\/app\/uploads\/sites\/6\/2023\/08\/favicon-gerardmerinfo.png","width":512,"height":512,"caption":"Gerardmer Info"},"image":{"@id":"https:\/\/vosgesinfo.fr\/gerardmerinfo\/#\/schema\/logo\/image\/"},"sameAs":["https:\/\/www.facebook.com\/profile.php?id=100049475262660","https:\/\/x.com\/VosgesInfo88","https:\/\/www.youtube.com\/@vosgesinfo"]},{"@type":"Person","@id":"https:\/\/vosgesinfo.fr\/gerardmerinfo\/#\/schema\/person\/db5605779a843dad16b5368f3e7613a5","name":"QG","image":{"@type":"ImageObject","inLanguage":"fr-FR","@id":"https:\/\/vosgesinfo.fr\/gerardmerinfo\/#\/schema\/person\/image\/","url":"https:\/\/secure.gravatar.com\/avatar\/ea80c42c204b534408512832fde52504ecabb9706bcb6151cf6175e5b64e6793?s=96&d=mm&r=g","contentUrl":"https:\/\/secure.gravatar.com\/avatar\/ea80c42c204b534408512832fde52504ecabb9706bcb6151cf6175e5b64e6793?s=96&d=mm&r=g","caption":"QG"},"url":"https:\/\/vosgesinfo.fr\/gerardmerinfo\/author\/quentin88\/"}]}},"_links":{"self":[{"href":"https:\/\/vosgesinfo.fr\/gerardmerinfo\/wp-json\/wp\/v2\/posts\/30665","targetHints":{"allow":["GET"]}}],"collection":[{"href":"https:\/\/vosgesinfo.fr\/gerardmerinfo\/wp-json\/wp\/v2\/posts"}],"about":[{"href":"https:\/\/vosgesinfo.fr\/gerardmerinfo\/wp-json\/wp\/v2\/types\/post"}],"author":[{"embeddable":true,"href":"https:\/\/vosgesinfo.fr\/gerardmerinfo\/wp-json\/wp\/v2\/users\/42"}],"replies":[{"embeddable":true,"href":"https:\/\/vosgesinfo.fr\/gerardmerinfo\/wp-json\/wp\/v2\/comments?post=30665"}],"version-history":[{"count":0,"href":"https:\/\/vosgesinfo.fr\/gerardmerinfo\/wp-json\/wp\/v2\/posts\/30665\/revisions"}],"wp:featuredmedia":[{"embeddable":true,"href":"https:\/\/vosgesinfo.fr\/gerardmerinfo\/wp-json\/wp\/v2\/media\/30666"}],"wp:attachment":[{"href":"https:\/\/vosgesinfo.fr\/gerardmerinfo\/wp-json\/wp\/v2\/media?parent=30665"}],"wp:term":[{"taxonomy":"category","embeddable":true,"href":"https:\/\/vosgesinfo.fr\/gerardmerinfo\/wp-json\/wp\/v2\/categories?post=30665"},{"taxonomy":"post_tag","embeddable":true,"href":"https:\/\/vosgesinfo.fr\/gerardmerinfo\/wp-json\/wp\/v2\/tags?post=30665"}],"curies":[{"name":"wp","href":"https:\/\/api.w.org\/{rel}","templated":true}]}}