{"id":30923,"date":"2017-12-13T17:32:33","date_gmt":"2017-12-13T16:32:33","guid":{"rendered":"https:\/\/vosgesinfo.fr\/gerardmerinfo\/2017\/12\/festival-film-fantastique-de-gerardmer-votez-grand-prix-grands-prix\/"},"modified":"2017-12-13T17:32:33","modified_gmt":"2017-12-13T16:32:33","slug":"festival-film-fantastique-de-gerardmer-votez-grand-prix-grands-prix","status":"publish","type":"post","link":"https:\/\/vosgesinfo.fr\/gerardmerinfo\/2017\/12\/festival-film-fantastique-de-gerardmer-votez-grand-prix-grands-prix\/","title":{"rendered":"Festival du Film Fantastique de G\u00e9rardmer : votez pour votre Grand Prix des Grands Prix !"},"content":{"rendered":"<h2 style=\"text-align: center;\"><span style=\"font-size: 14pt;\"><strong>LE GRAND PRIX DES GRANDS PRIX<\/strong><\/span><\/h2>\n<p><a href=\"\/2017\/12\/affiche-festival-2018-G\u00e9rardmer.jpg\"><img decoding=\"async\" class=\"alignright size-medium wp-image-119431\" src=\"\/2017\/12\/affiche-festival-2018-G\u00e9rardmer-191x255.jpg\" alt=\"affiche festival 2018 G\u00e9rardmer\" width=\"191\" height=\"255\" \/><\/a>\u00c0 l\u2019occasion de sa 25e \u00e9dition, le Festival propose au public de d\u00e9cerner le \u00ab Grand Prix des Grands Prix \u00bb parmi les 24 films ayant remport\u00e9 la r\u00e9compense supr\u00eame depuis 1994. \u00c0 partir du 13 d\u00e9cembre sur le site officiel www.festival-gerardmer.com, chacun pourra donc voter pour son Grand Prix pr\u00e9f\u00e9r\u00e9 et le film sera projet\u00e9 lors de l\u2019\u00e9dition 2018.<br \/>\nLes internautes ont jusqu\u2019au 2 janvier 2018 pour s\u2019exprimer.<\/p>\n<p><strong>Les 24 Grands Prix depuis la cr\u00e9ation du festival :<\/strong><br \/>\n2017 GRAVE (Raw) Julia Ducourneau (France &amp; Belgique)<br \/>\n2016 BONE TOMAHAWK S. Craig Zahler (\u00c9tats-Unis)<br \/>\n2015 IT FOLLOWS David Robert Mitchell (\u00c9tats-Unis)<br \/>\n2014 MISS ZOMBIE Sabu (Japon)<br \/>\n2013 MAM\u00c1 Andr\u00e9s Muschietti (Espagne &amp; Canada)<br \/>\n2012 BABYCALL P\u00e5l Sletaune (Norv\u00e8ge)<br \/>\n2011 BEDEVILLED Jang Cheol-soo (Cor\u00e9e du Sud)<br \/>\n2010 THE DOOR (Die T\u00fcr) Anno Saul (Allemagne)<br \/>\n2009 MORSE (Let the Right One In) Tomas Alfredson (Su\u00e8de)<br \/>\n2008 L\u2019ORPHELINAT (El Orfanato) Juan Antonio Bayona (Espagne)<br \/>\n2007 NORWAY OF LIFE (The Bothersome Man \u2013 Den Brysomme Mannen) Jens Lien (Norv\u00e8ge)<br \/>\n2006 ISOLATION Billy O\u2019Brien (Irlande &amp; Royaume-Uni)<br \/>\n2005 TROUBLE Harry Cleven (France &amp; Belgique)<br \/>\n2004 DEUX SOEURS (A Tale of Two Sisters) Kim Jee-woon (Cor\u00e9e du Sud)<br \/>\n2003 DARK WATER Hideo Nakata (Japon)<br \/>\n2002 FAUSTO 5.0 Isidro Ortiz, Carlos Padrissa &amp; Alex Olle (Espagne)<br \/>\n2001 THOMAS EST AMOUREUX Pierre-Paul Renders (Belgique)<br \/>\n2000 HYPNOSE (Stir of Echoes) David Koepp (\u00c9tats-Unis)<br \/>\n1999 CUBE Vincenzo Natali (Canada)<br \/>\n1998 LE LOUP-GAROU DE PARIS (An American Werewolf in Paris) Anthony Waller (Luxembourg)<br \/>\n1997 SCREAM Wes Craven (\u00c9tats-Unis)<br \/>\n1996 LE JOUR DE LA B\u00caTE (El d\u00eda de la bestia) \u00c1lex de la Iglesia (Espagne)<br \/>\n1995 CR\u00c9ATURES C\u00c9LESTES (Heavenly Creatures) Peter Jackson (Nouvelle-Z\u00e9lande)<br \/>\n1994 JIANG HU, BETWEEN LOVE AND GLORY Ronny Yu (Hongkong)<\/p>\n","protected":false},"excerpt":{"rendered":"<p>LE GRAND PRIX DES GRANDS PRIX \u00c0 l\u2019occasion de sa 25e \u00e9dition, le Festival propose au public de d\u00e9cerner le [&hellip;]<\/p>\n","protected":false},"author":42,"featured_media":30924,"comment_status":"open","ping_status":"open","sticky":false,"template":"","format":"standard","meta":{"footnotes":""},"categories":[20,39,4],"tags":[91],"class_list":["post-30923","post","type-post","status-publish","format-standard","has-post-thumbnail","hentry","category-a-la-une","category-cinema","category-culture","tag-festival-du-film-fantastique-gerardmer"],"acf":[],"yoast_head":"<!-- This site is optimized with the Yoast SEO plugin v22.5 - https:\/\/yoast.com\/wordpress\/plugins\/seo\/ -->\n<title>Festival du Film Fantastique de G\u00e9rardmer : votez pour votre Grand Prix des Grands Prix ! - Gerardmer Info<\/title>\n<meta name=\"robots\" content=\"index, follow, max-snippet:-1, max-image-preview:large, max-video-preview:-1\" \/>\n<link rel=\"canonical\" href=\"https:\/\/vosgesinfo.fr\/gerardmerinfo\/2017\/12\/festival-film-fantastique-de-gerardmer-votez-grand-prix-grands-prix\/\" \/>\n<meta name=\"twitter:card\" content=\"summary_large_image\" \/>\n<meta name=\"twitter:title\" content=\"Festival du Film Fantastique de G\u00e9rardmer : votez pour votre Grand Prix des Grands Prix ! - Gerardmer Info\" \/>\n<meta name=\"twitter:description\" content=\"LE GRAND PRIX DES GRANDS PRIX \u00c0 l\u2019occasion de sa 25e \u00e9dition, le Festival propose au public de d\u00e9cerner le [&hellip;]\" \/>\n<meta name=\"twitter:image\" content=\"https:\/\/vosgesinfo.fr\/app\/uploads\/sites\/6\/2024\/07\/201712affiche-festival-2018-gerardmer-1.jpg\" \/>\n<meta name=\"twitter:creator\" content=\"@VosgesInfo88\" \/>\n<meta name=\"twitter:site\" content=\"@VosgesInfo88\" \/>\n<meta name=\"twitter:label1\" content=\"\u00c9crit par\" \/>\n\t<meta name=\"twitter:data1\" content=\"QG\" \/>\n\t<meta name=\"twitter:label2\" content=\"Dur\u00e9e de lecture estim\u00e9e\" \/>\n\t<meta name=\"twitter:data2\" content=\"1 minute\" \/>\n<script type=\"application\/ld+json\" class=\"yoast-schema-graph\">{\"@context\":\"https:\/\/schema.org\",\"@graph\":[{\"@type\":\"Article\",\"@id\":\"https:\/\/vosgesinfo.fr\/gerardmerinfo\/2017\/12\/festival-film-fantastique-de-gerardmer-votez-grand-prix-grands-prix\/#article\",\"isPartOf\":{\"@id\":\"https:\/\/vosgesinfo.fr\/gerardmerinfo\/2017\/12\/festival-film-fantastique-de-gerardmer-votez-grand-prix-grands-prix\/\"},\"author\":{\"name\":\"QG\",\"@id\":\"https:\/\/vosgesinfo.fr\/gerardmerinfo\/#\/schema\/person\/db5605779a843dad16b5368f3e7613a5\"},\"headline\":\"Festival du Film Fantastique de G\u00e9rardmer : votez pour votre Grand Prix des Grands Prix !\",\"datePublished\":\"2017-12-13T16:32:33+00:00\",\"dateModified\":\"2017-12-13T16:32:33+00:00\",\"mainEntityOfPage\":{\"@id\":\"https:\/\/vosgesinfo.fr\/gerardmerinfo\/2017\/12\/festival-film-fantastique-de-gerardmer-votez-grand-prix-grands-prix\/\"},\"wordCount\":292,\"commentCount\":0,\"publisher\":{\"@id\":\"https:\/\/vosgesinfo.fr\/gerardmerinfo\/#organization\"},\"image\":{\"@id\":\"https:\/\/vosgesinfo.fr\/gerardmerinfo\/2017\/12\/festival-film-fantastique-de-gerardmer-votez-grand-prix-grands-prix\/#primaryimage\"},\"thumbnailUrl\":\"https:\/\/vosgesinfo.fr\/app\/uploads\/sites\/6\/2024\/07\/201712affiche-festival-2018-gerardmer-1.jpg\",\"keywords\":[\"festival du film fantastique G\u00e9rardmer\"],\"articleSection\":[\"A la une\",\"cin\u00e9ma\",\"Culture\"],\"inLanguage\":\"fr-FR\",\"potentialAction\":[{\"@type\":\"CommentAction\",\"name\":\"Comment\",\"target\":[\"https:\/\/vosgesinfo.fr\/gerardmerinfo\/2017\/12\/festival-film-fantastique-de-gerardmer-votez-grand-prix-grands-prix\/#respond\"]}]},{\"@type\":\"WebPage\",\"@id\":\"https:\/\/vosgesinfo.fr\/gerardmerinfo\/2017\/12\/festival-film-fantastique-de-gerardmer-votez-grand-prix-grands-prix\/\",\"url\":\"https:\/\/vosgesinfo.fr\/gerardmerinfo\/2017\/12\/festival-film-fantastique-de-gerardmer-votez-grand-prix-grands-prix\/\",\"name\":\"Festival du Film Fantastique de G\u00e9rardmer : votez pour votre Grand Prix des Grands Prix ! - Gerardmer Info\",\"isPartOf\":{\"@id\":\"https:\/\/vosgesinfo.fr\/gerardmerinfo\/#website\"},\"primaryImageOfPage\":{\"@id\":\"https:\/\/vosgesinfo.fr\/gerardmerinfo\/2017\/12\/festival-film-fantastique-de-gerardmer-votez-grand-prix-grands-prix\/#primaryimage\"},\"image\":{\"@id\":\"https:\/\/vosgesinfo.fr\/gerardmerinfo\/2017\/12\/festival-film-fantastique-de-gerardmer-votez-grand-prix-grands-prix\/#primaryimage\"},\"thumbnailUrl\":\"https:\/\/vosgesinfo.fr\/app\/uploads\/sites\/6\/2024\/07\/201712affiche-festival-2018-gerardmer-1.jpg\",\"datePublished\":\"2017-12-13T16:32:33+00:00\",\"dateModified\":\"2017-12-13T16:32:33+00:00\",\"breadcrumb\":{\"@id\":\"https:\/\/vosgesinfo.fr\/gerardmerinfo\/2017\/12\/festival-film-fantastique-de-gerardmer-votez-grand-prix-grands-prix\/#breadcrumb\"},\"inLanguage\":\"fr-FR\",\"potentialAction\":[{\"@type\":\"ReadAction\",\"target\":[\"https:\/\/vosgesinfo.fr\/gerardmerinfo\/2017\/12\/festival-film-fantastique-de-gerardmer-votez-grand-prix-grands-prix\/\"]}]},{\"@type\":\"ImageObject\",\"inLanguage\":\"fr-FR\",\"@id\":\"https:\/\/vosgesinfo.fr\/gerardmerinfo\/2017\/12\/festival-film-fantastique-de-gerardmer-votez-grand-prix-grands-prix\/#primaryimage\",\"url\":\"https:\/\/vosgesinfo.fr\/app\/uploads\/sites\/6\/2024\/07\/201712affiche-festival-2018-gerardmer-1.jpg\",\"contentUrl\":\"https:\/\/vosgesinfo.fr\/app\/uploads\/sites\/6\/2024\/07\/201712affiche-festival-2018-gerardmer-1.jpg\",\"width\":600,\"height\":800},{\"@type\":\"BreadcrumbList\",\"@id\":\"https:\/\/vosgesinfo.fr\/gerardmerinfo\/2017\/12\/festival-film-fantastique-de-gerardmer-votez-grand-prix-grands-prix\/#breadcrumb\",\"itemListElement\":[{\"@type\":\"ListItem\",\"position\":1,\"name\":\"Home\",\"item\":\"https:\/\/vosgesinfo.fr\/gerardmerinfo\/\"},{\"@type\":\"ListItem\",\"position\":2,\"name\":\"Festival du Film Fantastique de G\u00e9rardmer : votez pour votre Grand Prix des Grands Prix !\"}]},{\"@type\":\"WebSite\",\"@id\":\"https:\/\/vosgesinfo.fr\/gerardmerinfo\/#website\",\"url\":\"https:\/\/vosgesinfo.fr\/gerardmerinfo\/\",\"name\":\"Gerardmer Info\",\"description\":\"Toute l&#039;actualit\u00e9 de G\u00e9rardmer\",\"publisher\":{\"@id\":\"https:\/\/vosgesinfo.fr\/gerardmerinfo\/#organization\"},\"alternateName\":\"Toute l'actualit\u00e9 de G\u00e9rardmer\",\"potentialAction\":[{\"@type\":\"SearchAction\",\"target\":{\"@type\":\"EntryPoint\",\"urlTemplate\":\"https:\/\/vosgesinfo.fr\/gerardmerinfo\/?s={search_term_string}\"},\"query-input\":\"required name=search_term_string\"}],\"inLanguage\":\"fr-FR\"},{\"@type\":\"Organization\",\"@id\":\"https:\/\/vosgesinfo.fr\/gerardmerinfo\/#organization\",\"name\":\"Gerardmer Info\",\"url\":\"https:\/\/vosgesinfo.fr\/gerardmerinfo\/\",\"logo\":{\"@type\":\"ImageObject\",\"inLanguage\":\"fr-FR\",\"@id\":\"https:\/\/vosgesinfo.fr\/gerardmerinfo\/#\/schema\/logo\/image\/\",\"url\":\"https:\/\/vosgesinfo.fr\/app\/uploads\/sites\/6\/2023\/08\/favicon-gerardmerinfo.png\",\"contentUrl\":\"https:\/\/vosgesinfo.fr\/app\/uploads\/sites\/6\/2023\/08\/favicon-gerardmerinfo.png\",\"width\":512,\"height\":512,\"caption\":\"Gerardmer Info\"},\"image\":{\"@id\":\"https:\/\/vosgesinfo.fr\/gerardmerinfo\/#\/schema\/logo\/image\/\"},\"sameAs\":[\"https:\/\/www.facebook.com\/profile.php?id=100049475262660\",\"https:\/\/x.com\/VosgesInfo88\",\"https:\/\/www.youtube.com\/@vosgesinfo\"]},{\"@type\":\"Person\",\"@id\":\"https:\/\/vosgesinfo.fr\/gerardmerinfo\/#\/schema\/person\/db5605779a843dad16b5368f3e7613a5\",\"name\":\"QG\",\"image\":{\"@type\":\"ImageObject\",\"inLanguage\":\"fr-FR\",\"@id\":\"https:\/\/vosgesinfo.fr\/gerardmerinfo\/#\/schema\/person\/image\/\",\"url\":\"https:\/\/secure.gravatar.com\/avatar\/ea80c42c204b534408512832fde52504ecabb9706bcb6151cf6175e5b64e6793?s=96&d=mm&r=g\",\"contentUrl\":\"https:\/\/secure.gravatar.com\/avatar\/ea80c42c204b534408512832fde52504ecabb9706bcb6151cf6175e5b64e6793?s=96&d=mm&r=g\",\"caption\":\"QG\"},\"url\":\"https:\/\/vosgesinfo.fr\/gerardmerinfo\/author\/quentin88\/\"}]}<\/script>\n<!-- \/ Yoast SEO plugin. -->","yoast_head_json":{"title":"Festival du Film Fantastique de G\u00e9rardmer : votez pour votre Grand Prix des Grands Prix ! - Gerardmer Info","robots":{"index":"index","follow":"follow","max-snippet":"max-snippet:-1","max-image-preview":"max-image-preview:large","max-video-preview":"max-video-preview:-1"},"canonical":"https:\/\/vosgesinfo.fr\/gerardmerinfo\/2017\/12\/festival-film-fantastique-de-gerardmer-votez-grand-prix-grands-prix\/","twitter_card":"summary_large_image","twitter_title":"Festival du Film Fantastique de G\u00e9rardmer : votez pour votre Grand Prix des Grands Prix ! - Gerardmer Info","twitter_description":"LE GRAND PRIX DES GRANDS PRIX \u00c0 l\u2019occasion de sa 25e \u00e9dition, le Festival propose au public de d\u00e9cerner le [&hellip;]","twitter_image":"https:\/\/vosgesinfo.fr\/app\/uploads\/sites\/6\/2024\/07\/201712affiche-festival-2018-gerardmer-1.jpg","twitter_creator":"@VosgesInfo88","twitter_site":"@VosgesInfo88","twitter_misc":{"\u00c9crit par":"QG","Dur\u00e9e de lecture estim\u00e9e":"1 minute"},"schema":{"@context":"https:\/\/schema.org","@graph":[{"@type":"Article","@id":"https:\/\/vosgesinfo.fr\/gerardmerinfo\/2017\/12\/festival-film-fantastique-de-gerardmer-votez-grand-prix-grands-prix\/#article","isPartOf":{"@id":"https:\/\/vosgesinfo.fr\/gerardmerinfo\/2017\/12\/festival-film-fantastique-de-gerardmer-votez-grand-prix-grands-prix\/"},"author":{"name":"QG","@id":"https:\/\/vosgesinfo.fr\/gerardmerinfo\/#\/schema\/person\/db5605779a843dad16b5368f3e7613a5"},"headline":"Festival du Film Fantastique de G\u00e9rardmer : votez pour votre Grand Prix des Grands Prix !","datePublished":"2017-12-13T16:32:33+00:00","dateModified":"2017-12-13T16:32:33+00:00","mainEntityOfPage":{"@id":"https:\/\/vosgesinfo.fr\/gerardmerinfo\/2017\/12\/festival-film-fantastique-de-gerardmer-votez-grand-prix-grands-prix\/"},"wordCount":292,"commentCount":0,"publisher":{"@id":"https:\/\/vosgesinfo.fr\/gerardmerinfo\/#organization"},"image":{"@id":"https:\/\/vosgesinfo.fr\/gerardmerinfo\/2017\/12\/festival-film-fantastique-de-gerardmer-votez-grand-prix-grands-prix\/#primaryimage"},"thumbnailUrl":"https:\/\/vosgesinfo.fr\/app\/uploads\/sites\/6\/2024\/07\/201712affiche-festival-2018-gerardmer-1.jpg","keywords":["festival du film fantastique G\u00e9rardmer"],"articleSection":["A la une","cin\u00e9ma","Culture"],"inLanguage":"fr-FR","potentialAction":[{"@type":"CommentAction","name":"Comment","target":["https:\/\/vosgesinfo.fr\/gerardmerinfo\/2017\/12\/festival-film-fantastique-de-gerardmer-votez-grand-prix-grands-prix\/#respond"]}]},{"@type":"WebPage","@id":"https:\/\/vosgesinfo.fr\/gerardmerinfo\/2017\/12\/festival-film-fantastique-de-gerardmer-votez-grand-prix-grands-prix\/","url":"https:\/\/vosgesinfo.fr\/gerardmerinfo\/2017\/12\/festival-film-fantastique-de-gerardmer-votez-grand-prix-grands-prix\/","name":"Festival du Film Fantastique de G\u00e9rardmer : votez pour votre Grand Prix des Grands Prix ! - Gerardmer Info","isPartOf":{"@id":"https:\/\/vosgesinfo.fr\/gerardmerinfo\/#website"},"primaryImageOfPage":{"@id":"https:\/\/vosgesinfo.fr\/gerardmerinfo\/2017\/12\/festival-film-fantastique-de-gerardmer-votez-grand-prix-grands-prix\/#primaryimage"},"image":{"@id":"https:\/\/vosgesinfo.fr\/gerardmerinfo\/2017\/12\/festival-film-fantastique-de-gerardmer-votez-grand-prix-grands-prix\/#primaryimage"},"thumbnailUrl":"https:\/\/vosgesinfo.fr\/app\/uploads\/sites\/6\/2024\/07\/201712affiche-festival-2018-gerardmer-1.jpg","datePublished":"2017-12-13T16:32:33+00:00","dateModified":"2017-12-13T16:32:33+00:00","breadcrumb":{"@id":"https:\/\/vosgesinfo.fr\/gerardmerinfo\/2017\/12\/festival-film-fantastique-de-gerardmer-votez-grand-prix-grands-prix\/#breadcrumb"},"inLanguage":"fr-FR","potentialAction":[{"@type":"ReadAction","target":["https:\/\/vosgesinfo.fr\/gerardmerinfo\/2017\/12\/festival-film-fantastique-de-gerardmer-votez-grand-prix-grands-prix\/"]}]},{"@type":"ImageObject","inLanguage":"fr-FR","@id":"https:\/\/vosgesinfo.fr\/gerardmerinfo\/2017\/12\/festival-film-fantastique-de-gerardmer-votez-grand-prix-grands-prix\/#primaryimage","url":"https:\/\/vosgesinfo.fr\/app\/uploads\/sites\/6\/2024\/07\/201712affiche-festival-2018-gerardmer-1.jpg","contentUrl":"https:\/\/vosgesinfo.fr\/app\/uploads\/sites\/6\/2024\/07\/201712affiche-festival-2018-gerardmer-1.jpg","width":600,"height":800},{"@type":"BreadcrumbList","@id":"https:\/\/vosgesinfo.fr\/gerardmerinfo\/2017\/12\/festival-film-fantastique-de-gerardmer-votez-grand-prix-grands-prix\/#breadcrumb","itemListElement":[{"@type":"ListItem","position":1,"name":"Home","item":"https:\/\/vosgesinfo.fr\/gerardmerinfo\/"},{"@type":"ListItem","position":2,"name":"Festival du Film Fantastique de G\u00e9rardmer : votez pour votre Grand Prix des Grands Prix !"}]},{"@type":"WebSite","@id":"https:\/\/vosgesinfo.fr\/gerardmerinfo\/#website","url":"https:\/\/vosgesinfo.fr\/gerardmerinfo\/","name":"Gerardmer Info","description":"Toute l&#039;actualit\u00e9 de G\u00e9rardmer","publisher":{"@id":"https:\/\/vosgesinfo.fr\/gerardmerinfo\/#organization"},"alternateName":"Toute l'actualit\u00e9 de G\u00e9rardmer","potentialAction":[{"@type":"SearchAction","target":{"@type":"EntryPoint","urlTemplate":"https:\/\/vosgesinfo.fr\/gerardmerinfo\/?s={search_term_string}"},"query-input":"required name=search_term_string"}],"inLanguage":"fr-FR"},{"@type":"Organization","@id":"https:\/\/vosgesinfo.fr\/gerardmerinfo\/#organization","name":"Gerardmer Info","url":"https:\/\/vosgesinfo.fr\/gerardmerinfo\/","logo":{"@type":"ImageObject","inLanguage":"fr-FR","@id":"https:\/\/vosgesinfo.fr\/gerardmerinfo\/#\/schema\/logo\/image\/","url":"https:\/\/vosgesinfo.fr\/app\/uploads\/sites\/6\/2023\/08\/favicon-gerardmerinfo.png","contentUrl":"https:\/\/vosgesinfo.fr\/app\/uploads\/sites\/6\/2023\/08\/favicon-gerardmerinfo.png","width":512,"height":512,"caption":"Gerardmer Info"},"image":{"@id":"https:\/\/vosgesinfo.fr\/gerardmerinfo\/#\/schema\/logo\/image\/"},"sameAs":["https:\/\/www.facebook.com\/profile.php?id=100049475262660","https:\/\/x.com\/VosgesInfo88","https:\/\/www.youtube.com\/@vosgesinfo"]},{"@type":"Person","@id":"https:\/\/vosgesinfo.fr\/gerardmerinfo\/#\/schema\/person\/db5605779a843dad16b5368f3e7613a5","name":"QG","image":{"@type":"ImageObject","inLanguage":"fr-FR","@id":"https:\/\/vosgesinfo.fr\/gerardmerinfo\/#\/schema\/person\/image\/","url":"https:\/\/secure.gravatar.com\/avatar\/ea80c42c204b534408512832fde52504ecabb9706bcb6151cf6175e5b64e6793?s=96&d=mm&r=g","contentUrl":"https:\/\/secure.gravatar.com\/avatar\/ea80c42c204b534408512832fde52504ecabb9706bcb6151cf6175e5b64e6793?s=96&d=mm&r=g","caption":"QG"},"url":"https:\/\/vosgesinfo.fr\/gerardmerinfo\/author\/quentin88\/"}]}},"_links":{"self":[{"href":"https:\/\/vosgesinfo.fr\/gerardmerinfo\/wp-json\/wp\/v2\/posts\/30923","targetHints":{"allow":["GET"]}}],"collection":[{"href":"https:\/\/vosgesinfo.fr\/gerardmerinfo\/wp-json\/wp\/v2\/posts"}],"about":[{"href":"https:\/\/vosgesinfo.fr\/gerardmerinfo\/wp-json\/wp\/v2\/types\/post"}],"author":[{"embeddable":true,"href":"https:\/\/vosgesinfo.fr\/gerardmerinfo\/wp-json\/wp\/v2\/users\/42"}],"replies":[{"embeddable":true,"href":"https:\/\/vosgesinfo.fr\/gerardmerinfo\/wp-json\/wp\/v2\/comments?post=30923"}],"version-history":[{"count":0,"href":"https:\/\/vosgesinfo.fr\/gerardmerinfo\/wp-json\/wp\/v2\/posts\/30923\/revisions"}],"wp:featuredmedia":[{"embeddable":true,"href":"https:\/\/vosgesinfo.fr\/gerardmerinfo\/wp-json\/wp\/v2\/media\/30924"}],"wp:attachment":[{"href":"https:\/\/vosgesinfo.fr\/gerardmerinfo\/wp-json\/wp\/v2\/media?parent=30923"}],"wp:term":[{"taxonomy":"category","embeddable":true,"href":"https:\/\/vosgesinfo.fr\/gerardmerinfo\/wp-json\/wp\/v2\/categories?post=30923"},{"taxonomy":"post_tag","embeddable":true,"href":"https:\/\/vosgesinfo.fr\/gerardmerinfo\/wp-json\/wp\/v2\/tags?post=30923"}],"curies":[{"name":"wp","href":"https:\/\/api.w.org\/{rel}","templated":true}]}}