{"id":31052,"date":"2017-12-23T09:01:33","date_gmt":"2017-12-23T08:01:33","guid":{"rendered":"https:\/\/vosgesinfo.fr\/gerardmerinfo\/2017\/12\/2-stars-skate-a-gerardmer-nouveau-documentaire-de-latelier-video-ado\/"},"modified":"2017-12-23T09:01:33","modified_gmt":"2017-12-23T08:01:33","slug":"2-stars-skate-a-gerardmer-nouveau-documentaire-de-latelier-video-ado","status":"publish","type":"post","link":"https:\/\/vosgesinfo.fr\/gerardmerinfo\/2017\/12\/2-stars-skate-a-gerardmer-nouveau-documentaire-de-latelier-video-ado\/","title":{"rendered":"2 stars du skate \u00e0 G\u00e9rardmer : le nouveau documentaire de l&rsquo;atelier vid\u00e9o-ado"},"content":{"rendered":"<p><iframe loading=\"lazy\" src=\"\/\/www.youtube.com\/embed\/lkVafNTr140\" width=\"425\" height=\"350\" allowfullscreen=\"allowfullscreen\"><\/iframe><\/p>\n<p>L&rsquo;atelier vid\u00e9o pour ados de la MCL vient de produire un nouveau film et il s&rsquo;agit d&rsquo;un documentaire cette fois, ou plut\u00f4t d&rsquo;un reportage sur le skate \u00e0 G\u00e9rardmer. On y d\u00e9couvre l&rsquo;opinion du chaland sur ce sport qui se pratique dans notre bonne vieille ville \u00e0 un niveau international gr\u00e2ce aux deux stars local : Mickael et Jason.<\/p>\n<p>Ce reportage\u00a0 a \u00e9t\u00e9 r\u00e9alis\u00e9 par Olivier, Xu\u00e2n, Corwin, Ya\u00ebl, Lucine et Agathe dans le cadre de l&rsquo;atelier vid\u00e9o-ado de la MCL.<\/p>\n<p>URL : <a id=\"LPlnk27238\" class=\"x_OWAAutoLink\" href=\"https:\/\/www.youtube.com\/watch?v=lkVafNTr140\" target=\"_blank\" rel=\"noopener noreferrer\">https:\/\/www.youtube.com\/watch?v=lkVafNTr140<\/a><\/p>\n","protected":false},"excerpt":{"rendered":"<p>L&rsquo;atelier vid\u00e9o pour ados de la MCL vient de produire un nouveau film et il s&rsquo;agit d&rsquo;un documentaire cette fois, [&hellip;]<\/p>\n","protected":false},"author":42,"featured_media":31053,"comment_status":"open","ping_status":"open","sticky":false,"template":"","format":"standard","meta":{"footnotes":""},"categories":[20,4],"tags":[],"class_list":["post-31052","post","type-post","status-publish","format-standard","has-post-thumbnail","hentry","category-a-la-une","category-culture"],"acf":[],"yoast_head":"<!-- This site is optimized with the Yoast SEO plugin v22.5 - https:\/\/yoast.com\/wordpress\/plugins\/seo\/ -->\n<title>2 stars du skate \u00e0 G\u00e9rardmer : le nouveau documentaire de l&#039;atelier vid\u00e9o-ado - Gerardmer Info<\/title>\n<meta name=\"robots\" content=\"index, follow, max-snippet:-1, max-image-preview:large, max-video-preview:-1\" \/>\n<link rel=\"canonical\" href=\"https:\/\/vosgesinfo.fr\/gerardmerinfo\/2017\/12\/2-stars-skate-a-gerardmer-nouveau-documentaire-de-latelier-video-ado\/\" \/>\n<meta name=\"twitter:card\" content=\"summary_large_image\" \/>\n<meta name=\"twitter:title\" content=\"2 stars du skate \u00e0 G\u00e9rardmer : le nouveau documentaire de l&#039;atelier vid\u00e9o-ado - Gerardmer Info\" \/>\n<meta name=\"twitter:description\" content=\"L&rsquo;atelier vid\u00e9o pour ados de la MCL vient de produire un nouveau film et il s&rsquo;agit d&rsquo;un documentaire cette fois, [&hellip;]\" \/>\n<meta name=\"twitter:image\" content=\"https:\/\/vosgesinfo.fr\/app\/uploads\/sites\/6\/2024\/07\/201712screenshot-2017-12-21-1-skate-from-gerardmer-youtube1.png\" \/>\n<meta name=\"twitter:creator\" content=\"@VosgesInfo88\" \/>\n<meta name=\"twitter:site\" content=\"@VosgesInfo88\" \/>\n<meta name=\"twitter:label1\" content=\"\u00c9crit par\" \/>\n\t<meta name=\"twitter:data1\" content=\"QG\" \/>\n<script type=\"application\/ld+json\" class=\"yoast-schema-graph\">{\"@context\":\"https:\/\/schema.org\",\"@graph\":[{\"@type\":\"Article\",\"@id\":\"https:\/\/vosgesinfo.fr\/gerardmerinfo\/2017\/12\/2-stars-skate-a-gerardmer-nouveau-documentaire-de-latelier-video-ado\/#article\",\"isPartOf\":{\"@id\":\"https:\/\/vosgesinfo.fr\/gerardmerinfo\/2017\/12\/2-stars-skate-a-gerardmer-nouveau-documentaire-de-latelier-video-ado\/\"},\"author\":{\"name\":\"QG\",\"@id\":\"https:\/\/vosgesinfo.fr\/gerardmerinfo\/#\/schema\/person\/db5605779a843dad16b5368f3e7613a5\"},\"headline\":\"2 stars du skate \u00e0 G\u00e9rardmer : le nouveau documentaire de l&rsquo;atelier vid\u00e9o-ado\",\"datePublished\":\"2017-12-23T08:01:33+00:00\",\"dateModified\":\"2017-12-23T08:01:33+00:00\",\"mainEntityOfPage\":{\"@id\":\"https:\/\/vosgesinfo.fr\/gerardmerinfo\/2017\/12\/2-stars-skate-a-gerardmer-nouveau-documentaire-de-latelier-video-ado\/\"},\"wordCount\":114,\"commentCount\":0,\"publisher\":{\"@id\":\"https:\/\/vosgesinfo.fr\/gerardmerinfo\/#organization\"},\"image\":{\"@id\":\"https:\/\/vosgesinfo.fr\/gerardmerinfo\/2017\/12\/2-stars-skate-a-gerardmer-nouveau-documentaire-de-latelier-video-ado\/#primaryimage\"},\"thumbnailUrl\":\"https:\/\/vosgesinfo.fr\/app\/uploads\/sites\/6\/2024\/07\/201712screenshot-2017-12-21-1-skate-from-gerardmer-youtube1.png\",\"articleSection\":[\"A la une\",\"Culture\"],\"inLanguage\":\"fr-FR\",\"potentialAction\":[{\"@type\":\"CommentAction\",\"name\":\"Comment\",\"target\":[\"https:\/\/vosgesinfo.fr\/gerardmerinfo\/2017\/12\/2-stars-skate-a-gerardmer-nouveau-documentaire-de-latelier-video-ado\/#respond\"]}]},{\"@type\":\"WebPage\",\"@id\":\"https:\/\/vosgesinfo.fr\/gerardmerinfo\/2017\/12\/2-stars-skate-a-gerardmer-nouveau-documentaire-de-latelier-video-ado\/\",\"url\":\"https:\/\/vosgesinfo.fr\/gerardmerinfo\/2017\/12\/2-stars-skate-a-gerardmer-nouveau-documentaire-de-latelier-video-ado\/\",\"name\":\"2 stars du skate \u00e0 G\u00e9rardmer : le nouveau documentaire de l'atelier vid\u00e9o-ado - Gerardmer Info\",\"isPartOf\":{\"@id\":\"https:\/\/vosgesinfo.fr\/gerardmerinfo\/#website\"},\"primaryImageOfPage\":{\"@id\":\"https:\/\/vosgesinfo.fr\/gerardmerinfo\/2017\/12\/2-stars-skate-a-gerardmer-nouveau-documentaire-de-latelier-video-ado\/#primaryimage\"},\"image\":{\"@id\":\"https:\/\/vosgesinfo.fr\/gerardmerinfo\/2017\/12\/2-stars-skate-a-gerardmer-nouveau-documentaire-de-latelier-video-ado\/#primaryimage\"},\"thumbnailUrl\":\"https:\/\/vosgesinfo.fr\/app\/uploads\/sites\/6\/2024\/07\/201712screenshot-2017-12-21-1-skate-from-gerardmer-youtube1.png\",\"datePublished\":\"2017-12-23T08:01:33+00:00\",\"dateModified\":\"2017-12-23T08:01:33+00:00\",\"breadcrumb\":{\"@id\":\"https:\/\/vosgesinfo.fr\/gerardmerinfo\/2017\/12\/2-stars-skate-a-gerardmer-nouveau-documentaire-de-latelier-video-ado\/#breadcrumb\"},\"inLanguage\":\"fr-FR\",\"potentialAction\":[{\"@type\":\"ReadAction\",\"target\":[\"https:\/\/vosgesinfo.fr\/gerardmerinfo\/2017\/12\/2-stars-skate-a-gerardmer-nouveau-documentaire-de-latelier-video-ado\/\"]}]},{\"@type\":\"ImageObject\",\"inLanguage\":\"fr-FR\",\"@id\":\"https:\/\/vosgesinfo.fr\/gerardmerinfo\/2017\/12\/2-stars-skate-a-gerardmer-nouveau-documentaire-de-latelier-video-ado\/#primaryimage\",\"url\":\"https:\/\/vosgesinfo.fr\/app\/uploads\/sites\/6\/2024\/07\/201712screenshot-2017-12-21-1-skate-from-gerardmer-youtube1.png\",\"contentUrl\":\"https:\/\/vosgesinfo.fr\/app\/uploads\/sites\/6\/2024\/07\/201712screenshot-2017-12-21-1-skate-from-gerardmer-youtube1.png\",\"width\":800,\"height\":450},{\"@type\":\"BreadcrumbList\",\"@id\":\"https:\/\/vosgesinfo.fr\/gerardmerinfo\/2017\/12\/2-stars-skate-a-gerardmer-nouveau-documentaire-de-latelier-video-ado\/#breadcrumb\",\"itemListElement\":[{\"@type\":\"ListItem\",\"position\":1,\"name\":\"Home\",\"item\":\"https:\/\/vosgesinfo.fr\/gerardmerinfo\/\"},{\"@type\":\"ListItem\",\"position\":2,\"name\":\"2 stars du skate \u00e0 G\u00e9rardmer : le nouveau documentaire de l&rsquo;atelier vid\u00e9o-ado\"}]},{\"@type\":\"WebSite\",\"@id\":\"https:\/\/vosgesinfo.fr\/gerardmerinfo\/#website\",\"url\":\"https:\/\/vosgesinfo.fr\/gerardmerinfo\/\",\"name\":\"Gerardmer Info\",\"description\":\"Toute l&#039;actualit\u00e9 de G\u00e9rardmer\",\"publisher\":{\"@id\":\"https:\/\/vosgesinfo.fr\/gerardmerinfo\/#organization\"},\"alternateName\":\"Toute l'actualit\u00e9 de G\u00e9rardmer\",\"potentialAction\":[{\"@type\":\"SearchAction\",\"target\":{\"@type\":\"EntryPoint\",\"urlTemplate\":\"https:\/\/vosgesinfo.fr\/gerardmerinfo\/?s={search_term_string}\"},\"query-input\":\"required name=search_term_string\"}],\"inLanguage\":\"fr-FR\"},{\"@type\":\"Organization\",\"@id\":\"https:\/\/vosgesinfo.fr\/gerardmerinfo\/#organization\",\"name\":\"Gerardmer Info\",\"url\":\"https:\/\/vosgesinfo.fr\/gerardmerinfo\/\",\"logo\":{\"@type\":\"ImageObject\",\"inLanguage\":\"fr-FR\",\"@id\":\"https:\/\/vosgesinfo.fr\/gerardmerinfo\/#\/schema\/logo\/image\/\",\"url\":\"https:\/\/vosgesinfo.fr\/app\/uploads\/sites\/6\/2023\/08\/favicon-gerardmerinfo.png\",\"contentUrl\":\"https:\/\/vosgesinfo.fr\/app\/uploads\/sites\/6\/2023\/08\/favicon-gerardmerinfo.png\",\"width\":512,\"height\":512,\"caption\":\"Gerardmer Info\"},\"image\":{\"@id\":\"https:\/\/vosgesinfo.fr\/gerardmerinfo\/#\/schema\/logo\/image\/\"},\"sameAs\":[\"https:\/\/www.facebook.com\/profile.php?id=100049475262660\",\"https:\/\/x.com\/VosgesInfo88\",\"https:\/\/www.youtube.com\/@vosgesinfo\"]},{\"@type\":\"Person\",\"@id\":\"https:\/\/vosgesinfo.fr\/gerardmerinfo\/#\/schema\/person\/db5605779a843dad16b5368f3e7613a5\",\"name\":\"QG\",\"image\":{\"@type\":\"ImageObject\",\"inLanguage\":\"fr-FR\",\"@id\":\"https:\/\/vosgesinfo.fr\/gerardmerinfo\/#\/schema\/person\/image\/\",\"url\":\"https:\/\/secure.gravatar.com\/avatar\/ea80c42c204b534408512832fde52504ecabb9706bcb6151cf6175e5b64e6793?s=96&d=mm&r=g\",\"contentUrl\":\"https:\/\/secure.gravatar.com\/avatar\/ea80c42c204b534408512832fde52504ecabb9706bcb6151cf6175e5b64e6793?s=96&d=mm&r=g\",\"caption\":\"QG\"},\"url\":\"https:\/\/vosgesinfo.fr\/gerardmerinfo\/author\/quentin88\/\"}]}<\/script>\n<!-- \/ Yoast SEO plugin. -->","yoast_head_json":{"title":"2 stars du skate \u00e0 G\u00e9rardmer : le nouveau documentaire de l'atelier vid\u00e9o-ado - Gerardmer Info","robots":{"index":"index","follow":"follow","max-snippet":"max-snippet:-1","max-image-preview":"max-image-preview:large","max-video-preview":"max-video-preview:-1"},"canonical":"https:\/\/vosgesinfo.fr\/gerardmerinfo\/2017\/12\/2-stars-skate-a-gerardmer-nouveau-documentaire-de-latelier-video-ado\/","twitter_card":"summary_large_image","twitter_title":"2 stars du skate \u00e0 G\u00e9rardmer : le nouveau documentaire de l'atelier vid\u00e9o-ado - Gerardmer Info","twitter_description":"L&rsquo;atelier vid\u00e9o pour ados de la MCL vient de produire un nouveau film et il s&rsquo;agit d&rsquo;un documentaire cette fois, [&hellip;]","twitter_image":"https:\/\/vosgesinfo.fr\/app\/uploads\/sites\/6\/2024\/07\/201712screenshot-2017-12-21-1-skate-from-gerardmer-youtube1.png","twitter_creator":"@VosgesInfo88","twitter_site":"@VosgesInfo88","twitter_misc":{"\u00c9crit par":"QG"},"schema":{"@context":"https:\/\/schema.org","@graph":[{"@type":"Article","@id":"https:\/\/vosgesinfo.fr\/gerardmerinfo\/2017\/12\/2-stars-skate-a-gerardmer-nouveau-documentaire-de-latelier-video-ado\/#article","isPartOf":{"@id":"https:\/\/vosgesinfo.fr\/gerardmerinfo\/2017\/12\/2-stars-skate-a-gerardmer-nouveau-documentaire-de-latelier-video-ado\/"},"author":{"name":"QG","@id":"https:\/\/vosgesinfo.fr\/gerardmerinfo\/#\/schema\/person\/db5605779a843dad16b5368f3e7613a5"},"headline":"2 stars du skate \u00e0 G\u00e9rardmer : le nouveau documentaire de l&rsquo;atelier vid\u00e9o-ado","datePublished":"2017-12-23T08:01:33+00:00","dateModified":"2017-12-23T08:01:33+00:00","mainEntityOfPage":{"@id":"https:\/\/vosgesinfo.fr\/gerardmerinfo\/2017\/12\/2-stars-skate-a-gerardmer-nouveau-documentaire-de-latelier-video-ado\/"},"wordCount":114,"commentCount":0,"publisher":{"@id":"https:\/\/vosgesinfo.fr\/gerardmerinfo\/#organization"},"image":{"@id":"https:\/\/vosgesinfo.fr\/gerardmerinfo\/2017\/12\/2-stars-skate-a-gerardmer-nouveau-documentaire-de-latelier-video-ado\/#primaryimage"},"thumbnailUrl":"https:\/\/vosgesinfo.fr\/app\/uploads\/sites\/6\/2024\/07\/201712screenshot-2017-12-21-1-skate-from-gerardmer-youtube1.png","articleSection":["A la une","Culture"],"inLanguage":"fr-FR","potentialAction":[{"@type":"CommentAction","name":"Comment","target":["https:\/\/vosgesinfo.fr\/gerardmerinfo\/2017\/12\/2-stars-skate-a-gerardmer-nouveau-documentaire-de-latelier-video-ado\/#respond"]}]},{"@type":"WebPage","@id":"https:\/\/vosgesinfo.fr\/gerardmerinfo\/2017\/12\/2-stars-skate-a-gerardmer-nouveau-documentaire-de-latelier-video-ado\/","url":"https:\/\/vosgesinfo.fr\/gerardmerinfo\/2017\/12\/2-stars-skate-a-gerardmer-nouveau-documentaire-de-latelier-video-ado\/","name":"2 stars du skate \u00e0 G\u00e9rardmer : le nouveau documentaire de l'atelier vid\u00e9o-ado - Gerardmer Info","isPartOf":{"@id":"https:\/\/vosgesinfo.fr\/gerardmerinfo\/#website"},"primaryImageOfPage":{"@id":"https:\/\/vosgesinfo.fr\/gerardmerinfo\/2017\/12\/2-stars-skate-a-gerardmer-nouveau-documentaire-de-latelier-video-ado\/#primaryimage"},"image":{"@id":"https:\/\/vosgesinfo.fr\/gerardmerinfo\/2017\/12\/2-stars-skate-a-gerardmer-nouveau-documentaire-de-latelier-video-ado\/#primaryimage"},"thumbnailUrl":"https:\/\/vosgesinfo.fr\/app\/uploads\/sites\/6\/2024\/07\/201712screenshot-2017-12-21-1-skate-from-gerardmer-youtube1.png","datePublished":"2017-12-23T08:01:33+00:00","dateModified":"2017-12-23T08:01:33+00:00","breadcrumb":{"@id":"https:\/\/vosgesinfo.fr\/gerardmerinfo\/2017\/12\/2-stars-skate-a-gerardmer-nouveau-documentaire-de-latelier-video-ado\/#breadcrumb"},"inLanguage":"fr-FR","potentialAction":[{"@type":"ReadAction","target":["https:\/\/vosgesinfo.fr\/gerardmerinfo\/2017\/12\/2-stars-skate-a-gerardmer-nouveau-documentaire-de-latelier-video-ado\/"]}]},{"@type":"ImageObject","inLanguage":"fr-FR","@id":"https:\/\/vosgesinfo.fr\/gerardmerinfo\/2017\/12\/2-stars-skate-a-gerardmer-nouveau-documentaire-de-latelier-video-ado\/#primaryimage","url":"https:\/\/vosgesinfo.fr\/app\/uploads\/sites\/6\/2024\/07\/201712screenshot-2017-12-21-1-skate-from-gerardmer-youtube1.png","contentUrl":"https:\/\/vosgesinfo.fr\/app\/uploads\/sites\/6\/2024\/07\/201712screenshot-2017-12-21-1-skate-from-gerardmer-youtube1.png","width":800,"height":450},{"@type":"BreadcrumbList","@id":"https:\/\/vosgesinfo.fr\/gerardmerinfo\/2017\/12\/2-stars-skate-a-gerardmer-nouveau-documentaire-de-latelier-video-ado\/#breadcrumb","itemListElement":[{"@type":"ListItem","position":1,"name":"Home","item":"https:\/\/vosgesinfo.fr\/gerardmerinfo\/"},{"@type":"ListItem","position":2,"name":"2 stars du skate \u00e0 G\u00e9rardmer : le nouveau documentaire de l&rsquo;atelier vid\u00e9o-ado"}]},{"@type":"WebSite","@id":"https:\/\/vosgesinfo.fr\/gerardmerinfo\/#website","url":"https:\/\/vosgesinfo.fr\/gerardmerinfo\/","name":"Gerardmer Info","description":"Toute l&#039;actualit\u00e9 de G\u00e9rardmer","publisher":{"@id":"https:\/\/vosgesinfo.fr\/gerardmerinfo\/#organization"},"alternateName":"Toute l'actualit\u00e9 de G\u00e9rardmer","potentialAction":[{"@type":"SearchAction","target":{"@type":"EntryPoint","urlTemplate":"https:\/\/vosgesinfo.fr\/gerardmerinfo\/?s={search_term_string}"},"query-input":"required name=search_term_string"}],"inLanguage":"fr-FR"},{"@type":"Organization","@id":"https:\/\/vosgesinfo.fr\/gerardmerinfo\/#organization","name":"Gerardmer Info","url":"https:\/\/vosgesinfo.fr\/gerardmerinfo\/","logo":{"@type":"ImageObject","inLanguage":"fr-FR","@id":"https:\/\/vosgesinfo.fr\/gerardmerinfo\/#\/schema\/logo\/image\/","url":"https:\/\/vosgesinfo.fr\/app\/uploads\/sites\/6\/2023\/08\/favicon-gerardmerinfo.png","contentUrl":"https:\/\/vosgesinfo.fr\/app\/uploads\/sites\/6\/2023\/08\/favicon-gerardmerinfo.png","width":512,"height":512,"caption":"Gerardmer Info"},"image":{"@id":"https:\/\/vosgesinfo.fr\/gerardmerinfo\/#\/schema\/logo\/image\/"},"sameAs":["https:\/\/www.facebook.com\/profile.php?id=100049475262660","https:\/\/x.com\/VosgesInfo88","https:\/\/www.youtube.com\/@vosgesinfo"]},{"@type":"Person","@id":"https:\/\/vosgesinfo.fr\/gerardmerinfo\/#\/schema\/person\/db5605779a843dad16b5368f3e7613a5","name":"QG","image":{"@type":"ImageObject","inLanguage":"fr-FR","@id":"https:\/\/vosgesinfo.fr\/gerardmerinfo\/#\/schema\/person\/image\/","url":"https:\/\/secure.gravatar.com\/avatar\/ea80c42c204b534408512832fde52504ecabb9706bcb6151cf6175e5b64e6793?s=96&d=mm&r=g","contentUrl":"https:\/\/secure.gravatar.com\/avatar\/ea80c42c204b534408512832fde52504ecabb9706bcb6151cf6175e5b64e6793?s=96&d=mm&r=g","caption":"QG"},"url":"https:\/\/vosgesinfo.fr\/gerardmerinfo\/author\/quentin88\/"}]}},"_links":{"self":[{"href":"https:\/\/vosgesinfo.fr\/gerardmerinfo\/wp-json\/wp\/v2\/posts\/31052","targetHints":{"allow":["GET"]}}],"collection":[{"href":"https:\/\/vosgesinfo.fr\/gerardmerinfo\/wp-json\/wp\/v2\/posts"}],"about":[{"href":"https:\/\/vosgesinfo.fr\/gerardmerinfo\/wp-json\/wp\/v2\/types\/post"}],"author":[{"embeddable":true,"href":"https:\/\/vosgesinfo.fr\/gerardmerinfo\/wp-json\/wp\/v2\/users\/42"}],"replies":[{"embeddable":true,"href":"https:\/\/vosgesinfo.fr\/gerardmerinfo\/wp-json\/wp\/v2\/comments?post=31052"}],"version-history":[{"count":0,"href":"https:\/\/vosgesinfo.fr\/gerardmerinfo\/wp-json\/wp\/v2\/posts\/31052\/revisions"}],"wp:featuredmedia":[{"embeddable":true,"href":"https:\/\/vosgesinfo.fr\/gerardmerinfo\/wp-json\/wp\/v2\/media\/31053"}],"wp:attachment":[{"href":"https:\/\/vosgesinfo.fr\/gerardmerinfo\/wp-json\/wp\/v2\/media?parent=31052"}],"wp:term":[{"taxonomy":"category","embeddable":true,"href":"https:\/\/vosgesinfo.fr\/gerardmerinfo\/wp-json\/wp\/v2\/categories?post=31052"},{"taxonomy":"post_tag","embeddable":true,"href":"https:\/\/vosgesinfo.fr\/gerardmerinfo\/wp-json\/wp\/v2\/tags?post=31052"}],"curies":[{"name":"wp","href":"https:\/\/api.w.org\/{rel}","templated":true}]}}