{"id":31058,"date":"2017-12-23T17:05:16","date_gmt":"2017-12-23T16:05:16","guid":{"rendered":"https:\/\/vosgesinfo.fr\/gerardmerinfo\/2017\/12\/fin-de-cycle-nap\/"},"modified":"2017-12-23T17:05:16","modified_gmt":"2017-12-23T16:05:16","slug":"fin-de-cycle-nap","status":"publish","type":"post","link":"https:\/\/vosgesinfo.fr\/gerardmerinfo\/2017\/12\/fin-de-cycle-nap\/","title":{"rendered":"Fin de cycle pour les NAP"},"content":{"rendered":"<p style=\"text-align: left;\"><a href=\"\/2017\/12\/spectacle-NAP-M.-Curie-plateau-Ivre-3.jpg\"><img decoding=\"async\" class=\"aligncenter wp-image-119818\" src=\"\/2017\/12\/spectacle-NAP-M.-Curie-plateau-Ivre-3.jpg\" alt=\"spectacle NAP M. Curie plateau Ivre (3)\" width=\"500\" height=\"375\" \/><\/a><a href=\"\/2017\/12\/spectacle-NAP-M.-Curie-plateau-Ivre-2.jpg\"><img decoding=\"async\" class=\"alignright size-medium wp-image-119817\" src=\"\/2017\/12\/spectacle-NAP-M.-Curie-plateau-Ivre-2-340x255.jpg\" alt=\"spectacle NAP M. Curie plateau Ivre (2)\" width=\"340\" height=\"255\" \/><\/a>Il y avait du mouvement en cette fin de semaine du c\u00f4t\u00e9 des nouvelles activit\u00e9s p\u00e9riscolaires. Chaque ann\u00e9e, la Ville offre un spectacle de fin d\u2019ann\u00e9e aux enfants des NAP d&rsquo;une des \u00e9coles g\u00e9r\u00f4moises. Cette fois, c&rsquo;\u00e9tait aux \u00e9l\u00e8ves des \u00e9coles de Marie Curie d&rsquo;en b\u00e9n\u00e9ficier. 130 enfants accompagn\u00e9s de quelques parents et grands-parents ont donc profit\u00e9 du spectacle\u00a0 \u00ab\u00a0Monsieur I \u00a0\u00bb propos\u00e9 par le Plateau Ivre et Pierre-Marie Paturel. On ne vous le pr\u00e9sente plus, mais humour et magie font toujours bon m\u00e9nage avec lui, ce n&rsquo;est pas les \u00e9coliers qui diront le contraire !<\/p>\n<p style=\"text-align: left;\">Du c\u00f4t\u00e9 de Jules ferry\u00a0: c&rsquo;\u00e9tait la fin du 1er cycle des NAP de 7 semaines avec en point d&rsquo;orgue une exposition des travaux r\u00e9alis\u00e9s par les enfants de l\u2019atelier de\u00a0\u00ab light painting \u00a0\u00bb suivi d&rsquo;un go\u00fbter de fin d\u2019ann\u00e9e offert aux parents et \u00e0 leurs enfants. Cette action avait r\u00e9uni des \u00e9l\u00e8ves des classes de CE2, CM1 et CM2 de Jules-Ferry qui ont travaill\u00e9 avec l&rsquo;artiste Julien Cuny, connu notamment pour ses talents de photographe et de peintre.<\/p>\n<div id=\"x_yui_3_16_0_ym19_1_1513876412970_24550\" style=\"text-align: left;\" align=\"JUSTIFY\">Chaque jeudi apr\u00e8s-midi, c&rsquo;\u00e9tait donc \u00ab\u00a0light painting\u00a0\u00bb au menu des \u00e9coliers, le tout autour du th\u00e8me du portrait et avec une petite touche fantastique de fantastique. Pour commencer, les enfants ont travaill\u00e9 au crayon afin de dessiner leur portrait sur papier. Puis ils ont poursuivi avec de la photographie pour une immersion dans la mise en sc\u00e8ne dans des lieux embl\u00e9matiques de leur \u00e9cole afin de cr\u00e9er des clich\u00e9s de \u00ab\u00a0light painting\u00a0\u00bb : hall d&rsquo;accueil, toilettes, garderie, salle de classe et autres ont ainsi servi de d\u00e9cors, de toile de fond.<\/div>\n<div style=\"text-align: left;\"><\/div>\n<div id=\"x_yui_3_16_0_ym19_1_1513876412970_24551\" dir=\"ltr\" style=\"text-align: left;\" align=\"JUSTIFY\"><a href=\"\/2017\/12\/IMGP6786.jpg\"><img decoding=\"async\" class=\"alignleft wp-image-119810 size-medium\" src=\"\/2017\/12\/IMGP6786-383x255.jpg\" alt=\"IMGP6786\" width=\"383\" height=\"255\" \/><\/a>Pour se faire, ils ont utilis\u00e9 des temps de pause tr\u00e8s longs, d&rsquo;une petite minute environ, en restant immobile, l&rsquo;\u00e9clairage \u00e9tant assur\u00e9 par une lampe de poche de type LED. Le r\u00e9sultat vaut vraiment le coup d\u2019\u0153il et sachez que les r\u00e9alisations seront inscrites au concours annuel d&rsquo;images fantastiques de l&rsquo;atelier Canop\u00e9 Vosges qui a lieu dans le cadre du Festival du Film Fantastique de G\u00e9rardmer. Du coup, les images s\u00e9lectionn\u00e9es pour ce concours photographique seront expos\u00e9es au foyer-bar de la Maison de la Culture et des Loisirs le temps du Festival.<\/div>\n<div dir=\"ltr\" style=\"text-align: left;\" align=\"JUSTIFY\">A ce titre, on pr\u00e9cisera d&rsquo;ailleurs que cette session des NAP aura vu\u00a0 la participation active de Gwena\u00eblle, animatrice de la MCL de G\u00e9rardmer qui, en marge des s\u00e9ances purement d\u00e9di\u00e9es \u00e0 la photographie, a men\u00e9 les enfants sur les sentiers d&rsquo;une autre cr\u00e9ation\u00a0: celle de chim\u00e8res pour rester dans les univers fantastiques. Enfin, cette action a \u00e9t\u00e9 mise en place gr\u00e2ce au dispositif de Plan Territorial d&rsquo;Education Artistique (PTEA) avec un financement des op\u00e9rations par la DRAC et la Ville de G\u00e9rardmer.<\/div>\n<div dir=\"ltr\" style=\"text-align: left;\" align=\"JUSTIFY\">\n\n<\/div>\n","protected":false},"excerpt":{"rendered":"<p>Il y avait du mouvement en cette fin de semaine du c\u00f4t\u00e9 des nouvelles activit\u00e9s p\u00e9riscolaires. Chaque ann\u00e9e, la Ville [&hellip;]<\/p>\n","protected":false},"author":42,"featured_media":31059,"comment_status":"open","ping_status":"open","sticky":false,"template":"","format":"standard","meta":{"footnotes":""},"categories":[20,4,6,25],"tags":[306,317,1885,558],"class_list":["post-31058","post","type-post","status-publish","format-standard","has-post-thumbnail","hentry","category-a-la-une","category-culture","category-education","category-gerardmer","tag-ecole-marie-curie","tag-jules-ferry","tag-nap","tag-plateau-ivre"],"acf":[],"yoast_head":"<!-- This site is optimized with the Yoast SEO plugin v22.5 - https:\/\/yoast.com\/wordpress\/plugins\/seo\/ -->\n<title>Fin de cycle pour les NAP - Gerardmer Info<\/title>\n<meta name=\"robots\" content=\"index, follow, max-snippet:-1, max-image-preview:large, max-video-preview:-1\" \/>\n<link rel=\"canonical\" href=\"https:\/\/vosgesinfo.fr\/gerardmerinfo\/2017\/12\/fin-de-cycle-nap\/\" \/>\n<meta name=\"twitter:card\" content=\"summary_large_image\" \/>\n<meta name=\"twitter:title\" content=\"Fin de cycle pour les NAP - Gerardmer Info\" \/>\n<meta name=\"twitter:description\" content=\"Il y avait du mouvement en cette fin de semaine du c\u00f4t\u00e9 des nouvelles activit\u00e9s p\u00e9riscolaires. Chaque ann\u00e9e, la Ville [&hellip;]\" \/>\n<meta name=\"twitter:image\" content=\"https:\/\/vosgesinfo.fr\/app\/uploads\/sites\/6\/2024\/07\/201712imgp6786.jpg\" \/>\n<meta name=\"twitter:creator\" content=\"@VosgesInfo88\" \/>\n<meta name=\"twitter:site\" content=\"@VosgesInfo88\" \/>\n<meta name=\"twitter:label1\" content=\"\u00c9crit par\" \/>\n\t<meta name=\"twitter:data1\" content=\"QG\" \/>\n\t<meta name=\"twitter:label2\" content=\"Dur\u00e9e de lecture estim\u00e9e\" \/>\n\t<meta name=\"twitter:data2\" content=\"2 minutes\" \/>\n<script type=\"application\/ld+json\" class=\"yoast-schema-graph\">{\"@context\":\"https:\/\/schema.org\",\"@graph\":[{\"@type\":\"Article\",\"@id\":\"https:\/\/vosgesinfo.fr\/gerardmerinfo\/2017\/12\/fin-de-cycle-nap\/#article\",\"isPartOf\":{\"@id\":\"https:\/\/vosgesinfo.fr\/gerardmerinfo\/2017\/12\/fin-de-cycle-nap\/\"},\"author\":{\"name\":\"QG\",\"@id\":\"https:\/\/vosgesinfo.fr\/gerardmerinfo\/#\/schema\/person\/db5605779a843dad16b5368f3e7613a5\"},\"headline\":\"Fin de cycle pour les NAP\",\"datePublished\":\"2017-12-23T16:05:16+00:00\",\"dateModified\":\"2017-12-23T16:05:16+00:00\",\"mainEntityOfPage\":{\"@id\":\"https:\/\/vosgesinfo.fr\/gerardmerinfo\/2017\/12\/fin-de-cycle-nap\/\"},\"wordCount\":516,\"commentCount\":0,\"publisher\":{\"@id\":\"https:\/\/vosgesinfo.fr\/gerardmerinfo\/#organization\"},\"image\":{\"@id\":\"https:\/\/vosgesinfo.fr\/gerardmerinfo\/2017\/12\/fin-de-cycle-nap\/#primaryimage\"},\"thumbnailUrl\":\"https:\/\/vosgesinfo.fr\/app\/uploads\/sites\/6\/2024\/07\/201712imgp6786.jpg\",\"keywords\":[\"Ecole Marie Curie\",\"jules ferry\",\"NAP\",\"plateau Ivre\"],\"articleSection\":[\"A la une\",\"Culture\",\"\u00c9ducation\",\"G\u00e9rardmer\"],\"inLanguage\":\"fr-FR\",\"potentialAction\":[{\"@type\":\"CommentAction\",\"name\":\"Comment\",\"target\":[\"https:\/\/vosgesinfo.fr\/gerardmerinfo\/2017\/12\/fin-de-cycle-nap\/#respond\"]}]},{\"@type\":\"WebPage\",\"@id\":\"https:\/\/vosgesinfo.fr\/gerardmerinfo\/2017\/12\/fin-de-cycle-nap\/\",\"url\":\"https:\/\/vosgesinfo.fr\/gerardmerinfo\/2017\/12\/fin-de-cycle-nap\/\",\"name\":\"Fin de cycle pour les NAP - Gerardmer Info\",\"isPartOf\":{\"@id\":\"https:\/\/vosgesinfo.fr\/gerardmerinfo\/#website\"},\"primaryImageOfPage\":{\"@id\":\"https:\/\/vosgesinfo.fr\/gerardmerinfo\/2017\/12\/fin-de-cycle-nap\/#primaryimage\"},\"image\":{\"@id\":\"https:\/\/vosgesinfo.fr\/gerardmerinfo\/2017\/12\/fin-de-cycle-nap\/#primaryimage\"},\"thumbnailUrl\":\"https:\/\/vosgesinfo.fr\/app\/uploads\/sites\/6\/2024\/07\/201712imgp6786.jpg\",\"datePublished\":\"2017-12-23T16:05:16+00:00\",\"dateModified\":\"2017-12-23T16:05:16+00:00\",\"breadcrumb\":{\"@id\":\"https:\/\/vosgesinfo.fr\/gerardmerinfo\/2017\/12\/fin-de-cycle-nap\/#breadcrumb\"},\"inLanguage\":\"fr-FR\",\"potentialAction\":[{\"@type\":\"ReadAction\",\"target\":[\"https:\/\/vosgesinfo.fr\/gerardmerinfo\/2017\/12\/fin-de-cycle-nap\/\"]}]},{\"@type\":\"ImageObject\",\"inLanguage\":\"fr-FR\",\"@id\":\"https:\/\/vosgesinfo.fr\/gerardmerinfo\/2017\/12\/fin-de-cycle-nap\/#primaryimage\",\"url\":\"https:\/\/vosgesinfo.fr\/app\/uploads\/sites\/6\/2024\/07\/201712imgp6786.jpg\",\"contentUrl\":\"https:\/\/vosgesinfo.fr\/app\/uploads\/sites\/6\/2024\/07\/201712imgp6786.jpg\",\"width\":800,\"height\":533},{\"@type\":\"BreadcrumbList\",\"@id\":\"https:\/\/vosgesinfo.fr\/gerardmerinfo\/2017\/12\/fin-de-cycle-nap\/#breadcrumb\",\"itemListElement\":[{\"@type\":\"ListItem\",\"position\":1,\"name\":\"Home\",\"item\":\"https:\/\/vosgesinfo.fr\/gerardmerinfo\/\"},{\"@type\":\"ListItem\",\"position\":2,\"name\":\"Fin de cycle pour les NAP\"}]},{\"@type\":\"WebSite\",\"@id\":\"https:\/\/vosgesinfo.fr\/gerardmerinfo\/#website\",\"url\":\"https:\/\/vosgesinfo.fr\/gerardmerinfo\/\",\"name\":\"Gerardmer Info\",\"description\":\"Toute l&#039;actualit\u00e9 de G\u00e9rardmer\",\"publisher\":{\"@id\":\"https:\/\/vosgesinfo.fr\/gerardmerinfo\/#organization\"},\"alternateName\":\"Toute l'actualit\u00e9 de G\u00e9rardmer\",\"potentialAction\":[{\"@type\":\"SearchAction\",\"target\":{\"@type\":\"EntryPoint\",\"urlTemplate\":\"https:\/\/vosgesinfo.fr\/gerardmerinfo\/?s={search_term_string}\"},\"query-input\":\"required name=search_term_string\"}],\"inLanguage\":\"fr-FR\"},{\"@type\":\"Organization\",\"@id\":\"https:\/\/vosgesinfo.fr\/gerardmerinfo\/#organization\",\"name\":\"Gerardmer Info\",\"url\":\"https:\/\/vosgesinfo.fr\/gerardmerinfo\/\",\"logo\":{\"@type\":\"ImageObject\",\"inLanguage\":\"fr-FR\",\"@id\":\"https:\/\/vosgesinfo.fr\/gerardmerinfo\/#\/schema\/logo\/image\/\",\"url\":\"https:\/\/vosgesinfo.fr\/app\/uploads\/sites\/6\/2023\/08\/favicon-gerardmerinfo.png\",\"contentUrl\":\"https:\/\/vosgesinfo.fr\/app\/uploads\/sites\/6\/2023\/08\/favicon-gerardmerinfo.png\",\"width\":512,\"height\":512,\"caption\":\"Gerardmer Info\"},\"image\":{\"@id\":\"https:\/\/vosgesinfo.fr\/gerardmerinfo\/#\/schema\/logo\/image\/\"},\"sameAs\":[\"https:\/\/www.facebook.com\/profile.php?id=100049475262660\",\"https:\/\/x.com\/VosgesInfo88\",\"https:\/\/www.youtube.com\/@vosgesinfo\"]},{\"@type\":\"Person\",\"@id\":\"https:\/\/vosgesinfo.fr\/gerardmerinfo\/#\/schema\/person\/db5605779a843dad16b5368f3e7613a5\",\"name\":\"QG\",\"image\":{\"@type\":\"ImageObject\",\"inLanguage\":\"fr-FR\",\"@id\":\"https:\/\/vosgesinfo.fr\/gerardmerinfo\/#\/schema\/person\/image\/\",\"url\":\"https:\/\/secure.gravatar.com\/avatar\/ea80c42c204b534408512832fde52504ecabb9706bcb6151cf6175e5b64e6793?s=96&d=mm&r=g\",\"contentUrl\":\"https:\/\/secure.gravatar.com\/avatar\/ea80c42c204b534408512832fde52504ecabb9706bcb6151cf6175e5b64e6793?s=96&d=mm&r=g\",\"caption\":\"QG\"},\"url\":\"https:\/\/vosgesinfo.fr\/gerardmerinfo\/author\/quentin88\/\"}]}<\/script>\n<!-- \/ Yoast SEO plugin. -->","yoast_head_json":{"title":"Fin de cycle pour les NAP - Gerardmer Info","robots":{"index":"index","follow":"follow","max-snippet":"max-snippet:-1","max-image-preview":"max-image-preview:large","max-video-preview":"max-video-preview:-1"},"canonical":"https:\/\/vosgesinfo.fr\/gerardmerinfo\/2017\/12\/fin-de-cycle-nap\/","twitter_card":"summary_large_image","twitter_title":"Fin de cycle pour les NAP - Gerardmer Info","twitter_description":"Il y avait du mouvement en cette fin de semaine du c\u00f4t\u00e9 des nouvelles activit\u00e9s p\u00e9riscolaires. Chaque ann\u00e9e, la Ville [&hellip;]","twitter_image":"https:\/\/vosgesinfo.fr\/app\/uploads\/sites\/6\/2024\/07\/201712imgp6786.jpg","twitter_creator":"@VosgesInfo88","twitter_site":"@VosgesInfo88","twitter_misc":{"\u00c9crit par":"QG","Dur\u00e9e de lecture estim\u00e9e":"2 minutes"},"schema":{"@context":"https:\/\/schema.org","@graph":[{"@type":"Article","@id":"https:\/\/vosgesinfo.fr\/gerardmerinfo\/2017\/12\/fin-de-cycle-nap\/#article","isPartOf":{"@id":"https:\/\/vosgesinfo.fr\/gerardmerinfo\/2017\/12\/fin-de-cycle-nap\/"},"author":{"name":"QG","@id":"https:\/\/vosgesinfo.fr\/gerardmerinfo\/#\/schema\/person\/db5605779a843dad16b5368f3e7613a5"},"headline":"Fin de cycle pour les NAP","datePublished":"2017-12-23T16:05:16+00:00","dateModified":"2017-12-23T16:05:16+00:00","mainEntityOfPage":{"@id":"https:\/\/vosgesinfo.fr\/gerardmerinfo\/2017\/12\/fin-de-cycle-nap\/"},"wordCount":516,"commentCount":0,"publisher":{"@id":"https:\/\/vosgesinfo.fr\/gerardmerinfo\/#organization"},"image":{"@id":"https:\/\/vosgesinfo.fr\/gerardmerinfo\/2017\/12\/fin-de-cycle-nap\/#primaryimage"},"thumbnailUrl":"https:\/\/vosgesinfo.fr\/app\/uploads\/sites\/6\/2024\/07\/201712imgp6786.jpg","keywords":["Ecole Marie Curie","jules ferry","NAP","plateau Ivre"],"articleSection":["A la une","Culture","\u00c9ducation","G\u00e9rardmer"],"inLanguage":"fr-FR","potentialAction":[{"@type":"CommentAction","name":"Comment","target":["https:\/\/vosgesinfo.fr\/gerardmerinfo\/2017\/12\/fin-de-cycle-nap\/#respond"]}]},{"@type":"WebPage","@id":"https:\/\/vosgesinfo.fr\/gerardmerinfo\/2017\/12\/fin-de-cycle-nap\/","url":"https:\/\/vosgesinfo.fr\/gerardmerinfo\/2017\/12\/fin-de-cycle-nap\/","name":"Fin de cycle pour les NAP - Gerardmer Info","isPartOf":{"@id":"https:\/\/vosgesinfo.fr\/gerardmerinfo\/#website"},"primaryImageOfPage":{"@id":"https:\/\/vosgesinfo.fr\/gerardmerinfo\/2017\/12\/fin-de-cycle-nap\/#primaryimage"},"image":{"@id":"https:\/\/vosgesinfo.fr\/gerardmerinfo\/2017\/12\/fin-de-cycle-nap\/#primaryimage"},"thumbnailUrl":"https:\/\/vosgesinfo.fr\/app\/uploads\/sites\/6\/2024\/07\/201712imgp6786.jpg","datePublished":"2017-12-23T16:05:16+00:00","dateModified":"2017-12-23T16:05:16+00:00","breadcrumb":{"@id":"https:\/\/vosgesinfo.fr\/gerardmerinfo\/2017\/12\/fin-de-cycle-nap\/#breadcrumb"},"inLanguage":"fr-FR","potentialAction":[{"@type":"ReadAction","target":["https:\/\/vosgesinfo.fr\/gerardmerinfo\/2017\/12\/fin-de-cycle-nap\/"]}]},{"@type":"ImageObject","inLanguage":"fr-FR","@id":"https:\/\/vosgesinfo.fr\/gerardmerinfo\/2017\/12\/fin-de-cycle-nap\/#primaryimage","url":"https:\/\/vosgesinfo.fr\/app\/uploads\/sites\/6\/2024\/07\/201712imgp6786.jpg","contentUrl":"https:\/\/vosgesinfo.fr\/app\/uploads\/sites\/6\/2024\/07\/201712imgp6786.jpg","width":800,"height":533},{"@type":"BreadcrumbList","@id":"https:\/\/vosgesinfo.fr\/gerardmerinfo\/2017\/12\/fin-de-cycle-nap\/#breadcrumb","itemListElement":[{"@type":"ListItem","position":1,"name":"Home","item":"https:\/\/vosgesinfo.fr\/gerardmerinfo\/"},{"@type":"ListItem","position":2,"name":"Fin de cycle pour les NAP"}]},{"@type":"WebSite","@id":"https:\/\/vosgesinfo.fr\/gerardmerinfo\/#website","url":"https:\/\/vosgesinfo.fr\/gerardmerinfo\/","name":"Gerardmer Info","description":"Toute l&#039;actualit\u00e9 de G\u00e9rardmer","publisher":{"@id":"https:\/\/vosgesinfo.fr\/gerardmerinfo\/#organization"},"alternateName":"Toute l'actualit\u00e9 de G\u00e9rardmer","potentialAction":[{"@type":"SearchAction","target":{"@type":"EntryPoint","urlTemplate":"https:\/\/vosgesinfo.fr\/gerardmerinfo\/?s={search_term_string}"},"query-input":"required name=search_term_string"}],"inLanguage":"fr-FR"},{"@type":"Organization","@id":"https:\/\/vosgesinfo.fr\/gerardmerinfo\/#organization","name":"Gerardmer Info","url":"https:\/\/vosgesinfo.fr\/gerardmerinfo\/","logo":{"@type":"ImageObject","inLanguage":"fr-FR","@id":"https:\/\/vosgesinfo.fr\/gerardmerinfo\/#\/schema\/logo\/image\/","url":"https:\/\/vosgesinfo.fr\/app\/uploads\/sites\/6\/2023\/08\/favicon-gerardmerinfo.png","contentUrl":"https:\/\/vosgesinfo.fr\/app\/uploads\/sites\/6\/2023\/08\/favicon-gerardmerinfo.png","width":512,"height":512,"caption":"Gerardmer Info"},"image":{"@id":"https:\/\/vosgesinfo.fr\/gerardmerinfo\/#\/schema\/logo\/image\/"},"sameAs":["https:\/\/www.facebook.com\/profile.php?id=100049475262660","https:\/\/x.com\/VosgesInfo88","https:\/\/www.youtube.com\/@vosgesinfo"]},{"@type":"Person","@id":"https:\/\/vosgesinfo.fr\/gerardmerinfo\/#\/schema\/person\/db5605779a843dad16b5368f3e7613a5","name":"QG","image":{"@type":"ImageObject","inLanguage":"fr-FR","@id":"https:\/\/vosgesinfo.fr\/gerardmerinfo\/#\/schema\/person\/image\/","url":"https:\/\/secure.gravatar.com\/avatar\/ea80c42c204b534408512832fde52504ecabb9706bcb6151cf6175e5b64e6793?s=96&d=mm&r=g","contentUrl":"https:\/\/secure.gravatar.com\/avatar\/ea80c42c204b534408512832fde52504ecabb9706bcb6151cf6175e5b64e6793?s=96&d=mm&r=g","caption":"QG"},"url":"https:\/\/vosgesinfo.fr\/gerardmerinfo\/author\/quentin88\/"}]}},"_links":{"self":[{"href":"https:\/\/vosgesinfo.fr\/gerardmerinfo\/wp-json\/wp\/v2\/posts\/31058","targetHints":{"allow":["GET"]}}],"collection":[{"href":"https:\/\/vosgesinfo.fr\/gerardmerinfo\/wp-json\/wp\/v2\/posts"}],"about":[{"href":"https:\/\/vosgesinfo.fr\/gerardmerinfo\/wp-json\/wp\/v2\/types\/post"}],"author":[{"embeddable":true,"href":"https:\/\/vosgesinfo.fr\/gerardmerinfo\/wp-json\/wp\/v2\/users\/42"}],"replies":[{"embeddable":true,"href":"https:\/\/vosgesinfo.fr\/gerardmerinfo\/wp-json\/wp\/v2\/comments?post=31058"}],"version-history":[{"count":0,"href":"https:\/\/vosgesinfo.fr\/gerardmerinfo\/wp-json\/wp\/v2\/posts\/31058\/revisions"}],"wp:featuredmedia":[{"embeddable":true,"href":"https:\/\/vosgesinfo.fr\/gerardmerinfo\/wp-json\/wp\/v2\/media\/31059"}],"wp:attachment":[{"href":"https:\/\/vosgesinfo.fr\/gerardmerinfo\/wp-json\/wp\/v2\/media?parent=31058"}],"wp:term":[{"taxonomy":"category","embeddable":true,"href":"https:\/\/vosgesinfo.fr\/gerardmerinfo\/wp-json\/wp\/v2\/categories?post=31058"},{"taxonomy":"post_tag","embeddable":true,"href":"https:\/\/vosgesinfo.fr\/gerardmerinfo\/wp-json\/wp\/v2\/tags?post=31058"}],"curies":[{"name":"wp","href":"https:\/\/api.w.org\/{rel}","templated":true}]}}