{"id":31082,"date":"2017-12-23T09:01:56","date_gmt":"2017-12-23T08:01:56","guid":{"rendered":"https:\/\/vosgesinfo.fr\/gerardmerinfo\/2017\/12\/4-grands-exces-de-vitesse-dont-2-a-plus-de-200-kmh-vendredi-a-uxegney\/"},"modified":"2017-12-23T09:01:56","modified_gmt":"2017-12-23T08:01:56","slug":"4-grands-exces-de-vitesse-dont-2-a-plus-de-200-kmh-vendredi-a-uxegney","status":"publish","type":"post","link":"https:\/\/vosgesinfo.fr\/gerardmerinfo\/2017\/12\/4-grands-exces-de-vitesse-dont-2-a-plus-de-200-kmh-vendredi-a-uxegney\/","title":{"rendered":"4 grands exc\u00e8s de vitesse, dont 2 \u00e0 plus de 200 km\/h, ce vendredi \u00e0 Uxegney"},"content":{"rendered":"<p><strong>A la veille des vacances scolaires et des f\u00eates de fin d\u2019ann\u00e9e qui s\u2019accompagnent d\u2019une intensification du trafic routier, Jean-Pierre Cazenave-Lacrouts, Pr\u00e9fet des Vosges, appelle tous les conducteurs \u00e0 la plus grande prudence lors de leurs d\u00e9placements.<\/strong><\/p>\n<p>M\u00eame si 11 vies ont \u00e9t\u00e9 sauv\u00e9es par rapports \u00e0 2016, depuis le d\u00e9but d\u2019ann\u00e9e, ce sont en 13 personnes qui ont perdu la vie sur les routes vosgiennes et 224 personnes qui ont \u00e9t\u00e9 bless\u00e9es. Ces chiffres ne sont pas acceptables.<\/p>\n","protected":false},"excerpt":{"rendered":"<p>A la veille des vacances scolaires et des f\u00eates de fin d\u2019ann\u00e9e qui s\u2019accompagnent d\u2019une intensification du trafic routier, Jean-Pierre [&hellip;]<\/p>\n","protected":false},"author":1,"featured_media":31083,"comment_status":"open","ping_status":"open","sticky":false,"template":"","format":"standard","meta":{"footnotes":""},"categories":[20,18],"tags":[3371],"class_list":["post-31082","post","type-post","status-publish","format-standard","has-post-thumbnail","hentry","category-a-la-une","category-vosges","tag-uxegney"],"acf":[],"yoast_head":"<!-- This site is optimized with the Yoast SEO plugin v22.5 - https:\/\/yoast.com\/wordpress\/plugins\/seo\/ -->\n<title>4 grands exc\u00e8s de vitesse, dont 2 \u00e0 plus de 200 km\/h, ce vendredi \u00e0 Uxegney - Gerardmer Info<\/title>\n<meta name=\"robots\" content=\"index, follow, max-snippet:-1, max-image-preview:large, max-video-preview:-1\" \/>\n<link rel=\"canonical\" href=\"https:\/\/vosgesinfo.fr\/gerardmerinfo\/2017\/12\/4-grands-exces-de-vitesse-dont-2-a-plus-de-200-kmh-vendredi-a-uxegney\/\" \/>\n<meta name=\"twitter:card\" content=\"summary_large_image\" \/>\n<meta name=\"twitter:title\" content=\"4 grands exc\u00e8s de vitesse, dont 2 \u00e0 plus de 200 km\/h, ce vendredi \u00e0 Uxegney - Gerardmer Info\" \/>\n<meta name=\"twitter:description\" content=\"A la veille des vacances scolaires et des f\u00eates de fin d\u2019ann\u00e9e qui s\u2019accompagnent d\u2019une intensification du trafic routier, Jean-Pierre [&hellip;]\" \/>\n<meta name=\"twitter:image\" content=\"https:\/\/vosgesinfo.fr\/app\/uploads\/sites\/6\/2024\/07\/201712gendarmerie.jpg\" \/>\n<meta name=\"twitter:creator\" content=\"@VosgesInfo88\" \/>\n<meta name=\"twitter:site\" content=\"@VosgesInfo88\" \/>\n<meta name=\"twitter:label1\" content=\"\u00c9crit par\" \/>\n\t<meta name=\"twitter:data1\" content=\"qs_admin\" \/>\n<script type=\"application\/ld+json\" class=\"yoast-schema-graph\">{\"@context\":\"https:\/\/schema.org\",\"@graph\":[{\"@type\":\"Article\",\"@id\":\"https:\/\/vosgesinfo.fr\/gerardmerinfo\/2017\/12\/4-grands-exces-de-vitesse-dont-2-a-plus-de-200-kmh-vendredi-a-uxegney\/#article\",\"isPartOf\":{\"@id\":\"https:\/\/vosgesinfo.fr\/gerardmerinfo\/2017\/12\/4-grands-exces-de-vitesse-dont-2-a-plus-de-200-kmh-vendredi-a-uxegney\/\"},\"author\":{\"name\":\"qs_admin\",\"@id\":\"https:\/\/vosgesinfo.fr\/gerardmerinfo\/#\/schema\/person\/bc5d02d71e6932e81b6dadb7386667b1\"},\"headline\":\"4 grands exc\u00e8s de vitesse, dont 2 \u00e0 plus de 200 km\/h, ce vendredi \u00e0 Uxegney\",\"datePublished\":\"2017-12-23T08:01:56+00:00\",\"dateModified\":\"2017-12-23T08:01:56+00:00\",\"mainEntityOfPage\":{\"@id\":\"https:\/\/vosgesinfo.fr\/gerardmerinfo\/2017\/12\/4-grands-exces-de-vitesse-dont-2-a-plus-de-200-kmh-vendredi-a-uxegney\/\"},\"wordCount\":99,\"commentCount\":0,\"publisher\":{\"@id\":\"https:\/\/vosgesinfo.fr\/gerardmerinfo\/#organization\"},\"image\":{\"@id\":\"https:\/\/vosgesinfo.fr\/gerardmerinfo\/2017\/12\/4-grands-exces-de-vitesse-dont-2-a-plus-de-200-kmh-vendredi-a-uxegney\/#primaryimage\"},\"thumbnailUrl\":\"https:\/\/vosgesinfo.fr\/app\/uploads\/sites\/6\/2024\/07\/201712gendarmerie.jpg\",\"keywords\":[\"uxegney\"],\"articleSection\":[\"A la une\",\"Vosges\"],\"inLanguage\":\"fr-FR\",\"potentialAction\":[{\"@type\":\"CommentAction\",\"name\":\"Comment\",\"target\":[\"https:\/\/vosgesinfo.fr\/gerardmerinfo\/2017\/12\/4-grands-exces-de-vitesse-dont-2-a-plus-de-200-kmh-vendredi-a-uxegney\/#respond\"]}]},{\"@type\":\"WebPage\",\"@id\":\"https:\/\/vosgesinfo.fr\/gerardmerinfo\/2017\/12\/4-grands-exces-de-vitesse-dont-2-a-plus-de-200-kmh-vendredi-a-uxegney\/\",\"url\":\"https:\/\/vosgesinfo.fr\/gerardmerinfo\/2017\/12\/4-grands-exces-de-vitesse-dont-2-a-plus-de-200-kmh-vendredi-a-uxegney\/\",\"name\":\"4 grands exc\u00e8s de vitesse, dont 2 \u00e0 plus de 200 km\/h, ce vendredi \u00e0 Uxegney - Gerardmer Info\",\"isPartOf\":{\"@id\":\"https:\/\/vosgesinfo.fr\/gerardmerinfo\/#website\"},\"primaryImageOfPage\":{\"@id\":\"https:\/\/vosgesinfo.fr\/gerardmerinfo\/2017\/12\/4-grands-exces-de-vitesse-dont-2-a-plus-de-200-kmh-vendredi-a-uxegney\/#primaryimage\"},\"image\":{\"@id\":\"https:\/\/vosgesinfo.fr\/gerardmerinfo\/2017\/12\/4-grands-exces-de-vitesse-dont-2-a-plus-de-200-kmh-vendredi-a-uxegney\/#primaryimage\"},\"thumbnailUrl\":\"https:\/\/vosgesinfo.fr\/app\/uploads\/sites\/6\/2024\/07\/201712gendarmerie.jpg\",\"datePublished\":\"2017-12-23T08:01:56+00:00\",\"dateModified\":\"2017-12-23T08:01:56+00:00\",\"breadcrumb\":{\"@id\":\"https:\/\/vosgesinfo.fr\/gerardmerinfo\/2017\/12\/4-grands-exces-de-vitesse-dont-2-a-plus-de-200-kmh-vendredi-a-uxegney\/#breadcrumb\"},\"inLanguage\":\"fr-FR\",\"potentialAction\":[{\"@type\":\"ReadAction\",\"target\":[\"https:\/\/vosgesinfo.fr\/gerardmerinfo\/2017\/12\/4-grands-exces-de-vitesse-dont-2-a-plus-de-200-kmh-vendredi-a-uxegney\/\"]}]},{\"@type\":\"ImageObject\",\"inLanguage\":\"fr-FR\",\"@id\":\"https:\/\/vosgesinfo.fr\/gerardmerinfo\/2017\/12\/4-grands-exces-de-vitesse-dont-2-a-plus-de-200-kmh-vendredi-a-uxegney\/#primaryimage\",\"url\":\"https:\/\/vosgesinfo.fr\/app\/uploads\/sites\/6\/2024\/07\/201712gendarmerie.jpg\",\"contentUrl\":\"https:\/\/vosgesinfo.fr\/app\/uploads\/sites\/6\/2024\/07\/201712gendarmerie.jpg\",\"width\":800,\"height\":466},{\"@type\":\"BreadcrumbList\",\"@id\":\"https:\/\/vosgesinfo.fr\/gerardmerinfo\/2017\/12\/4-grands-exces-de-vitesse-dont-2-a-plus-de-200-kmh-vendredi-a-uxegney\/#breadcrumb\",\"itemListElement\":[{\"@type\":\"ListItem\",\"position\":1,\"name\":\"Home\",\"item\":\"https:\/\/vosgesinfo.fr\/gerardmerinfo\/\"},{\"@type\":\"ListItem\",\"position\":2,\"name\":\"4 grands exc\u00e8s de vitesse, dont 2 \u00e0 plus de 200 km\/h, ce vendredi \u00e0 Uxegney\"}]},{\"@type\":\"WebSite\",\"@id\":\"https:\/\/vosgesinfo.fr\/gerardmerinfo\/#website\",\"url\":\"https:\/\/vosgesinfo.fr\/gerardmerinfo\/\",\"name\":\"Gerardmer Info\",\"description\":\"Toute l&#039;actualit\u00e9 de G\u00e9rardmer\",\"publisher\":{\"@id\":\"https:\/\/vosgesinfo.fr\/gerardmerinfo\/#organization\"},\"alternateName\":\"Toute l'actualit\u00e9 de G\u00e9rardmer\",\"potentialAction\":[{\"@type\":\"SearchAction\",\"target\":{\"@type\":\"EntryPoint\",\"urlTemplate\":\"https:\/\/vosgesinfo.fr\/gerardmerinfo\/?s={search_term_string}\"},\"query-input\":\"required name=search_term_string\"}],\"inLanguage\":\"fr-FR\"},{\"@type\":\"Organization\",\"@id\":\"https:\/\/vosgesinfo.fr\/gerardmerinfo\/#organization\",\"name\":\"Gerardmer Info\",\"url\":\"https:\/\/vosgesinfo.fr\/gerardmerinfo\/\",\"logo\":{\"@type\":\"ImageObject\",\"inLanguage\":\"fr-FR\",\"@id\":\"https:\/\/vosgesinfo.fr\/gerardmerinfo\/#\/schema\/logo\/image\/\",\"url\":\"https:\/\/vosgesinfo.fr\/app\/uploads\/sites\/6\/2023\/08\/favicon-gerardmerinfo.png\",\"contentUrl\":\"https:\/\/vosgesinfo.fr\/app\/uploads\/sites\/6\/2023\/08\/favicon-gerardmerinfo.png\",\"width\":512,\"height\":512,\"caption\":\"Gerardmer Info\"},\"image\":{\"@id\":\"https:\/\/vosgesinfo.fr\/gerardmerinfo\/#\/schema\/logo\/image\/\"},\"sameAs\":[\"https:\/\/www.facebook.com\/profile.php?id=100049475262660\",\"https:\/\/x.com\/VosgesInfo88\",\"https:\/\/www.youtube.com\/@vosgesinfo\"]},{\"@type\":\"Person\",\"@id\":\"https:\/\/vosgesinfo.fr\/gerardmerinfo\/#\/schema\/person\/bc5d02d71e6932e81b6dadb7386667b1\",\"name\":\"qs_admin\",\"image\":{\"@type\":\"ImageObject\",\"inLanguage\":\"fr-FR\",\"@id\":\"https:\/\/vosgesinfo.fr\/gerardmerinfo\/#\/schema\/person\/image\/\",\"url\":\"https:\/\/secure.gravatar.com\/avatar\/94b18ee0ed79e4a42ea2f2931277b6841a8999fc6fde214600c78057cf1fe1de?s=96&d=mm&r=g\",\"contentUrl\":\"https:\/\/secure.gravatar.com\/avatar\/94b18ee0ed79e4a42ea2f2931277b6841a8999fc6fde214600c78057cf1fe1de?s=96&d=mm&r=g\",\"caption\":\"qs_admin\"},\"sameAs\":[\"https:\/\/vosgesinfo.fr\/wp\"],\"url\":\"https:\/\/vosgesinfo.fr\/gerardmerinfo\/author\/qs_admin\/\"}]}<\/script>\n<!-- \/ Yoast SEO plugin. -->","yoast_head_json":{"title":"4 grands exc\u00e8s de vitesse, dont 2 \u00e0 plus de 200 km\/h, ce vendredi \u00e0 Uxegney - Gerardmer Info","robots":{"index":"index","follow":"follow","max-snippet":"max-snippet:-1","max-image-preview":"max-image-preview:large","max-video-preview":"max-video-preview:-1"},"canonical":"https:\/\/vosgesinfo.fr\/gerardmerinfo\/2017\/12\/4-grands-exces-de-vitesse-dont-2-a-plus-de-200-kmh-vendredi-a-uxegney\/","twitter_card":"summary_large_image","twitter_title":"4 grands exc\u00e8s de vitesse, dont 2 \u00e0 plus de 200 km\/h, ce vendredi \u00e0 Uxegney - Gerardmer Info","twitter_description":"A la veille des vacances scolaires et des f\u00eates de fin d\u2019ann\u00e9e qui s\u2019accompagnent d\u2019une intensification du trafic routier, Jean-Pierre [&hellip;]","twitter_image":"https:\/\/vosgesinfo.fr\/app\/uploads\/sites\/6\/2024\/07\/201712gendarmerie.jpg","twitter_creator":"@VosgesInfo88","twitter_site":"@VosgesInfo88","twitter_misc":{"\u00c9crit par":"qs_admin"},"schema":{"@context":"https:\/\/schema.org","@graph":[{"@type":"Article","@id":"https:\/\/vosgesinfo.fr\/gerardmerinfo\/2017\/12\/4-grands-exces-de-vitesse-dont-2-a-plus-de-200-kmh-vendredi-a-uxegney\/#article","isPartOf":{"@id":"https:\/\/vosgesinfo.fr\/gerardmerinfo\/2017\/12\/4-grands-exces-de-vitesse-dont-2-a-plus-de-200-kmh-vendredi-a-uxegney\/"},"author":{"name":"qs_admin","@id":"https:\/\/vosgesinfo.fr\/gerardmerinfo\/#\/schema\/person\/bc5d02d71e6932e81b6dadb7386667b1"},"headline":"4 grands exc\u00e8s de vitesse, dont 2 \u00e0 plus de 200 km\/h, ce vendredi \u00e0 Uxegney","datePublished":"2017-12-23T08:01:56+00:00","dateModified":"2017-12-23T08:01:56+00:00","mainEntityOfPage":{"@id":"https:\/\/vosgesinfo.fr\/gerardmerinfo\/2017\/12\/4-grands-exces-de-vitesse-dont-2-a-plus-de-200-kmh-vendredi-a-uxegney\/"},"wordCount":99,"commentCount":0,"publisher":{"@id":"https:\/\/vosgesinfo.fr\/gerardmerinfo\/#organization"},"image":{"@id":"https:\/\/vosgesinfo.fr\/gerardmerinfo\/2017\/12\/4-grands-exces-de-vitesse-dont-2-a-plus-de-200-kmh-vendredi-a-uxegney\/#primaryimage"},"thumbnailUrl":"https:\/\/vosgesinfo.fr\/app\/uploads\/sites\/6\/2024\/07\/201712gendarmerie.jpg","keywords":["uxegney"],"articleSection":["A la une","Vosges"],"inLanguage":"fr-FR","potentialAction":[{"@type":"CommentAction","name":"Comment","target":["https:\/\/vosgesinfo.fr\/gerardmerinfo\/2017\/12\/4-grands-exces-de-vitesse-dont-2-a-plus-de-200-kmh-vendredi-a-uxegney\/#respond"]}]},{"@type":"WebPage","@id":"https:\/\/vosgesinfo.fr\/gerardmerinfo\/2017\/12\/4-grands-exces-de-vitesse-dont-2-a-plus-de-200-kmh-vendredi-a-uxegney\/","url":"https:\/\/vosgesinfo.fr\/gerardmerinfo\/2017\/12\/4-grands-exces-de-vitesse-dont-2-a-plus-de-200-kmh-vendredi-a-uxegney\/","name":"4 grands exc\u00e8s de vitesse, dont 2 \u00e0 plus de 200 km\/h, ce vendredi \u00e0 Uxegney - Gerardmer Info","isPartOf":{"@id":"https:\/\/vosgesinfo.fr\/gerardmerinfo\/#website"},"primaryImageOfPage":{"@id":"https:\/\/vosgesinfo.fr\/gerardmerinfo\/2017\/12\/4-grands-exces-de-vitesse-dont-2-a-plus-de-200-kmh-vendredi-a-uxegney\/#primaryimage"},"image":{"@id":"https:\/\/vosgesinfo.fr\/gerardmerinfo\/2017\/12\/4-grands-exces-de-vitesse-dont-2-a-plus-de-200-kmh-vendredi-a-uxegney\/#primaryimage"},"thumbnailUrl":"https:\/\/vosgesinfo.fr\/app\/uploads\/sites\/6\/2024\/07\/201712gendarmerie.jpg","datePublished":"2017-12-23T08:01:56+00:00","dateModified":"2017-12-23T08:01:56+00:00","breadcrumb":{"@id":"https:\/\/vosgesinfo.fr\/gerardmerinfo\/2017\/12\/4-grands-exces-de-vitesse-dont-2-a-plus-de-200-kmh-vendredi-a-uxegney\/#breadcrumb"},"inLanguage":"fr-FR","potentialAction":[{"@type":"ReadAction","target":["https:\/\/vosgesinfo.fr\/gerardmerinfo\/2017\/12\/4-grands-exces-de-vitesse-dont-2-a-plus-de-200-kmh-vendredi-a-uxegney\/"]}]},{"@type":"ImageObject","inLanguage":"fr-FR","@id":"https:\/\/vosgesinfo.fr\/gerardmerinfo\/2017\/12\/4-grands-exces-de-vitesse-dont-2-a-plus-de-200-kmh-vendredi-a-uxegney\/#primaryimage","url":"https:\/\/vosgesinfo.fr\/app\/uploads\/sites\/6\/2024\/07\/201712gendarmerie.jpg","contentUrl":"https:\/\/vosgesinfo.fr\/app\/uploads\/sites\/6\/2024\/07\/201712gendarmerie.jpg","width":800,"height":466},{"@type":"BreadcrumbList","@id":"https:\/\/vosgesinfo.fr\/gerardmerinfo\/2017\/12\/4-grands-exces-de-vitesse-dont-2-a-plus-de-200-kmh-vendredi-a-uxegney\/#breadcrumb","itemListElement":[{"@type":"ListItem","position":1,"name":"Home","item":"https:\/\/vosgesinfo.fr\/gerardmerinfo\/"},{"@type":"ListItem","position":2,"name":"4 grands exc\u00e8s de vitesse, dont 2 \u00e0 plus de 200 km\/h, ce vendredi \u00e0 Uxegney"}]},{"@type":"WebSite","@id":"https:\/\/vosgesinfo.fr\/gerardmerinfo\/#website","url":"https:\/\/vosgesinfo.fr\/gerardmerinfo\/","name":"Gerardmer Info","description":"Toute l&#039;actualit\u00e9 de G\u00e9rardmer","publisher":{"@id":"https:\/\/vosgesinfo.fr\/gerardmerinfo\/#organization"},"alternateName":"Toute l'actualit\u00e9 de G\u00e9rardmer","potentialAction":[{"@type":"SearchAction","target":{"@type":"EntryPoint","urlTemplate":"https:\/\/vosgesinfo.fr\/gerardmerinfo\/?s={search_term_string}"},"query-input":"required name=search_term_string"}],"inLanguage":"fr-FR"},{"@type":"Organization","@id":"https:\/\/vosgesinfo.fr\/gerardmerinfo\/#organization","name":"Gerardmer Info","url":"https:\/\/vosgesinfo.fr\/gerardmerinfo\/","logo":{"@type":"ImageObject","inLanguage":"fr-FR","@id":"https:\/\/vosgesinfo.fr\/gerardmerinfo\/#\/schema\/logo\/image\/","url":"https:\/\/vosgesinfo.fr\/app\/uploads\/sites\/6\/2023\/08\/favicon-gerardmerinfo.png","contentUrl":"https:\/\/vosgesinfo.fr\/app\/uploads\/sites\/6\/2023\/08\/favicon-gerardmerinfo.png","width":512,"height":512,"caption":"Gerardmer Info"},"image":{"@id":"https:\/\/vosgesinfo.fr\/gerardmerinfo\/#\/schema\/logo\/image\/"},"sameAs":["https:\/\/www.facebook.com\/profile.php?id=100049475262660","https:\/\/x.com\/VosgesInfo88","https:\/\/www.youtube.com\/@vosgesinfo"]},{"@type":"Person","@id":"https:\/\/vosgesinfo.fr\/gerardmerinfo\/#\/schema\/person\/bc5d02d71e6932e81b6dadb7386667b1","name":"qs_admin","image":{"@type":"ImageObject","inLanguage":"fr-FR","@id":"https:\/\/vosgesinfo.fr\/gerardmerinfo\/#\/schema\/person\/image\/","url":"https:\/\/secure.gravatar.com\/avatar\/94b18ee0ed79e4a42ea2f2931277b6841a8999fc6fde214600c78057cf1fe1de?s=96&d=mm&r=g","contentUrl":"https:\/\/secure.gravatar.com\/avatar\/94b18ee0ed79e4a42ea2f2931277b6841a8999fc6fde214600c78057cf1fe1de?s=96&d=mm&r=g","caption":"qs_admin"},"sameAs":["https:\/\/vosgesinfo.fr\/wp"],"url":"https:\/\/vosgesinfo.fr\/gerardmerinfo\/author\/qs_admin\/"}]}},"_links":{"self":[{"href":"https:\/\/vosgesinfo.fr\/gerardmerinfo\/wp-json\/wp\/v2\/posts\/31082","targetHints":{"allow":["GET"]}}],"collection":[{"href":"https:\/\/vosgesinfo.fr\/gerardmerinfo\/wp-json\/wp\/v2\/posts"}],"about":[{"href":"https:\/\/vosgesinfo.fr\/gerardmerinfo\/wp-json\/wp\/v2\/types\/post"}],"author":[{"embeddable":true,"href":"https:\/\/vosgesinfo.fr\/gerardmerinfo\/wp-json\/wp\/v2\/users\/1"}],"replies":[{"embeddable":true,"href":"https:\/\/vosgesinfo.fr\/gerardmerinfo\/wp-json\/wp\/v2\/comments?post=31082"}],"version-history":[{"count":0,"href":"https:\/\/vosgesinfo.fr\/gerardmerinfo\/wp-json\/wp\/v2\/posts\/31082\/revisions"}],"wp:featuredmedia":[{"embeddable":true,"href":"https:\/\/vosgesinfo.fr\/gerardmerinfo\/wp-json\/wp\/v2\/media\/31083"}],"wp:attachment":[{"href":"https:\/\/vosgesinfo.fr\/gerardmerinfo\/wp-json\/wp\/v2\/media?parent=31082"}],"wp:term":[{"taxonomy":"category","embeddable":true,"href":"https:\/\/vosgesinfo.fr\/gerardmerinfo\/wp-json\/wp\/v2\/categories?post=31082"},{"taxonomy":"post_tag","embeddable":true,"href":"https:\/\/vosgesinfo.fr\/gerardmerinfo\/wp-json\/wp\/v2\/tags?post=31082"}],"curies":[{"name":"wp","href":"https:\/\/api.w.org\/{rel}","templated":true}]}}