{"id":31247,"date":"2018-01-03T23:36:57","date_gmt":"2018-01-03T22:36:57","guid":{"rendered":"https:\/\/vosgesinfo.fr\/gerardmerinfo\/2018\/01\/domaine-skiable-alpin-de-mauselaine-bulletin-4-janvier-2018\/"},"modified":"2018-01-03T23:36:57","modified_gmt":"2018-01-03T22:36:57","slug":"domaine-skiable-alpin-de-mauselaine-bulletin-4-janvier-2018","status":"publish","type":"post","link":"https:\/\/vosgesinfo.fr\/gerardmerinfo\/2018\/01\/domaine-skiable-alpin-de-mauselaine-bulletin-4-janvier-2018\/","title":{"rendered":"Domaine skiable alpin de la Mauselaine : bulletin du 4 janvier 2018"},"content":{"rendered":"<p class=\"x_DfxFaxNum\" align=\"center\"><b>BULLETIN\u00a0POUR\u00a0: <\/b><\/p>\n<p class=\"x_DfxFaxNum\" align=\"center\"><b>JEUDI 4 JANVIER 2018<\/b><\/p>\n<p class=\"x_DfxFaxNum\" align=\"center\"><b>\u00a0<\/b><\/p>\n<div>\n<p class=\"x_DfxCompany\" align=\"center\"><b><i>DOMAINE SKIABLE ALPIN GERARDMER<\/i><\/b><\/p>\n<\/div>\n<div>\n<p class=\"x_DfxCompany\" align=\"center\"><b><i>MAUSELAINE \u2013 CHAUME FRANCIS &#8211; GROUVELIN<\/i><\/b><\/p>\n<\/div>\n<p class=\"x_MsoNormal\"><b>\u00a0<\/b><\/p>\n<p class=\"x_MsoNormal\"><b>DATE DE LA DERNIERE CHUTE DE NEIGE : <\/b>3 janvier 2018<b> <\/b><\/p>\n<p class=\"x_MsoNormal\"><b>\u00a0<\/b><\/p>\n<h1>HAUTEUR MOYENNE\u00a0 DE NEIGE (neige de culture incluse)<\/h1>\n<p class=\"x_MsoNormal\">En haut des pistes : 30 cm\u00a0\u00a0\u00a0\u00a0\u00a0\u00a0\u00a0\u00a0\u00a0\u00a0\u00a0\u00a0\u00a0\u00a0\u00a0\u00a0\u00a0\u00a0 En bas des pistes : 10 cm<\/p>\n<h1><u>SKI ALPIN<\/u><\/h1>\n<h1>\u00a0\u00a0\u00a0\u00a0\u00a0Nombre de pistes ouvertes :\u00a0\u00a0\u00a0\u00a0\u00a0 20\u00a0\u00a0\u00a0 sur 21 pistes au total<\/h1>\n<h3>\u00a0\u00a0\u00a0 \u00a0\u00a0\u00a0 8 Vertes \u00a0\u00a0\u00a0\u00a0\u00a0\u00a0\u00a0\u00a0\u00a0\u00a0\u00a0 7\u00a0\u00a0\u00a0 Rouges\u00a0\u00a0\u00a0\u00a0\u00a0\u00a0\u00a0\u00a0 3\u00a0\u00a0 Bleues\u00a0\u00a0\u00a0\u00a0\u00a0\u00a0\u00a0\u00a0\u00a0\u00a0 2 Noires<\/h3>\n<p class=\"x_MsoNormal\">\u00a0\u00a0\u00a0\u00a0\u00a0\u00a0\u00a0\u00a0\u00a0\u00a0\u00a0\u00a0\u00a0\u00a0\u00a0\u00a0\u00a0\u00a0\u00a0\u00a0\u00a0\u00a0\u00a0\u00a0\u00a0\u00a0\u00a0\u00a0\u00a0\u00a0 90 % DU DOMAINE OUVERT<\/p>\n<p class=\"x_MsoNormal\"><b>\u00a0<\/b><\/p>\n<h3>Piste de luge et\u00a0 Boardercross ouverts &#8211; Igloo de loustic et Snowpark ferm\u00e9s<\/h3>\n<h3><\/h3>\n<h3>Remont\u00e9es m\u00e9caniques ouvertes : 16 t\u00e9l\u00e9skis et 2 t\u00e9l\u00e9si\u00e8ges<\/h3>\n<p class=\"x_MsoNormal\" align=\"center\"><b>NAVETTE DES NEIGES GRATUITE <\/b><b>tous les jours <\/b>(vacances scolaires)<\/p>\n<p class=\"x_MsoNormal\" align=\"center\"><b>NOCTURNE JEUDI &#8211; SAMEDI DE 17H A 22H <\/b>(vacances scolaires)<\/p>\n<p class=\"x_MsoNormal\" align=\"center\">(Nocturne du mardi supprim\u00e9e pour toute la saison)<\/p>\n<p class=\"x_MsoNormal\" align=\"center\"><b><i>Tarif remont\u00e9es m\u00e9caniques rouge pendant les vacances scolaires<\/i><\/b><\/p>\n<p class=\"x_MsoNormal\"><b><i>LE RESTAURANT DE LA CHAUME FRANCIS OUVRIRA A PARTIR DU SAMEDI 13 JANVIER 2018<\/i><\/b><\/p>\n<p class=\"x_MsoNormal\"><b>\u00a0<\/b><\/p>\n<p class=\"x_MsoNormal\"><b>\u00a0<\/b><\/p>\n<p class=\"x_MsoNormal\"><a target=\"_blank\" rel=\"noopener noreferrer\" name=\"x__Hlk502820251\"><\/a><b>Jeudi 4 janvier\u00a0:<\/b><\/p>\n<p class=\"x_MsoNormal\"><b>CHALLENGE DES HIVERNANTS ET DES FAMILLES<\/b><b><\/b><\/p>\n<p class=\"x_MsoNormal\">(Inscription ESF G\u00e9rardmer)<\/p>\n<p class=\"x_MsoNormal\"><b>ANIMATION JEUX EN BOIS GEROMOIS DE 14 H A 17 H<\/b><\/p>\n<p class=\"x_MsoNormal\">(Salle pique-nique en face de la piste de luge)<\/p>\n<p class=\"x_MsoNormal\"><b>\u00a0<\/b><\/p>\n<p class=\"x_MsoNormal\"><b>Page 1\/2<\/b><\/p>\n<p class=\"x_MsoNormal\"><b>\u00a0<\/b><\/p>\n<p align=\"center\"><strong>\u00a0<\/strong><\/p>\n<p align=\"center\"><strong>ANIMATIONS DIVERSES<\/strong><\/p>\n<p align=\"center\"><strong>\u00a0<\/strong><\/p>\n<p>&#8211;\u00a0<strong>ANIMATION JEUX EN BOIS GEROMOIS SUR LE FRONT DE NEIGE<\/strong><\/p>\n<p>DE 14\u00a0H\u00a0A 17\u00a0H (gratuit, inscription sur place au stand)<\/p>\n<p>LE JEUDI\u00a04 JANVIER,\u00a0LES LUNDIS 12, 19 et 26 FEVRIER, 5\u00a0MARS 2018<\/p>\n<p>&nbsp;<\/p>\n<p>&#8211;\u00a0<strong>JUS DE POMMES-CANNELLE CHAUD<\/strong>\u00a0OFFERT SUR LES PISTES DU DOMAINE SKIABLE ALPIN<\/p>\n<p>A 15 H (jusqu\u2019\u00e0 \u00e9puisement du stock)<\/p>\n<p>LES MARDIS 13, 20, 27 FEVRIER ET 6 MARS 2018<\/p>\n<p>&nbsp;<\/p>\n<p>&#8211;\u00a0<strong>INITIATION AU BIATHLON (CARABINE LASER)<\/strong>\u00a0A LA CHAUME FRANCIS<\/p>\n<p>DE 9 H 30 A 12\u00a0H et de 13 H A 16 H 30 (gratuit, inscription sur place au stand)<\/p>\n<p>LES MARDIS 13, 20, 27 FEVRIER ET 6 MARS 2018<\/p>\n<p>&nbsp;<\/p>\n<p>&#8211;\u00a0<strong>VENEZ TESTER VOTRE VITESSE SUR LE STADE DE SLALOM<\/strong>\u00a0(casque obligatoire)<\/p>\n<p>9 H \u00e0 12 H ET 14 H A 17 H (gratuit, pas d\u2019inscription)<\/p>\n<p>LES MARDIS 13, 20, 27 FEVRIER ET 6 MARS 2018<\/p>\n<p>LES JEUDIS 4 JANVIER \u2013 15, 22 FEVRIER ET 1ER ET 8 MARS 2018<\/p>\n<p>&nbsp;<\/p>\n<p>&#8211;\u00a0<strong>SPECTACLE DE MAGIE RAPPROCHE AVEC PIETA SEBASTIEN<\/strong><\/p>\n<p>DE 9 H A 17 H (gratuit, inscription sur place au stand)<\/p>\n<p>LES VENDREDIS 5 JANVIER 2018, 16 et 23 FEVRIER 2018, 2 et 9 MARS 2018<\/p>\n<p>&nbsp;<\/p>\n<p>&#8211;\u00a0<strong>ANIMATION LUGE SUR LA PISTE DU RENARD (dates \u00e0 venir)<\/strong><\/p>\n<p>&nbsp;<\/p>\n<p>&#8211;\u00a0<strong>EXPOSITION PHOTOS \u00ab\u00a0FENETRES OUVERTES SUR EPINAL, NANCY, METZ, STRASBOURG\u00a0\u00bb,\u00a0<\/strong>SECTEUR PISTES FOURMI ET FAON ET TELESKI DES HETRES<\/p>\n<p>TOUTE LA SAISON<\/p>\n","protected":false},"excerpt":{"rendered":"<p>BULLETIN\u00a0POUR\u00a0: JEUDI 4 JANVIER 2018 \u00a0 DOMAINE SKIABLE ALPIN GERARDMER MAUSELAINE \u2013 CHAUME FRANCIS &#8211; GROUVELIN \u00a0 DATE DE LA [&hellip;]<\/p>\n","protected":false},"author":1,"featured_media":31248,"comment_status":"open","ping_status":"open","sticky":false,"template":"","format":"standard","meta":{"footnotes":""},"categories":[3,25,14],"tags":[226],"class_list":["post-31247","post","type-post","status-publish","format-standard","has-post-thumbnail","hentry","category-breves","category-gerardmer","category-sport","tag-mauselaine"],"acf":[],"yoast_head":"<!-- This site is optimized with the Yoast SEO plugin v22.5 - https:\/\/yoast.com\/wordpress\/plugins\/seo\/ -->\n<title>Domaine skiable alpin de la Mauselaine : bulletin du 4 janvier 2018 - Gerardmer Info<\/title>\n<meta name=\"robots\" content=\"index, follow, max-snippet:-1, max-image-preview:large, max-video-preview:-1\" \/>\n<link rel=\"canonical\" href=\"https:\/\/vosgesinfo.fr\/gerardmerinfo\/2018\/01\/domaine-skiable-alpin-de-mauselaine-bulletin-4-janvier-2018\/\" \/>\n<meta name=\"twitter:card\" content=\"summary_large_image\" \/>\n<meta name=\"twitter:title\" content=\"Domaine skiable alpin de la Mauselaine : bulletin du 4 janvier 2018 - Gerardmer Info\" \/>\n<meta name=\"twitter:description\" content=\"BULLETIN\u00a0POUR\u00a0: JEUDI 4 JANVIER 2018 \u00a0 DOMAINE SKIABLE ALPIN GERARDMER MAUSELAINE \u2013 CHAUME FRANCIS &#8211; GROUVELIN \u00a0 DATE DE LA [&hellip;]\" \/>\n<meta name=\"twitter:image\" content=\"https:\/\/vosgesinfo.fr\/app\/uploads\/sites\/6\/2024\/07\/201602mauselaine1-21.jpg\" \/>\n<meta name=\"twitter:creator\" content=\"@VosgesInfo88\" \/>\n<meta name=\"twitter:site\" content=\"@VosgesInfo88\" \/>\n<meta name=\"twitter:label1\" content=\"\u00c9crit par\" \/>\n\t<meta name=\"twitter:data1\" content=\"qs_admin\" \/>\n\t<meta name=\"twitter:label2\" content=\"Dur\u00e9e de lecture estim\u00e9e\" \/>\n\t<meta name=\"twitter:data2\" content=\"2 minutes\" \/>\n<script type=\"application\/ld+json\" class=\"yoast-schema-graph\">{\"@context\":\"https:\/\/schema.org\",\"@graph\":[{\"@type\":\"Article\",\"@id\":\"https:\/\/vosgesinfo.fr\/gerardmerinfo\/2018\/01\/domaine-skiable-alpin-de-mauselaine-bulletin-4-janvier-2018\/#article\",\"isPartOf\":{\"@id\":\"https:\/\/vosgesinfo.fr\/gerardmerinfo\/2018\/01\/domaine-skiable-alpin-de-mauselaine-bulletin-4-janvier-2018\/\"},\"author\":{\"name\":\"qs_admin\",\"@id\":\"https:\/\/vosgesinfo.fr\/gerardmerinfo\/#\/schema\/person\/bc5d02d71e6932e81b6dadb7386667b1\"},\"headline\":\"Domaine skiable alpin de la Mauselaine : bulletin du 4 janvier 2018\",\"datePublished\":\"2018-01-03T22:36:57+00:00\",\"dateModified\":\"2018-01-03T22:36:57+00:00\",\"mainEntityOfPage\":{\"@id\":\"https:\/\/vosgesinfo.fr\/gerardmerinfo\/2018\/01\/domaine-skiable-alpin-de-mauselaine-bulletin-4-janvier-2018\/\"},\"wordCount\":356,\"commentCount\":0,\"publisher\":{\"@id\":\"https:\/\/vosgesinfo.fr\/gerardmerinfo\/#organization\"},\"image\":{\"@id\":\"https:\/\/vosgesinfo.fr\/gerardmerinfo\/2018\/01\/domaine-skiable-alpin-de-mauselaine-bulletin-4-janvier-2018\/#primaryimage\"},\"thumbnailUrl\":\"https:\/\/vosgesinfo.fr\/app\/uploads\/sites\/6\/2024\/07\/201602mauselaine1-21.jpg\",\"keywords\":[\"Mauselaine\"],\"articleSection\":[\"Br\u00e8ves\",\"G\u00e9rardmer\",\"Sport\"],\"inLanguage\":\"fr-FR\",\"potentialAction\":[{\"@type\":\"CommentAction\",\"name\":\"Comment\",\"target\":[\"https:\/\/vosgesinfo.fr\/gerardmerinfo\/2018\/01\/domaine-skiable-alpin-de-mauselaine-bulletin-4-janvier-2018\/#respond\"]}]},{\"@type\":\"WebPage\",\"@id\":\"https:\/\/vosgesinfo.fr\/gerardmerinfo\/2018\/01\/domaine-skiable-alpin-de-mauselaine-bulletin-4-janvier-2018\/\",\"url\":\"https:\/\/vosgesinfo.fr\/gerardmerinfo\/2018\/01\/domaine-skiable-alpin-de-mauselaine-bulletin-4-janvier-2018\/\",\"name\":\"Domaine skiable alpin de la Mauselaine : bulletin du 4 janvier 2018 - Gerardmer Info\",\"isPartOf\":{\"@id\":\"https:\/\/vosgesinfo.fr\/gerardmerinfo\/#website\"},\"primaryImageOfPage\":{\"@id\":\"https:\/\/vosgesinfo.fr\/gerardmerinfo\/2018\/01\/domaine-skiable-alpin-de-mauselaine-bulletin-4-janvier-2018\/#primaryimage\"},\"image\":{\"@id\":\"https:\/\/vosgesinfo.fr\/gerardmerinfo\/2018\/01\/domaine-skiable-alpin-de-mauselaine-bulletin-4-janvier-2018\/#primaryimage\"},\"thumbnailUrl\":\"https:\/\/vosgesinfo.fr\/app\/uploads\/sites\/6\/2024\/07\/201602mauselaine1-21.jpg\",\"datePublished\":\"2018-01-03T22:36:57+00:00\",\"dateModified\":\"2018-01-03T22:36:57+00:00\",\"breadcrumb\":{\"@id\":\"https:\/\/vosgesinfo.fr\/gerardmerinfo\/2018\/01\/domaine-skiable-alpin-de-mauselaine-bulletin-4-janvier-2018\/#breadcrumb\"},\"inLanguage\":\"fr-FR\",\"potentialAction\":[{\"@type\":\"ReadAction\",\"target\":[\"https:\/\/vosgesinfo.fr\/gerardmerinfo\/2018\/01\/domaine-skiable-alpin-de-mauselaine-bulletin-4-janvier-2018\/\"]}]},{\"@type\":\"ImageObject\",\"inLanguage\":\"fr-FR\",\"@id\":\"https:\/\/vosgesinfo.fr\/gerardmerinfo\/2018\/01\/domaine-skiable-alpin-de-mauselaine-bulletin-4-janvier-2018\/#primaryimage\",\"url\":\"https:\/\/vosgesinfo.fr\/app\/uploads\/sites\/6\/2024\/07\/201602mauselaine1-21.jpg\",\"contentUrl\":\"https:\/\/vosgesinfo.fr\/app\/uploads\/sites\/6\/2024\/07\/201602mauselaine1-21.jpg\",\"width\":800,\"height\":535},{\"@type\":\"BreadcrumbList\",\"@id\":\"https:\/\/vosgesinfo.fr\/gerardmerinfo\/2018\/01\/domaine-skiable-alpin-de-mauselaine-bulletin-4-janvier-2018\/#breadcrumb\",\"itemListElement\":[{\"@type\":\"ListItem\",\"position\":1,\"name\":\"Home\",\"item\":\"https:\/\/vosgesinfo.fr\/gerardmerinfo\/\"},{\"@type\":\"ListItem\",\"position\":2,\"name\":\"Domaine skiable alpin de la Mauselaine : bulletin du 4 janvier 2018\"}]},{\"@type\":\"WebSite\",\"@id\":\"https:\/\/vosgesinfo.fr\/gerardmerinfo\/#website\",\"url\":\"https:\/\/vosgesinfo.fr\/gerardmerinfo\/\",\"name\":\"Gerardmer Info\",\"description\":\"Toute l&#039;actualit\u00e9 de G\u00e9rardmer\",\"publisher\":{\"@id\":\"https:\/\/vosgesinfo.fr\/gerardmerinfo\/#organization\"},\"alternateName\":\"Toute l'actualit\u00e9 de G\u00e9rardmer\",\"potentialAction\":[{\"@type\":\"SearchAction\",\"target\":{\"@type\":\"EntryPoint\",\"urlTemplate\":\"https:\/\/vosgesinfo.fr\/gerardmerinfo\/?s={search_term_string}\"},\"query-input\":\"required name=search_term_string\"}],\"inLanguage\":\"fr-FR\"},{\"@type\":\"Organization\",\"@id\":\"https:\/\/vosgesinfo.fr\/gerardmerinfo\/#organization\",\"name\":\"Gerardmer Info\",\"url\":\"https:\/\/vosgesinfo.fr\/gerardmerinfo\/\",\"logo\":{\"@type\":\"ImageObject\",\"inLanguage\":\"fr-FR\",\"@id\":\"https:\/\/vosgesinfo.fr\/gerardmerinfo\/#\/schema\/logo\/image\/\",\"url\":\"https:\/\/vosgesinfo.fr\/app\/uploads\/sites\/6\/2023\/08\/favicon-gerardmerinfo.png\",\"contentUrl\":\"https:\/\/vosgesinfo.fr\/app\/uploads\/sites\/6\/2023\/08\/favicon-gerardmerinfo.png\",\"width\":512,\"height\":512,\"caption\":\"Gerardmer Info\"},\"image\":{\"@id\":\"https:\/\/vosgesinfo.fr\/gerardmerinfo\/#\/schema\/logo\/image\/\"},\"sameAs\":[\"https:\/\/www.facebook.com\/profile.php?id=100049475262660\",\"https:\/\/x.com\/VosgesInfo88\",\"https:\/\/www.youtube.com\/@vosgesinfo\"]},{\"@type\":\"Person\",\"@id\":\"https:\/\/vosgesinfo.fr\/gerardmerinfo\/#\/schema\/person\/bc5d02d71e6932e81b6dadb7386667b1\",\"name\":\"qs_admin\",\"image\":{\"@type\":\"ImageObject\",\"inLanguage\":\"fr-FR\",\"@id\":\"https:\/\/vosgesinfo.fr\/gerardmerinfo\/#\/schema\/person\/image\/\",\"url\":\"https:\/\/secure.gravatar.com\/avatar\/94b18ee0ed79e4a42ea2f2931277b6841a8999fc6fde214600c78057cf1fe1de?s=96&d=mm&r=g\",\"contentUrl\":\"https:\/\/secure.gravatar.com\/avatar\/94b18ee0ed79e4a42ea2f2931277b6841a8999fc6fde214600c78057cf1fe1de?s=96&d=mm&r=g\",\"caption\":\"qs_admin\"},\"sameAs\":[\"https:\/\/vosgesinfo.fr\/wp\"],\"url\":\"https:\/\/vosgesinfo.fr\/gerardmerinfo\/author\/qs_admin\/\"}]}<\/script>\n<!-- \/ Yoast SEO plugin. -->","yoast_head_json":{"title":"Domaine skiable alpin de la Mauselaine : bulletin du 4 janvier 2018 - Gerardmer Info","robots":{"index":"index","follow":"follow","max-snippet":"max-snippet:-1","max-image-preview":"max-image-preview:large","max-video-preview":"max-video-preview:-1"},"canonical":"https:\/\/vosgesinfo.fr\/gerardmerinfo\/2018\/01\/domaine-skiable-alpin-de-mauselaine-bulletin-4-janvier-2018\/","twitter_card":"summary_large_image","twitter_title":"Domaine skiable alpin de la Mauselaine : bulletin du 4 janvier 2018 - Gerardmer Info","twitter_description":"BULLETIN\u00a0POUR\u00a0: JEUDI 4 JANVIER 2018 \u00a0 DOMAINE SKIABLE ALPIN GERARDMER MAUSELAINE \u2013 CHAUME FRANCIS &#8211; GROUVELIN \u00a0 DATE DE LA [&hellip;]","twitter_image":"https:\/\/vosgesinfo.fr\/app\/uploads\/sites\/6\/2024\/07\/201602mauselaine1-21.jpg","twitter_creator":"@VosgesInfo88","twitter_site":"@VosgesInfo88","twitter_misc":{"\u00c9crit par":"qs_admin","Dur\u00e9e de lecture estim\u00e9e":"2 minutes"},"schema":{"@context":"https:\/\/schema.org","@graph":[{"@type":"Article","@id":"https:\/\/vosgesinfo.fr\/gerardmerinfo\/2018\/01\/domaine-skiable-alpin-de-mauselaine-bulletin-4-janvier-2018\/#article","isPartOf":{"@id":"https:\/\/vosgesinfo.fr\/gerardmerinfo\/2018\/01\/domaine-skiable-alpin-de-mauselaine-bulletin-4-janvier-2018\/"},"author":{"name":"qs_admin","@id":"https:\/\/vosgesinfo.fr\/gerardmerinfo\/#\/schema\/person\/bc5d02d71e6932e81b6dadb7386667b1"},"headline":"Domaine skiable alpin de la Mauselaine : bulletin du 4 janvier 2018","datePublished":"2018-01-03T22:36:57+00:00","dateModified":"2018-01-03T22:36:57+00:00","mainEntityOfPage":{"@id":"https:\/\/vosgesinfo.fr\/gerardmerinfo\/2018\/01\/domaine-skiable-alpin-de-mauselaine-bulletin-4-janvier-2018\/"},"wordCount":356,"commentCount":0,"publisher":{"@id":"https:\/\/vosgesinfo.fr\/gerardmerinfo\/#organization"},"image":{"@id":"https:\/\/vosgesinfo.fr\/gerardmerinfo\/2018\/01\/domaine-skiable-alpin-de-mauselaine-bulletin-4-janvier-2018\/#primaryimage"},"thumbnailUrl":"https:\/\/vosgesinfo.fr\/app\/uploads\/sites\/6\/2024\/07\/201602mauselaine1-21.jpg","keywords":["Mauselaine"],"articleSection":["Br\u00e8ves","G\u00e9rardmer","Sport"],"inLanguage":"fr-FR","potentialAction":[{"@type":"CommentAction","name":"Comment","target":["https:\/\/vosgesinfo.fr\/gerardmerinfo\/2018\/01\/domaine-skiable-alpin-de-mauselaine-bulletin-4-janvier-2018\/#respond"]}]},{"@type":"WebPage","@id":"https:\/\/vosgesinfo.fr\/gerardmerinfo\/2018\/01\/domaine-skiable-alpin-de-mauselaine-bulletin-4-janvier-2018\/","url":"https:\/\/vosgesinfo.fr\/gerardmerinfo\/2018\/01\/domaine-skiable-alpin-de-mauselaine-bulletin-4-janvier-2018\/","name":"Domaine skiable alpin de la Mauselaine : bulletin du 4 janvier 2018 - Gerardmer Info","isPartOf":{"@id":"https:\/\/vosgesinfo.fr\/gerardmerinfo\/#website"},"primaryImageOfPage":{"@id":"https:\/\/vosgesinfo.fr\/gerardmerinfo\/2018\/01\/domaine-skiable-alpin-de-mauselaine-bulletin-4-janvier-2018\/#primaryimage"},"image":{"@id":"https:\/\/vosgesinfo.fr\/gerardmerinfo\/2018\/01\/domaine-skiable-alpin-de-mauselaine-bulletin-4-janvier-2018\/#primaryimage"},"thumbnailUrl":"https:\/\/vosgesinfo.fr\/app\/uploads\/sites\/6\/2024\/07\/201602mauselaine1-21.jpg","datePublished":"2018-01-03T22:36:57+00:00","dateModified":"2018-01-03T22:36:57+00:00","breadcrumb":{"@id":"https:\/\/vosgesinfo.fr\/gerardmerinfo\/2018\/01\/domaine-skiable-alpin-de-mauselaine-bulletin-4-janvier-2018\/#breadcrumb"},"inLanguage":"fr-FR","potentialAction":[{"@type":"ReadAction","target":["https:\/\/vosgesinfo.fr\/gerardmerinfo\/2018\/01\/domaine-skiable-alpin-de-mauselaine-bulletin-4-janvier-2018\/"]}]},{"@type":"ImageObject","inLanguage":"fr-FR","@id":"https:\/\/vosgesinfo.fr\/gerardmerinfo\/2018\/01\/domaine-skiable-alpin-de-mauselaine-bulletin-4-janvier-2018\/#primaryimage","url":"https:\/\/vosgesinfo.fr\/app\/uploads\/sites\/6\/2024\/07\/201602mauselaine1-21.jpg","contentUrl":"https:\/\/vosgesinfo.fr\/app\/uploads\/sites\/6\/2024\/07\/201602mauselaine1-21.jpg","width":800,"height":535},{"@type":"BreadcrumbList","@id":"https:\/\/vosgesinfo.fr\/gerardmerinfo\/2018\/01\/domaine-skiable-alpin-de-mauselaine-bulletin-4-janvier-2018\/#breadcrumb","itemListElement":[{"@type":"ListItem","position":1,"name":"Home","item":"https:\/\/vosgesinfo.fr\/gerardmerinfo\/"},{"@type":"ListItem","position":2,"name":"Domaine skiable alpin de la Mauselaine : bulletin du 4 janvier 2018"}]},{"@type":"WebSite","@id":"https:\/\/vosgesinfo.fr\/gerardmerinfo\/#website","url":"https:\/\/vosgesinfo.fr\/gerardmerinfo\/","name":"Gerardmer Info","description":"Toute l&#039;actualit\u00e9 de G\u00e9rardmer","publisher":{"@id":"https:\/\/vosgesinfo.fr\/gerardmerinfo\/#organization"},"alternateName":"Toute l'actualit\u00e9 de G\u00e9rardmer","potentialAction":[{"@type":"SearchAction","target":{"@type":"EntryPoint","urlTemplate":"https:\/\/vosgesinfo.fr\/gerardmerinfo\/?s={search_term_string}"},"query-input":"required name=search_term_string"}],"inLanguage":"fr-FR"},{"@type":"Organization","@id":"https:\/\/vosgesinfo.fr\/gerardmerinfo\/#organization","name":"Gerardmer Info","url":"https:\/\/vosgesinfo.fr\/gerardmerinfo\/","logo":{"@type":"ImageObject","inLanguage":"fr-FR","@id":"https:\/\/vosgesinfo.fr\/gerardmerinfo\/#\/schema\/logo\/image\/","url":"https:\/\/vosgesinfo.fr\/app\/uploads\/sites\/6\/2023\/08\/favicon-gerardmerinfo.png","contentUrl":"https:\/\/vosgesinfo.fr\/app\/uploads\/sites\/6\/2023\/08\/favicon-gerardmerinfo.png","width":512,"height":512,"caption":"Gerardmer Info"},"image":{"@id":"https:\/\/vosgesinfo.fr\/gerardmerinfo\/#\/schema\/logo\/image\/"},"sameAs":["https:\/\/www.facebook.com\/profile.php?id=100049475262660","https:\/\/x.com\/VosgesInfo88","https:\/\/www.youtube.com\/@vosgesinfo"]},{"@type":"Person","@id":"https:\/\/vosgesinfo.fr\/gerardmerinfo\/#\/schema\/person\/bc5d02d71e6932e81b6dadb7386667b1","name":"qs_admin","image":{"@type":"ImageObject","inLanguage":"fr-FR","@id":"https:\/\/vosgesinfo.fr\/gerardmerinfo\/#\/schema\/person\/image\/","url":"https:\/\/secure.gravatar.com\/avatar\/94b18ee0ed79e4a42ea2f2931277b6841a8999fc6fde214600c78057cf1fe1de?s=96&d=mm&r=g","contentUrl":"https:\/\/secure.gravatar.com\/avatar\/94b18ee0ed79e4a42ea2f2931277b6841a8999fc6fde214600c78057cf1fe1de?s=96&d=mm&r=g","caption":"qs_admin"},"sameAs":["https:\/\/vosgesinfo.fr\/wp"],"url":"https:\/\/vosgesinfo.fr\/gerardmerinfo\/author\/qs_admin\/"}]}},"_links":{"self":[{"href":"https:\/\/vosgesinfo.fr\/gerardmerinfo\/wp-json\/wp\/v2\/posts\/31247","targetHints":{"allow":["GET"]}}],"collection":[{"href":"https:\/\/vosgesinfo.fr\/gerardmerinfo\/wp-json\/wp\/v2\/posts"}],"about":[{"href":"https:\/\/vosgesinfo.fr\/gerardmerinfo\/wp-json\/wp\/v2\/types\/post"}],"author":[{"embeddable":true,"href":"https:\/\/vosgesinfo.fr\/gerardmerinfo\/wp-json\/wp\/v2\/users\/1"}],"replies":[{"embeddable":true,"href":"https:\/\/vosgesinfo.fr\/gerardmerinfo\/wp-json\/wp\/v2\/comments?post=31247"}],"version-history":[{"count":0,"href":"https:\/\/vosgesinfo.fr\/gerardmerinfo\/wp-json\/wp\/v2\/posts\/31247\/revisions"}],"wp:featuredmedia":[{"embeddable":true,"href":"https:\/\/vosgesinfo.fr\/gerardmerinfo\/wp-json\/wp\/v2\/media\/31248"}],"wp:attachment":[{"href":"https:\/\/vosgesinfo.fr\/gerardmerinfo\/wp-json\/wp\/v2\/media?parent=31247"}],"wp:term":[{"taxonomy":"category","embeddable":true,"href":"https:\/\/vosgesinfo.fr\/gerardmerinfo\/wp-json\/wp\/v2\/categories?post=31247"},{"taxonomy":"post_tag","embeddable":true,"href":"https:\/\/vosgesinfo.fr\/gerardmerinfo\/wp-json\/wp\/v2\/tags?post=31247"}],"curies":[{"name":"wp","href":"https:\/\/api.w.org\/{rel}","templated":true}]}}