{"id":31364,"date":"2018-01-09T16:28:28","date_gmt":"2018-01-09T15:28:28","guid":{"rendered":"https:\/\/vosgesinfo.fr\/gerardmerinfo\/2018\/01\/basket-jeunes-vosgiennes-se-qualifient-tournoi-inter-ligues\/"},"modified":"2018-01-09T16:28:28","modified_gmt":"2018-01-09T15:28:28","slug":"basket-jeunes-vosgiennes-se-qualifient-tournoi-inter-ligues","status":"publish","type":"post","link":"https:\/\/vosgesinfo.fr\/gerardmerinfo\/2018\/01\/basket-jeunes-vosgiennes-se-qualifient-tournoi-inter-ligues\/","title":{"rendered":"Basket : les jeunes Vosgiennes se qualifient pour le tournoi inter-ligues"},"content":{"rendered":"<p><a href=\"\/2018\/01\/selection-vosges-basket-filles-201\u00e8-2018-3.jpg\"><img decoding=\"async\" class=\"aligncenter wp-image-120581 size-full\" src=\"\/2018\/01\/selection-vosges-basket-filles-201\u00e8-2018-3.jpg\" alt=\"selection vosges basket filles 201\u00e8 2018 (3)\" width=\"800\" height=\"600\" \/><\/a>Ce dimanche 7 janvier 2018 \u00e0 Mirecourt, la s\u00e9lection des Vosges de basket dans laquelle joue la G\u00e9r\u00f4moise D\u00e9lia Ghom\u00e9rani de l&rsquo;ASG basket ( num\u00e9ro 13), disputait le TIC (Tournoi inter comit\u00e9 ).<\/p>\n<p>Les Vosgiennes ont remport\u00e9 leurs trois matchs les opposant aux s\u00e9lections de Meurthe et Moselle, Moselle et Meuse. De ce fait, elles se qualifient pour le TIL ( Tournoi inter-ligues ) qui aura lieu du c\u00f4t\u00e9 de Strasbourg du 27 f\u00e9vrier au 03 mars 2018. Avant ce tournoi, des entra\u00eenements et des stages auront lieu pour les pr\u00e9parer. Bravo et bon courage pour la suite !<\/p>\n\n","protected":false},"excerpt":{"rendered":"<p>Ce dimanche 7 janvier 2018 \u00e0 Mirecourt, la s\u00e9lection des Vosges de basket dans laquelle joue la G\u00e9r\u00f4moise D\u00e9lia Ghom\u00e9rani [&hellip;]<\/p>\n","protected":false},"author":42,"featured_media":31365,"comment_status":"open","ping_status":"open","sticky":false,"template":"","format":"standard","meta":{"footnotes":""},"categories":[20,14],"tags":[854],"class_list":["post-31364","post","type-post","status-publish","format-standard","has-post-thumbnail","hentry","category-a-la-une","category-sport","tag-asg-basket"],"acf":[],"yoast_head":"<!-- This site is optimized with the Yoast SEO plugin v22.5 - https:\/\/yoast.com\/wordpress\/plugins\/seo\/ -->\n<title>Basket : les jeunes Vosgiennes se qualifient pour le tournoi inter-ligues - Gerardmer Info<\/title>\n<meta name=\"robots\" content=\"index, follow, max-snippet:-1, max-image-preview:large, max-video-preview:-1\" \/>\n<link rel=\"canonical\" href=\"https:\/\/vosgesinfo.fr\/gerardmerinfo\/2018\/01\/basket-jeunes-vosgiennes-se-qualifient-tournoi-inter-ligues\/\" \/>\n<meta name=\"twitter:card\" content=\"summary_large_image\" \/>\n<meta name=\"twitter:title\" content=\"Basket : les jeunes Vosgiennes se qualifient pour le tournoi inter-ligues - Gerardmer Info\" \/>\n<meta name=\"twitter:description\" content=\"Ce dimanche 7 janvier 2018 \u00e0 Mirecourt, la s\u00e9lection des Vosges de basket dans laquelle joue la G\u00e9r\u00f4moise D\u00e9lia Ghom\u00e9rani [&hellip;]\" \/>\n<meta name=\"twitter:image\" content=\"https:\/\/vosgesinfo.fr\/app\/uploads\/sites\/6\/2024\/07\/201801selection-vosges-basket-filles-201e-2018-2.jpg\" \/>\n<meta name=\"twitter:creator\" content=\"@VosgesInfo88\" \/>\n<meta name=\"twitter:site\" content=\"@VosgesInfo88\" \/>\n<meta name=\"twitter:label1\" content=\"\u00c9crit par\" \/>\n\t<meta name=\"twitter:data1\" content=\"QG\" \/>\n\t<meta name=\"twitter:label2\" content=\"Dur\u00e9e de lecture estim\u00e9e\" \/>\n\t<meta name=\"twitter:data2\" content=\"1 minute\" \/>\n<script type=\"application\/ld+json\" class=\"yoast-schema-graph\">{\"@context\":\"https:\/\/schema.org\",\"@graph\":[{\"@type\":\"Article\",\"@id\":\"https:\/\/vosgesinfo.fr\/gerardmerinfo\/2018\/01\/basket-jeunes-vosgiennes-se-qualifient-tournoi-inter-ligues\/#article\",\"isPartOf\":{\"@id\":\"https:\/\/vosgesinfo.fr\/gerardmerinfo\/2018\/01\/basket-jeunes-vosgiennes-se-qualifient-tournoi-inter-ligues\/\"},\"author\":{\"name\":\"QG\",\"@id\":\"https:\/\/vosgesinfo.fr\/gerardmerinfo\/#\/schema\/person\/db5605779a843dad16b5368f3e7613a5\"},\"headline\":\"Basket : les jeunes Vosgiennes se qualifient pour le tournoi inter-ligues\",\"datePublished\":\"2018-01-09T15:28:28+00:00\",\"dateModified\":\"2018-01-09T15:28:28+00:00\",\"mainEntityOfPage\":{\"@id\":\"https:\/\/vosgesinfo.fr\/gerardmerinfo\/2018\/01\/basket-jeunes-vosgiennes-se-qualifient-tournoi-inter-ligues\/\"},\"wordCount\":118,\"commentCount\":0,\"publisher\":{\"@id\":\"https:\/\/vosgesinfo.fr\/gerardmerinfo\/#organization\"},\"image\":{\"@id\":\"https:\/\/vosgesinfo.fr\/gerardmerinfo\/2018\/01\/basket-jeunes-vosgiennes-se-qualifient-tournoi-inter-ligues\/#primaryimage\"},\"thumbnailUrl\":\"https:\/\/vosgesinfo.fr\/app\/uploads\/sites\/6\/2024\/07\/201801selection-vosges-basket-filles-201e-2018-2.jpg\",\"keywords\":[\"ASG Basket\"],\"articleSection\":[\"A la une\",\"Sport\"],\"inLanguage\":\"fr-FR\",\"potentialAction\":[{\"@type\":\"CommentAction\",\"name\":\"Comment\",\"target\":[\"https:\/\/vosgesinfo.fr\/gerardmerinfo\/2018\/01\/basket-jeunes-vosgiennes-se-qualifient-tournoi-inter-ligues\/#respond\"]}]},{\"@type\":\"WebPage\",\"@id\":\"https:\/\/vosgesinfo.fr\/gerardmerinfo\/2018\/01\/basket-jeunes-vosgiennes-se-qualifient-tournoi-inter-ligues\/\",\"url\":\"https:\/\/vosgesinfo.fr\/gerardmerinfo\/2018\/01\/basket-jeunes-vosgiennes-se-qualifient-tournoi-inter-ligues\/\",\"name\":\"Basket : les jeunes Vosgiennes se qualifient pour le tournoi inter-ligues - Gerardmer Info\",\"isPartOf\":{\"@id\":\"https:\/\/vosgesinfo.fr\/gerardmerinfo\/#website\"},\"primaryImageOfPage\":{\"@id\":\"https:\/\/vosgesinfo.fr\/gerardmerinfo\/2018\/01\/basket-jeunes-vosgiennes-se-qualifient-tournoi-inter-ligues\/#primaryimage\"},\"image\":{\"@id\":\"https:\/\/vosgesinfo.fr\/gerardmerinfo\/2018\/01\/basket-jeunes-vosgiennes-se-qualifient-tournoi-inter-ligues\/#primaryimage\"},\"thumbnailUrl\":\"https:\/\/vosgesinfo.fr\/app\/uploads\/sites\/6\/2024\/07\/201801selection-vosges-basket-filles-201e-2018-2.jpg\",\"datePublished\":\"2018-01-09T15:28:28+00:00\",\"dateModified\":\"2018-01-09T15:28:28+00:00\",\"breadcrumb\":{\"@id\":\"https:\/\/vosgesinfo.fr\/gerardmerinfo\/2018\/01\/basket-jeunes-vosgiennes-se-qualifient-tournoi-inter-ligues\/#breadcrumb\"},\"inLanguage\":\"fr-FR\",\"potentialAction\":[{\"@type\":\"ReadAction\",\"target\":[\"https:\/\/vosgesinfo.fr\/gerardmerinfo\/2018\/01\/basket-jeunes-vosgiennes-se-qualifient-tournoi-inter-ligues\/\"]}]},{\"@type\":\"ImageObject\",\"inLanguage\":\"fr-FR\",\"@id\":\"https:\/\/vosgesinfo.fr\/gerardmerinfo\/2018\/01\/basket-jeunes-vosgiennes-se-qualifient-tournoi-inter-ligues\/#primaryimage\",\"url\":\"https:\/\/vosgesinfo.fr\/app\/uploads\/sites\/6\/2024\/07\/201801selection-vosges-basket-filles-201e-2018-2.jpg\",\"contentUrl\":\"https:\/\/vosgesinfo.fr\/app\/uploads\/sites\/6\/2024\/07\/201801selection-vosges-basket-filles-201e-2018-2.jpg\",\"width\":800,\"height\":533},{\"@type\":\"BreadcrumbList\",\"@id\":\"https:\/\/vosgesinfo.fr\/gerardmerinfo\/2018\/01\/basket-jeunes-vosgiennes-se-qualifient-tournoi-inter-ligues\/#breadcrumb\",\"itemListElement\":[{\"@type\":\"ListItem\",\"position\":1,\"name\":\"Home\",\"item\":\"https:\/\/vosgesinfo.fr\/gerardmerinfo\/\"},{\"@type\":\"ListItem\",\"position\":2,\"name\":\"Basket : les jeunes Vosgiennes se qualifient pour le tournoi inter-ligues\"}]},{\"@type\":\"WebSite\",\"@id\":\"https:\/\/vosgesinfo.fr\/gerardmerinfo\/#website\",\"url\":\"https:\/\/vosgesinfo.fr\/gerardmerinfo\/\",\"name\":\"Gerardmer Info\",\"description\":\"Toute l&#039;actualit\u00e9 de G\u00e9rardmer\",\"publisher\":{\"@id\":\"https:\/\/vosgesinfo.fr\/gerardmerinfo\/#organization\"},\"alternateName\":\"Toute l'actualit\u00e9 de G\u00e9rardmer\",\"potentialAction\":[{\"@type\":\"SearchAction\",\"target\":{\"@type\":\"EntryPoint\",\"urlTemplate\":\"https:\/\/vosgesinfo.fr\/gerardmerinfo\/?s={search_term_string}\"},\"query-input\":\"required name=search_term_string\"}],\"inLanguage\":\"fr-FR\"},{\"@type\":\"Organization\",\"@id\":\"https:\/\/vosgesinfo.fr\/gerardmerinfo\/#organization\",\"name\":\"Gerardmer Info\",\"url\":\"https:\/\/vosgesinfo.fr\/gerardmerinfo\/\",\"logo\":{\"@type\":\"ImageObject\",\"inLanguage\":\"fr-FR\",\"@id\":\"https:\/\/vosgesinfo.fr\/gerardmerinfo\/#\/schema\/logo\/image\/\",\"url\":\"https:\/\/vosgesinfo.fr\/app\/uploads\/sites\/6\/2023\/08\/favicon-gerardmerinfo.png\",\"contentUrl\":\"https:\/\/vosgesinfo.fr\/app\/uploads\/sites\/6\/2023\/08\/favicon-gerardmerinfo.png\",\"width\":512,\"height\":512,\"caption\":\"Gerardmer Info\"},\"image\":{\"@id\":\"https:\/\/vosgesinfo.fr\/gerardmerinfo\/#\/schema\/logo\/image\/\"},\"sameAs\":[\"https:\/\/www.facebook.com\/profile.php?id=100049475262660\",\"https:\/\/x.com\/VosgesInfo88\",\"https:\/\/www.youtube.com\/@vosgesinfo\"]},{\"@type\":\"Person\",\"@id\":\"https:\/\/vosgesinfo.fr\/gerardmerinfo\/#\/schema\/person\/db5605779a843dad16b5368f3e7613a5\",\"name\":\"QG\",\"image\":{\"@type\":\"ImageObject\",\"inLanguage\":\"fr-FR\",\"@id\":\"https:\/\/vosgesinfo.fr\/gerardmerinfo\/#\/schema\/person\/image\/\",\"url\":\"https:\/\/secure.gravatar.com\/avatar\/ea80c42c204b534408512832fde52504ecabb9706bcb6151cf6175e5b64e6793?s=96&d=mm&r=g\",\"contentUrl\":\"https:\/\/secure.gravatar.com\/avatar\/ea80c42c204b534408512832fde52504ecabb9706bcb6151cf6175e5b64e6793?s=96&d=mm&r=g\",\"caption\":\"QG\"},\"url\":\"https:\/\/vosgesinfo.fr\/gerardmerinfo\/author\/quentin88\/\"}]}<\/script>\n<!-- \/ Yoast SEO plugin. -->","yoast_head_json":{"title":"Basket : les jeunes Vosgiennes se qualifient pour le tournoi inter-ligues - Gerardmer Info","robots":{"index":"index","follow":"follow","max-snippet":"max-snippet:-1","max-image-preview":"max-image-preview:large","max-video-preview":"max-video-preview:-1"},"canonical":"https:\/\/vosgesinfo.fr\/gerardmerinfo\/2018\/01\/basket-jeunes-vosgiennes-se-qualifient-tournoi-inter-ligues\/","twitter_card":"summary_large_image","twitter_title":"Basket : les jeunes Vosgiennes se qualifient pour le tournoi inter-ligues - Gerardmer Info","twitter_description":"Ce dimanche 7 janvier 2018 \u00e0 Mirecourt, la s\u00e9lection des Vosges de basket dans laquelle joue la G\u00e9r\u00f4moise D\u00e9lia Ghom\u00e9rani [&hellip;]","twitter_image":"https:\/\/vosgesinfo.fr\/app\/uploads\/sites\/6\/2024\/07\/201801selection-vosges-basket-filles-201e-2018-2.jpg","twitter_creator":"@VosgesInfo88","twitter_site":"@VosgesInfo88","twitter_misc":{"\u00c9crit par":"QG","Dur\u00e9e de lecture estim\u00e9e":"1 minute"},"schema":{"@context":"https:\/\/schema.org","@graph":[{"@type":"Article","@id":"https:\/\/vosgesinfo.fr\/gerardmerinfo\/2018\/01\/basket-jeunes-vosgiennes-se-qualifient-tournoi-inter-ligues\/#article","isPartOf":{"@id":"https:\/\/vosgesinfo.fr\/gerardmerinfo\/2018\/01\/basket-jeunes-vosgiennes-se-qualifient-tournoi-inter-ligues\/"},"author":{"name":"QG","@id":"https:\/\/vosgesinfo.fr\/gerardmerinfo\/#\/schema\/person\/db5605779a843dad16b5368f3e7613a5"},"headline":"Basket : les jeunes Vosgiennes se qualifient pour le tournoi inter-ligues","datePublished":"2018-01-09T15:28:28+00:00","dateModified":"2018-01-09T15:28:28+00:00","mainEntityOfPage":{"@id":"https:\/\/vosgesinfo.fr\/gerardmerinfo\/2018\/01\/basket-jeunes-vosgiennes-se-qualifient-tournoi-inter-ligues\/"},"wordCount":118,"commentCount":0,"publisher":{"@id":"https:\/\/vosgesinfo.fr\/gerardmerinfo\/#organization"},"image":{"@id":"https:\/\/vosgesinfo.fr\/gerardmerinfo\/2018\/01\/basket-jeunes-vosgiennes-se-qualifient-tournoi-inter-ligues\/#primaryimage"},"thumbnailUrl":"https:\/\/vosgesinfo.fr\/app\/uploads\/sites\/6\/2024\/07\/201801selection-vosges-basket-filles-201e-2018-2.jpg","keywords":["ASG Basket"],"articleSection":["A la une","Sport"],"inLanguage":"fr-FR","potentialAction":[{"@type":"CommentAction","name":"Comment","target":["https:\/\/vosgesinfo.fr\/gerardmerinfo\/2018\/01\/basket-jeunes-vosgiennes-se-qualifient-tournoi-inter-ligues\/#respond"]}]},{"@type":"WebPage","@id":"https:\/\/vosgesinfo.fr\/gerardmerinfo\/2018\/01\/basket-jeunes-vosgiennes-se-qualifient-tournoi-inter-ligues\/","url":"https:\/\/vosgesinfo.fr\/gerardmerinfo\/2018\/01\/basket-jeunes-vosgiennes-se-qualifient-tournoi-inter-ligues\/","name":"Basket : les jeunes Vosgiennes se qualifient pour le tournoi inter-ligues - Gerardmer Info","isPartOf":{"@id":"https:\/\/vosgesinfo.fr\/gerardmerinfo\/#website"},"primaryImageOfPage":{"@id":"https:\/\/vosgesinfo.fr\/gerardmerinfo\/2018\/01\/basket-jeunes-vosgiennes-se-qualifient-tournoi-inter-ligues\/#primaryimage"},"image":{"@id":"https:\/\/vosgesinfo.fr\/gerardmerinfo\/2018\/01\/basket-jeunes-vosgiennes-se-qualifient-tournoi-inter-ligues\/#primaryimage"},"thumbnailUrl":"https:\/\/vosgesinfo.fr\/app\/uploads\/sites\/6\/2024\/07\/201801selection-vosges-basket-filles-201e-2018-2.jpg","datePublished":"2018-01-09T15:28:28+00:00","dateModified":"2018-01-09T15:28:28+00:00","breadcrumb":{"@id":"https:\/\/vosgesinfo.fr\/gerardmerinfo\/2018\/01\/basket-jeunes-vosgiennes-se-qualifient-tournoi-inter-ligues\/#breadcrumb"},"inLanguage":"fr-FR","potentialAction":[{"@type":"ReadAction","target":["https:\/\/vosgesinfo.fr\/gerardmerinfo\/2018\/01\/basket-jeunes-vosgiennes-se-qualifient-tournoi-inter-ligues\/"]}]},{"@type":"ImageObject","inLanguage":"fr-FR","@id":"https:\/\/vosgesinfo.fr\/gerardmerinfo\/2018\/01\/basket-jeunes-vosgiennes-se-qualifient-tournoi-inter-ligues\/#primaryimage","url":"https:\/\/vosgesinfo.fr\/app\/uploads\/sites\/6\/2024\/07\/201801selection-vosges-basket-filles-201e-2018-2.jpg","contentUrl":"https:\/\/vosgesinfo.fr\/app\/uploads\/sites\/6\/2024\/07\/201801selection-vosges-basket-filles-201e-2018-2.jpg","width":800,"height":533},{"@type":"BreadcrumbList","@id":"https:\/\/vosgesinfo.fr\/gerardmerinfo\/2018\/01\/basket-jeunes-vosgiennes-se-qualifient-tournoi-inter-ligues\/#breadcrumb","itemListElement":[{"@type":"ListItem","position":1,"name":"Home","item":"https:\/\/vosgesinfo.fr\/gerardmerinfo\/"},{"@type":"ListItem","position":2,"name":"Basket : les jeunes Vosgiennes se qualifient pour le tournoi inter-ligues"}]},{"@type":"WebSite","@id":"https:\/\/vosgesinfo.fr\/gerardmerinfo\/#website","url":"https:\/\/vosgesinfo.fr\/gerardmerinfo\/","name":"Gerardmer Info","description":"Toute l&#039;actualit\u00e9 de G\u00e9rardmer","publisher":{"@id":"https:\/\/vosgesinfo.fr\/gerardmerinfo\/#organization"},"alternateName":"Toute l'actualit\u00e9 de G\u00e9rardmer","potentialAction":[{"@type":"SearchAction","target":{"@type":"EntryPoint","urlTemplate":"https:\/\/vosgesinfo.fr\/gerardmerinfo\/?s={search_term_string}"},"query-input":"required name=search_term_string"}],"inLanguage":"fr-FR"},{"@type":"Organization","@id":"https:\/\/vosgesinfo.fr\/gerardmerinfo\/#organization","name":"Gerardmer Info","url":"https:\/\/vosgesinfo.fr\/gerardmerinfo\/","logo":{"@type":"ImageObject","inLanguage":"fr-FR","@id":"https:\/\/vosgesinfo.fr\/gerardmerinfo\/#\/schema\/logo\/image\/","url":"https:\/\/vosgesinfo.fr\/app\/uploads\/sites\/6\/2023\/08\/favicon-gerardmerinfo.png","contentUrl":"https:\/\/vosgesinfo.fr\/app\/uploads\/sites\/6\/2023\/08\/favicon-gerardmerinfo.png","width":512,"height":512,"caption":"Gerardmer Info"},"image":{"@id":"https:\/\/vosgesinfo.fr\/gerardmerinfo\/#\/schema\/logo\/image\/"},"sameAs":["https:\/\/www.facebook.com\/profile.php?id=100049475262660","https:\/\/x.com\/VosgesInfo88","https:\/\/www.youtube.com\/@vosgesinfo"]},{"@type":"Person","@id":"https:\/\/vosgesinfo.fr\/gerardmerinfo\/#\/schema\/person\/db5605779a843dad16b5368f3e7613a5","name":"QG","image":{"@type":"ImageObject","inLanguage":"fr-FR","@id":"https:\/\/vosgesinfo.fr\/gerardmerinfo\/#\/schema\/person\/image\/","url":"https:\/\/secure.gravatar.com\/avatar\/ea80c42c204b534408512832fde52504ecabb9706bcb6151cf6175e5b64e6793?s=96&d=mm&r=g","contentUrl":"https:\/\/secure.gravatar.com\/avatar\/ea80c42c204b534408512832fde52504ecabb9706bcb6151cf6175e5b64e6793?s=96&d=mm&r=g","caption":"QG"},"url":"https:\/\/vosgesinfo.fr\/gerardmerinfo\/author\/quentin88\/"}]}},"_links":{"self":[{"href":"https:\/\/vosgesinfo.fr\/gerardmerinfo\/wp-json\/wp\/v2\/posts\/31364","targetHints":{"allow":["GET"]}}],"collection":[{"href":"https:\/\/vosgesinfo.fr\/gerardmerinfo\/wp-json\/wp\/v2\/posts"}],"about":[{"href":"https:\/\/vosgesinfo.fr\/gerardmerinfo\/wp-json\/wp\/v2\/types\/post"}],"author":[{"embeddable":true,"href":"https:\/\/vosgesinfo.fr\/gerardmerinfo\/wp-json\/wp\/v2\/users\/42"}],"replies":[{"embeddable":true,"href":"https:\/\/vosgesinfo.fr\/gerardmerinfo\/wp-json\/wp\/v2\/comments?post=31364"}],"version-history":[{"count":0,"href":"https:\/\/vosgesinfo.fr\/gerardmerinfo\/wp-json\/wp\/v2\/posts\/31364\/revisions"}],"wp:featuredmedia":[{"embeddable":true,"href":"https:\/\/vosgesinfo.fr\/gerardmerinfo\/wp-json\/wp\/v2\/media\/31365"}],"wp:attachment":[{"href":"https:\/\/vosgesinfo.fr\/gerardmerinfo\/wp-json\/wp\/v2\/media?parent=31364"}],"wp:term":[{"taxonomy":"category","embeddable":true,"href":"https:\/\/vosgesinfo.fr\/gerardmerinfo\/wp-json\/wp\/v2\/categories?post=31364"},{"taxonomy":"post_tag","embeddable":true,"href":"https:\/\/vosgesinfo.fr\/gerardmerinfo\/wp-json\/wp\/v2\/tags?post=31364"}],"curies":[{"name":"wp","href":"https:\/\/api.w.org\/{rel}","templated":true}]}}