{"id":31894,"date":"2018-02-03T08:44:16","date_gmt":"2018-02-03T07:44:16","guid":{"rendered":"https:\/\/vosgesinfo.fr\/gerardmerinfo\/2018\/02\/festival-de-gerardmer-discours-de-methode\/"},"modified":"2018-02-03T08:44:16","modified_gmt":"2018-02-03T07:44:16","slug":"festival-de-gerardmer-discours-de-methode","status":"publish","type":"post","link":"https:\/\/vosgesinfo.fr\/gerardmerinfo\/2018\/02\/festival-de-gerardmer-discours-de-methode\/","title":{"rendered":"Festival de G\u00e9rardmer : le discours de la m\u00e9thode"},"content":{"rendered":"<p class=\"p1\"><strong><span class=\"s1\"><a href=\"\/2018\/02\/Jean-Francois-Duval.jpg\"><img decoding=\"async\" class=\"aligncenter size-full wp-image-122040\" src=\"\/2018\/02\/Jean-Francois-Duval.jpg\" alt=\"Jean Francois Duval\" width=\"800\" height=\"556\" \/><\/a><\/span><\/strong><\/p>\n<p class=\"p1\"><strong><span class=\"s1\">Lors de la C\u00e9r\u00e9monie d\u2019ouverture du 25e Fantastic\u2019Arts, Jean-Fran\u00e7ois Duval a \u00e9voqu\u00e9 p\u00eale-m\u00eale <em>Les f\u00eates galantes<\/em> de Paul Verlaine, <em>L\u2019arriv\u00e9e du train en gare de La Ciotat<\/em> de Louis Lumi\u00e8re ou <em>Psychose<\/em> d\u2019Alfred Hitchcock. Avec son discours protocolaire, l\u2019adjoint au maire de G\u00e9rardmer a remport\u00e9 comme chaque ann\u00e9e l\u2019adh\u00e9sion du public. La r\u00e9ussite de cet exercice oblig\u00e9 ne doit cependant rien au hasard.<\/span><\/strong><\/p>\n<p class=\"p1\"><span class=\"s1\">\u00ab\u00a0Avec <em>Psychose<\/em>, ce fut la pire ann\u00e9e pour les ventes de sanitaires. Personne ne voulait prendre de douche.\u00a0\u00bb \u00ab\u00a0<em>L\u2019arriv\u00e9e du train en gare de la Ciotat<\/em> est le premier film fantastique de l\u2019histoire. Les gens se cachaient sous les si\u00e8ges.\u00a0\u00bb \u00ab\u00a0Avec les masques pr\u00e9sents sur l\u2019affiche, j\u2019y vois l\u2019illustration des <em>F\u00eates galantes<\/em> de Paul Verlaine.\u00a0\u00bb Mercredi soir, lors de l\u2019ouverture de Fantastic\u2019Arts, Jean-Fran\u00e7ois Duval a align\u00e9 les punch-lines comme on d\u00e9bite les b\u00fbches \u00e0 la scierie du Lan\u00e7oir. L\u2019ancien professeur d\u2019Histoire-G\u00e9ographie, aujourd\u2019hui adjoint au maire de G\u00e9rardmer, est r\u00e9put\u00e9 pour ses discours. Qui ne doivent cependant rien au hasard&#8230; <em>\u00ab\u00a0J\u2019ai \u00e9norm\u00e9ment de pression. Deux mois avant le festival, on m\u2019interpelle d\u00e9j\u00e0 dans la rue pour savoir ce que je vais raconter. On me pr\u00eate un certain humour ; j\u2019essaie de l\u2019entretenir.\u00a0\u00bb<\/em> On l&rsquo;interroge sur sa m\u00e9thode.\u00a0<\/span><em><span class=\"s1\">\u00ab\u00a0Je m\u2019int\u00e9resse \u00e0 beaucoup de choses, l\u2019histoire du cin\u00e9ma en particulier. J\u2019aime bien aussi la po\u00e9sie. Les classiques : Verlaine, Rimbaud, Aragon, Baudelaire&#8230; Donc j\u2019essaie de retranscrire cela dans mes discours. L\u2019inspiration d\u00e9pend des ann\u00e9es. Parfois, je suis oblig\u00e9 de me documenter, notamment quand le festival d\u00e9veloppe un th\u00e8me particulier. G\u00e9n\u00e9ralement, j\u2019ai d\u00e9j\u00e0 une id\u00e9e en t\u00eate. Verlaine cette ann\u00e9e, cela m\u2019est venu avec l\u2019affiche. Quand je l\u2019ai vue, j\u2019ai pens\u00e9 aux masques et aux bergamasques. En tout cas, j\u2019essaie toujours de donner un ton et de faire en sorte que ce soit convivial.\u00a0\u00bb\u00a0<\/span><\/em><span class=\"s1\">\u00c0 l\u2019exception des remerciements aux services de la Ville, Jean-Fran\u00e7ois Duval ne s\u2019embarrasse pas des r\u00e8gles protocolaires et ne cite pas les diff\u00e9rentes collectivit\u00e9s partenaires de l\u2019\u00e9v\u00e9nement.\u00a0<\/span><em><span class=\"s1\">\u00ab\u00a0Pour l\u2019instant, personne ne m\u2019a jamais rien dit. \u00c0 l\u2019exception d\u2019une petite remarque du sous-pr\u00e9fet l\u2019ann\u00e9e derni\u00e8re\u2026 Cette ann\u00e9e, la conseill\u00e8re d\u00e9partementale R\u00e9gine B\u00e9gel m\u2019a m\u00eame dit : \u201cje fais comme vous, je supprime\u201d. \u00bb <\/span><\/em><span class=\"s1\">Souvent applaudi,\u00a0<\/span><span class=\"s1\">Jean-Fran\u00e7ois Duval a-t-il peur de faire un bide ?<em><span class=\"s1\">\u00ab\u00a0Cela ne m&rsquo;est encore jamais arriv\u00e9. M\u00eame les ann\u00e9es o\u00f9 les gens rient moins, on vient me voir apr\u00e8s pour me dire que c&rsquo;\u00e9tait formidable.<em><span class=\"s1\">\u00a0\u00bb<\/span><\/em><\/span><\/em><span class=\"s1\"><span class=\"s1\">\u00a0<\/span><\/span><span class=\"s1\"><span class=\"s1\">Deux G\u00e9r\u00f4moises viennent alors saluer l&rsquo;adjoint au maire et interrompre l&rsquo;entretien, \u00ab\u00a0Bien jou\u00e9 Jean-Fran\u00e7ois, mais on t&rsquo;a trouv\u00e9 soft avec Kassovitz\u00a0\u00bb. Jean-Fran\u00e7ois Duval a en effet gliss\u00e9 deux tacles appuy\u00e9s en direction du pr\u00e9sident du jury de l&rsquo;\u00e9dition 2018.<em><span class=\"s1\">\u00ab\u00a0<\/span>Oui, je sais&#8230;\u00a0C&rsquo;\u00e9tait un peu facile car je savais \u00e0 l&rsquo;avance que \u00e7a allait marcher et que tout le monde serait pli\u00e9 de rire !<span class=\"s1\"><span class=\"s1\">\u00a0\u00bb, <\/span><\/span><\/em><span class=\"s1\"><span class=\"s1\">explique l&rsquo;\u00e9dile, fier de ses bons mots. Avant de se produire devant les spectateurs de la c\u00e9r\u00e9monie, Jean-Fran\u00e7ois Duval \u00e9crit, puis laisse reposer, se relit. Pour finalement\u00a0<\/span><\/span><\/span><\/span><\/span><span class=\"s1\"><span class=\"s1\"><span class=\"s1\"><span class=\"s1\"><span class=\"s1\">tester ses trouvailles aupr\u00e8s d&rsquo;une auditrice de choix, son \u00e9pouse qui lui formule ses remarques et autres critiques. Si elle rit, c&rsquo;est de bon augure et la partie est gagn\u00e9e.<\/span><\/span><\/span><\/span><\/span><\/p>\n<p class=\"p1\">Cr\u00e9dit photo : bernardino<\/p>\n","protected":false},"excerpt":{"rendered":"<p>Lors de la C\u00e9r\u00e9monie d\u2019ouverture du 25e Fantastic\u2019Arts, Jean-Fran\u00e7ois Duval a \u00e9voqu\u00e9 p\u00eale-m\u00eale Les f\u00eates galantes de Paul Verlaine, L\u2019arriv\u00e9e [&hellip;]<\/p>\n","protected":false},"author":233,"featured_media":31895,"comment_status":"open","ping_status":"open","sticky":false,"template":"","format":"standard","meta":{"footnotes":""},"categories":[20,221],"tags":[91,3414],"class_list":["post-31894","post","type-post","status-publish","format-standard","has-post-thumbnail","hentry","category-a-la-une","category-festival-fantastique","tag-festival-du-film-fantastique-gerardmer","tag-jean-francois-duval"],"acf":[],"yoast_head":"<!-- This site is optimized with the Yoast SEO plugin v22.5 - https:\/\/yoast.com\/wordpress\/plugins\/seo\/ -->\n<title>Festival de G\u00e9rardmer : le discours de la m\u00e9thode - Gerardmer Info<\/title>\n<meta name=\"robots\" content=\"index, follow, max-snippet:-1, max-image-preview:large, max-video-preview:-1\" \/>\n<link rel=\"canonical\" href=\"https:\/\/vosgesinfo.fr\/gerardmerinfo\/2018\/02\/festival-de-gerardmer-discours-de-methode\/\" \/>\n<meta name=\"twitter:card\" content=\"summary_large_image\" \/>\n<meta name=\"twitter:title\" content=\"Festival de G\u00e9rardmer : le discours de la m\u00e9thode - Gerardmer Info\" \/>\n<meta name=\"twitter:description\" content=\"Lors de la C\u00e9r\u00e9monie d\u2019ouverture du 25e Fantastic\u2019Arts, Jean-Fran\u00e7ois Duval a \u00e9voqu\u00e9 p\u00eale-m\u00eale Les f\u00eates galantes de Paul Verlaine, L\u2019arriv\u00e9e [&hellip;]\" \/>\n<meta name=\"twitter:image\" content=\"https:\/\/vosgesinfo.fr\/app\/uploads\/sites\/6\/2024\/07\/201802jean-francois-duval.jpg\" \/>\n<meta name=\"twitter:creator\" content=\"@VosgesInfo88\" \/>\n<meta name=\"twitter:site\" content=\"@VosgesInfo88\" \/>\n<meta name=\"twitter:label1\" content=\"\u00c9crit par\" \/>\n\t<meta name=\"twitter:data1\" content=\"Wladislas Kubera\" \/>\n\t<meta name=\"twitter:label2\" content=\"Dur\u00e9e de lecture estim\u00e9e\" \/>\n\t<meta name=\"twitter:data2\" content=\"3 minutes\" \/>\n<script type=\"application\/ld+json\" class=\"yoast-schema-graph\">{\"@context\":\"https:\/\/schema.org\",\"@graph\":[{\"@type\":\"Article\",\"@id\":\"https:\/\/vosgesinfo.fr\/gerardmerinfo\/2018\/02\/festival-de-gerardmer-discours-de-methode\/#article\",\"isPartOf\":{\"@id\":\"https:\/\/vosgesinfo.fr\/gerardmerinfo\/2018\/02\/festival-de-gerardmer-discours-de-methode\/\"},\"author\":{\"name\":\"Wladislas Kubera\",\"@id\":\"https:\/\/vosgesinfo.fr\/gerardmerinfo\/#\/schema\/person\/9501c5404733a301d0f17865d1d6ee7b\"},\"headline\":\"Festival de G\u00e9rardmer : le discours de la m\u00e9thode\",\"datePublished\":\"2018-02-03T07:44:16+00:00\",\"dateModified\":\"2018-02-03T07:44:16+00:00\",\"mainEntityOfPage\":{\"@id\":\"https:\/\/vosgesinfo.fr\/gerardmerinfo\/2018\/02\/festival-de-gerardmer-discours-de-methode\/\"},\"wordCount\":637,\"commentCount\":0,\"publisher\":{\"@id\":\"https:\/\/vosgesinfo.fr\/gerardmerinfo\/#organization\"},\"image\":{\"@id\":\"https:\/\/vosgesinfo.fr\/gerardmerinfo\/2018\/02\/festival-de-gerardmer-discours-de-methode\/#primaryimage\"},\"thumbnailUrl\":\"https:\/\/vosgesinfo.fr\/app\/uploads\/sites\/6\/2024\/07\/201802jean-francois-duval.jpg\",\"keywords\":[\"festival du film fantastique G\u00e9rardmer\",\"jean-fran\u00e7ois duval\"],\"articleSection\":[\"A la une\",\"Festival Fantastique\"],\"inLanguage\":\"fr-FR\",\"potentialAction\":[{\"@type\":\"CommentAction\",\"name\":\"Comment\",\"target\":[\"https:\/\/vosgesinfo.fr\/gerardmerinfo\/2018\/02\/festival-de-gerardmer-discours-de-methode\/#respond\"]}]},{\"@type\":\"WebPage\",\"@id\":\"https:\/\/vosgesinfo.fr\/gerardmerinfo\/2018\/02\/festival-de-gerardmer-discours-de-methode\/\",\"url\":\"https:\/\/vosgesinfo.fr\/gerardmerinfo\/2018\/02\/festival-de-gerardmer-discours-de-methode\/\",\"name\":\"Festival de G\u00e9rardmer : le discours de la m\u00e9thode - Gerardmer Info\",\"isPartOf\":{\"@id\":\"https:\/\/vosgesinfo.fr\/gerardmerinfo\/#website\"},\"primaryImageOfPage\":{\"@id\":\"https:\/\/vosgesinfo.fr\/gerardmerinfo\/2018\/02\/festival-de-gerardmer-discours-de-methode\/#primaryimage\"},\"image\":{\"@id\":\"https:\/\/vosgesinfo.fr\/gerardmerinfo\/2018\/02\/festival-de-gerardmer-discours-de-methode\/#primaryimage\"},\"thumbnailUrl\":\"https:\/\/vosgesinfo.fr\/app\/uploads\/sites\/6\/2024\/07\/201802jean-francois-duval.jpg\",\"datePublished\":\"2018-02-03T07:44:16+00:00\",\"dateModified\":\"2018-02-03T07:44:16+00:00\",\"breadcrumb\":{\"@id\":\"https:\/\/vosgesinfo.fr\/gerardmerinfo\/2018\/02\/festival-de-gerardmer-discours-de-methode\/#breadcrumb\"},\"inLanguage\":\"fr-FR\",\"potentialAction\":[{\"@type\":\"ReadAction\",\"target\":[\"https:\/\/vosgesinfo.fr\/gerardmerinfo\/2018\/02\/festival-de-gerardmer-discours-de-methode\/\"]}]},{\"@type\":\"ImageObject\",\"inLanguage\":\"fr-FR\",\"@id\":\"https:\/\/vosgesinfo.fr\/gerardmerinfo\/2018\/02\/festival-de-gerardmer-discours-de-methode\/#primaryimage\",\"url\":\"https:\/\/vosgesinfo.fr\/app\/uploads\/sites\/6\/2024\/07\/201802jean-francois-duval.jpg\",\"contentUrl\":\"https:\/\/vosgesinfo.fr\/app\/uploads\/sites\/6\/2024\/07\/201802jean-francois-duval.jpg\",\"width\":800,\"height\":556},{\"@type\":\"BreadcrumbList\",\"@id\":\"https:\/\/vosgesinfo.fr\/gerardmerinfo\/2018\/02\/festival-de-gerardmer-discours-de-methode\/#breadcrumb\",\"itemListElement\":[{\"@type\":\"ListItem\",\"position\":1,\"name\":\"Home\",\"item\":\"https:\/\/vosgesinfo.fr\/gerardmerinfo\/\"},{\"@type\":\"ListItem\",\"position\":2,\"name\":\"Festival de G\u00e9rardmer : le discours de la m\u00e9thode\"}]},{\"@type\":\"WebSite\",\"@id\":\"https:\/\/vosgesinfo.fr\/gerardmerinfo\/#website\",\"url\":\"https:\/\/vosgesinfo.fr\/gerardmerinfo\/\",\"name\":\"Gerardmer Info\",\"description\":\"Toute l&#039;actualit\u00e9 de G\u00e9rardmer\",\"publisher\":{\"@id\":\"https:\/\/vosgesinfo.fr\/gerardmerinfo\/#organization\"},\"alternateName\":\"Toute l'actualit\u00e9 de G\u00e9rardmer\",\"potentialAction\":[{\"@type\":\"SearchAction\",\"target\":{\"@type\":\"EntryPoint\",\"urlTemplate\":\"https:\/\/vosgesinfo.fr\/gerardmerinfo\/?s={search_term_string}\"},\"query-input\":\"required name=search_term_string\"}],\"inLanguage\":\"fr-FR\"},{\"@type\":\"Organization\",\"@id\":\"https:\/\/vosgesinfo.fr\/gerardmerinfo\/#organization\",\"name\":\"Gerardmer Info\",\"url\":\"https:\/\/vosgesinfo.fr\/gerardmerinfo\/\",\"logo\":{\"@type\":\"ImageObject\",\"inLanguage\":\"fr-FR\",\"@id\":\"https:\/\/vosgesinfo.fr\/gerardmerinfo\/#\/schema\/logo\/image\/\",\"url\":\"https:\/\/vosgesinfo.fr\/app\/uploads\/sites\/6\/2023\/08\/favicon-gerardmerinfo.png\",\"contentUrl\":\"https:\/\/vosgesinfo.fr\/app\/uploads\/sites\/6\/2023\/08\/favicon-gerardmerinfo.png\",\"width\":512,\"height\":512,\"caption\":\"Gerardmer Info\"},\"image\":{\"@id\":\"https:\/\/vosgesinfo.fr\/gerardmerinfo\/#\/schema\/logo\/image\/\"},\"sameAs\":[\"https:\/\/www.facebook.com\/profile.php?id=100049475262660\",\"https:\/\/x.com\/VosgesInfo88\",\"https:\/\/www.youtube.com\/@vosgesinfo\"]},{\"@type\":\"Person\",\"@id\":\"https:\/\/vosgesinfo.fr\/gerardmerinfo\/#\/schema\/person\/9501c5404733a301d0f17865d1d6ee7b\",\"name\":\"Wladislas Kubera\",\"image\":{\"@type\":\"ImageObject\",\"inLanguage\":\"fr-FR\",\"@id\":\"https:\/\/vosgesinfo.fr\/gerardmerinfo\/#\/schema\/person\/image\/\",\"url\":\"https:\/\/secure.gravatar.com\/avatar\/c2f1573f87cde4ccd29fade675016c4e0db9ff1b492c5416d076ba64a75150f1?s=96&d=mm&r=g\",\"contentUrl\":\"https:\/\/secure.gravatar.com\/avatar\/c2f1573f87cde4ccd29fade675016c4e0db9ff1b492c5416d076ba64a75150f1?s=96&d=mm&r=g\",\"caption\":\"Wladislas Kubera\"},\"url\":\"https:\/\/vosgesinfo.fr\/gerardmerinfo\/author\/sylvainchantal\/\"}]}<\/script>\n<!-- \/ Yoast SEO plugin. -->","yoast_head_json":{"title":"Festival de G\u00e9rardmer : le discours de la m\u00e9thode - Gerardmer Info","robots":{"index":"index","follow":"follow","max-snippet":"max-snippet:-1","max-image-preview":"max-image-preview:large","max-video-preview":"max-video-preview:-1"},"canonical":"https:\/\/vosgesinfo.fr\/gerardmerinfo\/2018\/02\/festival-de-gerardmer-discours-de-methode\/","twitter_card":"summary_large_image","twitter_title":"Festival de G\u00e9rardmer : le discours de la m\u00e9thode - Gerardmer Info","twitter_description":"Lors de la C\u00e9r\u00e9monie d\u2019ouverture du 25e Fantastic\u2019Arts, Jean-Fran\u00e7ois Duval a \u00e9voqu\u00e9 p\u00eale-m\u00eale Les f\u00eates galantes de Paul Verlaine, L\u2019arriv\u00e9e [&hellip;]","twitter_image":"https:\/\/vosgesinfo.fr\/app\/uploads\/sites\/6\/2024\/07\/201802jean-francois-duval.jpg","twitter_creator":"@VosgesInfo88","twitter_site":"@VosgesInfo88","twitter_misc":{"\u00c9crit par":"Wladislas Kubera","Dur\u00e9e de lecture estim\u00e9e":"3 minutes"},"schema":{"@context":"https:\/\/schema.org","@graph":[{"@type":"Article","@id":"https:\/\/vosgesinfo.fr\/gerardmerinfo\/2018\/02\/festival-de-gerardmer-discours-de-methode\/#article","isPartOf":{"@id":"https:\/\/vosgesinfo.fr\/gerardmerinfo\/2018\/02\/festival-de-gerardmer-discours-de-methode\/"},"author":{"name":"Wladislas Kubera","@id":"https:\/\/vosgesinfo.fr\/gerardmerinfo\/#\/schema\/person\/9501c5404733a301d0f17865d1d6ee7b"},"headline":"Festival de G\u00e9rardmer : le discours de la m\u00e9thode","datePublished":"2018-02-03T07:44:16+00:00","dateModified":"2018-02-03T07:44:16+00:00","mainEntityOfPage":{"@id":"https:\/\/vosgesinfo.fr\/gerardmerinfo\/2018\/02\/festival-de-gerardmer-discours-de-methode\/"},"wordCount":637,"commentCount":0,"publisher":{"@id":"https:\/\/vosgesinfo.fr\/gerardmerinfo\/#organization"},"image":{"@id":"https:\/\/vosgesinfo.fr\/gerardmerinfo\/2018\/02\/festival-de-gerardmer-discours-de-methode\/#primaryimage"},"thumbnailUrl":"https:\/\/vosgesinfo.fr\/app\/uploads\/sites\/6\/2024\/07\/201802jean-francois-duval.jpg","keywords":["festival du film fantastique G\u00e9rardmer","jean-fran\u00e7ois duval"],"articleSection":["A la une","Festival Fantastique"],"inLanguage":"fr-FR","potentialAction":[{"@type":"CommentAction","name":"Comment","target":["https:\/\/vosgesinfo.fr\/gerardmerinfo\/2018\/02\/festival-de-gerardmer-discours-de-methode\/#respond"]}]},{"@type":"WebPage","@id":"https:\/\/vosgesinfo.fr\/gerardmerinfo\/2018\/02\/festival-de-gerardmer-discours-de-methode\/","url":"https:\/\/vosgesinfo.fr\/gerardmerinfo\/2018\/02\/festival-de-gerardmer-discours-de-methode\/","name":"Festival de G\u00e9rardmer : le discours de la m\u00e9thode - Gerardmer Info","isPartOf":{"@id":"https:\/\/vosgesinfo.fr\/gerardmerinfo\/#website"},"primaryImageOfPage":{"@id":"https:\/\/vosgesinfo.fr\/gerardmerinfo\/2018\/02\/festival-de-gerardmer-discours-de-methode\/#primaryimage"},"image":{"@id":"https:\/\/vosgesinfo.fr\/gerardmerinfo\/2018\/02\/festival-de-gerardmer-discours-de-methode\/#primaryimage"},"thumbnailUrl":"https:\/\/vosgesinfo.fr\/app\/uploads\/sites\/6\/2024\/07\/201802jean-francois-duval.jpg","datePublished":"2018-02-03T07:44:16+00:00","dateModified":"2018-02-03T07:44:16+00:00","breadcrumb":{"@id":"https:\/\/vosgesinfo.fr\/gerardmerinfo\/2018\/02\/festival-de-gerardmer-discours-de-methode\/#breadcrumb"},"inLanguage":"fr-FR","potentialAction":[{"@type":"ReadAction","target":["https:\/\/vosgesinfo.fr\/gerardmerinfo\/2018\/02\/festival-de-gerardmer-discours-de-methode\/"]}]},{"@type":"ImageObject","inLanguage":"fr-FR","@id":"https:\/\/vosgesinfo.fr\/gerardmerinfo\/2018\/02\/festival-de-gerardmer-discours-de-methode\/#primaryimage","url":"https:\/\/vosgesinfo.fr\/app\/uploads\/sites\/6\/2024\/07\/201802jean-francois-duval.jpg","contentUrl":"https:\/\/vosgesinfo.fr\/app\/uploads\/sites\/6\/2024\/07\/201802jean-francois-duval.jpg","width":800,"height":556},{"@type":"BreadcrumbList","@id":"https:\/\/vosgesinfo.fr\/gerardmerinfo\/2018\/02\/festival-de-gerardmer-discours-de-methode\/#breadcrumb","itemListElement":[{"@type":"ListItem","position":1,"name":"Home","item":"https:\/\/vosgesinfo.fr\/gerardmerinfo\/"},{"@type":"ListItem","position":2,"name":"Festival de G\u00e9rardmer : le discours de la m\u00e9thode"}]},{"@type":"WebSite","@id":"https:\/\/vosgesinfo.fr\/gerardmerinfo\/#website","url":"https:\/\/vosgesinfo.fr\/gerardmerinfo\/","name":"Gerardmer Info","description":"Toute l&#039;actualit\u00e9 de G\u00e9rardmer","publisher":{"@id":"https:\/\/vosgesinfo.fr\/gerardmerinfo\/#organization"},"alternateName":"Toute l'actualit\u00e9 de G\u00e9rardmer","potentialAction":[{"@type":"SearchAction","target":{"@type":"EntryPoint","urlTemplate":"https:\/\/vosgesinfo.fr\/gerardmerinfo\/?s={search_term_string}"},"query-input":"required name=search_term_string"}],"inLanguage":"fr-FR"},{"@type":"Organization","@id":"https:\/\/vosgesinfo.fr\/gerardmerinfo\/#organization","name":"Gerardmer Info","url":"https:\/\/vosgesinfo.fr\/gerardmerinfo\/","logo":{"@type":"ImageObject","inLanguage":"fr-FR","@id":"https:\/\/vosgesinfo.fr\/gerardmerinfo\/#\/schema\/logo\/image\/","url":"https:\/\/vosgesinfo.fr\/app\/uploads\/sites\/6\/2023\/08\/favicon-gerardmerinfo.png","contentUrl":"https:\/\/vosgesinfo.fr\/app\/uploads\/sites\/6\/2023\/08\/favicon-gerardmerinfo.png","width":512,"height":512,"caption":"Gerardmer Info"},"image":{"@id":"https:\/\/vosgesinfo.fr\/gerardmerinfo\/#\/schema\/logo\/image\/"},"sameAs":["https:\/\/www.facebook.com\/profile.php?id=100049475262660","https:\/\/x.com\/VosgesInfo88","https:\/\/www.youtube.com\/@vosgesinfo"]},{"@type":"Person","@id":"https:\/\/vosgesinfo.fr\/gerardmerinfo\/#\/schema\/person\/9501c5404733a301d0f17865d1d6ee7b","name":"Wladislas Kubera","image":{"@type":"ImageObject","inLanguage":"fr-FR","@id":"https:\/\/vosgesinfo.fr\/gerardmerinfo\/#\/schema\/person\/image\/","url":"https:\/\/secure.gravatar.com\/avatar\/c2f1573f87cde4ccd29fade675016c4e0db9ff1b492c5416d076ba64a75150f1?s=96&d=mm&r=g","contentUrl":"https:\/\/secure.gravatar.com\/avatar\/c2f1573f87cde4ccd29fade675016c4e0db9ff1b492c5416d076ba64a75150f1?s=96&d=mm&r=g","caption":"Wladislas Kubera"},"url":"https:\/\/vosgesinfo.fr\/gerardmerinfo\/author\/sylvainchantal\/"}]}},"_links":{"self":[{"href":"https:\/\/vosgesinfo.fr\/gerardmerinfo\/wp-json\/wp\/v2\/posts\/31894","targetHints":{"allow":["GET"]}}],"collection":[{"href":"https:\/\/vosgesinfo.fr\/gerardmerinfo\/wp-json\/wp\/v2\/posts"}],"about":[{"href":"https:\/\/vosgesinfo.fr\/gerardmerinfo\/wp-json\/wp\/v2\/types\/post"}],"author":[{"embeddable":true,"href":"https:\/\/vosgesinfo.fr\/gerardmerinfo\/wp-json\/wp\/v2\/users\/233"}],"replies":[{"embeddable":true,"href":"https:\/\/vosgesinfo.fr\/gerardmerinfo\/wp-json\/wp\/v2\/comments?post=31894"}],"version-history":[{"count":0,"href":"https:\/\/vosgesinfo.fr\/gerardmerinfo\/wp-json\/wp\/v2\/posts\/31894\/revisions"}],"wp:featuredmedia":[{"embeddable":true,"href":"https:\/\/vosgesinfo.fr\/gerardmerinfo\/wp-json\/wp\/v2\/media\/31895"}],"wp:attachment":[{"href":"https:\/\/vosgesinfo.fr\/gerardmerinfo\/wp-json\/wp\/v2\/media?parent=31894"}],"wp:term":[{"taxonomy":"category","embeddable":true,"href":"https:\/\/vosgesinfo.fr\/gerardmerinfo\/wp-json\/wp\/v2\/categories?post=31894"},{"taxonomy":"post_tag","embeddable":true,"href":"https:\/\/vosgesinfo.fr\/gerardmerinfo\/wp-json\/wp\/v2\/tags?post=31894"}],"curies":[{"name":"wp","href":"https:\/\/api.w.org\/{rel}","templated":true}]}}