{"id":31902,"date":"2018-02-03T12:47:37","date_gmt":"2018-02-03T11:47:37","guid":{"rendered":"https:\/\/vosgesinfo.fr\/gerardmerinfo\/2018\/02\/lapocalypse-selon-guillaume-griffon\/"},"modified":"2018-02-03T12:47:37","modified_gmt":"2018-02-03T11:47:37","slug":"lapocalypse-selon-guillaume-griffon","status":"publish","type":"post","link":"https:\/\/vosgesinfo.fr\/gerardmerinfo\/2018\/02\/lapocalypse-selon-guillaume-griffon\/","title":{"rendered":"L&rsquo;apocalypse selon Guillaume Griffon"},"content":{"rendered":"<p><strong><a href=\"\/2018\/02\/guillaume-griffon-festival-g\u00e9rardmer-4.jpg\"><img decoding=\"async\" class=\"aligncenter wp-image-122059 size-full\" src=\"\/2018\/02\/guillaume-griffon-festival-g\u00e9rardmer-4.jpg\" alt=\"guillaume griffon festival g\u00e9rardmer (4)\" width=\"800\" height=\"600\" \/><\/a>Pour cette 25\u00e8me \u00e9dition du Festival du Film Fantastique, la MCL de G\u00e9rardmer avait le plaisir d&rsquo;accueillir Guillaume Griffon dans le cadre de l&rsquo;incontournable expo BD. Ce dernier \u00e9tait notamment pr\u00e9sent vendredi soir pour y d\u00e9dicacer son \u0153uvre <em> Apocalypse sur Carson City, <\/em>ou quand le cin\u00e9 de s\u00e9ries Z rencontre le jeux de r\u00f4le et Tarantino pour accoucher d&rsquo;un classique du genre.<\/strong><\/p>\n<p>Il y avait foule hier soir \u00e0 la galerie de la MCL pour ce nouveau vernissage en pr\u00e9sence de Guillaume Griffon qui a tout de suite annonc\u00e9 qu&rsquo;il appr\u00e9ciait particuli\u00e8rement ces lieux se pr\u00eatant bien \u00e0 cette expo de toute beaut\u00e9.\u00a0 L&rsquo;invit\u00e9 qui s&rsquo;est volontiers pr\u00eat\u00e9 au jeu de la d\u00e9dicace pour le plus grand plaisir des fans de la premi\u00e8re heure, mais aussi des novices qui d\u00e9couvraient avec plaisir ce petit bijou qu&rsquo;est <em>Apocalypse sur Carson Cit<\/em>y, \u0153uvre en noir et blanc m\u00ealant action et fantastique. Une de plus me direz-vous ? Non, car cette BD est unique et originale \u00e0 plus d&rsquo;un titre, et notamment par son cocktail magique d&rsquo;influences soigneusement dos\u00e9es et surtout bien exploit\u00e9es, comme le confirme l&rsquo;auteur.<\/p>\n<p><a href=\"\/2018\/02\/guillaume-griffon-festival-g\u00e9rardmer-2.jpg\"><img decoding=\"async\" class=\"alignleft size-medium wp-image-122057\" src=\"\/2018\/02\/guillaume-griffon-festival-g\u00e9rardmer-2-340x255.jpg\" alt=\"guillaume griffon festival g\u00e9rardmer (2)\" width=\"340\" height=\"255\" \/><\/a>Tout d&rsquo;abord, Guillaume Griffon vient du jeux de r\u00f4le papier et a fait ses armes sur des classiques il y a d\u00e9j\u00e0 une vingtaine d&rsquo;ann\u00e9es, avec tout ce que cela peut impliquer dans la cr\u00e9ation de ses quelques 27 personnages particuli\u00e8rement haut en couleurs par exemple, de leur \u00ab\u00a0background\u00a0\u00bb ou de celui de l\u2019\u0153uvre de mani\u00e8re g\u00e9n\u00e9rale. On sent le souci du d\u00e9tail et les r\u00e9f\u00e9rences ne manquent pas m\u00eame si elles ne constituent pas l\u2019essentiel de l\u2019\u0153uvre. Ces r\u00e9f\u00e9rences, elles proviennent entre autre du cin\u00e9 estampill\u00e9 s\u00e9ries Z, une mine d&rsquo;or pour Guillaume Griffon : \u00ab\u00a0Je site Tarantino qui est une de mes r\u00e9f\u00e9rences parce que c&rsquo;est ce qui parle le plus aux non-initi\u00e9s, c&rsquo;est plus facile. mais je n&rsquo;ai pas attendu Rodriguez et Tarantino pour m\u2019int\u00e9resser au Grindhouse. J&rsquo;aime bien tout ce qui films de ninjas comme Cold Prey ou Clash Of The Ninja par exemple. J&rsquo;adore les films de monstres bien nanards, c&rsquo;est plein de bonnes id\u00e9es mal exploit\u00e9es, un vrai vivier de bons trucs !\u00a0\u00bb<\/p>\n<p>Et comme les nanards ne manquent pas, Guillaume Griffon a forc\u00e9ment de la mati\u00e8re et de l&rsquo;inspiration en stock. Ce dernier confie \u00e9galement avoir \u00e9t\u00e9 influenc\u00e9 par certains jeux vid\u00e9os qui utilisaient le proc\u00e9d\u00e9 des grosses t\u00eates que l&rsquo;on retrouve dans son style de dessin. \u00ab\u00a0Les grosses t\u00eates, c&rsquo;est pour grossir un peu le trait, accentuer le c\u00f4t\u00e9 caricature des personnages, le c\u00f4t\u00e9 <em>violent, de mauvais go\u00fbt mais on en rigole. <\/em>Et puis on s&rsquo;y fait, on y fait plus vraiment attention au bout d&rsquo;un moment&#8230;\u00a0\u00bb Bref, vous l&rsquo;aurez compris, l&rsquo;humour est de la partie dans <em>Apocalypse sur Carson City <\/em>qui revisite ce genre de la BD de zombie et ne s\u00e9duira pas que les seuls amateurs du genre. Clairement, c&rsquo;est un must have dont l&rsquo;auteur excelle tant sur le fond que sur la forme. 6 tomes sont d\u00e9j\u00e0 sortis, d\u00e9nouement pr\u00e9vu pour Mai 2018 avec un ultime opus&#8230;<\/p>\n<p>&nbsp;<\/p>\n<p>Le pitch : <em><strong>L\u2019enfer s\u2019ouvre sur Carson City<\/strong><\/em><br \/>\n<em> Dans l\u2019\u00e9tat du Nevada, \u00e0 quelques jours d\u2019Halloween. Recherch\u00e9s pour une s\u00e9rie de braquages, les fr\u00e8res Blackwood croisent au cours de leur cavale le terrible sh\u00e9rif B. Justice et son adjoint. Dans le m\u00eame temps, \u00e0 l\u2019autre bout de l\u2019\u00c9tat, dans un des labos de la fameuse zone 51, le g\u00e9n\u00e9ral Matthews d\u00e9couvre avec horreur les abominables r\u00e9sultats des exp\u00e9riences top-secr\u00e8tes men\u00e9es par le docteur Phobic\u2026 Bient\u00f4t l\u2019enfer s\u2019ouvrira, et Carson City en sera la porte !<\/em><\/p>\n<p><a href=\"\/2018\/02\/guillaume-griffon-festival-g\u00e9rardmer-1.jpg\"><img decoding=\"async\" class=\"aligncenter size-full wp-image-122056\" src=\"\/2018\/02\/guillaume-griffon-festival-g\u00e9rardmer-1.jpg\" alt=\"guillaume griffon festival g\u00e9rardmer (1)\" width=\"800\" height=\"600\" \/><\/a><\/p>\n","protected":false},"excerpt":{"rendered":"<p>Pour cette 25\u00e8me \u00e9dition du Festival du Film Fantastique, la MCL de G\u00e9rardmer avait le plaisir d&rsquo;accueillir Guillaume Griffon dans [&hellip;]<\/p>\n","protected":false},"author":42,"featured_media":31903,"comment_status":"open","ping_status":"open","sticky":false,"template":"","format":"standard","meta":{"footnotes":""},"categories":[20,4,221],"tags":[91,3426,103],"class_list":["post-31902","post","type-post","status-publish","format-standard","has-post-thumbnail","hentry","category-a-la-une","category-culture","category-festival-fantastique","tag-festival-du-film-fantastique-gerardmer","tag-guillaume-griffon","tag-mcl-gerardmer"],"acf":[],"yoast_head":"<!-- This site is optimized with the Yoast SEO plugin v22.5 - https:\/\/yoast.com\/wordpress\/plugins\/seo\/ -->\n<title>L&#039;apocalypse selon Guillaume Griffon - Gerardmer Info<\/title>\n<meta name=\"robots\" content=\"index, follow, max-snippet:-1, max-image-preview:large, max-video-preview:-1\" \/>\n<link rel=\"canonical\" href=\"https:\/\/vosgesinfo.fr\/gerardmerinfo\/2018\/02\/lapocalypse-selon-guillaume-griffon\/\" \/>\n<meta name=\"twitter:card\" content=\"summary_large_image\" \/>\n<meta name=\"twitter:title\" content=\"L&#039;apocalypse selon Guillaume Griffon - Gerardmer Info\" \/>\n<meta name=\"twitter:description\" content=\"Pour cette 25\u00e8me \u00e9dition du Festival du Film Fantastique, la MCL de G\u00e9rardmer avait le plaisir d&rsquo;accueillir Guillaume Griffon dans [&hellip;]\" \/>\n<meta name=\"twitter:image\" content=\"https:\/\/vosgesinfo.fr\/app\/uploads\/sites\/6\/2024\/07\/201802guillaume-griffon-festival-gerardmer-3.jpg\" \/>\n<meta name=\"twitter:creator\" content=\"@VosgesInfo88\" \/>\n<meta name=\"twitter:site\" content=\"@VosgesInfo88\" \/>\n<meta name=\"twitter:label1\" content=\"\u00c9crit par\" \/>\n\t<meta name=\"twitter:data1\" content=\"QG\" \/>\n\t<meta name=\"twitter:label2\" content=\"Dur\u00e9e de lecture estim\u00e9e\" \/>\n\t<meta name=\"twitter:data2\" content=\"3 minutes\" \/>\n<script type=\"application\/ld+json\" class=\"yoast-schema-graph\">{\"@context\":\"https:\/\/schema.org\",\"@graph\":[{\"@type\":\"Article\",\"@id\":\"https:\/\/vosgesinfo.fr\/gerardmerinfo\/2018\/02\/lapocalypse-selon-guillaume-griffon\/#article\",\"isPartOf\":{\"@id\":\"https:\/\/vosgesinfo.fr\/gerardmerinfo\/2018\/02\/lapocalypse-selon-guillaume-griffon\/\"},\"author\":{\"name\":\"QG\",\"@id\":\"https:\/\/vosgesinfo.fr\/gerardmerinfo\/#\/schema\/person\/db5605779a843dad16b5368f3e7613a5\"},\"headline\":\"L&rsquo;apocalypse selon Guillaume Griffon\",\"datePublished\":\"2018-02-03T11:47:37+00:00\",\"dateModified\":\"2018-02-03T11:47:37+00:00\",\"mainEntityOfPage\":{\"@id\":\"https:\/\/vosgesinfo.fr\/gerardmerinfo\/2018\/02\/lapocalypse-selon-guillaume-griffon\/\"},\"wordCount\":682,\"commentCount\":0,\"publisher\":{\"@id\":\"https:\/\/vosgesinfo.fr\/gerardmerinfo\/#organization\"},\"image\":{\"@id\":\"https:\/\/vosgesinfo.fr\/gerardmerinfo\/2018\/02\/lapocalypse-selon-guillaume-griffon\/#primaryimage\"},\"thumbnailUrl\":\"https:\/\/vosgesinfo.fr\/app\/uploads\/sites\/6\/2024\/07\/201802guillaume-griffon-festival-gerardmer-3.jpg\",\"keywords\":[\"festival du film fantastique G\u00e9rardmer\",\"guillaume griffon\",\"MCL G\u00e9rardmer\"],\"articleSection\":[\"A la une\",\"Culture\",\"Festival Fantastique\"],\"inLanguage\":\"fr-FR\",\"potentialAction\":[{\"@type\":\"CommentAction\",\"name\":\"Comment\",\"target\":[\"https:\/\/vosgesinfo.fr\/gerardmerinfo\/2018\/02\/lapocalypse-selon-guillaume-griffon\/#respond\"]}]},{\"@type\":\"WebPage\",\"@id\":\"https:\/\/vosgesinfo.fr\/gerardmerinfo\/2018\/02\/lapocalypse-selon-guillaume-griffon\/\",\"url\":\"https:\/\/vosgesinfo.fr\/gerardmerinfo\/2018\/02\/lapocalypse-selon-guillaume-griffon\/\",\"name\":\"L'apocalypse selon Guillaume Griffon - Gerardmer Info\",\"isPartOf\":{\"@id\":\"https:\/\/vosgesinfo.fr\/gerardmerinfo\/#website\"},\"primaryImageOfPage\":{\"@id\":\"https:\/\/vosgesinfo.fr\/gerardmerinfo\/2018\/02\/lapocalypse-selon-guillaume-griffon\/#primaryimage\"},\"image\":{\"@id\":\"https:\/\/vosgesinfo.fr\/gerardmerinfo\/2018\/02\/lapocalypse-selon-guillaume-griffon\/#primaryimage\"},\"thumbnailUrl\":\"https:\/\/vosgesinfo.fr\/app\/uploads\/sites\/6\/2024\/07\/201802guillaume-griffon-festival-gerardmer-3.jpg\",\"datePublished\":\"2018-02-03T11:47:37+00:00\",\"dateModified\":\"2018-02-03T11:47:37+00:00\",\"breadcrumb\":{\"@id\":\"https:\/\/vosgesinfo.fr\/gerardmerinfo\/2018\/02\/lapocalypse-selon-guillaume-griffon\/#breadcrumb\"},\"inLanguage\":\"fr-FR\",\"potentialAction\":[{\"@type\":\"ReadAction\",\"target\":[\"https:\/\/vosgesinfo.fr\/gerardmerinfo\/2018\/02\/lapocalypse-selon-guillaume-griffon\/\"]}]},{\"@type\":\"ImageObject\",\"inLanguage\":\"fr-FR\",\"@id\":\"https:\/\/vosgesinfo.fr\/gerardmerinfo\/2018\/02\/lapocalypse-selon-guillaume-griffon\/#primaryimage\",\"url\":\"https:\/\/vosgesinfo.fr\/app\/uploads\/sites\/6\/2024\/07\/201802guillaume-griffon-festival-gerardmer-3.jpg\",\"contentUrl\":\"https:\/\/vosgesinfo.fr\/app\/uploads\/sites\/6\/2024\/07\/201802guillaume-griffon-festival-gerardmer-3.jpg\",\"width\":800,\"height\":600},{\"@type\":\"BreadcrumbList\",\"@id\":\"https:\/\/vosgesinfo.fr\/gerardmerinfo\/2018\/02\/lapocalypse-selon-guillaume-griffon\/#breadcrumb\",\"itemListElement\":[{\"@type\":\"ListItem\",\"position\":1,\"name\":\"Home\",\"item\":\"https:\/\/vosgesinfo.fr\/gerardmerinfo\/\"},{\"@type\":\"ListItem\",\"position\":2,\"name\":\"L&rsquo;apocalypse selon Guillaume Griffon\"}]},{\"@type\":\"WebSite\",\"@id\":\"https:\/\/vosgesinfo.fr\/gerardmerinfo\/#website\",\"url\":\"https:\/\/vosgesinfo.fr\/gerardmerinfo\/\",\"name\":\"Gerardmer Info\",\"description\":\"Toute l&#039;actualit\u00e9 de G\u00e9rardmer\",\"publisher\":{\"@id\":\"https:\/\/vosgesinfo.fr\/gerardmerinfo\/#organization\"},\"alternateName\":\"Toute l'actualit\u00e9 de G\u00e9rardmer\",\"potentialAction\":[{\"@type\":\"SearchAction\",\"target\":{\"@type\":\"EntryPoint\",\"urlTemplate\":\"https:\/\/vosgesinfo.fr\/gerardmerinfo\/?s={search_term_string}\"},\"query-input\":\"required name=search_term_string\"}],\"inLanguage\":\"fr-FR\"},{\"@type\":\"Organization\",\"@id\":\"https:\/\/vosgesinfo.fr\/gerardmerinfo\/#organization\",\"name\":\"Gerardmer Info\",\"url\":\"https:\/\/vosgesinfo.fr\/gerardmerinfo\/\",\"logo\":{\"@type\":\"ImageObject\",\"inLanguage\":\"fr-FR\",\"@id\":\"https:\/\/vosgesinfo.fr\/gerardmerinfo\/#\/schema\/logo\/image\/\",\"url\":\"https:\/\/vosgesinfo.fr\/app\/uploads\/sites\/6\/2023\/08\/favicon-gerardmerinfo.png\",\"contentUrl\":\"https:\/\/vosgesinfo.fr\/app\/uploads\/sites\/6\/2023\/08\/favicon-gerardmerinfo.png\",\"width\":512,\"height\":512,\"caption\":\"Gerardmer Info\"},\"image\":{\"@id\":\"https:\/\/vosgesinfo.fr\/gerardmerinfo\/#\/schema\/logo\/image\/\"},\"sameAs\":[\"https:\/\/www.facebook.com\/profile.php?id=100049475262660\",\"https:\/\/x.com\/VosgesInfo88\",\"https:\/\/www.youtube.com\/@vosgesinfo\"]},{\"@type\":\"Person\",\"@id\":\"https:\/\/vosgesinfo.fr\/gerardmerinfo\/#\/schema\/person\/db5605779a843dad16b5368f3e7613a5\",\"name\":\"QG\",\"image\":{\"@type\":\"ImageObject\",\"inLanguage\":\"fr-FR\",\"@id\":\"https:\/\/vosgesinfo.fr\/gerardmerinfo\/#\/schema\/person\/image\/\",\"url\":\"https:\/\/secure.gravatar.com\/avatar\/ea80c42c204b534408512832fde52504ecabb9706bcb6151cf6175e5b64e6793?s=96&d=mm&r=g\",\"contentUrl\":\"https:\/\/secure.gravatar.com\/avatar\/ea80c42c204b534408512832fde52504ecabb9706bcb6151cf6175e5b64e6793?s=96&d=mm&r=g\",\"caption\":\"QG\"},\"url\":\"https:\/\/vosgesinfo.fr\/gerardmerinfo\/author\/quentin88\/\"}]}<\/script>\n<!-- \/ Yoast SEO plugin. -->","yoast_head_json":{"title":"L'apocalypse selon Guillaume Griffon - Gerardmer Info","robots":{"index":"index","follow":"follow","max-snippet":"max-snippet:-1","max-image-preview":"max-image-preview:large","max-video-preview":"max-video-preview:-1"},"canonical":"https:\/\/vosgesinfo.fr\/gerardmerinfo\/2018\/02\/lapocalypse-selon-guillaume-griffon\/","twitter_card":"summary_large_image","twitter_title":"L'apocalypse selon Guillaume Griffon - Gerardmer Info","twitter_description":"Pour cette 25\u00e8me \u00e9dition du Festival du Film Fantastique, la MCL de G\u00e9rardmer avait le plaisir d&rsquo;accueillir Guillaume Griffon dans [&hellip;]","twitter_image":"https:\/\/vosgesinfo.fr\/app\/uploads\/sites\/6\/2024\/07\/201802guillaume-griffon-festival-gerardmer-3.jpg","twitter_creator":"@VosgesInfo88","twitter_site":"@VosgesInfo88","twitter_misc":{"\u00c9crit par":"QG","Dur\u00e9e de lecture estim\u00e9e":"3 minutes"},"schema":{"@context":"https:\/\/schema.org","@graph":[{"@type":"Article","@id":"https:\/\/vosgesinfo.fr\/gerardmerinfo\/2018\/02\/lapocalypse-selon-guillaume-griffon\/#article","isPartOf":{"@id":"https:\/\/vosgesinfo.fr\/gerardmerinfo\/2018\/02\/lapocalypse-selon-guillaume-griffon\/"},"author":{"name":"QG","@id":"https:\/\/vosgesinfo.fr\/gerardmerinfo\/#\/schema\/person\/db5605779a843dad16b5368f3e7613a5"},"headline":"L&rsquo;apocalypse selon Guillaume Griffon","datePublished":"2018-02-03T11:47:37+00:00","dateModified":"2018-02-03T11:47:37+00:00","mainEntityOfPage":{"@id":"https:\/\/vosgesinfo.fr\/gerardmerinfo\/2018\/02\/lapocalypse-selon-guillaume-griffon\/"},"wordCount":682,"commentCount":0,"publisher":{"@id":"https:\/\/vosgesinfo.fr\/gerardmerinfo\/#organization"},"image":{"@id":"https:\/\/vosgesinfo.fr\/gerardmerinfo\/2018\/02\/lapocalypse-selon-guillaume-griffon\/#primaryimage"},"thumbnailUrl":"https:\/\/vosgesinfo.fr\/app\/uploads\/sites\/6\/2024\/07\/201802guillaume-griffon-festival-gerardmer-3.jpg","keywords":["festival du film fantastique G\u00e9rardmer","guillaume griffon","MCL G\u00e9rardmer"],"articleSection":["A la une","Culture","Festival Fantastique"],"inLanguage":"fr-FR","potentialAction":[{"@type":"CommentAction","name":"Comment","target":["https:\/\/vosgesinfo.fr\/gerardmerinfo\/2018\/02\/lapocalypse-selon-guillaume-griffon\/#respond"]}]},{"@type":"WebPage","@id":"https:\/\/vosgesinfo.fr\/gerardmerinfo\/2018\/02\/lapocalypse-selon-guillaume-griffon\/","url":"https:\/\/vosgesinfo.fr\/gerardmerinfo\/2018\/02\/lapocalypse-selon-guillaume-griffon\/","name":"L'apocalypse selon Guillaume Griffon - Gerardmer Info","isPartOf":{"@id":"https:\/\/vosgesinfo.fr\/gerardmerinfo\/#website"},"primaryImageOfPage":{"@id":"https:\/\/vosgesinfo.fr\/gerardmerinfo\/2018\/02\/lapocalypse-selon-guillaume-griffon\/#primaryimage"},"image":{"@id":"https:\/\/vosgesinfo.fr\/gerardmerinfo\/2018\/02\/lapocalypse-selon-guillaume-griffon\/#primaryimage"},"thumbnailUrl":"https:\/\/vosgesinfo.fr\/app\/uploads\/sites\/6\/2024\/07\/201802guillaume-griffon-festival-gerardmer-3.jpg","datePublished":"2018-02-03T11:47:37+00:00","dateModified":"2018-02-03T11:47:37+00:00","breadcrumb":{"@id":"https:\/\/vosgesinfo.fr\/gerardmerinfo\/2018\/02\/lapocalypse-selon-guillaume-griffon\/#breadcrumb"},"inLanguage":"fr-FR","potentialAction":[{"@type":"ReadAction","target":["https:\/\/vosgesinfo.fr\/gerardmerinfo\/2018\/02\/lapocalypse-selon-guillaume-griffon\/"]}]},{"@type":"ImageObject","inLanguage":"fr-FR","@id":"https:\/\/vosgesinfo.fr\/gerardmerinfo\/2018\/02\/lapocalypse-selon-guillaume-griffon\/#primaryimage","url":"https:\/\/vosgesinfo.fr\/app\/uploads\/sites\/6\/2024\/07\/201802guillaume-griffon-festival-gerardmer-3.jpg","contentUrl":"https:\/\/vosgesinfo.fr\/app\/uploads\/sites\/6\/2024\/07\/201802guillaume-griffon-festival-gerardmer-3.jpg","width":800,"height":600},{"@type":"BreadcrumbList","@id":"https:\/\/vosgesinfo.fr\/gerardmerinfo\/2018\/02\/lapocalypse-selon-guillaume-griffon\/#breadcrumb","itemListElement":[{"@type":"ListItem","position":1,"name":"Home","item":"https:\/\/vosgesinfo.fr\/gerardmerinfo\/"},{"@type":"ListItem","position":2,"name":"L&rsquo;apocalypse selon Guillaume Griffon"}]},{"@type":"WebSite","@id":"https:\/\/vosgesinfo.fr\/gerardmerinfo\/#website","url":"https:\/\/vosgesinfo.fr\/gerardmerinfo\/","name":"Gerardmer Info","description":"Toute l&#039;actualit\u00e9 de G\u00e9rardmer","publisher":{"@id":"https:\/\/vosgesinfo.fr\/gerardmerinfo\/#organization"},"alternateName":"Toute l'actualit\u00e9 de G\u00e9rardmer","potentialAction":[{"@type":"SearchAction","target":{"@type":"EntryPoint","urlTemplate":"https:\/\/vosgesinfo.fr\/gerardmerinfo\/?s={search_term_string}"},"query-input":"required name=search_term_string"}],"inLanguage":"fr-FR"},{"@type":"Organization","@id":"https:\/\/vosgesinfo.fr\/gerardmerinfo\/#organization","name":"Gerardmer Info","url":"https:\/\/vosgesinfo.fr\/gerardmerinfo\/","logo":{"@type":"ImageObject","inLanguage":"fr-FR","@id":"https:\/\/vosgesinfo.fr\/gerardmerinfo\/#\/schema\/logo\/image\/","url":"https:\/\/vosgesinfo.fr\/app\/uploads\/sites\/6\/2023\/08\/favicon-gerardmerinfo.png","contentUrl":"https:\/\/vosgesinfo.fr\/app\/uploads\/sites\/6\/2023\/08\/favicon-gerardmerinfo.png","width":512,"height":512,"caption":"Gerardmer Info"},"image":{"@id":"https:\/\/vosgesinfo.fr\/gerardmerinfo\/#\/schema\/logo\/image\/"},"sameAs":["https:\/\/www.facebook.com\/profile.php?id=100049475262660","https:\/\/x.com\/VosgesInfo88","https:\/\/www.youtube.com\/@vosgesinfo"]},{"@type":"Person","@id":"https:\/\/vosgesinfo.fr\/gerardmerinfo\/#\/schema\/person\/db5605779a843dad16b5368f3e7613a5","name":"QG","image":{"@type":"ImageObject","inLanguage":"fr-FR","@id":"https:\/\/vosgesinfo.fr\/gerardmerinfo\/#\/schema\/person\/image\/","url":"https:\/\/secure.gravatar.com\/avatar\/ea80c42c204b534408512832fde52504ecabb9706bcb6151cf6175e5b64e6793?s=96&d=mm&r=g","contentUrl":"https:\/\/secure.gravatar.com\/avatar\/ea80c42c204b534408512832fde52504ecabb9706bcb6151cf6175e5b64e6793?s=96&d=mm&r=g","caption":"QG"},"url":"https:\/\/vosgesinfo.fr\/gerardmerinfo\/author\/quentin88\/"}]}},"_links":{"self":[{"href":"https:\/\/vosgesinfo.fr\/gerardmerinfo\/wp-json\/wp\/v2\/posts\/31902","targetHints":{"allow":["GET"]}}],"collection":[{"href":"https:\/\/vosgesinfo.fr\/gerardmerinfo\/wp-json\/wp\/v2\/posts"}],"about":[{"href":"https:\/\/vosgesinfo.fr\/gerardmerinfo\/wp-json\/wp\/v2\/types\/post"}],"author":[{"embeddable":true,"href":"https:\/\/vosgesinfo.fr\/gerardmerinfo\/wp-json\/wp\/v2\/users\/42"}],"replies":[{"embeddable":true,"href":"https:\/\/vosgesinfo.fr\/gerardmerinfo\/wp-json\/wp\/v2\/comments?post=31902"}],"version-history":[{"count":0,"href":"https:\/\/vosgesinfo.fr\/gerardmerinfo\/wp-json\/wp\/v2\/posts\/31902\/revisions"}],"wp:featuredmedia":[{"embeddable":true,"href":"https:\/\/vosgesinfo.fr\/gerardmerinfo\/wp-json\/wp\/v2\/media\/31903"}],"wp:attachment":[{"href":"https:\/\/vosgesinfo.fr\/gerardmerinfo\/wp-json\/wp\/v2\/media?parent=31902"}],"wp:term":[{"taxonomy":"category","embeddable":true,"href":"https:\/\/vosgesinfo.fr\/gerardmerinfo\/wp-json\/wp\/v2\/categories?post=31902"},{"taxonomy":"post_tag","embeddable":true,"href":"https:\/\/vosgesinfo.fr\/gerardmerinfo\/wp-json\/wp\/v2\/tags?post=31902"}],"curies":[{"name":"wp","href":"https:\/\/api.w.org\/{rel}","templated":true}]}}