{"id":32005,"date":"2018-02-08T16:46:12","date_gmt":"2018-02-08T15:46:12","guid":{"rendered":"https:\/\/vosgesinfo.fr\/gerardmerinfo\/2018\/02\/ateliers-informatiques-affichent-presque-complet\/"},"modified":"2018-02-08T16:46:12","modified_gmt":"2018-02-08T15:46:12","slug":"ateliers-informatiques-affichent-presque-complet","status":"publish","type":"post","link":"https:\/\/vosgesinfo.fr\/gerardmerinfo\/2018\/02\/ateliers-informatiques-affichent-presque-complet\/","title":{"rendered":"Les ateliers informatiques affichent presque complet"},"content":{"rendered":"<p><span style=\"font-family: Times New Roman, serif;\"><span style=\"font-size: large;\"><b><a href=\"\/2018\/02\/ateliers-informatiques-2.jpg\"><img decoding=\"async\" class=\"aligncenter size-full wp-image-122335\" src=\"\/2018\/02\/ateliers-informatiques-2.jpg\" alt=\"ateliers informatiques (2)\" width=\"800\" height=\"600\" \/><\/a>La m\u00e9diath\u00e8que organise une activit\u00e9 d\u2019apprentissage pour les \u00ab\u00a0novices\u00a0\u00bb de l\u2019outil informatique anim\u00e9 par Aur\u00e9lie Eeckels, responsable de la section audio visuel.<\/b><\/span><\/span><\/p>\n<div id=\"attachment_122334\" style=\"width: 350px\" class=\"wp-caption alignleft\"><a href=\"\/2018\/02\/ateliers-informatiques-1.jpg\"><img decoding=\"async\" aria-describedby=\"caption-attachment-122334\" class=\"size-medium wp-image-122334\" src=\"\/2018\/02\/ateliers-informatiques-1-340x255.jpg\" alt=\"Aur\u00e9lie EEckels, animatrice des ateliers et responsable de la section audiovisuelle\" width=\"340\" height=\"255\" \/><\/a><p id=\"caption-attachment-122334\" class=\"wp-caption-text\"><span style=\"color: #000080;\">Aur\u00e9lie Eeckels, animatrice des ateliers avec Arnaud Schilling et responsable de la section audiovisuelle.<\/span><\/p><\/div>\n<p><span style=\"font-family: Times New Roman, serif; background-color: #ffffff; color: #000000;\"><span style=\"font-size: large;\">Cette activit\u00e9 s\u2019adresse aux d\u00e9butants n\u2019ayant jamais utilis\u00e9 un ordinateur. Elle permet d\u2019apporter une aide aux personnes en difficult\u00e9s avec l\u2019outil informatique sur diff\u00e9rents th\u00e8mes tels que la s\u00e9lection du fond d\u2019\u00e9cran, l&rsquo;utilisation d\u2019une cl\u00e9 USB, surfer sur internet etc\u2026 La dur\u00e9e d\u2019un atelier est d\u2019environ 1H30-2H et 6 personnes peuvent y participer au maximum. Il suffit de r\u00e9server sa place aupr\u00e8s de la m\u00e9diath\u00e8que. Renseignements et inscriptions au 03.29.63.00.70 ou par mail : mediatheque.gerardmer@wanadoo.fr <\/span><\/span><\/p>\n<p><span style=\"font-family: Times New Roman, serif; background-color: #ffffff; color: #000000;\"><span style=\"font-size: large;\">Cette activit\u00e9 a \u00e9t\u00e9 cr\u00e9\u00e9e suite \u00e0 une forte demande et cela fait d\u00e9sormais partie du travail de la m\u00e9diath\u00e8que de fournir un soutien dans le domaine de l&rsquo;informatique. Elle est gratuite et ouverte \u00e0 tout le monde sans distinction. Pour le moment, les personnes ayant particip\u00e9 retiennent toutes \u00ab\u00a0une note positive\u00a0\u00bb de cet atelier car ils n\u2019ont pas toujours quelqu\u2019un \u00e0 la maison ou dans leur entourage pour les aider. Cette activit\u00e9 marche tr\u00e8s bien car le personnel de la m\u00e9diath\u00e8que est oblig\u00e9 de rajouter des cr\u00e9neaux horaires suite aux nombreuses demandes d&rsquo;inscriptions.<\/span><\/span><\/p>\n<p align=\"LEFT\"><span style=\"font-family: Times New Roman, serif;\"><span style=\"font-size: large;\"><strong><a href=\"\/2018\/02\/semaibe-f\u00e9d\u00e9rale-cyclo-mortagne-2017-6.jpg\"><img decoding=\"async\" class=\"alignright size-medium wp-image-122336\" src=\"\/2018\/02\/semaibe-f\u00e9d\u00e9rale-cyclo-mortagne-2017-6-340x255.jpg\" alt=\"atelier informatique m\u00e9diath\u00e8que\" width=\"340\" height=\"255\" \/><\/a>Les prochains ateliers\u00a0:<\/strong> <\/span><\/span><\/p>\n<p align=\"LEFT\"><span style=\"font-family: Times New Roman, serif;\"><span style=\"font-size: large;\"><span style=\"color: #000000;\">Samedi 10 f\u00e9vrier \u00e0 14h30 : <\/span><span style=\"color: #008000;\">Smartphone et tablette sous Andro\u00efd : initiation<\/span><\/span><\/span><\/p>\n<p align=\"LEFT\"><span style=\"color: #000000;\"><span style=\"font-family: Times New Roman, serif;\"><span style=\"font-size: large;\">Vendredi 16 F\u00e9vrier \u00e0 17h : <span style=\"color: #0084d1;\">Streaming et ressources num\u00e9riques<\/span><\/span><\/span><\/span><\/p>\n<p><span style=\"font-family: Times New Roman, serif;\"><span style=\"font-size: large;\">Mardi 20 f\u00e9vrier \u00e0 16h30 : <span style=\"color: #0084d1;\">Internet pratique<\/span><\/span><\/span><\/p>\n<p><span style=\"color: #000000;\"><span style=\"font-family: Times New Roman, serif;\"><span style=\"font-size: large;\">Attention les places sont limit\u00e9es et les inscriptions sont obligatoires, les ateliers num\u00e9riques sont gratuits.<\/span><\/span><\/span><\/p>\n<p align=\"LEFT\"><span style=\"color: #000000;\"><span style=\"font-family: Times New Roman, serif;\"><span style=\"font-size: large;\">En plus de ces ateliers, la m\u00e9diath\u00e8que proposera une aide informatique personnalis\u00e9e (dur\u00e9e 1h, sur rendez-vous) pour les personnes rencontrant une difficult\u00e9 particuli\u00e8re.<\/span><\/span><\/span><\/p>\n<p><span style=\"font-family: Times New Roman, serif;\"><span style=\"font-size: large;\"> Tom MARCHAL<\/span><\/span><\/p>\n","protected":false},"excerpt":{"rendered":"<p>La m\u00e9diath\u00e8que organise une activit\u00e9 d\u2019apprentissage pour les \u00ab\u00a0novices\u00a0\u00bb de l\u2019outil informatique anim\u00e9 par Aur\u00e9lie Eeckels, responsable de la section [&hellip;]<\/p>\n","protected":false},"author":1,"featured_media":32006,"comment_status":"open","ping_status":"open","sticky":false,"template":"","format":"standard","meta":{"footnotes":""},"categories":[20,25],"tags":[3222,153],"class_list":["post-32005","post","type-post","status-publish","format-standard","has-post-thumbnail","hentry","category-a-la-une","category-gerardmer","tag-atelier-numerique","tag-mediatheque-du-tilleul"],"acf":[],"yoast_head":"<!-- This site is optimized with the Yoast SEO plugin v22.5 - https:\/\/yoast.com\/wordpress\/plugins\/seo\/ -->\n<title>Les ateliers informatiques affichent presque complet - Gerardmer Info<\/title>\n<meta name=\"robots\" content=\"index, follow, max-snippet:-1, max-image-preview:large, max-video-preview:-1\" \/>\n<link rel=\"canonical\" href=\"https:\/\/vosgesinfo.fr\/gerardmerinfo\/2018\/02\/ateliers-informatiques-affichent-presque-complet\/\" \/>\n<meta name=\"twitter:card\" content=\"summary_large_image\" \/>\n<meta name=\"twitter:title\" content=\"Les ateliers informatiques affichent presque complet - Gerardmer Info\" \/>\n<meta name=\"twitter:description\" content=\"La m\u00e9diath\u00e8que organise une activit\u00e9 d\u2019apprentissage pour les \u00ab\u00a0novices\u00a0\u00bb de l\u2019outil informatique anim\u00e9 par Aur\u00e9lie Eeckels, responsable de la section [&hellip;]\" \/>\n<meta name=\"twitter:image\" content=\"https:\/\/vosgesinfo.fr\/app\/uploads\/sites\/6\/2024\/07\/201802ateliers-informatiques-2.jpg\" \/>\n<meta name=\"twitter:creator\" content=\"@VosgesInfo88\" \/>\n<meta name=\"twitter:site\" content=\"@VosgesInfo88\" \/>\n<meta name=\"twitter:label1\" content=\"\u00c9crit par\" \/>\n\t<meta name=\"twitter:data1\" content=\"qs_admin\" \/>\n\t<meta name=\"twitter:label2\" content=\"Dur\u00e9e de lecture estim\u00e9e\" \/>\n\t<meta name=\"twitter:data2\" content=\"2 minutes\" \/>\n<script type=\"application\/ld+json\" class=\"yoast-schema-graph\">{\"@context\":\"https:\/\/schema.org\",\"@graph\":[{\"@type\":\"Article\",\"@id\":\"https:\/\/vosgesinfo.fr\/gerardmerinfo\/2018\/02\/ateliers-informatiques-affichent-presque-complet\/#article\",\"isPartOf\":{\"@id\":\"https:\/\/vosgesinfo.fr\/gerardmerinfo\/2018\/02\/ateliers-informatiques-affichent-presque-complet\/\"},\"author\":{\"name\":\"qs_admin\",\"@id\":\"https:\/\/vosgesinfo.fr\/gerardmerinfo\/#\/schema\/person\/bc5d02d71e6932e81b6dadb7386667b1\"},\"headline\":\"Les ateliers informatiques affichent presque complet\",\"datePublished\":\"2018-02-08T15:46:12+00:00\",\"dateModified\":\"2018-02-08T15:46:12+00:00\",\"mainEntityOfPage\":{\"@id\":\"https:\/\/vosgesinfo.fr\/gerardmerinfo\/2018\/02\/ateliers-informatiques-affichent-presque-complet\/\"},\"wordCount\":330,\"commentCount\":0,\"publisher\":{\"@id\":\"https:\/\/vosgesinfo.fr\/gerardmerinfo\/#organization\"},\"image\":{\"@id\":\"https:\/\/vosgesinfo.fr\/gerardmerinfo\/2018\/02\/ateliers-informatiques-affichent-presque-complet\/#primaryimage\"},\"thumbnailUrl\":\"https:\/\/vosgesinfo.fr\/app\/uploads\/sites\/6\/2024\/07\/201802ateliers-informatiques-2.jpg\",\"keywords\":[\"atelier num\u00e9rique\",\"m\u00e9diath\u00e8que du tilleul\"],\"articleSection\":[\"A la une\",\"G\u00e9rardmer\"],\"inLanguage\":\"fr-FR\",\"potentialAction\":[{\"@type\":\"CommentAction\",\"name\":\"Comment\",\"target\":[\"https:\/\/vosgesinfo.fr\/gerardmerinfo\/2018\/02\/ateliers-informatiques-affichent-presque-complet\/#respond\"]}]},{\"@type\":\"WebPage\",\"@id\":\"https:\/\/vosgesinfo.fr\/gerardmerinfo\/2018\/02\/ateliers-informatiques-affichent-presque-complet\/\",\"url\":\"https:\/\/vosgesinfo.fr\/gerardmerinfo\/2018\/02\/ateliers-informatiques-affichent-presque-complet\/\",\"name\":\"Les ateliers informatiques affichent presque complet - Gerardmer Info\",\"isPartOf\":{\"@id\":\"https:\/\/vosgesinfo.fr\/gerardmerinfo\/#website\"},\"primaryImageOfPage\":{\"@id\":\"https:\/\/vosgesinfo.fr\/gerardmerinfo\/2018\/02\/ateliers-informatiques-affichent-presque-complet\/#primaryimage\"},\"image\":{\"@id\":\"https:\/\/vosgesinfo.fr\/gerardmerinfo\/2018\/02\/ateliers-informatiques-affichent-presque-complet\/#primaryimage\"},\"thumbnailUrl\":\"https:\/\/vosgesinfo.fr\/app\/uploads\/sites\/6\/2024\/07\/201802ateliers-informatiques-2.jpg\",\"datePublished\":\"2018-02-08T15:46:12+00:00\",\"dateModified\":\"2018-02-08T15:46:12+00:00\",\"breadcrumb\":{\"@id\":\"https:\/\/vosgesinfo.fr\/gerardmerinfo\/2018\/02\/ateliers-informatiques-affichent-presque-complet\/#breadcrumb\"},\"inLanguage\":\"fr-FR\",\"potentialAction\":[{\"@type\":\"ReadAction\",\"target\":[\"https:\/\/vosgesinfo.fr\/gerardmerinfo\/2018\/02\/ateliers-informatiques-affichent-presque-complet\/\"]}]},{\"@type\":\"ImageObject\",\"inLanguage\":\"fr-FR\",\"@id\":\"https:\/\/vosgesinfo.fr\/gerardmerinfo\/2018\/02\/ateliers-informatiques-affichent-presque-complet\/#primaryimage\",\"url\":\"https:\/\/vosgesinfo.fr\/app\/uploads\/sites\/6\/2024\/07\/201802ateliers-informatiques-2.jpg\",\"contentUrl\":\"https:\/\/vosgesinfo.fr\/app\/uploads\/sites\/6\/2024\/07\/201802ateliers-informatiques-2.jpg\",\"width\":800,\"height\":600},{\"@type\":\"BreadcrumbList\",\"@id\":\"https:\/\/vosgesinfo.fr\/gerardmerinfo\/2018\/02\/ateliers-informatiques-affichent-presque-complet\/#breadcrumb\",\"itemListElement\":[{\"@type\":\"ListItem\",\"position\":1,\"name\":\"Home\",\"item\":\"https:\/\/vosgesinfo.fr\/gerardmerinfo\/\"},{\"@type\":\"ListItem\",\"position\":2,\"name\":\"Les ateliers informatiques affichent presque complet\"}]},{\"@type\":\"WebSite\",\"@id\":\"https:\/\/vosgesinfo.fr\/gerardmerinfo\/#website\",\"url\":\"https:\/\/vosgesinfo.fr\/gerardmerinfo\/\",\"name\":\"Gerardmer Info\",\"description\":\"Toute l&#039;actualit\u00e9 de G\u00e9rardmer\",\"publisher\":{\"@id\":\"https:\/\/vosgesinfo.fr\/gerardmerinfo\/#organization\"},\"alternateName\":\"Toute l'actualit\u00e9 de G\u00e9rardmer\",\"potentialAction\":[{\"@type\":\"SearchAction\",\"target\":{\"@type\":\"EntryPoint\",\"urlTemplate\":\"https:\/\/vosgesinfo.fr\/gerardmerinfo\/?s={search_term_string}\"},\"query-input\":\"required name=search_term_string\"}],\"inLanguage\":\"fr-FR\"},{\"@type\":\"Organization\",\"@id\":\"https:\/\/vosgesinfo.fr\/gerardmerinfo\/#organization\",\"name\":\"Gerardmer Info\",\"url\":\"https:\/\/vosgesinfo.fr\/gerardmerinfo\/\",\"logo\":{\"@type\":\"ImageObject\",\"inLanguage\":\"fr-FR\",\"@id\":\"https:\/\/vosgesinfo.fr\/gerardmerinfo\/#\/schema\/logo\/image\/\",\"url\":\"https:\/\/vosgesinfo.fr\/app\/uploads\/sites\/6\/2023\/08\/favicon-gerardmerinfo.png\",\"contentUrl\":\"https:\/\/vosgesinfo.fr\/app\/uploads\/sites\/6\/2023\/08\/favicon-gerardmerinfo.png\",\"width\":512,\"height\":512,\"caption\":\"Gerardmer Info\"},\"image\":{\"@id\":\"https:\/\/vosgesinfo.fr\/gerardmerinfo\/#\/schema\/logo\/image\/\"},\"sameAs\":[\"https:\/\/www.facebook.com\/profile.php?id=100049475262660\",\"https:\/\/x.com\/VosgesInfo88\",\"https:\/\/www.youtube.com\/@vosgesinfo\"]},{\"@type\":\"Person\",\"@id\":\"https:\/\/vosgesinfo.fr\/gerardmerinfo\/#\/schema\/person\/bc5d02d71e6932e81b6dadb7386667b1\",\"name\":\"qs_admin\",\"image\":{\"@type\":\"ImageObject\",\"inLanguage\":\"fr-FR\",\"@id\":\"https:\/\/vosgesinfo.fr\/gerardmerinfo\/#\/schema\/person\/image\/\",\"url\":\"https:\/\/secure.gravatar.com\/avatar\/94b18ee0ed79e4a42ea2f2931277b6841a8999fc6fde214600c78057cf1fe1de?s=96&d=mm&r=g\",\"contentUrl\":\"https:\/\/secure.gravatar.com\/avatar\/94b18ee0ed79e4a42ea2f2931277b6841a8999fc6fde214600c78057cf1fe1de?s=96&d=mm&r=g\",\"caption\":\"qs_admin\"},\"sameAs\":[\"https:\/\/vosgesinfo.fr\/wp\"],\"url\":\"https:\/\/vosgesinfo.fr\/gerardmerinfo\/author\/qs_admin\/\"}]}<\/script>\n<!-- \/ Yoast SEO plugin. -->","yoast_head_json":{"title":"Les ateliers informatiques affichent presque complet - Gerardmer Info","robots":{"index":"index","follow":"follow","max-snippet":"max-snippet:-1","max-image-preview":"max-image-preview:large","max-video-preview":"max-video-preview:-1"},"canonical":"https:\/\/vosgesinfo.fr\/gerardmerinfo\/2018\/02\/ateliers-informatiques-affichent-presque-complet\/","twitter_card":"summary_large_image","twitter_title":"Les ateliers informatiques affichent presque complet - Gerardmer Info","twitter_description":"La m\u00e9diath\u00e8que organise une activit\u00e9 d\u2019apprentissage pour les \u00ab\u00a0novices\u00a0\u00bb de l\u2019outil informatique anim\u00e9 par Aur\u00e9lie Eeckels, responsable de la section [&hellip;]","twitter_image":"https:\/\/vosgesinfo.fr\/app\/uploads\/sites\/6\/2024\/07\/201802ateliers-informatiques-2.jpg","twitter_creator":"@VosgesInfo88","twitter_site":"@VosgesInfo88","twitter_misc":{"\u00c9crit par":"qs_admin","Dur\u00e9e de lecture estim\u00e9e":"2 minutes"},"schema":{"@context":"https:\/\/schema.org","@graph":[{"@type":"Article","@id":"https:\/\/vosgesinfo.fr\/gerardmerinfo\/2018\/02\/ateliers-informatiques-affichent-presque-complet\/#article","isPartOf":{"@id":"https:\/\/vosgesinfo.fr\/gerardmerinfo\/2018\/02\/ateliers-informatiques-affichent-presque-complet\/"},"author":{"name":"qs_admin","@id":"https:\/\/vosgesinfo.fr\/gerardmerinfo\/#\/schema\/person\/bc5d02d71e6932e81b6dadb7386667b1"},"headline":"Les ateliers informatiques affichent presque complet","datePublished":"2018-02-08T15:46:12+00:00","dateModified":"2018-02-08T15:46:12+00:00","mainEntityOfPage":{"@id":"https:\/\/vosgesinfo.fr\/gerardmerinfo\/2018\/02\/ateliers-informatiques-affichent-presque-complet\/"},"wordCount":330,"commentCount":0,"publisher":{"@id":"https:\/\/vosgesinfo.fr\/gerardmerinfo\/#organization"},"image":{"@id":"https:\/\/vosgesinfo.fr\/gerardmerinfo\/2018\/02\/ateliers-informatiques-affichent-presque-complet\/#primaryimage"},"thumbnailUrl":"https:\/\/vosgesinfo.fr\/app\/uploads\/sites\/6\/2024\/07\/201802ateliers-informatiques-2.jpg","keywords":["atelier num\u00e9rique","m\u00e9diath\u00e8que du tilleul"],"articleSection":["A la une","G\u00e9rardmer"],"inLanguage":"fr-FR","potentialAction":[{"@type":"CommentAction","name":"Comment","target":["https:\/\/vosgesinfo.fr\/gerardmerinfo\/2018\/02\/ateliers-informatiques-affichent-presque-complet\/#respond"]}]},{"@type":"WebPage","@id":"https:\/\/vosgesinfo.fr\/gerardmerinfo\/2018\/02\/ateliers-informatiques-affichent-presque-complet\/","url":"https:\/\/vosgesinfo.fr\/gerardmerinfo\/2018\/02\/ateliers-informatiques-affichent-presque-complet\/","name":"Les ateliers informatiques affichent presque complet - Gerardmer Info","isPartOf":{"@id":"https:\/\/vosgesinfo.fr\/gerardmerinfo\/#website"},"primaryImageOfPage":{"@id":"https:\/\/vosgesinfo.fr\/gerardmerinfo\/2018\/02\/ateliers-informatiques-affichent-presque-complet\/#primaryimage"},"image":{"@id":"https:\/\/vosgesinfo.fr\/gerardmerinfo\/2018\/02\/ateliers-informatiques-affichent-presque-complet\/#primaryimage"},"thumbnailUrl":"https:\/\/vosgesinfo.fr\/app\/uploads\/sites\/6\/2024\/07\/201802ateliers-informatiques-2.jpg","datePublished":"2018-02-08T15:46:12+00:00","dateModified":"2018-02-08T15:46:12+00:00","breadcrumb":{"@id":"https:\/\/vosgesinfo.fr\/gerardmerinfo\/2018\/02\/ateliers-informatiques-affichent-presque-complet\/#breadcrumb"},"inLanguage":"fr-FR","potentialAction":[{"@type":"ReadAction","target":["https:\/\/vosgesinfo.fr\/gerardmerinfo\/2018\/02\/ateliers-informatiques-affichent-presque-complet\/"]}]},{"@type":"ImageObject","inLanguage":"fr-FR","@id":"https:\/\/vosgesinfo.fr\/gerardmerinfo\/2018\/02\/ateliers-informatiques-affichent-presque-complet\/#primaryimage","url":"https:\/\/vosgesinfo.fr\/app\/uploads\/sites\/6\/2024\/07\/201802ateliers-informatiques-2.jpg","contentUrl":"https:\/\/vosgesinfo.fr\/app\/uploads\/sites\/6\/2024\/07\/201802ateliers-informatiques-2.jpg","width":800,"height":600},{"@type":"BreadcrumbList","@id":"https:\/\/vosgesinfo.fr\/gerardmerinfo\/2018\/02\/ateliers-informatiques-affichent-presque-complet\/#breadcrumb","itemListElement":[{"@type":"ListItem","position":1,"name":"Home","item":"https:\/\/vosgesinfo.fr\/gerardmerinfo\/"},{"@type":"ListItem","position":2,"name":"Les ateliers informatiques affichent presque complet"}]},{"@type":"WebSite","@id":"https:\/\/vosgesinfo.fr\/gerardmerinfo\/#website","url":"https:\/\/vosgesinfo.fr\/gerardmerinfo\/","name":"Gerardmer Info","description":"Toute l&#039;actualit\u00e9 de G\u00e9rardmer","publisher":{"@id":"https:\/\/vosgesinfo.fr\/gerardmerinfo\/#organization"},"alternateName":"Toute l'actualit\u00e9 de G\u00e9rardmer","potentialAction":[{"@type":"SearchAction","target":{"@type":"EntryPoint","urlTemplate":"https:\/\/vosgesinfo.fr\/gerardmerinfo\/?s={search_term_string}"},"query-input":"required name=search_term_string"}],"inLanguage":"fr-FR"},{"@type":"Organization","@id":"https:\/\/vosgesinfo.fr\/gerardmerinfo\/#organization","name":"Gerardmer Info","url":"https:\/\/vosgesinfo.fr\/gerardmerinfo\/","logo":{"@type":"ImageObject","inLanguage":"fr-FR","@id":"https:\/\/vosgesinfo.fr\/gerardmerinfo\/#\/schema\/logo\/image\/","url":"https:\/\/vosgesinfo.fr\/app\/uploads\/sites\/6\/2023\/08\/favicon-gerardmerinfo.png","contentUrl":"https:\/\/vosgesinfo.fr\/app\/uploads\/sites\/6\/2023\/08\/favicon-gerardmerinfo.png","width":512,"height":512,"caption":"Gerardmer Info"},"image":{"@id":"https:\/\/vosgesinfo.fr\/gerardmerinfo\/#\/schema\/logo\/image\/"},"sameAs":["https:\/\/www.facebook.com\/profile.php?id=100049475262660","https:\/\/x.com\/VosgesInfo88","https:\/\/www.youtube.com\/@vosgesinfo"]},{"@type":"Person","@id":"https:\/\/vosgesinfo.fr\/gerardmerinfo\/#\/schema\/person\/bc5d02d71e6932e81b6dadb7386667b1","name":"qs_admin","image":{"@type":"ImageObject","inLanguage":"fr-FR","@id":"https:\/\/vosgesinfo.fr\/gerardmerinfo\/#\/schema\/person\/image\/","url":"https:\/\/secure.gravatar.com\/avatar\/94b18ee0ed79e4a42ea2f2931277b6841a8999fc6fde214600c78057cf1fe1de?s=96&d=mm&r=g","contentUrl":"https:\/\/secure.gravatar.com\/avatar\/94b18ee0ed79e4a42ea2f2931277b6841a8999fc6fde214600c78057cf1fe1de?s=96&d=mm&r=g","caption":"qs_admin"},"sameAs":["https:\/\/vosgesinfo.fr\/wp"],"url":"https:\/\/vosgesinfo.fr\/gerardmerinfo\/author\/qs_admin\/"}]}},"_links":{"self":[{"href":"https:\/\/vosgesinfo.fr\/gerardmerinfo\/wp-json\/wp\/v2\/posts\/32005","targetHints":{"allow":["GET"]}}],"collection":[{"href":"https:\/\/vosgesinfo.fr\/gerardmerinfo\/wp-json\/wp\/v2\/posts"}],"about":[{"href":"https:\/\/vosgesinfo.fr\/gerardmerinfo\/wp-json\/wp\/v2\/types\/post"}],"author":[{"embeddable":true,"href":"https:\/\/vosgesinfo.fr\/gerardmerinfo\/wp-json\/wp\/v2\/users\/1"}],"replies":[{"embeddable":true,"href":"https:\/\/vosgesinfo.fr\/gerardmerinfo\/wp-json\/wp\/v2\/comments?post=32005"}],"version-history":[{"count":0,"href":"https:\/\/vosgesinfo.fr\/gerardmerinfo\/wp-json\/wp\/v2\/posts\/32005\/revisions"}],"wp:featuredmedia":[{"embeddable":true,"href":"https:\/\/vosgesinfo.fr\/gerardmerinfo\/wp-json\/wp\/v2\/media\/32006"}],"wp:attachment":[{"href":"https:\/\/vosgesinfo.fr\/gerardmerinfo\/wp-json\/wp\/v2\/media?parent=32005"}],"wp:term":[{"taxonomy":"category","embeddable":true,"href":"https:\/\/vosgesinfo.fr\/gerardmerinfo\/wp-json\/wp\/v2\/categories?post=32005"},{"taxonomy":"post_tag","embeddable":true,"href":"https:\/\/vosgesinfo.fr\/gerardmerinfo\/wp-json\/wp\/v2\/tags?post=32005"}],"curies":[{"name":"wp","href":"https:\/\/api.w.org\/{rel}","templated":true}]}}