{"id":32688,"date":"2018-03-15T16:18:21","date_gmt":"2018-03-15T15:18:21","guid":{"rendered":"https:\/\/vosgesinfo.fr\/gerardmerinfo\/2018\/03\/chpts-de-france-a-haie-griselle\/"},"modified":"2018-03-15T16:18:21","modified_gmt":"2018-03-15T15:18:21","slug":"chpts-de-france-a-haie-griselle","status":"publish","type":"post","link":"https:\/\/vosgesinfo.fr\/gerardmerinfo\/2018\/03\/chpts-de-france-a-haie-griselle\/","title":{"rendered":"Encore des chpts de France \u00e0 La Haie Griselle"},"content":{"rendered":"<p><a href=\"http:\/\/gerardmerinfo.fr\/2018\/03\/chpts-de-france-a-haie-griselle\/np\/\" rel=\"attachment wp-att-124188\"><img decoding=\"async\" class=\"aligncenter size-full wp-image-124188\" src=\"\/2018\/03\/np.jpg\" alt=\"np\" width=\"800\" height=\"546\" \/><\/a>Depuis lundi, se d\u00e9roulent aux Fourgs dans le massif du Jura, les championnats de France de ski nordique.<\/p>\n<p>Le d\u00e9but de la semaine a vu s\u2019affronter pr\u00e8s d\u2019une cinquantaine d\u2019\u00e9quipes, toutes cat\u00e9gories confondues, dans un championnat excellence o\u00f9 se r\u00e9unissent chaque ann\u00e9e l\u2019ensemble des meilleurs skieurs scolaris\u00e9s dans les coll\u00e8ges et lyc\u00e9es de France.<\/p>\n<p>Lors de la premi\u00e8re partie de la comp\u00e9tition, mardi, les \u00e9quipes du coll\u00e8ge et du lyc\u00e9e de la Haie Griselle se sont distingu\u00e9es sur un nordique skieur cross (parcours \u00e0 profil descendant) en se pla\u00e7ant id\u00e9alement aux 2<sup>\u00e8me<\/sup>, 4<sup>\u00e8me<\/sup>, et 5<sup>\u00e8me<\/sup> place de leur cat\u00e9gorie respective. Dans des conditions de neige tr\u00e8s difficiles, chacun a su s\u2019adapter et tirer le meilleur parti des conditions du jour<\/p>\n<p>C\u2019est avec les \u00e9carts de cette premi\u00e8re journ\u00e9e qu\u2019ils se sont \u00e9lanc\u00e9s ce mercredi, dans une formule de poursuite en patrouille, o\u00f9 le suspense fut tenu jusqu\u2019aux derniers m\u00e8tres de chacune des courses.<\/p>\n<p>Lors de la premi\u00e8re course du jour, nous avons vu Justin Derexel, Romain Didierlaurent, Julien Hess et Antonin Schoeffel conserver avec brio leur 4<sup>\u00e8me<\/sup> place dans la cat\u00e9gorie Lyc\u00e9e Gar\u00e7on. Il ne leur a manqu\u00e9 que quelques m\u00e8tres pour pourvoir revenir sur l\u2019\u00e9quipe locale de Pontarlier.<\/p>\n<p>Dans la seconde course du jour, Clara Abel, Marie-Lou Pierrat, Jeanne Triboulot et Alexane Grosjean ont elles aussi r\u00e9alis\u00e9 une tr\u00e8s belle course, revenant sur les 2 \u00e9quipes de Grenoble et de Passy qui les pr\u00e9c\u00e9daient. Malheureusement, et encore une fois, quelques m\u00e8tres les s\u00e9parent du podium \u00e0 l\u2019arriv\u00e9e.<\/p>\n<p>Chez les coll\u00e9giennes, Ma\u00ebla Correia, Sidonie Boussard, Manon Jan et Justine Ruer vivaient leur premi\u00e8re grande course nationale par \u00e9quipe. Les diff\u00e9rences d\u2019\u00e2ge dans leur cat\u00e9gorie ne leur permettaient pas de pouvoir rivaliser avec d\u2019autres \u00e9quipes du plateau, mais l\u2019\u00e9tat d\u2019esprit dont elles ont fait preuve, et leur engagement au cours de ces 2 journ\u00e9es de courses, promettent de beaux jours et une belle rel\u00e8ve \u00e0 leurs ain\u00e9es du lyc\u00e9e.<\/p>\n<p>C\u2019est dans la derni\u00e8re course du jour que Mathurin Vauthier, Pierre Jan, Mario Poirot et Corentin Jacob ont apport\u00e9 une immense lib\u00e9ration pour tout ce groupe. En effet, apr\u00e8s \u00eatre parti en seconde position, et au cours d\u2019une course d\u2019\u00e9quipe qui ne laissa rapidement que tr\u00e8s peu de chance \u00e0 leurs adversaires du jour, c\u2019est en champion de France qu\u2019ils franchissent la ligne d\u2019arriv\u00e9e apr\u00e8s une prestation de 6 Km ne souffrant d\u2019aucune faille ni contestation possible.<\/p>\n<p>Ces 4 gar\u00e7ons remportent ici un titre qui \u00e9chappait au coll\u00e8ge et au lyc\u00e9e depuis plus de 6 ans.<\/p>\n<p>2 \u00e9l\u00e8ves, Ana\u00efs Jeangeorges et Nathan Brouard, ont \u0153uvr\u00e9 sur cette manifestation en tant que jeunes officiels. La qualit\u00e9 de leur travail et leur investissement ont honor\u00e9 la d\u00e9l\u00e9gation et a \u00e9t\u00e9 soulign\u00e9 par l\u2019organisation, avec en prime, une reconnaissance pour Ana\u00efs qui obtient la certification de juge national.<\/p>\n<p>Ce temps fort couronne le fruit du travail de nombreux acteurs qui \u0153uvrent chaque jour \u00e0 la r\u00e9ussite de ses \u00e9l\u00e8ves sportifs. La cit\u00e9 scolaire de la Haie Griselle, les comit\u00e9s r\u00e9gionaux et d\u00e9partementaux de ski, les enseignants, entra\u00eeneurs, parents d\u2019\u00e9l\u00e8ves, clubs partenaires et acteurs locaux, agissent en synergie pour permettre \u00e0 ses enfants de mener \u00e0 bien un double projet scolaire et sportif.<\/p>\n<p>Cette d\u00e9l\u00e9gation \u00e9tait commune avec les \u00e9tablissements et \u00e9l\u00e8ves de Vagney et de Cornimont-La Bresse. Mathieu Prud\u2019homme, qui assura notamment la partie technique de pr\u00e9paration des skis, vit son travail r\u00e9compenser de la plus belle des mani\u00e8res avec ce titre obtenu. L\u2019ensemble des enseignantes et enseignants-accompagnants ont su assurer sur place le bon fonctionnement et d\u00e9roulement de ces 3 jours, mettant en place les meilleures conditions de r\u00e9ussite possible pour ce groupe.<\/p>\n<p>Un grand bravo \u00e0 tous\u00a0!<\/p>\n<p>Place \u00e0 partir d\u2019aujourd\u2019hui, \u00e0 la comp\u00e9tition par \u00e9quipe d\u2019\u00e9tablissement, o\u00f9 une autre \u00e9quipe du lyc\u00e9e de la Haie Griselle d\u00e9fendra \u00e0 son tour ses chances, avec un d\u00e9nouement vendredi en d\u00e9but d\u2019apr\u00e8s-midi.<\/p>\n<p><strong>Article participatif Nicolas Aubin<\/strong><\/p>\n","protected":false},"excerpt":{"rendered":"<p>Depuis lundi, se d\u00e9roulent aux Fourgs dans le massif du Jura, les championnats de France de ski nordique. Le d\u00e9but [&hellip;]<\/p>\n","protected":false},"author":1,"featured_media":32689,"comment_status":"open","ping_status":"open","sticky":false,"template":"","format":"standard","meta":{"footnotes":""},"categories":[20,6,14],"tags":[],"class_list":["post-32688","post","type-post","status-publish","format-standard","has-post-thumbnail","hentry","category-a-la-une","category-education","category-sport"],"acf":[],"yoast_head":"<!-- This site is optimized with the Yoast SEO plugin v22.5 - https:\/\/yoast.com\/wordpress\/plugins\/seo\/ -->\n<title>Encore des chpts de France \u00e0 La Haie Griselle - Gerardmer Info<\/title>\n<meta name=\"robots\" content=\"index, follow, max-snippet:-1, max-image-preview:large, max-video-preview:-1\" \/>\n<link rel=\"canonical\" href=\"https:\/\/vosgesinfo.fr\/gerardmerinfo\/2018\/03\/chpts-de-france-a-haie-griselle\/\" \/>\n<meta name=\"twitter:card\" content=\"summary_large_image\" \/>\n<meta name=\"twitter:title\" content=\"Encore des chpts de France \u00e0 La Haie Griselle - Gerardmer Info\" \/>\n<meta name=\"twitter:description\" content=\"Depuis lundi, se d\u00e9roulent aux Fourgs dans le massif du Jura, les championnats de France de ski nordique. Le d\u00e9but [&hellip;]\" \/>\n<meta name=\"twitter:image\" content=\"https:\/\/vosgesinfo.fr\/app\/uploads\/sites\/6\/2024\/07\/201803np.jpg\" \/>\n<meta name=\"twitter:creator\" content=\"@VosgesInfo88\" \/>\n<meta name=\"twitter:site\" content=\"@VosgesInfo88\" \/>\n<meta name=\"twitter:label1\" content=\"\u00c9crit par\" \/>\n\t<meta name=\"twitter:data1\" content=\"qs_admin\" \/>\n\t<meta name=\"twitter:label2\" content=\"Dur\u00e9e de lecture estim\u00e9e\" \/>\n\t<meta name=\"twitter:data2\" content=\"4 minutes\" \/>\n<script type=\"application\/ld+json\" class=\"yoast-schema-graph\">{\"@context\":\"https:\/\/schema.org\",\"@graph\":[{\"@type\":\"Article\",\"@id\":\"https:\/\/vosgesinfo.fr\/gerardmerinfo\/2018\/03\/chpts-de-france-a-haie-griselle\/#article\",\"isPartOf\":{\"@id\":\"https:\/\/vosgesinfo.fr\/gerardmerinfo\/2018\/03\/chpts-de-france-a-haie-griselle\/\"},\"author\":{\"name\":\"qs_admin\",\"@id\":\"https:\/\/vosgesinfo.fr\/gerardmerinfo\/#\/schema\/person\/bc5d02d71e6932e81b6dadb7386667b1\"},\"headline\":\"Encore des chpts de France \u00e0 La Haie Griselle\",\"datePublished\":\"2018-03-15T15:18:21+00:00\",\"dateModified\":\"2018-03-15T15:18:21+00:00\",\"mainEntityOfPage\":{\"@id\":\"https:\/\/vosgesinfo.fr\/gerardmerinfo\/2018\/03\/chpts-de-france-a-haie-griselle\/\"},\"wordCount\":738,\"commentCount\":0,\"publisher\":{\"@id\":\"https:\/\/vosgesinfo.fr\/gerardmerinfo\/#organization\"},\"image\":{\"@id\":\"https:\/\/vosgesinfo.fr\/gerardmerinfo\/2018\/03\/chpts-de-france-a-haie-griselle\/#primaryimage\"},\"thumbnailUrl\":\"https:\/\/vosgesinfo.fr\/app\/uploads\/sites\/6\/2024\/07\/201803np.jpg\",\"articleSection\":[\"A la une\",\"\u00c9ducation\",\"Sport\"],\"inLanguage\":\"fr-FR\",\"potentialAction\":[{\"@type\":\"CommentAction\",\"name\":\"Comment\",\"target\":[\"https:\/\/vosgesinfo.fr\/gerardmerinfo\/2018\/03\/chpts-de-france-a-haie-griselle\/#respond\"]}]},{\"@type\":\"WebPage\",\"@id\":\"https:\/\/vosgesinfo.fr\/gerardmerinfo\/2018\/03\/chpts-de-france-a-haie-griselle\/\",\"url\":\"https:\/\/vosgesinfo.fr\/gerardmerinfo\/2018\/03\/chpts-de-france-a-haie-griselle\/\",\"name\":\"Encore des chpts de France \u00e0 La Haie Griselle - Gerardmer Info\",\"isPartOf\":{\"@id\":\"https:\/\/vosgesinfo.fr\/gerardmerinfo\/#website\"},\"primaryImageOfPage\":{\"@id\":\"https:\/\/vosgesinfo.fr\/gerardmerinfo\/2018\/03\/chpts-de-france-a-haie-griselle\/#primaryimage\"},\"image\":{\"@id\":\"https:\/\/vosgesinfo.fr\/gerardmerinfo\/2018\/03\/chpts-de-france-a-haie-griselle\/#primaryimage\"},\"thumbnailUrl\":\"https:\/\/vosgesinfo.fr\/app\/uploads\/sites\/6\/2024\/07\/201803np.jpg\",\"datePublished\":\"2018-03-15T15:18:21+00:00\",\"dateModified\":\"2018-03-15T15:18:21+00:00\",\"breadcrumb\":{\"@id\":\"https:\/\/vosgesinfo.fr\/gerardmerinfo\/2018\/03\/chpts-de-france-a-haie-griselle\/#breadcrumb\"},\"inLanguage\":\"fr-FR\",\"potentialAction\":[{\"@type\":\"ReadAction\",\"target\":[\"https:\/\/vosgesinfo.fr\/gerardmerinfo\/2018\/03\/chpts-de-france-a-haie-griselle\/\"]}]},{\"@type\":\"ImageObject\",\"inLanguage\":\"fr-FR\",\"@id\":\"https:\/\/vosgesinfo.fr\/gerardmerinfo\/2018\/03\/chpts-de-france-a-haie-griselle\/#primaryimage\",\"url\":\"https:\/\/vosgesinfo.fr\/app\/uploads\/sites\/6\/2024\/07\/201803np.jpg\",\"contentUrl\":\"https:\/\/vosgesinfo.fr\/app\/uploads\/sites\/6\/2024\/07\/201803np.jpg\",\"width\":800,\"height\":546},{\"@type\":\"BreadcrumbList\",\"@id\":\"https:\/\/vosgesinfo.fr\/gerardmerinfo\/2018\/03\/chpts-de-france-a-haie-griselle\/#breadcrumb\",\"itemListElement\":[{\"@type\":\"ListItem\",\"position\":1,\"name\":\"Home\",\"item\":\"https:\/\/vosgesinfo.fr\/gerardmerinfo\/\"},{\"@type\":\"ListItem\",\"position\":2,\"name\":\"Encore des chpts de France \u00e0 La Haie Griselle\"}]},{\"@type\":\"WebSite\",\"@id\":\"https:\/\/vosgesinfo.fr\/gerardmerinfo\/#website\",\"url\":\"https:\/\/vosgesinfo.fr\/gerardmerinfo\/\",\"name\":\"Gerardmer Info\",\"description\":\"Toute l&#039;actualit\u00e9 de G\u00e9rardmer\",\"publisher\":{\"@id\":\"https:\/\/vosgesinfo.fr\/gerardmerinfo\/#organization\"},\"alternateName\":\"Toute l'actualit\u00e9 de G\u00e9rardmer\",\"potentialAction\":[{\"@type\":\"SearchAction\",\"target\":{\"@type\":\"EntryPoint\",\"urlTemplate\":\"https:\/\/vosgesinfo.fr\/gerardmerinfo\/?s={search_term_string}\"},\"query-input\":\"required name=search_term_string\"}],\"inLanguage\":\"fr-FR\"},{\"@type\":\"Organization\",\"@id\":\"https:\/\/vosgesinfo.fr\/gerardmerinfo\/#organization\",\"name\":\"Gerardmer Info\",\"url\":\"https:\/\/vosgesinfo.fr\/gerardmerinfo\/\",\"logo\":{\"@type\":\"ImageObject\",\"inLanguage\":\"fr-FR\",\"@id\":\"https:\/\/vosgesinfo.fr\/gerardmerinfo\/#\/schema\/logo\/image\/\",\"url\":\"https:\/\/vosgesinfo.fr\/app\/uploads\/sites\/6\/2023\/08\/favicon-gerardmerinfo.png\",\"contentUrl\":\"https:\/\/vosgesinfo.fr\/app\/uploads\/sites\/6\/2023\/08\/favicon-gerardmerinfo.png\",\"width\":512,\"height\":512,\"caption\":\"Gerardmer Info\"},\"image\":{\"@id\":\"https:\/\/vosgesinfo.fr\/gerardmerinfo\/#\/schema\/logo\/image\/\"},\"sameAs\":[\"https:\/\/www.facebook.com\/profile.php?id=100049475262660\",\"https:\/\/x.com\/VosgesInfo88\",\"https:\/\/www.youtube.com\/@vosgesinfo\"]},{\"@type\":\"Person\",\"@id\":\"https:\/\/vosgesinfo.fr\/gerardmerinfo\/#\/schema\/person\/bc5d02d71e6932e81b6dadb7386667b1\",\"name\":\"qs_admin\",\"image\":{\"@type\":\"ImageObject\",\"inLanguage\":\"fr-FR\",\"@id\":\"https:\/\/vosgesinfo.fr\/gerardmerinfo\/#\/schema\/person\/image\/\",\"url\":\"https:\/\/secure.gravatar.com\/avatar\/94b18ee0ed79e4a42ea2f2931277b6841a8999fc6fde214600c78057cf1fe1de?s=96&d=mm&r=g\",\"contentUrl\":\"https:\/\/secure.gravatar.com\/avatar\/94b18ee0ed79e4a42ea2f2931277b6841a8999fc6fde214600c78057cf1fe1de?s=96&d=mm&r=g\",\"caption\":\"qs_admin\"},\"sameAs\":[\"https:\/\/vosgesinfo.fr\/wp\"],\"url\":\"https:\/\/vosgesinfo.fr\/gerardmerinfo\/author\/qs_admin\/\"}]}<\/script>\n<!-- \/ Yoast SEO plugin. -->","yoast_head_json":{"title":"Encore des chpts de France \u00e0 La Haie Griselle - Gerardmer Info","robots":{"index":"index","follow":"follow","max-snippet":"max-snippet:-1","max-image-preview":"max-image-preview:large","max-video-preview":"max-video-preview:-1"},"canonical":"https:\/\/vosgesinfo.fr\/gerardmerinfo\/2018\/03\/chpts-de-france-a-haie-griselle\/","twitter_card":"summary_large_image","twitter_title":"Encore des chpts de France \u00e0 La Haie Griselle - Gerardmer Info","twitter_description":"Depuis lundi, se d\u00e9roulent aux Fourgs dans le massif du Jura, les championnats de France de ski nordique. Le d\u00e9but [&hellip;]","twitter_image":"https:\/\/vosgesinfo.fr\/app\/uploads\/sites\/6\/2024\/07\/201803np.jpg","twitter_creator":"@VosgesInfo88","twitter_site":"@VosgesInfo88","twitter_misc":{"\u00c9crit par":"qs_admin","Dur\u00e9e de lecture estim\u00e9e":"4 minutes"},"schema":{"@context":"https:\/\/schema.org","@graph":[{"@type":"Article","@id":"https:\/\/vosgesinfo.fr\/gerardmerinfo\/2018\/03\/chpts-de-france-a-haie-griselle\/#article","isPartOf":{"@id":"https:\/\/vosgesinfo.fr\/gerardmerinfo\/2018\/03\/chpts-de-france-a-haie-griselle\/"},"author":{"name":"qs_admin","@id":"https:\/\/vosgesinfo.fr\/gerardmerinfo\/#\/schema\/person\/bc5d02d71e6932e81b6dadb7386667b1"},"headline":"Encore des chpts de France \u00e0 La Haie Griselle","datePublished":"2018-03-15T15:18:21+00:00","dateModified":"2018-03-15T15:18:21+00:00","mainEntityOfPage":{"@id":"https:\/\/vosgesinfo.fr\/gerardmerinfo\/2018\/03\/chpts-de-france-a-haie-griselle\/"},"wordCount":738,"commentCount":0,"publisher":{"@id":"https:\/\/vosgesinfo.fr\/gerardmerinfo\/#organization"},"image":{"@id":"https:\/\/vosgesinfo.fr\/gerardmerinfo\/2018\/03\/chpts-de-france-a-haie-griselle\/#primaryimage"},"thumbnailUrl":"https:\/\/vosgesinfo.fr\/app\/uploads\/sites\/6\/2024\/07\/201803np.jpg","articleSection":["A la une","\u00c9ducation","Sport"],"inLanguage":"fr-FR","potentialAction":[{"@type":"CommentAction","name":"Comment","target":["https:\/\/vosgesinfo.fr\/gerardmerinfo\/2018\/03\/chpts-de-france-a-haie-griselle\/#respond"]}]},{"@type":"WebPage","@id":"https:\/\/vosgesinfo.fr\/gerardmerinfo\/2018\/03\/chpts-de-france-a-haie-griselle\/","url":"https:\/\/vosgesinfo.fr\/gerardmerinfo\/2018\/03\/chpts-de-france-a-haie-griselle\/","name":"Encore des chpts de France \u00e0 La Haie Griselle - Gerardmer Info","isPartOf":{"@id":"https:\/\/vosgesinfo.fr\/gerardmerinfo\/#website"},"primaryImageOfPage":{"@id":"https:\/\/vosgesinfo.fr\/gerardmerinfo\/2018\/03\/chpts-de-france-a-haie-griselle\/#primaryimage"},"image":{"@id":"https:\/\/vosgesinfo.fr\/gerardmerinfo\/2018\/03\/chpts-de-france-a-haie-griselle\/#primaryimage"},"thumbnailUrl":"https:\/\/vosgesinfo.fr\/app\/uploads\/sites\/6\/2024\/07\/201803np.jpg","datePublished":"2018-03-15T15:18:21+00:00","dateModified":"2018-03-15T15:18:21+00:00","breadcrumb":{"@id":"https:\/\/vosgesinfo.fr\/gerardmerinfo\/2018\/03\/chpts-de-france-a-haie-griselle\/#breadcrumb"},"inLanguage":"fr-FR","potentialAction":[{"@type":"ReadAction","target":["https:\/\/vosgesinfo.fr\/gerardmerinfo\/2018\/03\/chpts-de-france-a-haie-griselle\/"]}]},{"@type":"ImageObject","inLanguage":"fr-FR","@id":"https:\/\/vosgesinfo.fr\/gerardmerinfo\/2018\/03\/chpts-de-france-a-haie-griselle\/#primaryimage","url":"https:\/\/vosgesinfo.fr\/app\/uploads\/sites\/6\/2024\/07\/201803np.jpg","contentUrl":"https:\/\/vosgesinfo.fr\/app\/uploads\/sites\/6\/2024\/07\/201803np.jpg","width":800,"height":546},{"@type":"BreadcrumbList","@id":"https:\/\/vosgesinfo.fr\/gerardmerinfo\/2018\/03\/chpts-de-france-a-haie-griselle\/#breadcrumb","itemListElement":[{"@type":"ListItem","position":1,"name":"Home","item":"https:\/\/vosgesinfo.fr\/gerardmerinfo\/"},{"@type":"ListItem","position":2,"name":"Encore des chpts de France \u00e0 La Haie Griselle"}]},{"@type":"WebSite","@id":"https:\/\/vosgesinfo.fr\/gerardmerinfo\/#website","url":"https:\/\/vosgesinfo.fr\/gerardmerinfo\/","name":"Gerardmer Info","description":"Toute l&#039;actualit\u00e9 de G\u00e9rardmer","publisher":{"@id":"https:\/\/vosgesinfo.fr\/gerardmerinfo\/#organization"},"alternateName":"Toute l'actualit\u00e9 de G\u00e9rardmer","potentialAction":[{"@type":"SearchAction","target":{"@type":"EntryPoint","urlTemplate":"https:\/\/vosgesinfo.fr\/gerardmerinfo\/?s={search_term_string}"},"query-input":"required name=search_term_string"}],"inLanguage":"fr-FR"},{"@type":"Organization","@id":"https:\/\/vosgesinfo.fr\/gerardmerinfo\/#organization","name":"Gerardmer Info","url":"https:\/\/vosgesinfo.fr\/gerardmerinfo\/","logo":{"@type":"ImageObject","inLanguage":"fr-FR","@id":"https:\/\/vosgesinfo.fr\/gerardmerinfo\/#\/schema\/logo\/image\/","url":"https:\/\/vosgesinfo.fr\/app\/uploads\/sites\/6\/2023\/08\/favicon-gerardmerinfo.png","contentUrl":"https:\/\/vosgesinfo.fr\/app\/uploads\/sites\/6\/2023\/08\/favicon-gerardmerinfo.png","width":512,"height":512,"caption":"Gerardmer Info"},"image":{"@id":"https:\/\/vosgesinfo.fr\/gerardmerinfo\/#\/schema\/logo\/image\/"},"sameAs":["https:\/\/www.facebook.com\/profile.php?id=100049475262660","https:\/\/x.com\/VosgesInfo88","https:\/\/www.youtube.com\/@vosgesinfo"]},{"@type":"Person","@id":"https:\/\/vosgesinfo.fr\/gerardmerinfo\/#\/schema\/person\/bc5d02d71e6932e81b6dadb7386667b1","name":"qs_admin","image":{"@type":"ImageObject","inLanguage":"fr-FR","@id":"https:\/\/vosgesinfo.fr\/gerardmerinfo\/#\/schema\/person\/image\/","url":"https:\/\/secure.gravatar.com\/avatar\/94b18ee0ed79e4a42ea2f2931277b6841a8999fc6fde214600c78057cf1fe1de?s=96&d=mm&r=g","contentUrl":"https:\/\/secure.gravatar.com\/avatar\/94b18ee0ed79e4a42ea2f2931277b6841a8999fc6fde214600c78057cf1fe1de?s=96&d=mm&r=g","caption":"qs_admin"},"sameAs":["https:\/\/vosgesinfo.fr\/wp"],"url":"https:\/\/vosgesinfo.fr\/gerardmerinfo\/author\/qs_admin\/"}]}},"_links":{"self":[{"href":"https:\/\/vosgesinfo.fr\/gerardmerinfo\/wp-json\/wp\/v2\/posts\/32688","targetHints":{"allow":["GET"]}}],"collection":[{"href":"https:\/\/vosgesinfo.fr\/gerardmerinfo\/wp-json\/wp\/v2\/posts"}],"about":[{"href":"https:\/\/vosgesinfo.fr\/gerardmerinfo\/wp-json\/wp\/v2\/types\/post"}],"author":[{"embeddable":true,"href":"https:\/\/vosgesinfo.fr\/gerardmerinfo\/wp-json\/wp\/v2\/users\/1"}],"replies":[{"embeddable":true,"href":"https:\/\/vosgesinfo.fr\/gerardmerinfo\/wp-json\/wp\/v2\/comments?post=32688"}],"version-history":[{"count":0,"href":"https:\/\/vosgesinfo.fr\/gerardmerinfo\/wp-json\/wp\/v2\/posts\/32688\/revisions"}],"wp:featuredmedia":[{"embeddable":true,"href":"https:\/\/vosgesinfo.fr\/gerardmerinfo\/wp-json\/wp\/v2\/media\/32689"}],"wp:attachment":[{"href":"https:\/\/vosgesinfo.fr\/gerardmerinfo\/wp-json\/wp\/v2\/media?parent=32688"}],"wp:term":[{"taxonomy":"category","embeddable":true,"href":"https:\/\/vosgesinfo.fr\/gerardmerinfo\/wp-json\/wp\/v2\/categories?post=32688"},{"taxonomy":"post_tag","embeddable":true,"href":"https:\/\/vosgesinfo.fr\/gerardmerinfo\/wp-json\/wp\/v2\/tags?post=32688"}],"curies":[{"name":"wp","href":"https:\/\/api.w.org\/{rel}","templated":true}]}}