{"id":32777,"date":"2018-03-20T17:07:04","date_gmt":"2018-03-20T16:07:04","guid":{"rendered":"https:\/\/vosgesinfo.fr\/gerardmerinfo\/2018\/03\/nouvelle-action-kiwanis-faveur-pmr\/"},"modified":"2018-03-20T17:07:04","modified_gmt":"2018-03-20T16:07:04","slug":"nouvelle-action-kiwanis-faveur-pmr","status":"publish","type":"post","link":"https:\/\/vosgesinfo.fr\/gerardmerinfo\/2018\/03\/nouvelle-action-kiwanis-faveur-pmr\/","title":{"rendered":"Nouvelle action du Kiwanis en faveur des PMR"},"content":{"rendered":"<h2><span style=\"color: #111111; font-size: 12pt;\"><a href=\"\/2018\/03\/kiwanis-sotr\u00e9-fauteuil-2.jpg\"><img decoding=\"async\" class=\"aligncenter size-full wp-image-124441\" src=\"\/2018\/03\/kiwanis-sotr\u00e9-fauteuil-2.jpg\" alt=\"kiwanis sotr\u00e9 fauteuil (2)\" width=\"800\" height=\"600\" \/><\/a>Ce dimanche 18 Mars, les\u00a0 sept clubs Vosgiens du Kiwanis, se sont donn\u00e9s rendez-vous pour finaliser une action sociale au refuge du Sotr\u00e9.<\/span><\/h2>\n<p><span style=\"color: #111111;\"><span style=\"font-size: medium;\">Initi\u00e9e il y maintenant 3 ans par Michel Lavest, cette journ\u00e9e fut consacr\u00e9e \u00e0 la remise officielle d&rsquo;un ch\u00e8que de 9400\u20ac pour acheter un quadrix , fauteuil tout terrain permettant de monter un d\u00e9nivel\u00e9 de 1000m et de parcourir 70 Km dans la montagne. Montagne devenue accessible aux \u00a0non-valides et \u00e0 toutes\u00a0 personnes \u00e0 mobilit\u00e9 r\u00e9duite gr\u00e2ce \u00e0 ce fauteuil offert au refuge du Sotr\u00e9. <\/span><\/span><\/p>\n<p><span style=\"color: #111111;\"><span style=\"font-size: medium;\">Cette remise officielle en pr\u00e9sence du Lieutenant-Gouverneur Philippe Giorgi et d&rsquo;un membre, repr\u00e9sentant chaque club Vosgien a permis\u00a0 \u00e0 tout les membres pr\u00e9sents de participer ensemble \u00e0 une journ\u00e9e conviviale. Cette derni\u00e8re fut d\u00e9di\u00e9e pour la matin\u00e9e \u00e0 une sortie raquettes sur les hauts du Hohneck et, pour ceux qui ne marchaient pas, \u00e0 une rencontre autour du tarot et autres jeux de soci\u00e9t\u00e9s. <\/span><\/span><\/p>\n<p><span style=\"color: #111111;\"><span style=\"font-size: medium;\">A la fin de la matin\u00e9e fut remis officiellement le ch\u00e8que \u00e0 Jean-Marie Hatton, directeur du refuge du Sotr\u00e9, et tout ce beau monde s&rsquo;est ensuite retrouv\u00e9 autour d&rsquo;une bonne choucroute pr\u00e9par\u00e9e par l&rsquo;\u00e9quipe d&rsquo;Estelle. Vers 15 h 00, chaque convive est reparti , heureux de cette belle action de solidarit\u00e9, en se promettant de se retrouver\u00a0 de nouveau dans ce cadre exceptionnel pour une prochaine r\u00e9union de division en juillet .<\/span><\/span><\/p>\n\n","protected":false},"excerpt":{"rendered":"<p>Ce dimanche 18 Mars, les\u00a0 sept clubs Vosgiens du Kiwanis, se sont donn\u00e9s rendez-vous pour finaliser une action sociale au [&hellip;]<\/p>\n","protected":false},"author":1,"featured_media":32778,"comment_status":"open","ping_status":"open","sticky":false,"template":"","format":"standard","meta":{"footnotes":""},"categories":[20,17],"tags":[1779,3260],"class_list":["post-32777","post","type-post","status-publish","format-standard","has-post-thumbnail","hentry","category-a-la-une","category-vie-associative","tag-kiwanis","tag-refuge-du-sotre"],"acf":[],"yoast_head":"<!-- This site is optimized with the Yoast SEO plugin v22.5 - https:\/\/yoast.com\/wordpress\/plugins\/seo\/ -->\n<title>Nouvelle action du Kiwanis en faveur des PMR - Gerardmer Info<\/title>\n<meta name=\"robots\" content=\"index, follow, max-snippet:-1, max-image-preview:large, max-video-preview:-1\" \/>\n<link rel=\"canonical\" href=\"https:\/\/vosgesinfo.fr\/gerardmerinfo\/2018\/03\/nouvelle-action-kiwanis-faveur-pmr\/\" \/>\n<meta name=\"twitter:card\" content=\"summary_large_image\" \/>\n<meta name=\"twitter:title\" content=\"Nouvelle action du Kiwanis en faveur des PMR - Gerardmer Info\" \/>\n<meta name=\"twitter:description\" content=\"Ce dimanche 18 Mars, les\u00a0 sept clubs Vosgiens du Kiwanis, se sont donn\u00e9s rendez-vous pour finaliser une action sociale au [&hellip;]\" \/>\n<meta name=\"twitter:image\" content=\"https:\/\/vosgesinfo.fr\/app\/uploads\/sites\/6\/2024\/07\/201803kiwanis-sotre-fauteuil-2.jpg\" \/>\n<meta name=\"twitter:creator\" content=\"@VosgesInfo88\" \/>\n<meta name=\"twitter:site\" content=\"@VosgesInfo88\" \/>\n<meta name=\"twitter:label1\" content=\"\u00c9crit par\" \/>\n\t<meta name=\"twitter:data1\" content=\"qs_admin\" \/>\n\t<meta name=\"twitter:label2\" content=\"Dur\u00e9e de lecture estim\u00e9e\" \/>\n\t<meta name=\"twitter:data2\" content=\"1 minute\" \/>\n<script type=\"application\/ld+json\" class=\"yoast-schema-graph\">{\"@context\":\"https:\/\/schema.org\",\"@graph\":[{\"@type\":\"Article\",\"@id\":\"https:\/\/vosgesinfo.fr\/gerardmerinfo\/2018\/03\/nouvelle-action-kiwanis-faveur-pmr\/#article\",\"isPartOf\":{\"@id\":\"https:\/\/vosgesinfo.fr\/gerardmerinfo\/2018\/03\/nouvelle-action-kiwanis-faveur-pmr\/\"},\"author\":{\"name\":\"qs_admin\",\"@id\":\"https:\/\/vosgesinfo.fr\/gerardmerinfo\/#\/schema\/person\/bc5d02d71e6932e81b6dadb7386667b1\"},\"headline\":\"Nouvelle action du Kiwanis en faveur des PMR\",\"datePublished\":\"2018-03-20T16:07:04+00:00\",\"dateModified\":\"2018-03-20T16:07:04+00:00\",\"mainEntityOfPage\":{\"@id\":\"https:\/\/vosgesinfo.fr\/gerardmerinfo\/2018\/03\/nouvelle-action-kiwanis-faveur-pmr\/\"},\"wordCount\":250,\"commentCount\":0,\"publisher\":{\"@id\":\"https:\/\/vosgesinfo.fr\/gerardmerinfo\/#organization\"},\"image\":{\"@id\":\"https:\/\/vosgesinfo.fr\/gerardmerinfo\/2018\/03\/nouvelle-action-kiwanis-faveur-pmr\/#primaryimage\"},\"thumbnailUrl\":\"https:\/\/vosgesinfo.fr\/app\/uploads\/sites\/6\/2024\/07\/201803kiwanis-sotre-fauteuil-2.jpg\",\"keywords\":[\"kiwanis\",\"refuge du sotr\u00e9\"],\"articleSection\":[\"A la une\",\"Vie Associative\"],\"inLanguage\":\"fr-FR\",\"potentialAction\":[{\"@type\":\"CommentAction\",\"name\":\"Comment\",\"target\":[\"https:\/\/vosgesinfo.fr\/gerardmerinfo\/2018\/03\/nouvelle-action-kiwanis-faveur-pmr\/#respond\"]}]},{\"@type\":\"WebPage\",\"@id\":\"https:\/\/vosgesinfo.fr\/gerardmerinfo\/2018\/03\/nouvelle-action-kiwanis-faveur-pmr\/\",\"url\":\"https:\/\/vosgesinfo.fr\/gerardmerinfo\/2018\/03\/nouvelle-action-kiwanis-faveur-pmr\/\",\"name\":\"Nouvelle action du Kiwanis en faveur des PMR - Gerardmer Info\",\"isPartOf\":{\"@id\":\"https:\/\/vosgesinfo.fr\/gerardmerinfo\/#website\"},\"primaryImageOfPage\":{\"@id\":\"https:\/\/vosgesinfo.fr\/gerardmerinfo\/2018\/03\/nouvelle-action-kiwanis-faveur-pmr\/#primaryimage\"},\"image\":{\"@id\":\"https:\/\/vosgesinfo.fr\/gerardmerinfo\/2018\/03\/nouvelle-action-kiwanis-faveur-pmr\/#primaryimage\"},\"thumbnailUrl\":\"https:\/\/vosgesinfo.fr\/app\/uploads\/sites\/6\/2024\/07\/201803kiwanis-sotre-fauteuil-2.jpg\",\"datePublished\":\"2018-03-20T16:07:04+00:00\",\"dateModified\":\"2018-03-20T16:07:04+00:00\",\"breadcrumb\":{\"@id\":\"https:\/\/vosgesinfo.fr\/gerardmerinfo\/2018\/03\/nouvelle-action-kiwanis-faveur-pmr\/#breadcrumb\"},\"inLanguage\":\"fr-FR\",\"potentialAction\":[{\"@type\":\"ReadAction\",\"target\":[\"https:\/\/vosgesinfo.fr\/gerardmerinfo\/2018\/03\/nouvelle-action-kiwanis-faveur-pmr\/\"]}]},{\"@type\":\"ImageObject\",\"inLanguage\":\"fr-FR\",\"@id\":\"https:\/\/vosgesinfo.fr\/gerardmerinfo\/2018\/03\/nouvelle-action-kiwanis-faveur-pmr\/#primaryimage\",\"url\":\"https:\/\/vosgesinfo.fr\/app\/uploads\/sites\/6\/2024\/07\/201803kiwanis-sotre-fauteuil-2.jpg\",\"contentUrl\":\"https:\/\/vosgesinfo.fr\/app\/uploads\/sites\/6\/2024\/07\/201803kiwanis-sotre-fauteuil-2.jpg\",\"width\":800,\"height\":600},{\"@type\":\"BreadcrumbList\",\"@id\":\"https:\/\/vosgesinfo.fr\/gerardmerinfo\/2018\/03\/nouvelle-action-kiwanis-faveur-pmr\/#breadcrumb\",\"itemListElement\":[{\"@type\":\"ListItem\",\"position\":1,\"name\":\"Home\",\"item\":\"https:\/\/vosgesinfo.fr\/gerardmerinfo\/\"},{\"@type\":\"ListItem\",\"position\":2,\"name\":\"Nouvelle action du Kiwanis en faveur des PMR\"}]},{\"@type\":\"WebSite\",\"@id\":\"https:\/\/vosgesinfo.fr\/gerardmerinfo\/#website\",\"url\":\"https:\/\/vosgesinfo.fr\/gerardmerinfo\/\",\"name\":\"Gerardmer Info\",\"description\":\"Toute l&#039;actualit\u00e9 de G\u00e9rardmer\",\"publisher\":{\"@id\":\"https:\/\/vosgesinfo.fr\/gerardmerinfo\/#organization\"},\"alternateName\":\"Toute l'actualit\u00e9 de G\u00e9rardmer\",\"potentialAction\":[{\"@type\":\"SearchAction\",\"target\":{\"@type\":\"EntryPoint\",\"urlTemplate\":\"https:\/\/vosgesinfo.fr\/gerardmerinfo\/?s={search_term_string}\"},\"query-input\":\"required name=search_term_string\"}],\"inLanguage\":\"fr-FR\"},{\"@type\":\"Organization\",\"@id\":\"https:\/\/vosgesinfo.fr\/gerardmerinfo\/#organization\",\"name\":\"Gerardmer Info\",\"url\":\"https:\/\/vosgesinfo.fr\/gerardmerinfo\/\",\"logo\":{\"@type\":\"ImageObject\",\"inLanguage\":\"fr-FR\",\"@id\":\"https:\/\/vosgesinfo.fr\/gerardmerinfo\/#\/schema\/logo\/image\/\",\"url\":\"https:\/\/vosgesinfo.fr\/app\/uploads\/sites\/6\/2023\/08\/favicon-gerardmerinfo.png\",\"contentUrl\":\"https:\/\/vosgesinfo.fr\/app\/uploads\/sites\/6\/2023\/08\/favicon-gerardmerinfo.png\",\"width\":512,\"height\":512,\"caption\":\"Gerardmer Info\"},\"image\":{\"@id\":\"https:\/\/vosgesinfo.fr\/gerardmerinfo\/#\/schema\/logo\/image\/\"},\"sameAs\":[\"https:\/\/www.facebook.com\/profile.php?id=100049475262660\",\"https:\/\/x.com\/VosgesInfo88\",\"https:\/\/www.youtube.com\/@vosgesinfo\"]},{\"@type\":\"Person\",\"@id\":\"https:\/\/vosgesinfo.fr\/gerardmerinfo\/#\/schema\/person\/bc5d02d71e6932e81b6dadb7386667b1\",\"name\":\"qs_admin\",\"image\":{\"@type\":\"ImageObject\",\"inLanguage\":\"fr-FR\",\"@id\":\"https:\/\/vosgesinfo.fr\/gerardmerinfo\/#\/schema\/person\/image\/\",\"url\":\"https:\/\/secure.gravatar.com\/avatar\/94b18ee0ed79e4a42ea2f2931277b6841a8999fc6fde214600c78057cf1fe1de?s=96&d=mm&r=g\",\"contentUrl\":\"https:\/\/secure.gravatar.com\/avatar\/94b18ee0ed79e4a42ea2f2931277b6841a8999fc6fde214600c78057cf1fe1de?s=96&d=mm&r=g\",\"caption\":\"qs_admin\"},\"sameAs\":[\"https:\/\/vosgesinfo.fr\/wp\"],\"url\":\"https:\/\/vosgesinfo.fr\/gerardmerinfo\/author\/qs_admin\/\"}]}<\/script>\n<!-- \/ Yoast SEO plugin. -->","yoast_head_json":{"title":"Nouvelle action du Kiwanis en faveur des PMR - Gerardmer Info","robots":{"index":"index","follow":"follow","max-snippet":"max-snippet:-1","max-image-preview":"max-image-preview:large","max-video-preview":"max-video-preview:-1"},"canonical":"https:\/\/vosgesinfo.fr\/gerardmerinfo\/2018\/03\/nouvelle-action-kiwanis-faveur-pmr\/","twitter_card":"summary_large_image","twitter_title":"Nouvelle action du Kiwanis en faveur des PMR - Gerardmer Info","twitter_description":"Ce dimanche 18 Mars, les\u00a0 sept clubs Vosgiens du Kiwanis, se sont donn\u00e9s rendez-vous pour finaliser une action sociale au [&hellip;]","twitter_image":"https:\/\/vosgesinfo.fr\/app\/uploads\/sites\/6\/2024\/07\/201803kiwanis-sotre-fauteuil-2.jpg","twitter_creator":"@VosgesInfo88","twitter_site":"@VosgesInfo88","twitter_misc":{"\u00c9crit par":"qs_admin","Dur\u00e9e de lecture estim\u00e9e":"1 minute"},"schema":{"@context":"https:\/\/schema.org","@graph":[{"@type":"Article","@id":"https:\/\/vosgesinfo.fr\/gerardmerinfo\/2018\/03\/nouvelle-action-kiwanis-faveur-pmr\/#article","isPartOf":{"@id":"https:\/\/vosgesinfo.fr\/gerardmerinfo\/2018\/03\/nouvelle-action-kiwanis-faveur-pmr\/"},"author":{"name":"qs_admin","@id":"https:\/\/vosgesinfo.fr\/gerardmerinfo\/#\/schema\/person\/bc5d02d71e6932e81b6dadb7386667b1"},"headline":"Nouvelle action du Kiwanis en faveur des PMR","datePublished":"2018-03-20T16:07:04+00:00","dateModified":"2018-03-20T16:07:04+00:00","mainEntityOfPage":{"@id":"https:\/\/vosgesinfo.fr\/gerardmerinfo\/2018\/03\/nouvelle-action-kiwanis-faveur-pmr\/"},"wordCount":250,"commentCount":0,"publisher":{"@id":"https:\/\/vosgesinfo.fr\/gerardmerinfo\/#organization"},"image":{"@id":"https:\/\/vosgesinfo.fr\/gerardmerinfo\/2018\/03\/nouvelle-action-kiwanis-faveur-pmr\/#primaryimage"},"thumbnailUrl":"https:\/\/vosgesinfo.fr\/app\/uploads\/sites\/6\/2024\/07\/201803kiwanis-sotre-fauteuil-2.jpg","keywords":["kiwanis","refuge du sotr\u00e9"],"articleSection":["A la une","Vie Associative"],"inLanguage":"fr-FR","potentialAction":[{"@type":"CommentAction","name":"Comment","target":["https:\/\/vosgesinfo.fr\/gerardmerinfo\/2018\/03\/nouvelle-action-kiwanis-faveur-pmr\/#respond"]}]},{"@type":"WebPage","@id":"https:\/\/vosgesinfo.fr\/gerardmerinfo\/2018\/03\/nouvelle-action-kiwanis-faveur-pmr\/","url":"https:\/\/vosgesinfo.fr\/gerardmerinfo\/2018\/03\/nouvelle-action-kiwanis-faveur-pmr\/","name":"Nouvelle action du Kiwanis en faveur des PMR - Gerardmer Info","isPartOf":{"@id":"https:\/\/vosgesinfo.fr\/gerardmerinfo\/#website"},"primaryImageOfPage":{"@id":"https:\/\/vosgesinfo.fr\/gerardmerinfo\/2018\/03\/nouvelle-action-kiwanis-faveur-pmr\/#primaryimage"},"image":{"@id":"https:\/\/vosgesinfo.fr\/gerardmerinfo\/2018\/03\/nouvelle-action-kiwanis-faveur-pmr\/#primaryimage"},"thumbnailUrl":"https:\/\/vosgesinfo.fr\/app\/uploads\/sites\/6\/2024\/07\/201803kiwanis-sotre-fauteuil-2.jpg","datePublished":"2018-03-20T16:07:04+00:00","dateModified":"2018-03-20T16:07:04+00:00","breadcrumb":{"@id":"https:\/\/vosgesinfo.fr\/gerardmerinfo\/2018\/03\/nouvelle-action-kiwanis-faveur-pmr\/#breadcrumb"},"inLanguage":"fr-FR","potentialAction":[{"@type":"ReadAction","target":["https:\/\/vosgesinfo.fr\/gerardmerinfo\/2018\/03\/nouvelle-action-kiwanis-faveur-pmr\/"]}]},{"@type":"ImageObject","inLanguage":"fr-FR","@id":"https:\/\/vosgesinfo.fr\/gerardmerinfo\/2018\/03\/nouvelle-action-kiwanis-faveur-pmr\/#primaryimage","url":"https:\/\/vosgesinfo.fr\/app\/uploads\/sites\/6\/2024\/07\/201803kiwanis-sotre-fauteuil-2.jpg","contentUrl":"https:\/\/vosgesinfo.fr\/app\/uploads\/sites\/6\/2024\/07\/201803kiwanis-sotre-fauteuil-2.jpg","width":800,"height":600},{"@type":"BreadcrumbList","@id":"https:\/\/vosgesinfo.fr\/gerardmerinfo\/2018\/03\/nouvelle-action-kiwanis-faveur-pmr\/#breadcrumb","itemListElement":[{"@type":"ListItem","position":1,"name":"Home","item":"https:\/\/vosgesinfo.fr\/gerardmerinfo\/"},{"@type":"ListItem","position":2,"name":"Nouvelle action du Kiwanis en faveur des PMR"}]},{"@type":"WebSite","@id":"https:\/\/vosgesinfo.fr\/gerardmerinfo\/#website","url":"https:\/\/vosgesinfo.fr\/gerardmerinfo\/","name":"Gerardmer Info","description":"Toute l&#039;actualit\u00e9 de G\u00e9rardmer","publisher":{"@id":"https:\/\/vosgesinfo.fr\/gerardmerinfo\/#organization"},"alternateName":"Toute l'actualit\u00e9 de G\u00e9rardmer","potentialAction":[{"@type":"SearchAction","target":{"@type":"EntryPoint","urlTemplate":"https:\/\/vosgesinfo.fr\/gerardmerinfo\/?s={search_term_string}"},"query-input":"required name=search_term_string"}],"inLanguage":"fr-FR"},{"@type":"Organization","@id":"https:\/\/vosgesinfo.fr\/gerardmerinfo\/#organization","name":"Gerardmer Info","url":"https:\/\/vosgesinfo.fr\/gerardmerinfo\/","logo":{"@type":"ImageObject","inLanguage":"fr-FR","@id":"https:\/\/vosgesinfo.fr\/gerardmerinfo\/#\/schema\/logo\/image\/","url":"https:\/\/vosgesinfo.fr\/app\/uploads\/sites\/6\/2023\/08\/favicon-gerardmerinfo.png","contentUrl":"https:\/\/vosgesinfo.fr\/app\/uploads\/sites\/6\/2023\/08\/favicon-gerardmerinfo.png","width":512,"height":512,"caption":"Gerardmer Info"},"image":{"@id":"https:\/\/vosgesinfo.fr\/gerardmerinfo\/#\/schema\/logo\/image\/"},"sameAs":["https:\/\/www.facebook.com\/profile.php?id=100049475262660","https:\/\/x.com\/VosgesInfo88","https:\/\/www.youtube.com\/@vosgesinfo"]},{"@type":"Person","@id":"https:\/\/vosgesinfo.fr\/gerardmerinfo\/#\/schema\/person\/bc5d02d71e6932e81b6dadb7386667b1","name":"qs_admin","image":{"@type":"ImageObject","inLanguage":"fr-FR","@id":"https:\/\/vosgesinfo.fr\/gerardmerinfo\/#\/schema\/person\/image\/","url":"https:\/\/secure.gravatar.com\/avatar\/94b18ee0ed79e4a42ea2f2931277b6841a8999fc6fde214600c78057cf1fe1de?s=96&d=mm&r=g","contentUrl":"https:\/\/secure.gravatar.com\/avatar\/94b18ee0ed79e4a42ea2f2931277b6841a8999fc6fde214600c78057cf1fe1de?s=96&d=mm&r=g","caption":"qs_admin"},"sameAs":["https:\/\/vosgesinfo.fr\/wp"],"url":"https:\/\/vosgesinfo.fr\/gerardmerinfo\/author\/qs_admin\/"}]}},"_links":{"self":[{"href":"https:\/\/vosgesinfo.fr\/gerardmerinfo\/wp-json\/wp\/v2\/posts\/32777","targetHints":{"allow":["GET"]}}],"collection":[{"href":"https:\/\/vosgesinfo.fr\/gerardmerinfo\/wp-json\/wp\/v2\/posts"}],"about":[{"href":"https:\/\/vosgesinfo.fr\/gerardmerinfo\/wp-json\/wp\/v2\/types\/post"}],"author":[{"embeddable":true,"href":"https:\/\/vosgesinfo.fr\/gerardmerinfo\/wp-json\/wp\/v2\/users\/1"}],"replies":[{"embeddable":true,"href":"https:\/\/vosgesinfo.fr\/gerardmerinfo\/wp-json\/wp\/v2\/comments?post=32777"}],"version-history":[{"count":0,"href":"https:\/\/vosgesinfo.fr\/gerardmerinfo\/wp-json\/wp\/v2\/posts\/32777\/revisions"}],"wp:featuredmedia":[{"embeddable":true,"href":"https:\/\/vosgesinfo.fr\/gerardmerinfo\/wp-json\/wp\/v2\/media\/32778"}],"wp:attachment":[{"href":"https:\/\/vosgesinfo.fr\/gerardmerinfo\/wp-json\/wp\/v2\/media?parent=32777"}],"wp:term":[{"taxonomy":"category","embeddable":true,"href":"https:\/\/vosgesinfo.fr\/gerardmerinfo\/wp-json\/wp\/v2\/categories?post=32777"},{"taxonomy":"post_tag","embeddable":true,"href":"https:\/\/vosgesinfo.fr\/gerardmerinfo\/wp-json\/wp\/v2\/tags?post=32777"}],"curies":[{"name":"wp","href":"https:\/\/api.w.org\/{rel}","templated":true}]}}