{"id":32803,"date":"2018-03-22T16:37:21","date_gmt":"2018-03-22T15:37:21","guid":{"rendered":"https:\/\/vosgesinfo.fr\/gerardmerinfo\/2018\/03\/retour-virades-de-lespoir-2018\/"},"modified":"2018-03-22T16:37:21","modified_gmt":"2018-03-22T15:37:21","slug":"retour-virades-de-lespoir-2018","status":"publish","type":"post","link":"https:\/\/vosgesinfo.fr\/gerardmerinfo\/2018\/03\/retour-virades-de-lespoir-2018\/","title":{"rendered":"Le retour des Virades de l&rsquo;Espoir en 2018"},"content":{"rendered":"<p dir=\"ltr\" style=\"text-align: left;\"><a href=\"\/2018\/03\/en-vie-de-souffle-2018-AG-2.jpg\"><img decoding=\"async\" class=\"aligncenter size-medium wp-image-124507\" src=\"\/2018\/03\/en-vie-de-souffle-2018-AG-2-343x255.jpg\" alt=\"en vie de souffle 2018 AG (2)\" width=\"343\" height=\"255\" \/><\/a><\/p>\n<h3 dir=\"ltr\" style=\"text-align: left;\"><span style=\"font-size: 12pt;\">Les assises annuelles de \u00ab\u00a0En vie de Souffle\u00a0\u00bb se sont d\u00e9roul\u00e9es ce week-end \u00e0 la salle des Armes de l&rsquo;H\u00f4tel de Ville.R\u00e9union qui s&rsquo;est d\u00e9roul\u00e9e en pr\u00e9sence de l&rsquo;adjointe Anne Chwaliszevski qui a r\u00e9sum\u00e9 l&rsquo;action de l&rsquo;association en 3 mots : bienveillance, dignit\u00e9\u00a0et fraternit\u00e9.<\/span><\/h3>\n<p dir=\"ltr\">Rappelons tout d&rsquo;abord que \u00ab\u00a0En Vie de Souffle\u00a0\u00bb a pour objectif premier d&rsquo;aider\u00a0les malades atteints de\u00a0mucoviscidose\u00a0et\u00a0leur\u00a0famille par des actions ponctuelles afin d&rsquo;am\u00e9liorer\u00a0leur\u00a0confort\u00a0de vie et leur faciliter l&rsquo;acc\u00e8s aux soins. Cette assembl\u00e9e g\u00e9n\u00e9rale a donc \u00e9t\u00e9 l&rsquo;occasion pour le pr\u00e9sident Alban Febvay et son \u00e9quipe de faire un bref retour sur l&rsquo;ann\u00e9e pass\u00e9e et surtout d&rsquo;\u00e9voquer les divers projets et actions pr\u00e9vus pour 2018. Pour commencer, notez que l&rsquo;association participera aux Virades\u00a0de l&rsquo;Espoir le 30 septembre prochain. Une nouvelle \u00e9dition de cette op\u00e9ration nationale qui se prolongera \u00e0 G\u00e9rardmer sous l&rsquo;impulsion de Sylvia B\u00e9rard et Georges Grosjean, chevilles ouvri\u00e8re de cet \u00e9v\u00e9nement.<br \/>\n<a href=\"\/2018\/03\/en-vie-de-souffle-2018-AG-1.jpg\"><img decoding=\"async\" class=\"alignright size-medium wp-image-124508\" src=\"\/2018\/03\/en-vie-de-souffle-2018-AG-1-343x255.jpg\" alt=\"en vie de souffle 2018 AG (1)\" width=\"343\" height=\"255\" \/><\/a>On retiendra \u00e9galement au programme l&rsquo;organisation d&rsquo;un repas au\u00a0lyc\u00e9e\u00a0h\u00f4telier\u00a0de\u00a0Gerardmer\u00a0le 5 avril ainsi qu&rsquo;une soir\u00e9e dansante, sans oublier la participation\u00a0au\u00a0march\u00e9\u00a0de\u00a0Gerardmer\u00a0pour la p\u00e9riode de No\u00ebl (pour une vente de brioches et g\u00e2teaux) afin de r\u00e9colter des fonds. Enfin, la petite nouveaut\u00e9 concerne la\u00a0cr\u00e9ation\u00a0d&rsquo;une page internet\u00a0uniquement\u00a0d\u00e9di\u00e9e\u00a0\u00e0\u00a0l&rsquo;association qui vous permettra donc d&rsquo;en suivre l&rsquo;actualit\u00e9 et de contacter facilement En Vie de Souffle si vous souhaitez rejoindre Alban, Sylvia, Georges et toute l&rsquo;\u00e9quipe !<\/p>\n<p dir=\"ltr\">Pour ce qui est de 2017, on retiendra principalement que l&rsquo;association\u00a0a\u00a0\u00e9t\u00e9\u00a0r\u00e9compens\u00e9e\u00a0par le Rotary\u00a0club\u00a0de Gerardmer lors de la Soir\u00e9e\u00a0des Talents. En Vie de Souffle a \u00e9galement pu financer\u00a0un lit\u00a0\u00e9lectrique\u00a0pour une\u00a0jeune fille malade. Quant \u00e0 l&rsquo;argent r\u00e9colt\u00e9 lors des derni\u00e8res actions, il servira cette\u00a0ann\u00e9e\u00a0\u00e0\u00a0financer\u00a0un gilet\u00a0kin\u00e9\u00a0et du petit\u00a0mat\u00e9riel\u00a0\u00e0\u00a0destination du CRCM du CHU de Nancy entre autres.<\/p>\n<p dir=\"ltr\">Tous les voyants sont donc dans le vert pour En Vie de Souffle qui compte actuellement 70\u00a0adh\u00e9rents et poursuit son combat gr\u00e2ce au soutien de ses partenaires, \u00e0 l&rsquo;image de la\u00a0commune\u00a0de G\u00e9rardmer. Enfin, pr\u00e9cisons que pour\u00a0remplacer\u00a0un membre du conseil d&rsquo;administration\u00a0d\u00e9missionnaire\u00a0pour raison\u00a0personnelle, c&rsquo;est Elysa B\u00e9rard qui a \u00e9t\u00e9 \u00e9lue \u00e0 l&rsquo;unanimit\u00e9.<\/p>\n<p dir=\"ltr\">\n","protected":false},"excerpt":{"rendered":"<p>Les assises annuelles de \u00ab\u00a0En vie de Souffle\u00a0\u00bb se sont d\u00e9roul\u00e9es ce week-end \u00e0 la salle des Armes de l&rsquo;H\u00f4tel [&hellip;]<\/p>\n","protected":false},"author":42,"featured_media":32804,"comment_status":"open","ping_status":"open","sticky":false,"template":"","format":"standard","meta":{"footnotes":""},"categories":[20,12,17],"tags":[731,2544],"class_list":["post-32803","post","type-post","status-publish","format-standard","has-post-thumbnail","hentry","category-a-la-une","category-sante","category-vie-associative","tag-en-vie-de-souffle","tag-virades-de-lespoir"],"acf":[],"yoast_head":"<!-- This site is optimized with the Yoast SEO plugin v22.5 - https:\/\/yoast.com\/wordpress\/plugins\/seo\/ -->\n<title>Le retour des Virades de l&#039;Espoir en 2018 - Gerardmer Info<\/title>\n<meta name=\"robots\" content=\"index, follow, max-snippet:-1, max-image-preview:large, max-video-preview:-1\" \/>\n<link rel=\"canonical\" href=\"https:\/\/vosgesinfo.fr\/gerardmerinfo\/2018\/03\/retour-virades-de-lespoir-2018\/\" \/>\n<meta name=\"twitter:card\" content=\"summary_large_image\" \/>\n<meta name=\"twitter:title\" content=\"Le retour des Virades de l&#039;Espoir en 2018 - Gerardmer Info\" \/>\n<meta name=\"twitter:description\" content=\"Les assises annuelles de \u00ab\u00a0En vie de Souffle\u00a0\u00bb se sont d\u00e9roul\u00e9es ce week-end \u00e0 la salle des Armes de l&rsquo;H\u00f4tel [&hellip;]\" \/>\n<meta name=\"twitter:image\" content=\"https:\/\/vosgesinfo.fr\/app\/uploads\/sites\/6\/2024\/07\/201803en-vie-de-souffle-2018-ag-2.jpg\" \/>\n<meta name=\"twitter:creator\" content=\"@VosgesInfo88\" \/>\n<meta name=\"twitter:site\" content=\"@VosgesInfo88\" \/>\n<meta name=\"twitter:label1\" content=\"\u00c9crit par\" \/>\n\t<meta name=\"twitter:data1\" content=\"QG\" \/>\n\t<meta name=\"twitter:label2\" content=\"Dur\u00e9e de lecture estim\u00e9e\" \/>\n\t<meta name=\"twitter:data2\" content=\"2 minutes\" \/>\n<script type=\"application\/ld+json\" class=\"yoast-schema-graph\">{\"@context\":\"https:\/\/schema.org\",\"@graph\":[{\"@type\":\"Article\",\"@id\":\"https:\/\/vosgesinfo.fr\/gerardmerinfo\/2018\/03\/retour-virades-de-lespoir-2018\/#article\",\"isPartOf\":{\"@id\":\"https:\/\/vosgesinfo.fr\/gerardmerinfo\/2018\/03\/retour-virades-de-lespoir-2018\/\"},\"author\":{\"name\":\"QG\",\"@id\":\"https:\/\/vosgesinfo.fr\/gerardmerinfo\/#\/schema\/person\/db5605779a843dad16b5368f3e7613a5\"},\"headline\":\"Le retour des Virades de l&rsquo;Espoir en 2018\",\"datePublished\":\"2018-03-22T15:37:21+00:00\",\"dateModified\":\"2018-03-22T15:37:21+00:00\",\"mainEntityOfPage\":{\"@id\":\"https:\/\/vosgesinfo.fr\/gerardmerinfo\/2018\/03\/retour-virades-de-lespoir-2018\/\"},\"wordCount\":438,\"commentCount\":0,\"publisher\":{\"@id\":\"https:\/\/vosgesinfo.fr\/gerardmerinfo\/#organization\"},\"image\":{\"@id\":\"https:\/\/vosgesinfo.fr\/gerardmerinfo\/2018\/03\/retour-virades-de-lespoir-2018\/#primaryimage\"},\"thumbnailUrl\":\"https:\/\/vosgesinfo.fr\/app\/uploads\/sites\/6\/2024\/07\/201803en-vie-de-souffle-2018-ag-2.jpg\",\"keywords\":[\"En vie de souffle\",\"Virades de l'espoir\"],\"articleSection\":[\"A la une\",\"Sant\u00e9\",\"Vie Associative\"],\"inLanguage\":\"fr-FR\",\"potentialAction\":[{\"@type\":\"CommentAction\",\"name\":\"Comment\",\"target\":[\"https:\/\/vosgesinfo.fr\/gerardmerinfo\/2018\/03\/retour-virades-de-lespoir-2018\/#respond\"]}]},{\"@type\":\"WebPage\",\"@id\":\"https:\/\/vosgesinfo.fr\/gerardmerinfo\/2018\/03\/retour-virades-de-lespoir-2018\/\",\"url\":\"https:\/\/vosgesinfo.fr\/gerardmerinfo\/2018\/03\/retour-virades-de-lespoir-2018\/\",\"name\":\"Le retour des Virades de l'Espoir en 2018 - Gerardmer Info\",\"isPartOf\":{\"@id\":\"https:\/\/vosgesinfo.fr\/gerardmerinfo\/#website\"},\"primaryImageOfPage\":{\"@id\":\"https:\/\/vosgesinfo.fr\/gerardmerinfo\/2018\/03\/retour-virades-de-lespoir-2018\/#primaryimage\"},\"image\":{\"@id\":\"https:\/\/vosgesinfo.fr\/gerardmerinfo\/2018\/03\/retour-virades-de-lespoir-2018\/#primaryimage\"},\"thumbnailUrl\":\"https:\/\/vosgesinfo.fr\/app\/uploads\/sites\/6\/2024\/07\/201803en-vie-de-souffle-2018-ag-2.jpg\",\"datePublished\":\"2018-03-22T15:37:21+00:00\",\"dateModified\":\"2018-03-22T15:37:21+00:00\",\"breadcrumb\":{\"@id\":\"https:\/\/vosgesinfo.fr\/gerardmerinfo\/2018\/03\/retour-virades-de-lespoir-2018\/#breadcrumb\"},\"inLanguage\":\"fr-FR\",\"potentialAction\":[{\"@type\":\"ReadAction\",\"target\":[\"https:\/\/vosgesinfo.fr\/gerardmerinfo\/2018\/03\/retour-virades-de-lespoir-2018\/\"]}]},{\"@type\":\"ImageObject\",\"inLanguage\":\"fr-FR\",\"@id\":\"https:\/\/vosgesinfo.fr\/gerardmerinfo\/2018\/03\/retour-virades-de-lespoir-2018\/#primaryimage\",\"url\":\"https:\/\/vosgesinfo.fr\/app\/uploads\/sites\/6\/2024\/07\/201803en-vie-de-souffle-2018-ag-2.jpg\",\"contentUrl\":\"https:\/\/vosgesinfo.fr\/app\/uploads\/sites\/6\/2024\/07\/201803en-vie-de-souffle-2018-ag-2.jpg\",\"width\":800,\"height\":594},{\"@type\":\"BreadcrumbList\",\"@id\":\"https:\/\/vosgesinfo.fr\/gerardmerinfo\/2018\/03\/retour-virades-de-lespoir-2018\/#breadcrumb\",\"itemListElement\":[{\"@type\":\"ListItem\",\"position\":1,\"name\":\"Home\",\"item\":\"https:\/\/vosgesinfo.fr\/gerardmerinfo\/\"},{\"@type\":\"ListItem\",\"position\":2,\"name\":\"Le retour des Virades de l&rsquo;Espoir en 2018\"}]},{\"@type\":\"WebSite\",\"@id\":\"https:\/\/vosgesinfo.fr\/gerardmerinfo\/#website\",\"url\":\"https:\/\/vosgesinfo.fr\/gerardmerinfo\/\",\"name\":\"Gerardmer Info\",\"description\":\"Toute l&#039;actualit\u00e9 de G\u00e9rardmer\",\"publisher\":{\"@id\":\"https:\/\/vosgesinfo.fr\/gerardmerinfo\/#organization\"},\"alternateName\":\"Toute l'actualit\u00e9 de G\u00e9rardmer\",\"potentialAction\":[{\"@type\":\"SearchAction\",\"target\":{\"@type\":\"EntryPoint\",\"urlTemplate\":\"https:\/\/vosgesinfo.fr\/gerardmerinfo\/?s={search_term_string}\"},\"query-input\":\"required name=search_term_string\"}],\"inLanguage\":\"fr-FR\"},{\"@type\":\"Organization\",\"@id\":\"https:\/\/vosgesinfo.fr\/gerardmerinfo\/#organization\",\"name\":\"Gerardmer Info\",\"url\":\"https:\/\/vosgesinfo.fr\/gerardmerinfo\/\",\"logo\":{\"@type\":\"ImageObject\",\"inLanguage\":\"fr-FR\",\"@id\":\"https:\/\/vosgesinfo.fr\/gerardmerinfo\/#\/schema\/logo\/image\/\",\"url\":\"https:\/\/vosgesinfo.fr\/app\/uploads\/sites\/6\/2023\/08\/favicon-gerardmerinfo.png\",\"contentUrl\":\"https:\/\/vosgesinfo.fr\/app\/uploads\/sites\/6\/2023\/08\/favicon-gerardmerinfo.png\",\"width\":512,\"height\":512,\"caption\":\"Gerardmer Info\"},\"image\":{\"@id\":\"https:\/\/vosgesinfo.fr\/gerardmerinfo\/#\/schema\/logo\/image\/\"},\"sameAs\":[\"https:\/\/www.facebook.com\/profile.php?id=100049475262660\",\"https:\/\/x.com\/VosgesInfo88\",\"https:\/\/www.youtube.com\/@vosgesinfo\"]},{\"@type\":\"Person\",\"@id\":\"https:\/\/vosgesinfo.fr\/gerardmerinfo\/#\/schema\/person\/db5605779a843dad16b5368f3e7613a5\",\"name\":\"QG\",\"image\":{\"@type\":\"ImageObject\",\"inLanguage\":\"fr-FR\",\"@id\":\"https:\/\/vosgesinfo.fr\/gerardmerinfo\/#\/schema\/person\/image\/\",\"url\":\"https:\/\/secure.gravatar.com\/avatar\/ea80c42c204b534408512832fde52504ecabb9706bcb6151cf6175e5b64e6793?s=96&d=mm&r=g\",\"contentUrl\":\"https:\/\/secure.gravatar.com\/avatar\/ea80c42c204b534408512832fde52504ecabb9706bcb6151cf6175e5b64e6793?s=96&d=mm&r=g\",\"caption\":\"QG\"},\"url\":\"https:\/\/vosgesinfo.fr\/gerardmerinfo\/author\/quentin88\/\"}]}<\/script>\n<!-- \/ Yoast SEO plugin. -->","yoast_head_json":{"title":"Le retour des Virades de l'Espoir en 2018 - Gerardmer Info","robots":{"index":"index","follow":"follow","max-snippet":"max-snippet:-1","max-image-preview":"max-image-preview:large","max-video-preview":"max-video-preview:-1"},"canonical":"https:\/\/vosgesinfo.fr\/gerardmerinfo\/2018\/03\/retour-virades-de-lespoir-2018\/","twitter_card":"summary_large_image","twitter_title":"Le retour des Virades de l'Espoir en 2018 - Gerardmer Info","twitter_description":"Les assises annuelles de \u00ab\u00a0En vie de Souffle\u00a0\u00bb se sont d\u00e9roul\u00e9es ce week-end \u00e0 la salle des Armes de l&rsquo;H\u00f4tel [&hellip;]","twitter_image":"https:\/\/vosgesinfo.fr\/app\/uploads\/sites\/6\/2024\/07\/201803en-vie-de-souffle-2018-ag-2.jpg","twitter_creator":"@VosgesInfo88","twitter_site":"@VosgesInfo88","twitter_misc":{"\u00c9crit par":"QG","Dur\u00e9e de lecture estim\u00e9e":"2 minutes"},"schema":{"@context":"https:\/\/schema.org","@graph":[{"@type":"Article","@id":"https:\/\/vosgesinfo.fr\/gerardmerinfo\/2018\/03\/retour-virades-de-lespoir-2018\/#article","isPartOf":{"@id":"https:\/\/vosgesinfo.fr\/gerardmerinfo\/2018\/03\/retour-virades-de-lespoir-2018\/"},"author":{"name":"QG","@id":"https:\/\/vosgesinfo.fr\/gerardmerinfo\/#\/schema\/person\/db5605779a843dad16b5368f3e7613a5"},"headline":"Le retour des Virades de l&rsquo;Espoir en 2018","datePublished":"2018-03-22T15:37:21+00:00","dateModified":"2018-03-22T15:37:21+00:00","mainEntityOfPage":{"@id":"https:\/\/vosgesinfo.fr\/gerardmerinfo\/2018\/03\/retour-virades-de-lespoir-2018\/"},"wordCount":438,"commentCount":0,"publisher":{"@id":"https:\/\/vosgesinfo.fr\/gerardmerinfo\/#organization"},"image":{"@id":"https:\/\/vosgesinfo.fr\/gerardmerinfo\/2018\/03\/retour-virades-de-lespoir-2018\/#primaryimage"},"thumbnailUrl":"https:\/\/vosgesinfo.fr\/app\/uploads\/sites\/6\/2024\/07\/201803en-vie-de-souffle-2018-ag-2.jpg","keywords":["En vie de souffle","Virades de l'espoir"],"articleSection":["A la une","Sant\u00e9","Vie Associative"],"inLanguage":"fr-FR","potentialAction":[{"@type":"CommentAction","name":"Comment","target":["https:\/\/vosgesinfo.fr\/gerardmerinfo\/2018\/03\/retour-virades-de-lespoir-2018\/#respond"]}]},{"@type":"WebPage","@id":"https:\/\/vosgesinfo.fr\/gerardmerinfo\/2018\/03\/retour-virades-de-lespoir-2018\/","url":"https:\/\/vosgesinfo.fr\/gerardmerinfo\/2018\/03\/retour-virades-de-lespoir-2018\/","name":"Le retour des Virades de l'Espoir en 2018 - Gerardmer Info","isPartOf":{"@id":"https:\/\/vosgesinfo.fr\/gerardmerinfo\/#website"},"primaryImageOfPage":{"@id":"https:\/\/vosgesinfo.fr\/gerardmerinfo\/2018\/03\/retour-virades-de-lespoir-2018\/#primaryimage"},"image":{"@id":"https:\/\/vosgesinfo.fr\/gerardmerinfo\/2018\/03\/retour-virades-de-lespoir-2018\/#primaryimage"},"thumbnailUrl":"https:\/\/vosgesinfo.fr\/app\/uploads\/sites\/6\/2024\/07\/201803en-vie-de-souffle-2018-ag-2.jpg","datePublished":"2018-03-22T15:37:21+00:00","dateModified":"2018-03-22T15:37:21+00:00","breadcrumb":{"@id":"https:\/\/vosgesinfo.fr\/gerardmerinfo\/2018\/03\/retour-virades-de-lespoir-2018\/#breadcrumb"},"inLanguage":"fr-FR","potentialAction":[{"@type":"ReadAction","target":["https:\/\/vosgesinfo.fr\/gerardmerinfo\/2018\/03\/retour-virades-de-lespoir-2018\/"]}]},{"@type":"ImageObject","inLanguage":"fr-FR","@id":"https:\/\/vosgesinfo.fr\/gerardmerinfo\/2018\/03\/retour-virades-de-lespoir-2018\/#primaryimage","url":"https:\/\/vosgesinfo.fr\/app\/uploads\/sites\/6\/2024\/07\/201803en-vie-de-souffle-2018-ag-2.jpg","contentUrl":"https:\/\/vosgesinfo.fr\/app\/uploads\/sites\/6\/2024\/07\/201803en-vie-de-souffle-2018-ag-2.jpg","width":800,"height":594},{"@type":"BreadcrumbList","@id":"https:\/\/vosgesinfo.fr\/gerardmerinfo\/2018\/03\/retour-virades-de-lespoir-2018\/#breadcrumb","itemListElement":[{"@type":"ListItem","position":1,"name":"Home","item":"https:\/\/vosgesinfo.fr\/gerardmerinfo\/"},{"@type":"ListItem","position":2,"name":"Le retour des Virades de l&rsquo;Espoir en 2018"}]},{"@type":"WebSite","@id":"https:\/\/vosgesinfo.fr\/gerardmerinfo\/#website","url":"https:\/\/vosgesinfo.fr\/gerardmerinfo\/","name":"Gerardmer Info","description":"Toute l&#039;actualit\u00e9 de G\u00e9rardmer","publisher":{"@id":"https:\/\/vosgesinfo.fr\/gerardmerinfo\/#organization"},"alternateName":"Toute l'actualit\u00e9 de G\u00e9rardmer","potentialAction":[{"@type":"SearchAction","target":{"@type":"EntryPoint","urlTemplate":"https:\/\/vosgesinfo.fr\/gerardmerinfo\/?s={search_term_string}"},"query-input":"required name=search_term_string"}],"inLanguage":"fr-FR"},{"@type":"Organization","@id":"https:\/\/vosgesinfo.fr\/gerardmerinfo\/#organization","name":"Gerardmer Info","url":"https:\/\/vosgesinfo.fr\/gerardmerinfo\/","logo":{"@type":"ImageObject","inLanguage":"fr-FR","@id":"https:\/\/vosgesinfo.fr\/gerardmerinfo\/#\/schema\/logo\/image\/","url":"https:\/\/vosgesinfo.fr\/app\/uploads\/sites\/6\/2023\/08\/favicon-gerardmerinfo.png","contentUrl":"https:\/\/vosgesinfo.fr\/app\/uploads\/sites\/6\/2023\/08\/favicon-gerardmerinfo.png","width":512,"height":512,"caption":"Gerardmer Info"},"image":{"@id":"https:\/\/vosgesinfo.fr\/gerardmerinfo\/#\/schema\/logo\/image\/"},"sameAs":["https:\/\/www.facebook.com\/profile.php?id=100049475262660","https:\/\/x.com\/VosgesInfo88","https:\/\/www.youtube.com\/@vosgesinfo"]},{"@type":"Person","@id":"https:\/\/vosgesinfo.fr\/gerardmerinfo\/#\/schema\/person\/db5605779a843dad16b5368f3e7613a5","name":"QG","image":{"@type":"ImageObject","inLanguage":"fr-FR","@id":"https:\/\/vosgesinfo.fr\/gerardmerinfo\/#\/schema\/person\/image\/","url":"https:\/\/secure.gravatar.com\/avatar\/ea80c42c204b534408512832fde52504ecabb9706bcb6151cf6175e5b64e6793?s=96&d=mm&r=g","contentUrl":"https:\/\/secure.gravatar.com\/avatar\/ea80c42c204b534408512832fde52504ecabb9706bcb6151cf6175e5b64e6793?s=96&d=mm&r=g","caption":"QG"},"url":"https:\/\/vosgesinfo.fr\/gerardmerinfo\/author\/quentin88\/"}]}},"_links":{"self":[{"href":"https:\/\/vosgesinfo.fr\/gerardmerinfo\/wp-json\/wp\/v2\/posts\/32803","targetHints":{"allow":["GET"]}}],"collection":[{"href":"https:\/\/vosgesinfo.fr\/gerardmerinfo\/wp-json\/wp\/v2\/posts"}],"about":[{"href":"https:\/\/vosgesinfo.fr\/gerardmerinfo\/wp-json\/wp\/v2\/types\/post"}],"author":[{"embeddable":true,"href":"https:\/\/vosgesinfo.fr\/gerardmerinfo\/wp-json\/wp\/v2\/users\/42"}],"replies":[{"embeddable":true,"href":"https:\/\/vosgesinfo.fr\/gerardmerinfo\/wp-json\/wp\/v2\/comments?post=32803"}],"version-history":[{"count":0,"href":"https:\/\/vosgesinfo.fr\/gerardmerinfo\/wp-json\/wp\/v2\/posts\/32803\/revisions"}],"wp:featuredmedia":[{"embeddable":true,"href":"https:\/\/vosgesinfo.fr\/gerardmerinfo\/wp-json\/wp\/v2\/media\/32804"}],"wp:attachment":[{"href":"https:\/\/vosgesinfo.fr\/gerardmerinfo\/wp-json\/wp\/v2\/media?parent=32803"}],"wp:term":[{"taxonomy":"category","embeddable":true,"href":"https:\/\/vosgesinfo.fr\/gerardmerinfo\/wp-json\/wp\/v2\/categories?post=32803"},{"taxonomy":"post_tag","embeddable":true,"href":"https:\/\/vosgesinfo.fr\/gerardmerinfo\/wp-json\/wp\/v2\/tags?post=32803"}],"curies":[{"name":"wp","href":"https:\/\/api.w.org\/{rel}","templated":true}]}}