{"id":32816,"date":"2018-03-21T14:46:52","date_gmt":"2018-03-21T13:46:52","guid":{"rendered":"https:\/\/vosgesinfo.fr\/gerardmerinfo\/2018\/03\/assemblee-generale-de-lamicale-donneurs-de-sang-benevoles\/"},"modified":"2018-03-21T14:46:52","modified_gmt":"2018-03-21T13:46:52","slug":"assemblee-generale-de-lamicale-donneurs-de-sang-benevoles","status":"publish","type":"post","link":"https:\/\/vosgesinfo.fr\/gerardmerinfo\/2018\/03\/assemblee-generale-de-lamicale-donneurs-de-sang-benevoles\/","title":{"rendered":"Assembl\u00e9e g\u00e9n\u00e9rale de l&rsquo;amicale des Donneurs de Sang B\u00e9n\u00e9voles"},"content":{"rendered":"<p><span style=\"font-family: Georgia, serif;\">Chers Amis Donneuses et Donneurs,<\/span><\/p>\n<p>&nbsp;<\/p>\n<p lang=\"en-US\">\u00a0<span style=\"font-family: Georgia, serif;\"><span style=\"font-size: small;\">Nous vous invitons tr\u00e8s cordialement \u00e0 la <\/span><\/span><\/p>\n<p>&nbsp;<\/p>\n<p lang=\"en-US\" align=\"CENTER\"><span style=\"font-family: Georgia, serif;\"><span style=\"font-size: small;\"><strong>58\u00e8me ASSEMBL\u00c9E G\u00c9N\u00c9RALE ORDINAIRE <\/strong><\/span><\/span><\/p>\n<p>&nbsp;<\/p>\n<p>&nbsp;<\/p>\n<p lang=\"en-US\" align=\"JUSTIFY\"><span style=\"font-family: Georgia, serif;\"><span style=\"font-size: small;\">qui se d\u00e9roulera<\/span><\/span><\/p>\n<p>&nbsp;<\/p>\n<p lang=\"en-US\" align=\"CENTER\"><span style=\"font-family: Georgia, serif;\"><span style=\"font-size: small;\"><strong>VENDREDI 23 Mars 2018<\/strong><\/span><\/span><\/p>\n<p>&nbsp;<\/p>\n<p lang=\"en-US\" align=\"CENTER\"><span style=\"font-family: Georgia, serif;\"><span style=\"font-size: small;\"><strong>SALLE DES ARMES -MAIRIE DE G\u00c9RARDMER<\/strong><\/span><\/span><\/p>\n<p>&nbsp;<\/p>\n<p lang=\"en-US\" align=\"CENTER\"><span style=\"font-family: Georgia, serif;\"><span style=\"font-size: small;\"><strong>\u00e0 partir de 16h30<\/strong><\/span><\/span><\/p>\n<p>&nbsp;<\/p>\n<p>&nbsp;<\/p>\n<p align=\"JUSTIFY\"><span style=\"font-family: Georgia, serif;\"><span style=\"font-size: small;\">selon l<\/span><\/span><span style=\"font-family: Georgia, serif;\"><span style=\"font-size: small;\">\u2019<\/span><\/span><span style=\"font-family: Georgia, serif;\"><span style=\"font-size: small;\">ordre du jour ci-apr\u00e8s.<\/span><\/span><\/p>\n<p>&nbsp;<\/p>\n<p>&nbsp;<\/p>\n<p align=\"JUSTIFY\"><span style=\"font-family: Georgia, serif;\"><span style=\"font-size: small;\">Votre pr\u00e9sence \u00e0 cette r\u00e9union statutaire annuelle est l<\/span><\/span><span style=\"font-family: Georgia, serif;\"><span style=\"font-size: small;\">\u2019<\/span><\/span><span style=\"font-family: Georgia, serif;\"><span style=\"font-size: small;\">occasion pour l<\/span><\/span><span style=\"font-family: Georgia, serif;\"><span style=\"font-size: small;\">\u2019<\/span><\/span><span style=\"font-family: Georgia, serif;\"><span style=\"font-size: small;\">EFS de r\u00e9pondre \u00e0 toutes les questions que vous vous posez et de vous renseigner sur les nouveaut\u00e9s en mati\u00e8re de pr\u00e9l\u00e8vement et sur l<\/span><\/span><span style=\"font-family: Georgia, serif;\"><span style=\"font-size: small;\">\u2019<\/span><\/span><span style=\"font-family: Georgia, serif;\"><span style=\"font-size: small;\">actualit\u00e9 transfusionnelle.<\/span><\/span><\/p>\n<p>&nbsp;<\/p>\n<p>&nbsp;<\/p>\n<p align=\"JUSTIFY\"><span style=\"font-family: Georgia, serif;\"><span style=\"font-size: small;\">En fin de r\u00e9union, le verre de l<\/span><\/span><span style=\"font-family: Georgia, serif;\"><span style=\"font-size: small;\">\u2019<\/span><\/span><span style=\"font-family: Georgia, serif;\"><span style=\"font-size: small;\">Amiti\u00e9 nous sera offert par la Municipalit\u00e9 de G\u00e9rardmer.<\/span><\/span><\/p>\n<p>&nbsp;<\/p>\n<p>&nbsp;<\/p>\n<p align=\"JUSTIFY\"><span style=\"font-family: Georgia, serif;\"><span style=\"font-size: small;\">Dans l<\/span><\/span><span style=\"font-family: Georgia, serif;\"><span style=\"font-size: small;\">\u2019<\/span><\/span><span style=\"font-family: Georgia, serif;\"><span style=\"font-size: small;\">espoir que vous nous ferez l<\/span><\/span><span style=\"font-family: Georgia, serif;\"><span style=\"font-size: small;\">\u2019<\/span><\/span><span style=\"font-family: Georgia, serif;\"><span style=\"font-size: small;\">honneur de votre pr\u00e9sence, nous vous adressons nos meilleures salutations.<\/span><\/span><\/p>\n<p>&nbsp;<\/p>\n<p>&nbsp;<\/p>\n<p>&nbsp;<\/p>\n<p lang=\"en-US\" align=\"CENTER\"><span style=\"font-family: Georgia, serif;\"><span style=\"font-size: small;\"><strong>ORDRE DU JOUR<\/strong><\/span><\/span><\/p>\n<p>&nbsp;<\/p>\n<p>&nbsp;<\/p>\n<p lang=\"en-US\" align=\"JUSTIFY\"><span style=\"font-family: Georgia, serif;\"><span style=\"font-size: small;\">D\u00e8s 16h30 : &#8230; Encaissement des cotisations (3,50 euros pour 2018)<\/span><\/span><\/p>\n<p lang=\"en-US\" align=\"JUSTIFY\"><span style=\"font-family: Georgia, serif;\"><span style=\"font-size: small;\">16h45 : &#8230; S\u00c9ANCE STATUTAIRE <\/span><\/span><\/p>\n<p>&nbsp;<\/p>\n<p lang=\"en-US\" align=\"JUSTIFY\"><span style=\"font-family: Georgia, serif;\"><span style=\"font-size: small;\">Accueil par le Pr\u00e9sident<\/span><\/span><\/p>\n<p>&nbsp;<\/p>\n<p align=\"JUSTIFY\"><span style=\"font-family: Georgia, serif;\"><span style=\"font-size: small;\">Rapport d<\/span><\/span><span style=\"font-family: Georgia, serif;\"><span style=\"font-size: small;\">\u2019<\/span><\/span><span style=\"font-family: Georgia, serif;\"><span style=\"font-size: small;\">Activit\u00e9 de la Secr\u00e9taire L. ROLIN (Vote)<\/span><\/span><\/p>\n<p>&nbsp;<\/p>\n<p lang=\"en-US\" align=\"JUSTIFY\"><span style=\"font-family: Georgia, serif;\"><span style=\"font-size: small;\">Rapport Financier du Tr\u00e9sorier P. NARCY<\/span><\/span><\/p>\n<p>&nbsp;<\/p>\n<p lang=\"en-US\" align=\"JUSTIFY\"><span style=\"font-family: Georgia, serif;\"><span style=\"font-size: small;\">Rapport des R\u00e9viseurs aux comptes J. DEMANGE et J. LEROY<\/span><\/span><\/p>\n<p>&nbsp;<\/p>\n<p lang=\"en-US\" align=\"JUSTIFY\"><span style=\"font-family: Georgia, serif;\"><span style=\"font-size: small;\">Quitus aux Administrateurs<\/span><\/span><\/p>\n<p>&nbsp;<\/p>\n<p lang=\"en-US\" align=\"JUSTIFY\"><span style=\"font-family: Georgia, serif;\"><span style=\"font-size: small;\">Renouvellement du Tiers sortant<\/span><\/span><\/p>\n<p>&nbsp;<\/p>\n<p lang=\"en-US\" align=\"JUSTIFY\"><span style=\"font-family: Georgia, serif;\"><span style=\"font-size: small;\">Renouvellement des R\u00e9viseurs aux comptes <\/span><\/span><\/p>\n<p>&nbsp;<\/p>\n<p lang=\"en-US\" align=\"JUSTIFY\"><span style=\"font-family: Georgia, serif;\"><span style=\"font-size: small;\">Fixation de la Cotisation annuelle future<\/span><\/span><\/p>\n<p>&nbsp;<\/p>\n<p lang=\"en-US\" align=\"JUSTIFY\"><span style=\"font-family: Georgia, serif;\"><span style=\"font-size: small;\">17h30 : &#8230; S\u00c9ANCE OFFICIELLE<\/span><\/span><\/p>\n<p>&nbsp;<\/p>\n<p lang=\"en-US\" align=\"JUSTIFY\"><span style=\"font-family: Georgia, serif;\"><span style=\"font-size: small;\">Rapport Moral du Pr\u00e9sident F.DIDIER<\/span><\/span><\/p>\n<p>&nbsp;<\/p>\n<p align=\"JUSTIFY\"><span style=\"font-family: Georgia, serif;\"><span style=\"font-size: small;\">Intervention de l<\/span><\/span><span style=\"font-family: Georgia, serif;\"><span style=\"font-size: small;\">\u2019<\/span><\/span><span style=\"font-family: Georgia, serif;\"><span style=\"font-size: small;\">EFS, r\u00e9ponses aux questions<\/span><\/span><\/p>\n<p>&nbsp;<\/p>\n<p lang=\"en-US\" align=\"JUSTIFY\"><span style=\"font-family: Georgia, serif;\"><span style=\"font-size: small;\">Intervention des Personnalit\u00e9s<\/span><\/span><\/p>\n<p>&nbsp;<\/p>\n<p lang=\"en-US\" align=\"JUSTIFY\"><span style=\"font-family: Georgia, serif;\"><span style=\"font-size: small;\">Remise de r\u00e9compenses<\/span><\/span><\/p>\n<p>&nbsp;<\/p>\n<p>&nbsp;<\/p>\n<p align=\"JUSTIFY\"><span style=\"font-family: Georgia, serif;\"><span style=\"font-size: small;\">18h30 : &#8230; Cl\u00f4ture de l<\/span><\/span><span style=\"font-family: Georgia, serif;\"><span style=\"font-size: small;\">\u2019<\/span><\/span><span style=\"font-family: Georgia, serif;\"><span style=\"font-size: small;\">Assembl\u00e9e G\u00e9n\u00e9rale<\/span><\/span><\/p>\n<p>&nbsp;<\/p>\n<p align=\"JUSTIFY\"><span style=\"font-family: Georgia, serif;\"><span style=\"font-size: small;\">Verre de l<\/span><\/span><span style=\"font-family: Georgia, serif;\"><span style=\"font-size: small;\">\u2019<\/span><\/span><span style=\"font-family: Georgia, serif;\"><span style=\"font-size: small;\">Amiti\u00e9 offert par la Municipalit\u00e9 de G\u00e9rardmer<\/span><\/span><\/p>\n<p>&nbsp;<\/p>\n","protected":false},"excerpt":{"rendered":"<p>Chers Amis Donneuses et Donneurs, &nbsp; \u00a0Nous vous invitons tr\u00e8s cordialement \u00e0 la &nbsp; 58\u00e8me ASSEMBL\u00c9E G\u00c9N\u00c9RALE ORDINAIRE &nbsp; &nbsp; [&hellip;]<\/p>\n","protected":false},"author":135,"featured_media":246,"comment_status":"open","ping_status":"open","sticky":false,"template":"","format":"standard","meta":{"footnotes":""},"categories":[20,12,17],"tags":[54],"class_list":["post-32816","post","type-post","status-publish","format-standard","has-post-thumbnail","hentry","category-a-la-une","category-sante","category-vie-associative","tag-don-du-sang"],"acf":[],"yoast_head":"<!-- This site is optimized with the Yoast SEO plugin v22.5 - https:\/\/yoast.com\/wordpress\/plugins\/seo\/ -->\n<title>Assembl\u00e9e g\u00e9n\u00e9rale de l&#039;amicale des Donneurs de Sang B\u00e9n\u00e9voles - Gerardmer Info<\/title>\n<meta name=\"robots\" content=\"index, follow, max-snippet:-1, max-image-preview:large, max-video-preview:-1\" \/>\n<link rel=\"canonical\" href=\"https:\/\/vosgesinfo.fr\/gerardmerinfo\/2018\/03\/assemblee-generale-de-lamicale-donneurs-de-sang-benevoles\/\" \/>\n<meta name=\"twitter:card\" content=\"summary_large_image\" \/>\n<meta name=\"twitter:title\" content=\"Assembl\u00e9e g\u00e9n\u00e9rale de l&#039;amicale des Donneurs de Sang B\u00e9n\u00e9voles - Gerardmer Info\" \/>\n<meta name=\"twitter:description\" content=\"Chers Amis Donneuses et Donneurs, &nbsp; \u00a0Nous vous invitons tr\u00e8s cordialement \u00e0 la &nbsp; 58\u00e8me ASSEMBL\u00c9E G\u00c9N\u00c9RALE ORDINAIRE &nbsp; &nbsp; [&hellip;]\" \/>\n<meta name=\"twitter:image\" content=\"https:\/\/vosgesinfo.fr\/app\/uploads\/sites\/6\/2016\/05\/don-du-sang-5012.jpg\" \/>\n<meta name=\"twitter:creator\" content=\"@VosgesInfo88\" \/>\n<meta name=\"twitter:site\" content=\"@VosgesInfo88\" \/>\n<meta name=\"twitter:label1\" content=\"\u00c9crit par\" \/>\n\t<meta name=\"twitter:data1\" content=\"Amicale Donneurs de Sang B\u00e9n\u00e9voles G\u00e9rardmer-Xonrupt-Li\u00e9zey\" \/>\n\t<meta name=\"twitter:label2\" content=\"Dur\u00e9e de lecture estim\u00e9e\" \/>\n\t<meta name=\"twitter:data2\" content=\"1 minute\" \/>\n<script type=\"application\/ld+json\" class=\"yoast-schema-graph\">{\"@context\":\"https:\/\/schema.org\",\"@graph\":[{\"@type\":\"Article\",\"@id\":\"https:\/\/vosgesinfo.fr\/gerardmerinfo\/2018\/03\/assemblee-generale-de-lamicale-donneurs-de-sang-benevoles\/#article\",\"isPartOf\":{\"@id\":\"https:\/\/vosgesinfo.fr\/gerardmerinfo\/2018\/03\/assemblee-generale-de-lamicale-donneurs-de-sang-benevoles\/\"},\"author\":{\"name\":\"Amicale Donneurs de Sang B\u00e9n\u00e9voles G\u00e9rardmer-Xonrupt-Li\u00e9zey\",\"@id\":\"https:\/\/vosgesinfo.fr\/gerardmerinfo\/#\/schema\/person\/085bbc06ef933802c61f0d37bee72fb2\"},\"headline\":\"Assembl\u00e9e g\u00e9n\u00e9rale de l&rsquo;amicale des Donneurs de Sang B\u00e9n\u00e9voles\",\"datePublished\":\"2018-03-21T13:46:52+00:00\",\"dateModified\":\"2018-03-21T13:46:52+00:00\",\"mainEntityOfPage\":{\"@id\":\"https:\/\/vosgesinfo.fr\/gerardmerinfo\/2018\/03\/assemblee-generale-de-lamicale-donneurs-de-sang-benevoles\/\"},\"wordCount\":291,\"commentCount\":0,\"publisher\":{\"@id\":\"https:\/\/vosgesinfo.fr\/gerardmerinfo\/#organization\"},\"image\":{\"@id\":\"https:\/\/vosgesinfo.fr\/gerardmerinfo\/2018\/03\/assemblee-generale-de-lamicale-donneurs-de-sang-benevoles\/#primaryimage\"},\"thumbnailUrl\":\"https:\/\/vosgesinfo.fr\/app\/uploads\/sites\/6\/2016\/05\/don-du-sang-5012.jpg\",\"keywords\":[\"don du sang\"],\"articleSection\":[\"A la une\",\"Sant\u00e9\",\"Vie Associative\"],\"inLanguage\":\"fr-FR\",\"potentialAction\":[{\"@type\":\"CommentAction\",\"name\":\"Comment\",\"target\":[\"https:\/\/vosgesinfo.fr\/gerardmerinfo\/2018\/03\/assemblee-generale-de-lamicale-donneurs-de-sang-benevoles\/#respond\"]}]},{\"@type\":\"WebPage\",\"@id\":\"https:\/\/vosgesinfo.fr\/gerardmerinfo\/2018\/03\/assemblee-generale-de-lamicale-donneurs-de-sang-benevoles\/\",\"url\":\"https:\/\/vosgesinfo.fr\/gerardmerinfo\/2018\/03\/assemblee-generale-de-lamicale-donneurs-de-sang-benevoles\/\",\"name\":\"Assembl\u00e9e g\u00e9n\u00e9rale de l'amicale des Donneurs de Sang B\u00e9n\u00e9voles - Gerardmer Info\",\"isPartOf\":{\"@id\":\"https:\/\/vosgesinfo.fr\/gerardmerinfo\/#website\"},\"primaryImageOfPage\":{\"@id\":\"https:\/\/vosgesinfo.fr\/gerardmerinfo\/2018\/03\/assemblee-generale-de-lamicale-donneurs-de-sang-benevoles\/#primaryimage\"},\"image\":{\"@id\":\"https:\/\/vosgesinfo.fr\/gerardmerinfo\/2018\/03\/assemblee-generale-de-lamicale-donneurs-de-sang-benevoles\/#primaryimage\"},\"thumbnailUrl\":\"https:\/\/vosgesinfo.fr\/app\/uploads\/sites\/6\/2016\/05\/don-du-sang-5012.jpg\",\"datePublished\":\"2018-03-21T13:46:52+00:00\",\"dateModified\":\"2018-03-21T13:46:52+00:00\",\"breadcrumb\":{\"@id\":\"https:\/\/vosgesinfo.fr\/gerardmerinfo\/2018\/03\/assemblee-generale-de-lamicale-donneurs-de-sang-benevoles\/#breadcrumb\"},\"inLanguage\":\"fr-FR\",\"potentialAction\":[{\"@type\":\"ReadAction\",\"target\":[\"https:\/\/vosgesinfo.fr\/gerardmerinfo\/2018\/03\/assemblee-generale-de-lamicale-donneurs-de-sang-benevoles\/\"]}]},{\"@type\":\"ImageObject\",\"inLanguage\":\"fr-FR\",\"@id\":\"https:\/\/vosgesinfo.fr\/gerardmerinfo\/2018\/03\/assemblee-generale-de-lamicale-donneurs-de-sang-benevoles\/#primaryimage\",\"url\":\"https:\/\/vosgesinfo.fr\/app\/uploads\/sites\/6\/2016\/05\/don-du-sang-5012.jpg\",\"contentUrl\":\"https:\/\/vosgesinfo.fr\/app\/uploads\/sites\/6\/2016\/05\/don-du-sang-5012.jpg\",\"width\":1024,\"height\":616},{\"@type\":\"BreadcrumbList\",\"@id\":\"https:\/\/vosgesinfo.fr\/gerardmerinfo\/2018\/03\/assemblee-generale-de-lamicale-donneurs-de-sang-benevoles\/#breadcrumb\",\"itemListElement\":[{\"@type\":\"ListItem\",\"position\":1,\"name\":\"Home\",\"item\":\"https:\/\/vosgesinfo.fr\/gerardmerinfo\/\"},{\"@type\":\"ListItem\",\"position\":2,\"name\":\"Assembl\u00e9e g\u00e9n\u00e9rale de l&rsquo;amicale des Donneurs de Sang B\u00e9n\u00e9voles\"}]},{\"@type\":\"WebSite\",\"@id\":\"https:\/\/vosgesinfo.fr\/gerardmerinfo\/#website\",\"url\":\"https:\/\/vosgesinfo.fr\/gerardmerinfo\/\",\"name\":\"Gerardmer Info\",\"description\":\"Toute l&#039;actualit\u00e9 de G\u00e9rardmer\",\"publisher\":{\"@id\":\"https:\/\/vosgesinfo.fr\/gerardmerinfo\/#organization\"},\"alternateName\":\"Toute l'actualit\u00e9 de G\u00e9rardmer\",\"potentialAction\":[{\"@type\":\"SearchAction\",\"target\":{\"@type\":\"EntryPoint\",\"urlTemplate\":\"https:\/\/vosgesinfo.fr\/gerardmerinfo\/?s={search_term_string}\"},\"query-input\":\"required name=search_term_string\"}],\"inLanguage\":\"fr-FR\"},{\"@type\":\"Organization\",\"@id\":\"https:\/\/vosgesinfo.fr\/gerardmerinfo\/#organization\",\"name\":\"Gerardmer Info\",\"url\":\"https:\/\/vosgesinfo.fr\/gerardmerinfo\/\",\"logo\":{\"@type\":\"ImageObject\",\"inLanguage\":\"fr-FR\",\"@id\":\"https:\/\/vosgesinfo.fr\/gerardmerinfo\/#\/schema\/logo\/image\/\",\"url\":\"https:\/\/vosgesinfo.fr\/app\/uploads\/sites\/6\/2023\/08\/favicon-gerardmerinfo.png\",\"contentUrl\":\"https:\/\/vosgesinfo.fr\/app\/uploads\/sites\/6\/2023\/08\/favicon-gerardmerinfo.png\",\"width\":512,\"height\":512,\"caption\":\"Gerardmer Info\"},\"image\":{\"@id\":\"https:\/\/vosgesinfo.fr\/gerardmerinfo\/#\/schema\/logo\/image\/\"},\"sameAs\":[\"https:\/\/www.facebook.com\/profile.php?id=100049475262660\",\"https:\/\/x.com\/VosgesInfo88\",\"https:\/\/www.youtube.com\/@vosgesinfo\"]},{\"@type\":\"Person\",\"@id\":\"https:\/\/vosgesinfo.fr\/gerardmerinfo\/#\/schema\/person\/085bbc06ef933802c61f0d37bee72fb2\",\"name\":\"Amicale Donneurs de Sang B\u00e9n\u00e9voles G\u00e9rardmer-Xonrupt-Li\u00e9zey\",\"image\":{\"@type\":\"ImageObject\",\"inLanguage\":\"fr-FR\",\"@id\":\"https:\/\/vosgesinfo.fr\/gerardmerinfo\/#\/schema\/person\/image\/\",\"url\":\"https:\/\/secure.gravatar.com\/avatar\/342c0762847c6cae763c7832093aa8dac2211f46d2cf8d24cd012526583dbbb5?s=96&d=mm&r=g\",\"contentUrl\":\"https:\/\/secure.gravatar.com\/avatar\/342c0762847c6cae763c7832093aa8dac2211f46d2cf8d24cd012526583dbbb5?s=96&d=mm&r=g\",\"caption\":\"Amicale Donneurs de Sang B\u00e9n\u00e9voles G\u00e9rardmer-Xonrupt-Li\u00e9zey\"},\"url\":\"https:\/\/vosgesinfo.fr\/gerardmerinfo\/author\/adsbgxl\/\"}]}<\/script>\n<!-- \/ Yoast SEO plugin. -->","yoast_head_json":{"title":"Assembl\u00e9e g\u00e9n\u00e9rale de l'amicale des Donneurs de Sang B\u00e9n\u00e9voles - Gerardmer Info","robots":{"index":"index","follow":"follow","max-snippet":"max-snippet:-1","max-image-preview":"max-image-preview:large","max-video-preview":"max-video-preview:-1"},"canonical":"https:\/\/vosgesinfo.fr\/gerardmerinfo\/2018\/03\/assemblee-generale-de-lamicale-donneurs-de-sang-benevoles\/","twitter_card":"summary_large_image","twitter_title":"Assembl\u00e9e g\u00e9n\u00e9rale de l'amicale des Donneurs de Sang B\u00e9n\u00e9voles - Gerardmer Info","twitter_description":"Chers Amis Donneuses et Donneurs, &nbsp; \u00a0Nous vous invitons tr\u00e8s cordialement \u00e0 la &nbsp; 58\u00e8me ASSEMBL\u00c9E G\u00c9N\u00c9RALE ORDINAIRE &nbsp; &nbsp; [&hellip;]","twitter_image":"https:\/\/vosgesinfo.fr\/app\/uploads\/sites\/6\/2016\/05\/don-du-sang-5012.jpg","twitter_creator":"@VosgesInfo88","twitter_site":"@VosgesInfo88","twitter_misc":{"\u00c9crit par":"Amicale Donneurs de Sang B\u00e9n\u00e9voles G\u00e9rardmer-Xonrupt-Li\u00e9zey","Dur\u00e9e de lecture estim\u00e9e":"1 minute"},"schema":{"@context":"https:\/\/schema.org","@graph":[{"@type":"Article","@id":"https:\/\/vosgesinfo.fr\/gerardmerinfo\/2018\/03\/assemblee-generale-de-lamicale-donneurs-de-sang-benevoles\/#article","isPartOf":{"@id":"https:\/\/vosgesinfo.fr\/gerardmerinfo\/2018\/03\/assemblee-generale-de-lamicale-donneurs-de-sang-benevoles\/"},"author":{"name":"Amicale Donneurs de Sang B\u00e9n\u00e9voles G\u00e9rardmer-Xonrupt-Li\u00e9zey","@id":"https:\/\/vosgesinfo.fr\/gerardmerinfo\/#\/schema\/person\/085bbc06ef933802c61f0d37bee72fb2"},"headline":"Assembl\u00e9e g\u00e9n\u00e9rale de l&rsquo;amicale des Donneurs de Sang B\u00e9n\u00e9voles","datePublished":"2018-03-21T13:46:52+00:00","dateModified":"2018-03-21T13:46:52+00:00","mainEntityOfPage":{"@id":"https:\/\/vosgesinfo.fr\/gerardmerinfo\/2018\/03\/assemblee-generale-de-lamicale-donneurs-de-sang-benevoles\/"},"wordCount":291,"commentCount":0,"publisher":{"@id":"https:\/\/vosgesinfo.fr\/gerardmerinfo\/#organization"},"image":{"@id":"https:\/\/vosgesinfo.fr\/gerardmerinfo\/2018\/03\/assemblee-generale-de-lamicale-donneurs-de-sang-benevoles\/#primaryimage"},"thumbnailUrl":"https:\/\/vosgesinfo.fr\/app\/uploads\/sites\/6\/2016\/05\/don-du-sang-5012.jpg","keywords":["don du sang"],"articleSection":["A la une","Sant\u00e9","Vie Associative"],"inLanguage":"fr-FR","potentialAction":[{"@type":"CommentAction","name":"Comment","target":["https:\/\/vosgesinfo.fr\/gerardmerinfo\/2018\/03\/assemblee-generale-de-lamicale-donneurs-de-sang-benevoles\/#respond"]}]},{"@type":"WebPage","@id":"https:\/\/vosgesinfo.fr\/gerardmerinfo\/2018\/03\/assemblee-generale-de-lamicale-donneurs-de-sang-benevoles\/","url":"https:\/\/vosgesinfo.fr\/gerardmerinfo\/2018\/03\/assemblee-generale-de-lamicale-donneurs-de-sang-benevoles\/","name":"Assembl\u00e9e g\u00e9n\u00e9rale de l'amicale des Donneurs de Sang B\u00e9n\u00e9voles - Gerardmer Info","isPartOf":{"@id":"https:\/\/vosgesinfo.fr\/gerardmerinfo\/#website"},"primaryImageOfPage":{"@id":"https:\/\/vosgesinfo.fr\/gerardmerinfo\/2018\/03\/assemblee-generale-de-lamicale-donneurs-de-sang-benevoles\/#primaryimage"},"image":{"@id":"https:\/\/vosgesinfo.fr\/gerardmerinfo\/2018\/03\/assemblee-generale-de-lamicale-donneurs-de-sang-benevoles\/#primaryimage"},"thumbnailUrl":"https:\/\/vosgesinfo.fr\/app\/uploads\/sites\/6\/2016\/05\/don-du-sang-5012.jpg","datePublished":"2018-03-21T13:46:52+00:00","dateModified":"2018-03-21T13:46:52+00:00","breadcrumb":{"@id":"https:\/\/vosgesinfo.fr\/gerardmerinfo\/2018\/03\/assemblee-generale-de-lamicale-donneurs-de-sang-benevoles\/#breadcrumb"},"inLanguage":"fr-FR","potentialAction":[{"@type":"ReadAction","target":["https:\/\/vosgesinfo.fr\/gerardmerinfo\/2018\/03\/assemblee-generale-de-lamicale-donneurs-de-sang-benevoles\/"]}]},{"@type":"ImageObject","inLanguage":"fr-FR","@id":"https:\/\/vosgesinfo.fr\/gerardmerinfo\/2018\/03\/assemblee-generale-de-lamicale-donneurs-de-sang-benevoles\/#primaryimage","url":"https:\/\/vosgesinfo.fr\/app\/uploads\/sites\/6\/2016\/05\/don-du-sang-5012.jpg","contentUrl":"https:\/\/vosgesinfo.fr\/app\/uploads\/sites\/6\/2016\/05\/don-du-sang-5012.jpg","width":1024,"height":616},{"@type":"BreadcrumbList","@id":"https:\/\/vosgesinfo.fr\/gerardmerinfo\/2018\/03\/assemblee-generale-de-lamicale-donneurs-de-sang-benevoles\/#breadcrumb","itemListElement":[{"@type":"ListItem","position":1,"name":"Home","item":"https:\/\/vosgesinfo.fr\/gerardmerinfo\/"},{"@type":"ListItem","position":2,"name":"Assembl\u00e9e g\u00e9n\u00e9rale de l&rsquo;amicale des Donneurs de Sang B\u00e9n\u00e9voles"}]},{"@type":"WebSite","@id":"https:\/\/vosgesinfo.fr\/gerardmerinfo\/#website","url":"https:\/\/vosgesinfo.fr\/gerardmerinfo\/","name":"Gerardmer Info","description":"Toute l&#039;actualit\u00e9 de G\u00e9rardmer","publisher":{"@id":"https:\/\/vosgesinfo.fr\/gerardmerinfo\/#organization"},"alternateName":"Toute l'actualit\u00e9 de G\u00e9rardmer","potentialAction":[{"@type":"SearchAction","target":{"@type":"EntryPoint","urlTemplate":"https:\/\/vosgesinfo.fr\/gerardmerinfo\/?s={search_term_string}"},"query-input":"required name=search_term_string"}],"inLanguage":"fr-FR"},{"@type":"Organization","@id":"https:\/\/vosgesinfo.fr\/gerardmerinfo\/#organization","name":"Gerardmer Info","url":"https:\/\/vosgesinfo.fr\/gerardmerinfo\/","logo":{"@type":"ImageObject","inLanguage":"fr-FR","@id":"https:\/\/vosgesinfo.fr\/gerardmerinfo\/#\/schema\/logo\/image\/","url":"https:\/\/vosgesinfo.fr\/app\/uploads\/sites\/6\/2023\/08\/favicon-gerardmerinfo.png","contentUrl":"https:\/\/vosgesinfo.fr\/app\/uploads\/sites\/6\/2023\/08\/favicon-gerardmerinfo.png","width":512,"height":512,"caption":"Gerardmer Info"},"image":{"@id":"https:\/\/vosgesinfo.fr\/gerardmerinfo\/#\/schema\/logo\/image\/"},"sameAs":["https:\/\/www.facebook.com\/profile.php?id=100049475262660","https:\/\/x.com\/VosgesInfo88","https:\/\/www.youtube.com\/@vosgesinfo"]},{"@type":"Person","@id":"https:\/\/vosgesinfo.fr\/gerardmerinfo\/#\/schema\/person\/085bbc06ef933802c61f0d37bee72fb2","name":"Amicale Donneurs de Sang B\u00e9n\u00e9voles G\u00e9rardmer-Xonrupt-Li\u00e9zey","image":{"@type":"ImageObject","inLanguage":"fr-FR","@id":"https:\/\/vosgesinfo.fr\/gerardmerinfo\/#\/schema\/person\/image\/","url":"https:\/\/secure.gravatar.com\/avatar\/342c0762847c6cae763c7832093aa8dac2211f46d2cf8d24cd012526583dbbb5?s=96&d=mm&r=g","contentUrl":"https:\/\/secure.gravatar.com\/avatar\/342c0762847c6cae763c7832093aa8dac2211f46d2cf8d24cd012526583dbbb5?s=96&d=mm&r=g","caption":"Amicale Donneurs de Sang B\u00e9n\u00e9voles G\u00e9rardmer-Xonrupt-Li\u00e9zey"},"url":"https:\/\/vosgesinfo.fr\/gerardmerinfo\/author\/adsbgxl\/"}]}},"_links":{"self":[{"href":"https:\/\/vosgesinfo.fr\/gerardmerinfo\/wp-json\/wp\/v2\/posts\/32816","targetHints":{"allow":["GET"]}}],"collection":[{"href":"https:\/\/vosgesinfo.fr\/gerardmerinfo\/wp-json\/wp\/v2\/posts"}],"about":[{"href":"https:\/\/vosgesinfo.fr\/gerardmerinfo\/wp-json\/wp\/v2\/types\/post"}],"author":[{"embeddable":true,"href":"https:\/\/vosgesinfo.fr\/gerardmerinfo\/wp-json\/wp\/v2\/users\/135"}],"replies":[{"embeddable":true,"href":"https:\/\/vosgesinfo.fr\/gerardmerinfo\/wp-json\/wp\/v2\/comments?post=32816"}],"version-history":[{"count":0,"href":"https:\/\/vosgesinfo.fr\/gerardmerinfo\/wp-json\/wp\/v2\/posts\/32816\/revisions"}],"wp:featuredmedia":[{"embeddable":true,"href":"https:\/\/vosgesinfo.fr\/gerardmerinfo\/wp-json\/wp\/v2\/media\/246"}],"wp:attachment":[{"href":"https:\/\/vosgesinfo.fr\/gerardmerinfo\/wp-json\/wp\/v2\/media?parent=32816"}],"wp:term":[{"taxonomy":"category","embeddable":true,"href":"https:\/\/vosgesinfo.fr\/gerardmerinfo\/wp-json\/wp\/v2\/categories?post=32816"},{"taxonomy":"post_tag","embeddable":true,"href":"https:\/\/vosgesinfo.fr\/gerardmerinfo\/wp-json\/wp\/v2\/tags?post=32816"}],"curies":[{"name":"wp","href":"https:\/\/api.w.org\/{rel}","templated":true}]}}