{"id":32844,"date":"2018-03-22T15:18:38","date_gmt":"2018-03-22T14:18:38","guid":{"rendered":"https:\/\/vosgesinfo.fr\/gerardmerinfo\/2018\/03\/y-a-174-ans-disparaissaient-cretes-marie-catherine-jean-baptiste\/"},"modified":"2018-03-22T15:18:38","modified_gmt":"2018-03-22T14:18:38","slug":"y-a-174-ans-disparaissaient-cretes-marie-catherine-jean-baptiste","status":"publish","type":"post","link":"https:\/\/vosgesinfo.fr\/gerardmerinfo\/2018\/03\/y-a-174-ans-disparaissaient-cretes-marie-catherine-jean-baptiste\/","title":{"rendered":"Il y a 174 ans disparaissaient sur les cr\u00eates Marie-Catherine et Jean-Baptiste"},"content":{"rendered":"<p><a href=\"http:\/\/gerardmerinfo.fr\/2018\/03\/y-a-174-ans-disparaissaient-cretes-marie-catherine-jean-baptiste\/croix_marchal_panneau\/\" rel=\"attachment wp-att-124586\"><img decoding=\"async\" class=\"aligncenter size-full wp-image-124586\" src=\"\/2018\/03\/croix_marchal_panneau.png\" alt=\"croix_marchal_panneau\" width=\"800\" height=\"603\" \/><\/a>Marie-Catherine et Jean-Baptiste deux pr\u00e9noms qui r\u00e9sonnent dans la longue histoire de la ligne de cr\u00eate. Et forc\u00e9ment Pierre Marie David, grand sp\u00e9cialiste des lieux, membre actif de l\u2019association NIV&rsquo;o.s.e.\u00a0 pour les observations et le suivi de l&rsquo;enneigement\u00a0 a une pens\u00e9e \u00e9mue pour ses jeunes valtinois ( habitant du Valtin ) disparus dans la neige le 11 mars 1844 au lieudit du Tanet. Il ne reste que peu de chose de ce fait divers, seul un panneau sur le bord du chemin illustre la disparition des jeunes\u00a0 Marchal \u00e2g\u00e9s de 21 et 14 ans qui revenaient d\u2019Alsace par le col. Alors, Pierre Marie David se devait de rappeler que les conditions m\u00e9t\u00e9o de mars sont parfois tr\u00e8s difficiles et que les temp\u00eates du m\u00eame mois sur les cr\u00eates notamment\u00a0 sont redoutables.<\/p>\n<p>Note : l&rsquo;histoire est parfaitement relat\u00e9e dans ce livre \u00ab\u00a0Au pays des marcaires\u00a0\u00bb de Victor Lalev\u00e9e &#8211; Fraize &#8211; Ren\u00e9 Fleurent \u00e9d. 1950&#8230;sans aucun doute \u00e9puis\u00e9 \u00e0 ce jour !<\/p>\n<p><a href=\"http:\/\/gerardmerinfo.fr\/2018\/03\/y-a-174-ans-disparaissaient-cretes-marie-catherine-jean-baptiste\/croix_marchal_neige2\/\" rel=\"attachment wp-att-124588\"><img decoding=\"async\" class=\"aligncenter size-full wp-image-124588\" src=\"\/2018\/03\/croix_marchal_neige2.png\" alt=\"croix_marchal_neige2\" width=\"800\" height=\"558\" \/><\/a><\/p>\n","protected":false},"excerpt":{"rendered":"<p>Marie-Catherine et Jean-Baptiste deux pr\u00e9noms qui r\u00e9sonnent dans la longue histoire de la ligne de cr\u00eate. Et forc\u00e9ment Pierre Marie [&hellip;]<\/p>\n","protected":false},"author":1,"featured_media":32845,"comment_status":"open","ping_status":"open","sticky":false,"template":"","format":"standard","meta":{"footnotes":""},"categories":[20],"tags":[],"class_list":["post-32844","post","type-post","status-publish","format-standard","has-post-thumbnail","hentry","category-a-la-une"],"acf":[],"yoast_head":"<!-- This site is optimized with the Yoast SEO plugin v22.5 - https:\/\/yoast.com\/wordpress\/plugins\/seo\/ -->\n<title>Il y a 174 ans disparaissaient sur les cr\u00eates Marie-Catherine et Jean-Baptiste - Gerardmer Info<\/title>\n<meta name=\"robots\" content=\"index, follow, max-snippet:-1, max-image-preview:large, max-video-preview:-1\" \/>\n<link rel=\"canonical\" href=\"https:\/\/vosgesinfo.fr\/gerardmerinfo\/2018\/03\/y-a-174-ans-disparaissaient-cretes-marie-catherine-jean-baptiste\/\" \/>\n<meta name=\"twitter:card\" content=\"summary_large_image\" \/>\n<meta name=\"twitter:title\" content=\"Il y a 174 ans disparaissaient sur les cr\u00eates Marie-Catherine et Jean-Baptiste - Gerardmer Info\" \/>\n<meta name=\"twitter:description\" content=\"Marie-Catherine et Jean-Baptiste deux pr\u00e9noms qui r\u00e9sonnent dans la longue histoire de la ligne de cr\u00eate. Et forc\u00e9ment Pierre Marie [&hellip;]\" \/>\n<meta name=\"twitter:image\" content=\"https:\/\/vosgesinfo.fr\/app\/uploads\/sites\/6\/2024\/07\/201803croix-marchal-panneau.png\" \/>\n<meta name=\"twitter:creator\" content=\"@VosgesInfo88\" \/>\n<meta name=\"twitter:site\" content=\"@VosgesInfo88\" \/>\n<meta name=\"twitter:label1\" content=\"\u00c9crit par\" \/>\n\t<meta name=\"twitter:data1\" content=\"qs_admin\" \/>\n\t<meta name=\"twitter:label2\" content=\"Dur\u00e9e de lecture estim\u00e9e\" \/>\n\t<meta name=\"twitter:data2\" content=\"1 minute\" \/>\n<script type=\"application\/ld+json\" class=\"yoast-schema-graph\">{\"@context\":\"https:\/\/schema.org\",\"@graph\":[{\"@type\":\"Article\",\"@id\":\"https:\/\/vosgesinfo.fr\/gerardmerinfo\/2018\/03\/y-a-174-ans-disparaissaient-cretes-marie-catherine-jean-baptiste\/#article\",\"isPartOf\":{\"@id\":\"https:\/\/vosgesinfo.fr\/gerardmerinfo\/2018\/03\/y-a-174-ans-disparaissaient-cretes-marie-catherine-jean-baptiste\/\"},\"author\":{\"name\":\"qs_admin\",\"@id\":\"https:\/\/vosgesinfo.fr\/gerardmerinfo\/#\/schema\/person\/bc5d02d71e6932e81b6dadb7386667b1\"},\"headline\":\"Il y a 174 ans disparaissaient sur les cr\u00eates Marie-Catherine et Jean-Baptiste\",\"datePublished\":\"2018-03-22T14:18:38+00:00\",\"dateModified\":\"2018-03-22T14:18:38+00:00\",\"mainEntityOfPage\":{\"@id\":\"https:\/\/vosgesinfo.fr\/gerardmerinfo\/2018\/03\/y-a-174-ans-disparaissaient-cretes-marie-catherine-jean-baptiste\/\"},\"wordCount\":186,\"commentCount\":0,\"publisher\":{\"@id\":\"https:\/\/vosgesinfo.fr\/gerardmerinfo\/#organization\"},\"image\":{\"@id\":\"https:\/\/vosgesinfo.fr\/gerardmerinfo\/2018\/03\/y-a-174-ans-disparaissaient-cretes-marie-catherine-jean-baptiste\/#primaryimage\"},\"thumbnailUrl\":\"https:\/\/vosgesinfo.fr\/app\/uploads\/sites\/6\/2024\/07\/201803croix-marchal-panneau.png\",\"articleSection\":[\"A la une\"],\"inLanguage\":\"fr-FR\",\"potentialAction\":[{\"@type\":\"CommentAction\",\"name\":\"Comment\",\"target\":[\"https:\/\/vosgesinfo.fr\/gerardmerinfo\/2018\/03\/y-a-174-ans-disparaissaient-cretes-marie-catherine-jean-baptiste\/#respond\"]}]},{\"@type\":\"WebPage\",\"@id\":\"https:\/\/vosgesinfo.fr\/gerardmerinfo\/2018\/03\/y-a-174-ans-disparaissaient-cretes-marie-catherine-jean-baptiste\/\",\"url\":\"https:\/\/vosgesinfo.fr\/gerardmerinfo\/2018\/03\/y-a-174-ans-disparaissaient-cretes-marie-catherine-jean-baptiste\/\",\"name\":\"Il y a 174 ans disparaissaient sur les cr\u00eates Marie-Catherine et Jean-Baptiste - Gerardmer Info\",\"isPartOf\":{\"@id\":\"https:\/\/vosgesinfo.fr\/gerardmerinfo\/#website\"},\"primaryImageOfPage\":{\"@id\":\"https:\/\/vosgesinfo.fr\/gerardmerinfo\/2018\/03\/y-a-174-ans-disparaissaient-cretes-marie-catherine-jean-baptiste\/#primaryimage\"},\"image\":{\"@id\":\"https:\/\/vosgesinfo.fr\/gerardmerinfo\/2018\/03\/y-a-174-ans-disparaissaient-cretes-marie-catherine-jean-baptiste\/#primaryimage\"},\"thumbnailUrl\":\"https:\/\/vosgesinfo.fr\/app\/uploads\/sites\/6\/2024\/07\/201803croix-marchal-panneau.png\",\"datePublished\":\"2018-03-22T14:18:38+00:00\",\"dateModified\":\"2018-03-22T14:18:38+00:00\",\"breadcrumb\":{\"@id\":\"https:\/\/vosgesinfo.fr\/gerardmerinfo\/2018\/03\/y-a-174-ans-disparaissaient-cretes-marie-catherine-jean-baptiste\/#breadcrumb\"},\"inLanguage\":\"fr-FR\",\"potentialAction\":[{\"@type\":\"ReadAction\",\"target\":[\"https:\/\/vosgesinfo.fr\/gerardmerinfo\/2018\/03\/y-a-174-ans-disparaissaient-cretes-marie-catherine-jean-baptiste\/\"]}]},{\"@type\":\"ImageObject\",\"inLanguage\":\"fr-FR\",\"@id\":\"https:\/\/vosgesinfo.fr\/gerardmerinfo\/2018\/03\/y-a-174-ans-disparaissaient-cretes-marie-catherine-jean-baptiste\/#primaryimage\",\"url\":\"https:\/\/vosgesinfo.fr\/app\/uploads\/sites\/6\/2024\/07\/201803croix-marchal-panneau.png\",\"contentUrl\":\"https:\/\/vosgesinfo.fr\/app\/uploads\/sites\/6\/2024\/07\/201803croix-marchal-panneau.png\",\"width\":800,\"height\":603},{\"@type\":\"BreadcrumbList\",\"@id\":\"https:\/\/vosgesinfo.fr\/gerardmerinfo\/2018\/03\/y-a-174-ans-disparaissaient-cretes-marie-catherine-jean-baptiste\/#breadcrumb\",\"itemListElement\":[{\"@type\":\"ListItem\",\"position\":1,\"name\":\"Home\",\"item\":\"https:\/\/vosgesinfo.fr\/gerardmerinfo\/\"},{\"@type\":\"ListItem\",\"position\":2,\"name\":\"Il y a 174 ans disparaissaient sur les cr\u00eates Marie-Catherine et Jean-Baptiste\"}]},{\"@type\":\"WebSite\",\"@id\":\"https:\/\/vosgesinfo.fr\/gerardmerinfo\/#website\",\"url\":\"https:\/\/vosgesinfo.fr\/gerardmerinfo\/\",\"name\":\"Gerardmer Info\",\"description\":\"Toute l&#039;actualit\u00e9 de G\u00e9rardmer\",\"publisher\":{\"@id\":\"https:\/\/vosgesinfo.fr\/gerardmerinfo\/#organization\"},\"alternateName\":\"Toute l'actualit\u00e9 de G\u00e9rardmer\",\"potentialAction\":[{\"@type\":\"SearchAction\",\"target\":{\"@type\":\"EntryPoint\",\"urlTemplate\":\"https:\/\/vosgesinfo.fr\/gerardmerinfo\/?s={search_term_string}\"},\"query-input\":\"required name=search_term_string\"}],\"inLanguage\":\"fr-FR\"},{\"@type\":\"Organization\",\"@id\":\"https:\/\/vosgesinfo.fr\/gerardmerinfo\/#organization\",\"name\":\"Gerardmer Info\",\"url\":\"https:\/\/vosgesinfo.fr\/gerardmerinfo\/\",\"logo\":{\"@type\":\"ImageObject\",\"inLanguage\":\"fr-FR\",\"@id\":\"https:\/\/vosgesinfo.fr\/gerardmerinfo\/#\/schema\/logo\/image\/\",\"url\":\"https:\/\/vosgesinfo.fr\/app\/uploads\/sites\/6\/2023\/08\/favicon-gerardmerinfo.png\",\"contentUrl\":\"https:\/\/vosgesinfo.fr\/app\/uploads\/sites\/6\/2023\/08\/favicon-gerardmerinfo.png\",\"width\":512,\"height\":512,\"caption\":\"Gerardmer Info\"},\"image\":{\"@id\":\"https:\/\/vosgesinfo.fr\/gerardmerinfo\/#\/schema\/logo\/image\/\"},\"sameAs\":[\"https:\/\/www.facebook.com\/profile.php?id=100049475262660\",\"https:\/\/x.com\/VosgesInfo88\",\"https:\/\/www.youtube.com\/@vosgesinfo\"]},{\"@type\":\"Person\",\"@id\":\"https:\/\/vosgesinfo.fr\/gerardmerinfo\/#\/schema\/person\/bc5d02d71e6932e81b6dadb7386667b1\",\"name\":\"qs_admin\",\"image\":{\"@type\":\"ImageObject\",\"inLanguage\":\"fr-FR\",\"@id\":\"https:\/\/vosgesinfo.fr\/gerardmerinfo\/#\/schema\/person\/image\/\",\"url\":\"https:\/\/secure.gravatar.com\/avatar\/94b18ee0ed79e4a42ea2f2931277b6841a8999fc6fde214600c78057cf1fe1de?s=96&d=mm&r=g\",\"contentUrl\":\"https:\/\/secure.gravatar.com\/avatar\/94b18ee0ed79e4a42ea2f2931277b6841a8999fc6fde214600c78057cf1fe1de?s=96&d=mm&r=g\",\"caption\":\"qs_admin\"},\"sameAs\":[\"https:\/\/vosgesinfo.fr\/wp\"],\"url\":\"https:\/\/vosgesinfo.fr\/gerardmerinfo\/author\/qs_admin\/\"}]}<\/script>\n<!-- \/ Yoast SEO plugin. -->","yoast_head_json":{"title":"Il y a 174 ans disparaissaient sur les cr\u00eates Marie-Catherine et Jean-Baptiste - Gerardmer Info","robots":{"index":"index","follow":"follow","max-snippet":"max-snippet:-1","max-image-preview":"max-image-preview:large","max-video-preview":"max-video-preview:-1"},"canonical":"https:\/\/vosgesinfo.fr\/gerardmerinfo\/2018\/03\/y-a-174-ans-disparaissaient-cretes-marie-catherine-jean-baptiste\/","twitter_card":"summary_large_image","twitter_title":"Il y a 174 ans disparaissaient sur les cr\u00eates Marie-Catherine et Jean-Baptiste - Gerardmer Info","twitter_description":"Marie-Catherine et Jean-Baptiste deux pr\u00e9noms qui r\u00e9sonnent dans la longue histoire de la ligne de cr\u00eate. Et forc\u00e9ment Pierre Marie [&hellip;]","twitter_image":"https:\/\/vosgesinfo.fr\/app\/uploads\/sites\/6\/2024\/07\/201803croix-marchal-panneau.png","twitter_creator":"@VosgesInfo88","twitter_site":"@VosgesInfo88","twitter_misc":{"\u00c9crit par":"qs_admin","Dur\u00e9e de lecture estim\u00e9e":"1 minute"},"schema":{"@context":"https:\/\/schema.org","@graph":[{"@type":"Article","@id":"https:\/\/vosgesinfo.fr\/gerardmerinfo\/2018\/03\/y-a-174-ans-disparaissaient-cretes-marie-catherine-jean-baptiste\/#article","isPartOf":{"@id":"https:\/\/vosgesinfo.fr\/gerardmerinfo\/2018\/03\/y-a-174-ans-disparaissaient-cretes-marie-catherine-jean-baptiste\/"},"author":{"name":"qs_admin","@id":"https:\/\/vosgesinfo.fr\/gerardmerinfo\/#\/schema\/person\/bc5d02d71e6932e81b6dadb7386667b1"},"headline":"Il y a 174 ans disparaissaient sur les cr\u00eates Marie-Catherine et Jean-Baptiste","datePublished":"2018-03-22T14:18:38+00:00","dateModified":"2018-03-22T14:18:38+00:00","mainEntityOfPage":{"@id":"https:\/\/vosgesinfo.fr\/gerardmerinfo\/2018\/03\/y-a-174-ans-disparaissaient-cretes-marie-catherine-jean-baptiste\/"},"wordCount":186,"commentCount":0,"publisher":{"@id":"https:\/\/vosgesinfo.fr\/gerardmerinfo\/#organization"},"image":{"@id":"https:\/\/vosgesinfo.fr\/gerardmerinfo\/2018\/03\/y-a-174-ans-disparaissaient-cretes-marie-catherine-jean-baptiste\/#primaryimage"},"thumbnailUrl":"https:\/\/vosgesinfo.fr\/app\/uploads\/sites\/6\/2024\/07\/201803croix-marchal-panneau.png","articleSection":["A la une"],"inLanguage":"fr-FR","potentialAction":[{"@type":"CommentAction","name":"Comment","target":["https:\/\/vosgesinfo.fr\/gerardmerinfo\/2018\/03\/y-a-174-ans-disparaissaient-cretes-marie-catherine-jean-baptiste\/#respond"]}]},{"@type":"WebPage","@id":"https:\/\/vosgesinfo.fr\/gerardmerinfo\/2018\/03\/y-a-174-ans-disparaissaient-cretes-marie-catherine-jean-baptiste\/","url":"https:\/\/vosgesinfo.fr\/gerardmerinfo\/2018\/03\/y-a-174-ans-disparaissaient-cretes-marie-catherine-jean-baptiste\/","name":"Il y a 174 ans disparaissaient sur les cr\u00eates Marie-Catherine et Jean-Baptiste - Gerardmer Info","isPartOf":{"@id":"https:\/\/vosgesinfo.fr\/gerardmerinfo\/#website"},"primaryImageOfPage":{"@id":"https:\/\/vosgesinfo.fr\/gerardmerinfo\/2018\/03\/y-a-174-ans-disparaissaient-cretes-marie-catherine-jean-baptiste\/#primaryimage"},"image":{"@id":"https:\/\/vosgesinfo.fr\/gerardmerinfo\/2018\/03\/y-a-174-ans-disparaissaient-cretes-marie-catherine-jean-baptiste\/#primaryimage"},"thumbnailUrl":"https:\/\/vosgesinfo.fr\/app\/uploads\/sites\/6\/2024\/07\/201803croix-marchal-panneau.png","datePublished":"2018-03-22T14:18:38+00:00","dateModified":"2018-03-22T14:18:38+00:00","breadcrumb":{"@id":"https:\/\/vosgesinfo.fr\/gerardmerinfo\/2018\/03\/y-a-174-ans-disparaissaient-cretes-marie-catherine-jean-baptiste\/#breadcrumb"},"inLanguage":"fr-FR","potentialAction":[{"@type":"ReadAction","target":["https:\/\/vosgesinfo.fr\/gerardmerinfo\/2018\/03\/y-a-174-ans-disparaissaient-cretes-marie-catherine-jean-baptiste\/"]}]},{"@type":"ImageObject","inLanguage":"fr-FR","@id":"https:\/\/vosgesinfo.fr\/gerardmerinfo\/2018\/03\/y-a-174-ans-disparaissaient-cretes-marie-catherine-jean-baptiste\/#primaryimage","url":"https:\/\/vosgesinfo.fr\/app\/uploads\/sites\/6\/2024\/07\/201803croix-marchal-panneau.png","contentUrl":"https:\/\/vosgesinfo.fr\/app\/uploads\/sites\/6\/2024\/07\/201803croix-marchal-panneau.png","width":800,"height":603},{"@type":"BreadcrumbList","@id":"https:\/\/vosgesinfo.fr\/gerardmerinfo\/2018\/03\/y-a-174-ans-disparaissaient-cretes-marie-catherine-jean-baptiste\/#breadcrumb","itemListElement":[{"@type":"ListItem","position":1,"name":"Home","item":"https:\/\/vosgesinfo.fr\/gerardmerinfo\/"},{"@type":"ListItem","position":2,"name":"Il y a 174 ans disparaissaient sur les cr\u00eates Marie-Catherine et Jean-Baptiste"}]},{"@type":"WebSite","@id":"https:\/\/vosgesinfo.fr\/gerardmerinfo\/#website","url":"https:\/\/vosgesinfo.fr\/gerardmerinfo\/","name":"Gerardmer Info","description":"Toute l&#039;actualit\u00e9 de G\u00e9rardmer","publisher":{"@id":"https:\/\/vosgesinfo.fr\/gerardmerinfo\/#organization"},"alternateName":"Toute l'actualit\u00e9 de G\u00e9rardmer","potentialAction":[{"@type":"SearchAction","target":{"@type":"EntryPoint","urlTemplate":"https:\/\/vosgesinfo.fr\/gerardmerinfo\/?s={search_term_string}"},"query-input":"required name=search_term_string"}],"inLanguage":"fr-FR"},{"@type":"Organization","@id":"https:\/\/vosgesinfo.fr\/gerardmerinfo\/#organization","name":"Gerardmer Info","url":"https:\/\/vosgesinfo.fr\/gerardmerinfo\/","logo":{"@type":"ImageObject","inLanguage":"fr-FR","@id":"https:\/\/vosgesinfo.fr\/gerardmerinfo\/#\/schema\/logo\/image\/","url":"https:\/\/vosgesinfo.fr\/app\/uploads\/sites\/6\/2023\/08\/favicon-gerardmerinfo.png","contentUrl":"https:\/\/vosgesinfo.fr\/app\/uploads\/sites\/6\/2023\/08\/favicon-gerardmerinfo.png","width":512,"height":512,"caption":"Gerardmer Info"},"image":{"@id":"https:\/\/vosgesinfo.fr\/gerardmerinfo\/#\/schema\/logo\/image\/"},"sameAs":["https:\/\/www.facebook.com\/profile.php?id=100049475262660","https:\/\/x.com\/VosgesInfo88","https:\/\/www.youtube.com\/@vosgesinfo"]},{"@type":"Person","@id":"https:\/\/vosgesinfo.fr\/gerardmerinfo\/#\/schema\/person\/bc5d02d71e6932e81b6dadb7386667b1","name":"qs_admin","image":{"@type":"ImageObject","inLanguage":"fr-FR","@id":"https:\/\/vosgesinfo.fr\/gerardmerinfo\/#\/schema\/person\/image\/","url":"https:\/\/secure.gravatar.com\/avatar\/94b18ee0ed79e4a42ea2f2931277b6841a8999fc6fde214600c78057cf1fe1de?s=96&d=mm&r=g","contentUrl":"https:\/\/secure.gravatar.com\/avatar\/94b18ee0ed79e4a42ea2f2931277b6841a8999fc6fde214600c78057cf1fe1de?s=96&d=mm&r=g","caption":"qs_admin"},"sameAs":["https:\/\/vosgesinfo.fr\/wp"],"url":"https:\/\/vosgesinfo.fr\/gerardmerinfo\/author\/qs_admin\/"}]}},"_links":{"self":[{"href":"https:\/\/vosgesinfo.fr\/gerardmerinfo\/wp-json\/wp\/v2\/posts\/32844","targetHints":{"allow":["GET"]}}],"collection":[{"href":"https:\/\/vosgesinfo.fr\/gerardmerinfo\/wp-json\/wp\/v2\/posts"}],"about":[{"href":"https:\/\/vosgesinfo.fr\/gerardmerinfo\/wp-json\/wp\/v2\/types\/post"}],"author":[{"embeddable":true,"href":"https:\/\/vosgesinfo.fr\/gerardmerinfo\/wp-json\/wp\/v2\/users\/1"}],"replies":[{"embeddable":true,"href":"https:\/\/vosgesinfo.fr\/gerardmerinfo\/wp-json\/wp\/v2\/comments?post=32844"}],"version-history":[{"count":0,"href":"https:\/\/vosgesinfo.fr\/gerardmerinfo\/wp-json\/wp\/v2\/posts\/32844\/revisions"}],"wp:featuredmedia":[{"embeddable":true,"href":"https:\/\/vosgesinfo.fr\/gerardmerinfo\/wp-json\/wp\/v2\/media\/32845"}],"wp:attachment":[{"href":"https:\/\/vosgesinfo.fr\/gerardmerinfo\/wp-json\/wp\/v2\/media?parent=32844"}],"wp:term":[{"taxonomy":"category","embeddable":true,"href":"https:\/\/vosgesinfo.fr\/gerardmerinfo\/wp-json\/wp\/v2\/categories?post=32844"},{"taxonomy":"post_tag","embeddable":true,"href":"https:\/\/vosgesinfo.fr\/gerardmerinfo\/wp-json\/wp\/v2\/tags?post=32844"}],"curies":[{"name":"wp","href":"https:\/\/api.w.org\/{rel}","templated":true}]}}