{"id":32965,"date":"2018-03-27T15:19:50","date_gmt":"2018-03-27T13:19:50","guid":{"rendered":"https:\/\/vosgesinfo.fr\/gerardmerinfo\/2018\/03\/gerardmer-ski-alpin-1er-club-classement-final-coupes-de-lorraine\/"},"modified":"2018-03-27T15:19:50","modified_gmt":"2018-03-27T13:19:50","slug":"gerardmer-ski-alpin-1er-club-classement-final-coupes-de-lorraine","status":"publish","type":"post","link":"https:\/\/vosgesinfo.fr\/gerardmerinfo\/2018\/03\/gerardmer-ski-alpin-1er-club-classement-final-coupes-de-lorraine\/","title":{"rendered":"G\u00e9rardmer Ski Alpin, 1er club au classement final des coupes de Lorraine !"},"content":{"rendered":"\n<h2><span style=\"font-size: 12pt;\">Tr\u00e8s belle journ\u00e9e ce dimanche pour finir la saison\u2026 24 jeunes g\u00e9r\u00f4mois des cat\u00e9gories U8 \u00e0 U14 ont particip\u00e9 \u00e0 la derni\u00e8re coupe de Bronze de l\u2019ann\u00e9e, au Ballon d\u2019Alsace.<\/span><\/h2>\n<p>Sous forme d\u2019un combirace, parcours ludique, m\u00e9lange de g\u00e9ant et slalom, les jeunes ont couru sur 3 manches. Une des principales difficult\u00e9s du trac\u00e9 r\u00e9sidait dans le passage des portes de g\u00e9ant \u00e0 celles du slalom. Apr\u00e8s de longues courbes, il fallait bien anticiper pour resserrer ses virages dans les temps.<\/p>\n<p>Les jeunes ont encore bien repr\u00e9sent\u00e9 leur club ! Soizig HUBSCHI, ind\u00e9tr\u00f4nable, monte sur la premi\u00e8re marche du podium chez les U10 filles ! Salom\u00e9 LEMARQUIS fait de m\u00eame chez les U12 filles, suivie de Paula OUDOT 2\u00e8me, Louise GUERY est 7\u00e8me, Romane DOUISSARD 8\u00e8me. Chez les U14 filles, Loane BEAUSIRE d\u00e9croche la 1\u00e8re place ! Suivie de Valentine CHIPOT 2\u00e8me, Cl\u00e9o LEMAIRE est 6\u00e8me, Anna COMINOTTI 7\u00e8me. Chez les gar\u00e7ons, tr\u00e8s belles places des fr\u00e8res TOMAS : Enzo est 1er des U8, Hugo 2\u00e8me, Lubin HUBSCHI d\u00e9croche la 4\u00e8me place et Gabriel LIMAUX la 5\u00e8me. Chez les U10, L\u00e9o TOMAS est 1er ! Achille GUERY 3\u00e8me, F\u00e9lix SUIRE 4\u00e8me et Eliot LEMAIRE 8\u00e8me. Belle 2\u00e8me place pour Samuel LIMAUX chez les U12, Lorenzo COMINOTTI est 5\u00e8me, suivi de Leny BREUSCH 6\u00e8me. Chez les U14, Anatole SUIRE est 9\u00e8me et Louis GEGOUT 11\u00e8me.<\/p>\n<p>L\u2019ambiance \u00e9tait festive sur la station : barbecue, bar \u00e0 neige, bordercross avec waterslide ! (passage en ski sur une piscine !). Les jeunes se sont bien amus\u00e9s, si certains ont pass\u00e9 la piscine avec brio, d\u2019autres n\u2019ont pas go\u00fbt\u00e9 qu\u2019aux joies de la neige mais aussi \u00e0 celles de l\u2019eau !<\/p>\n<p>Suite \u00e0 la remise des prix, r\u00e9compensant les 3 premiers de chaque cat\u00e9gorie sur les 2 premi\u00e8res manches, les premiers de chaque cat\u00e9gorie sur la 3\u00e8me manche ont \u00e9galement \u00e9t\u00e9 r\u00e9compens\u00e9s\u2026 Et sur 7 cat\u00e9gories repr\u00e9sent\u00e9es, il n\u2019y avait pas moins de 6 g\u00e9r\u00f4mois class\u00e9s en premi\u00e8re place ! (Bravo \u00e0 Soizig HUBSCHI, Salom\u00e9 LEMARQUIS, Valentine CHIPOT, Enzo TOMAS, L\u00e9o TOMAS et Samuel LIMAUX !)<\/p>\n<p>Enfin, la journ\u00e9e s\u2019est cl\u00f4tur\u00e9e par le palmar\u00e8s du challenge Claude TRIGNAU, coupe de Lorraine 2018, r\u00e9compensant tous les comp\u00e9titeurs ayant couru sur les courses Coupe de Bronze. Encore un tr\u00e8s beau classement des g\u00e9r\u00f4mois dans chaque cat\u00e9gorie, qui permet de rapporter au club de G\u00e9rardmer Ski Alpin la premi\u00e8re place au classement des clubs de Lorraine !<\/p>\n<p>Le m\u00eame jour au Markstein, 4 g\u00e9r\u00f4moises couraient sur un Grand Prix en slalom, de beaux r\u00e9sultats pour elles \u00e9galement : Lison KEMPF est 1\u00e8re U16, Carla COMINOTTI 3\u00e8me, Eug\u00e9nie MANDRA 4\u00e8me, chez les U18 Margot HOCQUAUX d\u00e9croche une nouvelle fois la 1\u00e8re place !<\/p>\n<p>Un grand bravo \u00e0 tous les comp\u00e9titeurs pour leur courage et leurs performances tout au long de la saison ! Et \u00e0 l\u2019ann\u00e9e prochaine pour de nouveaux exploits !<\/p>\n<p>Caroline Cominotti pour l\u2019AS G\u00e9rardmer Ski Alpin<\/p>\n","protected":false},"excerpt":{"rendered":"<p>Tr\u00e8s belle journ\u00e9e ce dimanche pour finir la saison\u2026 24 jeunes g\u00e9r\u00f4mois des cat\u00e9gories U8 \u00e0 U14 ont particip\u00e9 \u00e0 [&hellip;]<\/p>\n","protected":false},"author":1,"featured_media":32966,"comment_status":"open","ping_status":"open","sticky":false,"template":"","format":"standard","meta":{"footnotes":""},"categories":[20,14],"tags":[158],"class_list":["post-32965","post","type-post","status-publish","format-standard","has-post-thumbnail","hentry","category-a-la-une","category-sport","tag-asg-ski-alpin"],"acf":[],"yoast_head":"<!-- This site is optimized with the Yoast SEO plugin v22.5 - https:\/\/yoast.com\/wordpress\/plugins\/seo\/ -->\n<title>G\u00e9rardmer Ski Alpin, 1er club au classement final des coupes de Lorraine ! - Gerardmer Info<\/title>\n<meta name=\"robots\" content=\"index, follow, max-snippet:-1, max-image-preview:large, max-video-preview:-1\" \/>\n<link rel=\"canonical\" href=\"https:\/\/vosgesinfo.fr\/gerardmerinfo\/2018\/03\/gerardmer-ski-alpin-1er-club-classement-final-coupes-de-lorraine\/\" \/>\n<meta name=\"twitter:card\" content=\"summary_large_image\" \/>\n<meta name=\"twitter:title\" content=\"G\u00e9rardmer Ski Alpin, 1er club au classement final des coupes de Lorraine ! - Gerardmer Info\" \/>\n<meta name=\"twitter:description\" content=\"Tr\u00e8s belle journ\u00e9e ce dimanche pour finir la saison\u2026 24 jeunes g\u00e9r\u00f4mois des cat\u00e9gories U8 \u00e0 U14 ont particip\u00e9 \u00e0 [&hellip;]\" \/>\n<meta name=\"twitter:image\" content=\"https:\/\/vosgesinfo.fr\/app\/uploads\/sites\/6\/2024\/07\/2018034-filles-markstein.jpg\" \/>\n<meta name=\"twitter:creator\" content=\"@VosgesInfo88\" \/>\n<meta name=\"twitter:site\" content=\"@VosgesInfo88\" \/>\n<meta name=\"twitter:label1\" content=\"\u00c9crit par\" \/>\n\t<meta name=\"twitter:data1\" content=\"qs_admin\" \/>\n\t<meta name=\"twitter:label2\" content=\"Dur\u00e9e de lecture estim\u00e9e\" \/>\n\t<meta name=\"twitter:data2\" content=\"3 minutes\" \/>\n<script type=\"application\/ld+json\" class=\"yoast-schema-graph\">{\"@context\":\"https:\/\/schema.org\",\"@graph\":[{\"@type\":\"Article\",\"@id\":\"https:\/\/vosgesinfo.fr\/gerardmerinfo\/2018\/03\/gerardmer-ski-alpin-1er-club-classement-final-coupes-de-lorraine\/#article\",\"isPartOf\":{\"@id\":\"https:\/\/vosgesinfo.fr\/gerardmerinfo\/2018\/03\/gerardmer-ski-alpin-1er-club-classement-final-coupes-de-lorraine\/\"},\"author\":{\"name\":\"qs_admin\",\"@id\":\"https:\/\/vosgesinfo.fr\/gerardmerinfo\/#\/schema\/person\/bc5d02d71e6932e81b6dadb7386667b1\"},\"headline\":\"G\u00e9rardmer Ski Alpin, 1er club au classement final des coupes de Lorraine !\",\"datePublished\":\"2018-03-27T13:19:50+00:00\",\"dateModified\":\"2018-03-27T13:19:50+00:00\",\"mainEntityOfPage\":{\"@id\":\"https:\/\/vosgesinfo.fr\/gerardmerinfo\/2018\/03\/gerardmer-ski-alpin-1er-club-classement-final-coupes-de-lorraine\/\"},\"wordCount\":543,\"commentCount\":0,\"publisher\":{\"@id\":\"https:\/\/vosgesinfo.fr\/gerardmerinfo\/#organization\"},\"image\":{\"@id\":\"https:\/\/vosgesinfo.fr\/gerardmerinfo\/2018\/03\/gerardmer-ski-alpin-1er-club-classement-final-coupes-de-lorraine\/#primaryimage\"},\"thumbnailUrl\":\"https:\/\/vosgesinfo.fr\/app\/uploads\/sites\/6\/2024\/07\/2018034-filles-markstein.jpg\",\"keywords\":[\"asg ski alpin\"],\"articleSection\":[\"A la une\",\"Sport\"],\"inLanguage\":\"fr-FR\",\"potentialAction\":[{\"@type\":\"CommentAction\",\"name\":\"Comment\",\"target\":[\"https:\/\/vosgesinfo.fr\/gerardmerinfo\/2018\/03\/gerardmer-ski-alpin-1er-club-classement-final-coupes-de-lorraine\/#respond\"]}]},{\"@type\":\"WebPage\",\"@id\":\"https:\/\/vosgesinfo.fr\/gerardmerinfo\/2018\/03\/gerardmer-ski-alpin-1er-club-classement-final-coupes-de-lorraine\/\",\"url\":\"https:\/\/vosgesinfo.fr\/gerardmerinfo\/2018\/03\/gerardmer-ski-alpin-1er-club-classement-final-coupes-de-lorraine\/\",\"name\":\"G\u00e9rardmer Ski Alpin, 1er club au classement final des coupes de Lorraine ! - Gerardmer Info\",\"isPartOf\":{\"@id\":\"https:\/\/vosgesinfo.fr\/gerardmerinfo\/#website\"},\"primaryImageOfPage\":{\"@id\":\"https:\/\/vosgesinfo.fr\/gerardmerinfo\/2018\/03\/gerardmer-ski-alpin-1er-club-classement-final-coupes-de-lorraine\/#primaryimage\"},\"image\":{\"@id\":\"https:\/\/vosgesinfo.fr\/gerardmerinfo\/2018\/03\/gerardmer-ski-alpin-1er-club-classement-final-coupes-de-lorraine\/#primaryimage\"},\"thumbnailUrl\":\"https:\/\/vosgesinfo.fr\/app\/uploads\/sites\/6\/2024\/07\/2018034-filles-markstein.jpg\",\"datePublished\":\"2018-03-27T13:19:50+00:00\",\"dateModified\":\"2018-03-27T13:19:50+00:00\",\"breadcrumb\":{\"@id\":\"https:\/\/vosgesinfo.fr\/gerardmerinfo\/2018\/03\/gerardmer-ski-alpin-1er-club-classement-final-coupes-de-lorraine\/#breadcrumb\"},\"inLanguage\":\"fr-FR\",\"potentialAction\":[{\"@type\":\"ReadAction\",\"target\":[\"https:\/\/vosgesinfo.fr\/gerardmerinfo\/2018\/03\/gerardmer-ski-alpin-1er-club-classement-final-coupes-de-lorraine\/\"]}]},{\"@type\":\"ImageObject\",\"inLanguage\":\"fr-FR\",\"@id\":\"https:\/\/vosgesinfo.fr\/gerardmerinfo\/2018\/03\/gerardmer-ski-alpin-1er-club-classement-final-coupes-de-lorraine\/#primaryimage\",\"url\":\"https:\/\/vosgesinfo.fr\/app\/uploads\/sites\/6\/2024\/07\/2018034-filles-markstein.jpg\",\"contentUrl\":\"https:\/\/vosgesinfo.fr\/app\/uploads\/sites\/6\/2024\/07\/2018034-filles-markstein.jpg\",\"width\":800,\"height\":533},{\"@type\":\"BreadcrumbList\",\"@id\":\"https:\/\/vosgesinfo.fr\/gerardmerinfo\/2018\/03\/gerardmer-ski-alpin-1er-club-classement-final-coupes-de-lorraine\/#breadcrumb\",\"itemListElement\":[{\"@type\":\"ListItem\",\"position\":1,\"name\":\"Home\",\"item\":\"https:\/\/vosgesinfo.fr\/gerardmerinfo\/\"},{\"@type\":\"ListItem\",\"position\":2,\"name\":\"G\u00e9rardmer Ski Alpin, 1er club au classement final des coupes de Lorraine !\"}]},{\"@type\":\"WebSite\",\"@id\":\"https:\/\/vosgesinfo.fr\/gerardmerinfo\/#website\",\"url\":\"https:\/\/vosgesinfo.fr\/gerardmerinfo\/\",\"name\":\"Gerardmer Info\",\"description\":\"Toute l&#039;actualit\u00e9 de G\u00e9rardmer\",\"publisher\":{\"@id\":\"https:\/\/vosgesinfo.fr\/gerardmerinfo\/#organization\"},\"alternateName\":\"Toute l'actualit\u00e9 de G\u00e9rardmer\",\"potentialAction\":[{\"@type\":\"SearchAction\",\"target\":{\"@type\":\"EntryPoint\",\"urlTemplate\":\"https:\/\/vosgesinfo.fr\/gerardmerinfo\/?s={search_term_string}\"},\"query-input\":\"required name=search_term_string\"}],\"inLanguage\":\"fr-FR\"},{\"@type\":\"Organization\",\"@id\":\"https:\/\/vosgesinfo.fr\/gerardmerinfo\/#organization\",\"name\":\"Gerardmer Info\",\"url\":\"https:\/\/vosgesinfo.fr\/gerardmerinfo\/\",\"logo\":{\"@type\":\"ImageObject\",\"inLanguage\":\"fr-FR\",\"@id\":\"https:\/\/vosgesinfo.fr\/gerardmerinfo\/#\/schema\/logo\/image\/\",\"url\":\"https:\/\/vosgesinfo.fr\/app\/uploads\/sites\/6\/2023\/08\/favicon-gerardmerinfo.png\",\"contentUrl\":\"https:\/\/vosgesinfo.fr\/app\/uploads\/sites\/6\/2023\/08\/favicon-gerardmerinfo.png\",\"width\":512,\"height\":512,\"caption\":\"Gerardmer Info\"},\"image\":{\"@id\":\"https:\/\/vosgesinfo.fr\/gerardmerinfo\/#\/schema\/logo\/image\/\"},\"sameAs\":[\"https:\/\/www.facebook.com\/profile.php?id=100049475262660\",\"https:\/\/x.com\/VosgesInfo88\",\"https:\/\/www.youtube.com\/@vosgesinfo\"]},{\"@type\":\"Person\",\"@id\":\"https:\/\/vosgesinfo.fr\/gerardmerinfo\/#\/schema\/person\/bc5d02d71e6932e81b6dadb7386667b1\",\"name\":\"qs_admin\",\"image\":{\"@type\":\"ImageObject\",\"inLanguage\":\"fr-FR\",\"@id\":\"https:\/\/vosgesinfo.fr\/gerardmerinfo\/#\/schema\/person\/image\/\",\"url\":\"https:\/\/secure.gravatar.com\/avatar\/94b18ee0ed79e4a42ea2f2931277b6841a8999fc6fde214600c78057cf1fe1de?s=96&d=mm&r=g\",\"contentUrl\":\"https:\/\/secure.gravatar.com\/avatar\/94b18ee0ed79e4a42ea2f2931277b6841a8999fc6fde214600c78057cf1fe1de?s=96&d=mm&r=g\",\"caption\":\"qs_admin\"},\"sameAs\":[\"https:\/\/vosgesinfo.fr\/wp\"],\"url\":\"https:\/\/vosgesinfo.fr\/gerardmerinfo\/author\/qs_admin\/\"}]}<\/script>\n<!-- \/ Yoast SEO plugin. -->","yoast_head_json":{"title":"G\u00e9rardmer Ski Alpin, 1er club au classement final des coupes de Lorraine ! - Gerardmer Info","robots":{"index":"index","follow":"follow","max-snippet":"max-snippet:-1","max-image-preview":"max-image-preview:large","max-video-preview":"max-video-preview:-1"},"canonical":"https:\/\/vosgesinfo.fr\/gerardmerinfo\/2018\/03\/gerardmer-ski-alpin-1er-club-classement-final-coupes-de-lorraine\/","twitter_card":"summary_large_image","twitter_title":"G\u00e9rardmer Ski Alpin, 1er club au classement final des coupes de Lorraine ! - Gerardmer Info","twitter_description":"Tr\u00e8s belle journ\u00e9e ce dimanche pour finir la saison\u2026 24 jeunes g\u00e9r\u00f4mois des cat\u00e9gories U8 \u00e0 U14 ont particip\u00e9 \u00e0 [&hellip;]","twitter_image":"https:\/\/vosgesinfo.fr\/app\/uploads\/sites\/6\/2024\/07\/2018034-filles-markstein.jpg","twitter_creator":"@VosgesInfo88","twitter_site":"@VosgesInfo88","twitter_misc":{"\u00c9crit par":"qs_admin","Dur\u00e9e de lecture estim\u00e9e":"3 minutes"},"schema":{"@context":"https:\/\/schema.org","@graph":[{"@type":"Article","@id":"https:\/\/vosgesinfo.fr\/gerardmerinfo\/2018\/03\/gerardmer-ski-alpin-1er-club-classement-final-coupes-de-lorraine\/#article","isPartOf":{"@id":"https:\/\/vosgesinfo.fr\/gerardmerinfo\/2018\/03\/gerardmer-ski-alpin-1er-club-classement-final-coupes-de-lorraine\/"},"author":{"name":"qs_admin","@id":"https:\/\/vosgesinfo.fr\/gerardmerinfo\/#\/schema\/person\/bc5d02d71e6932e81b6dadb7386667b1"},"headline":"G\u00e9rardmer Ski Alpin, 1er club au classement final des coupes de Lorraine !","datePublished":"2018-03-27T13:19:50+00:00","dateModified":"2018-03-27T13:19:50+00:00","mainEntityOfPage":{"@id":"https:\/\/vosgesinfo.fr\/gerardmerinfo\/2018\/03\/gerardmer-ski-alpin-1er-club-classement-final-coupes-de-lorraine\/"},"wordCount":543,"commentCount":0,"publisher":{"@id":"https:\/\/vosgesinfo.fr\/gerardmerinfo\/#organization"},"image":{"@id":"https:\/\/vosgesinfo.fr\/gerardmerinfo\/2018\/03\/gerardmer-ski-alpin-1er-club-classement-final-coupes-de-lorraine\/#primaryimage"},"thumbnailUrl":"https:\/\/vosgesinfo.fr\/app\/uploads\/sites\/6\/2024\/07\/2018034-filles-markstein.jpg","keywords":["asg ski alpin"],"articleSection":["A la une","Sport"],"inLanguage":"fr-FR","potentialAction":[{"@type":"CommentAction","name":"Comment","target":["https:\/\/vosgesinfo.fr\/gerardmerinfo\/2018\/03\/gerardmer-ski-alpin-1er-club-classement-final-coupes-de-lorraine\/#respond"]}]},{"@type":"WebPage","@id":"https:\/\/vosgesinfo.fr\/gerardmerinfo\/2018\/03\/gerardmer-ski-alpin-1er-club-classement-final-coupes-de-lorraine\/","url":"https:\/\/vosgesinfo.fr\/gerardmerinfo\/2018\/03\/gerardmer-ski-alpin-1er-club-classement-final-coupes-de-lorraine\/","name":"G\u00e9rardmer Ski Alpin, 1er club au classement final des coupes de Lorraine ! - Gerardmer Info","isPartOf":{"@id":"https:\/\/vosgesinfo.fr\/gerardmerinfo\/#website"},"primaryImageOfPage":{"@id":"https:\/\/vosgesinfo.fr\/gerardmerinfo\/2018\/03\/gerardmer-ski-alpin-1er-club-classement-final-coupes-de-lorraine\/#primaryimage"},"image":{"@id":"https:\/\/vosgesinfo.fr\/gerardmerinfo\/2018\/03\/gerardmer-ski-alpin-1er-club-classement-final-coupes-de-lorraine\/#primaryimage"},"thumbnailUrl":"https:\/\/vosgesinfo.fr\/app\/uploads\/sites\/6\/2024\/07\/2018034-filles-markstein.jpg","datePublished":"2018-03-27T13:19:50+00:00","dateModified":"2018-03-27T13:19:50+00:00","breadcrumb":{"@id":"https:\/\/vosgesinfo.fr\/gerardmerinfo\/2018\/03\/gerardmer-ski-alpin-1er-club-classement-final-coupes-de-lorraine\/#breadcrumb"},"inLanguage":"fr-FR","potentialAction":[{"@type":"ReadAction","target":["https:\/\/vosgesinfo.fr\/gerardmerinfo\/2018\/03\/gerardmer-ski-alpin-1er-club-classement-final-coupes-de-lorraine\/"]}]},{"@type":"ImageObject","inLanguage":"fr-FR","@id":"https:\/\/vosgesinfo.fr\/gerardmerinfo\/2018\/03\/gerardmer-ski-alpin-1er-club-classement-final-coupes-de-lorraine\/#primaryimage","url":"https:\/\/vosgesinfo.fr\/app\/uploads\/sites\/6\/2024\/07\/2018034-filles-markstein.jpg","contentUrl":"https:\/\/vosgesinfo.fr\/app\/uploads\/sites\/6\/2024\/07\/2018034-filles-markstein.jpg","width":800,"height":533},{"@type":"BreadcrumbList","@id":"https:\/\/vosgesinfo.fr\/gerardmerinfo\/2018\/03\/gerardmer-ski-alpin-1er-club-classement-final-coupes-de-lorraine\/#breadcrumb","itemListElement":[{"@type":"ListItem","position":1,"name":"Home","item":"https:\/\/vosgesinfo.fr\/gerardmerinfo\/"},{"@type":"ListItem","position":2,"name":"G\u00e9rardmer Ski Alpin, 1er club au classement final des coupes de Lorraine !"}]},{"@type":"WebSite","@id":"https:\/\/vosgesinfo.fr\/gerardmerinfo\/#website","url":"https:\/\/vosgesinfo.fr\/gerardmerinfo\/","name":"Gerardmer Info","description":"Toute l&#039;actualit\u00e9 de G\u00e9rardmer","publisher":{"@id":"https:\/\/vosgesinfo.fr\/gerardmerinfo\/#organization"},"alternateName":"Toute l'actualit\u00e9 de G\u00e9rardmer","potentialAction":[{"@type":"SearchAction","target":{"@type":"EntryPoint","urlTemplate":"https:\/\/vosgesinfo.fr\/gerardmerinfo\/?s={search_term_string}"},"query-input":"required name=search_term_string"}],"inLanguage":"fr-FR"},{"@type":"Organization","@id":"https:\/\/vosgesinfo.fr\/gerardmerinfo\/#organization","name":"Gerardmer Info","url":"https:\/\/vosgesinfo.fr\/gerardmerinfo\/","logo":{"@type":"ImageObject","inLanguage":"fr-FR","@id":"https:\/\/vosgesinfo.fr\/gerardmerinfo\/#\/schema\/logo\/image\/","url":"https:\/\/vosgesinfo.fr\/app\/uploads\/sites\/6\/2023\/08\/favicon-gerardmerinfo.png","contentUrl":"https:\/\/vosgesinfo.fr\/app\/uploads\/sites\/6\/2023\/08\/favicon-gerardmerinfo.png","width":512,"height":512,"caption":"Gerardmer Info"},"image":{"@id":"https:\/\/vosgesinfo.fr\/gerardmerinfo\/#\/schema\/logo\/image\/"},"sameAs":["https:\/\/www.facebook.com\/profile.php?id=100049475262660","https:\/\/x.com\/VosgesInfo88","https:\/\/www.youtube.com\/@vosgesinfo"]},{"@type":"Person","@id":"https:\/\/vosgesinfo.fr\/gerardmerinfo\/#\/schema\/person\/bc5d02d71e6932e81b6dadb7386667b1","name":"qs_admin","image":{"@type":"ImageObject","inLanguage":"fr-FR","@id":"https:\/\/vosgesinfo.fr\/gerardmerinfo\/#\/schema\/person\/image\/","url":"https:\/\/secure.gravatar.com\/avatar\/94b18ee0ed79e4a42ea2f2931277b6841a8999fc6fde214600c78057cf1fe1de?s=96&d=mm&r=g","contentUrl":"https:\/\/secure.gravatar.com\/avatar\/94b18ee0ed79e4a42ea2f2931277b6841a8999fc6fde214600c78057cf1fe1de?s=96&d=mm&r=g","caption":"qs_admin"},"sameAs":["https:\/\/vosgesinfo.fr\/wp"],"url":"https:\/\/vosgesinfo.fr\/gerardmerinfo\/author\/qs_admin\/"}]}},"_links":{"self":[{"href":"https:\/\/vosgesinfo.fr\/gerardmerinfo\/wp-json\/wp\/v2\/posts\/32965","targetHints":{"allow":["GET"]}}],"collection":[{"href":"https:\/\/vosgesinfo.fr\/gerardmerinfo\/wp-json\/wp\/v2\/posts"}],"about":[{"href":"https:\/\/vosgesinfo.fr\/gerardmerinfo\/wp-json\/wp\/v2\/types\/post"}],"author":[{"embeddable":true,"href":"https:\/\/vosgesinfo.fr\/gerardmerinfo\/wp-json\/wp\/v2\/users\/1"}],"replies":[{"embeddable":true,"href":"https:\/\/vosgesinfo.fr\/gerardmerinfo\/wp-json\/wp\/v2\/comments?post=32965"}],"version-history":[{"count":0,"href":"https:\/\/vosgesinfo.fr\/gerardmerinfo\/wp-json\/wp\/v2\/posts\/32965\/revisions"}],"wp:featuredmedia":[{"embeddable":true,"href":"https:\/\/vosgesinfo.fr\/gerardmerinfo\/wp-json\/wp\/v2\/media\/32966"}],"wp:attachment":[{"href":"https:\/\/vosgesinfo.fr\/gerardmerinfo\/wp-json\/wp\/v2\/media?parent=32965"}],"wp:term":[{"taxonomy":"category","embeddable":true,"href":"https:\/\/vosgesinfo.fr\/gerardmerinfo\/wp-json\/wp\/v2\/categories?post=32965"},{"taxonomy":"post_tag","embeddable":true,"href":"https:\/\/vosgesinfo.fr\/gerardmerinfo\/wp-json\/wp\/v2\/tags?post=32965"}],"curies":[{"name":"wp","href":"https:\/\/api.w.org\/{rel}","templated":true}]}}