{"id":32992,"date":"2018-03-28T08:33:58","date_gmt":"2018-03-28T06:33:58","guid":{"rendered":"https:\/\/vosgesinfo.fr\/gerardmerinfo\/2018\/03\/urgent-secteur-jeunes-de-mcl-de-gerardmer-recherche-animateur-trice-bafa\/"},"modified":"2018-03-28T08:33:58","modified_gmt":"2018-03-28T06:33:58","slug":"urgent-secteur-jeunes-de-mcl-de-gerardmer-recherche-animateur-trice-bafa","status":"publish","type":"post","link":"https:\/\/vosgesinfo.fr\/gerardmerinfo\/2018\/03\/urgent-secteur-jeunes-de-mcl-de-gerardmer-recherche-animateur-trice-bafa\/","title":{"rendered":"Urgent : Le secteur jeunes de la MCL de Gerardmer recherche un ou une animateur.trice BAFA"},"content":{"rendered":"<h3><span style=\"font-size: 12pt;\">Le secteur jeunes de la MCL de Gerardmer recherche un ou une animateur.trice BAFA disponible et motiv\u00e9.e. pour les prochaines vacances de Printemps (en contrat d&rsquo;engagement \u00e9ducatif &#8211; forfait jour + repas pris en charge).<\/span><\/h3>\n<p><strong><span style=\"color: #800000;\">Dates : du 23 au 27 avril (5 jours).<\/span><\/strong><\/p>\n<p>Le programme d&rsquo;animation \u00e0 affiner avec l&rsquo;\u00e9quipe du secteur jeunes : des quizz, jeux et \u00e9nigmes pour d\u00e9couvrir le po\u00e8te du jour, une bo\u00eete \u00e0 rimes permettra de recueillir les cr\u00e9ations des enfants ou des po\u00e8mes \u00e0 partager et lire entre copains et copines, des activit\u00e9s cr\u00e9atifs pour jouer, dessiner s&rsquo;exprimer et d\u00e9couvrir des po\u00e8mes et leurs auteurs tout en s&rsquo;amusant. Une s\u00e9ance cin\u00e9ma du film \u00ab\u00a0Libert\u00e9, 13 po\u00e8mes de Paul Eluard\u00a0\u00bb.<\/p>\n<p>Vous travaillerez en bin\u00f4me aupr\u00e8s d&rsquo;un (top) public de 6-11 ans !<\/p>\n<p><span class=\"x_text_exposed_show\">Si int\u00e9ress\u00e9.e mail \u00e0 l attention de Julien THiBAULT, <a class=\"x_moz-txt-link-abbreviated\" href=\"mailto:secteurjeune-mcl.gerardmer@orange.fr\" target=\"_blank\" rel=\"noopener noreferrer\">secteurjeune-mcl.gerardmer@orange.fr ou tel : 03 29 63 11 96<\/a><\/span><\/p>\n","protected":false},"excerpt":{"rendered":"<p>Le secteur jeunes de la MCL de Gerardmer recherche un ou une animateur.trice BAFA disponible et motiv\u00e9.e. pour les prochaines [&hellip;]<\/p>\n","protected":false},"author":42,"featured_media":32993,"comment_status":"open","ping_status":"open","sticky":false,"template":"","format":"standard","meta":{"footnotes":""},"categories":[20,4,17],"tags":[3036],"class_list":["post-32992","post","type-post","status-publish","format-standard","has-post-thumbnail","hentry","category-a-la-une","category-culture","category-vie-associative","tag-mcl-accueil-de-loisirs"],"acf":[],"yoast_head":"<!-- This site is optimized with the Yoast SEO plugin v22.5 - https:\/\/yoast.com\/wordpress\/plugins\/seo\/ -->\n<title>Urgent : Le secteur jeunes de la MCL de Gerardmer recherche un ou une animateur.trice BAFA - Gerardmer Info<\/title>\n<meta name=\"robots\" content=\"index, follow, max-snippet:-1, max-image-preview:large, max-video-preview:-1\" \/>\n<link rel=\"canonical\" href=\"https:\/\/vosgesinfo.fr\/gerardmerinfo\/2018\/03\/urgent-secteur-jeunes-de-mcl-de-gerardmer-recherche-animateur-trice-bafa\/\" \/>\n<meta name=\"twitter:card\" content=\"summary_large_image\" \/>\n<meta name=\"twitter:title\" content=\"Urgent : Le secteur jeunes de la MCL de Gerardmer recherche un ou une animateur.trice BAFA - Gerardmer Info\" \/>\n<meta name=\"twitter:description\" content=\"Le secteur jeunes de la MCL de Gerardmer recherche un ou une animateur.trice BAFA disponible et motiv\u00e9.e. pour les prochaines [&hellip;]\" \/>\n<meta name=\"twitter:image\" content=\"https:\/\/vosgesinfo.fr\/app\/uploads\/sites\/6\/2024\/07\/201803accueil-loisirs-mcl.jpg\" \/>\n<meta name=\"twitter:creator\" content=\"@VosgesInfo88\" \/>\n<meta name=\"twitter:site\" content=\"@VosgesInfo88\" \/>\n<meta name=\"twitter:label1\" content=\"\u00c9crit par\" \/>\n\t<meta name=\"twitter:data1\" content=\"QG\" \/>\n\t<meta name=\"twitter:label2\" content=\"Dur\u00e9e de lecture estim\u00e9e\" \/>\n\t<meta name=\"twitter:data2\" content=\"1 minute\" \/>\n<script type=\"application\/ld+json\" class=\"yoast-schema-graph\">{\"@context\":\"https:\/\/schema.org\",\"@graph\":[{\"@type\":\"Article\",\"@id\":\"https:\/\/vosgesinfo.fr\/gerardmerinfo\/2018\/03\/urgent-secteur-jeunes-de-mcl-de-gerardmer-recherche-animateur-trice-bafa\/#article\",\"isPartOf\":{\"@id\":\"https:\/\/vosgesinfo.fr\/gerardmerinfo\/2018\/03\/urgent-secteur-jeunes-de-mcl-de-gerardmer-recherche-animateur-trice-bafa\/\"},\"author\":{\"name\":\"QG\",\"@id\":\"https:\/\/vosgesinfo.fr\/gerardmerinfo\/#\/schema\/person\/db5605779a843dad16b5368f3e7613a5\"},\"headline\":\"Urgent : Le secteur jeunes de la MCL de Gerardmer recherche un ou une animateur.trice BAFA\",\"datePublished\":\"2018-03-28T06:33:58+00:00\",\"dateModified\":\"2018-03-28T06:33:58+00:00\",\"mainEntityOfPage\":{\"@id\":\"https:\/\/vosgesinfo.fr\/gerardmerinfo\/2018\/03\/urgent-secteur-jeunes-de-mcl-de-gerardmer-recherche-animateur-trice-bafa\/\"},\"wordCount\":171,\"commentCount\":0,\"publisher\":{\"@id\":\"https:\/\/vosgesinfo.fr\/gerardmerinfo\/#organization\"},\"image\":{\"@id\":\"https:\/\/vosgesinfo.fr\/gerardmerinfo\/2018\/03\/urgent-secteur-jeunes-de-mcl-de-gerardmer-recherche-animateur-trice-bafa\/#primaryimage\"},\"thumbnailUrl\":\"https:\/\/vosgesinfo.fr\/app\/uploads\/sites\/6\/2024\/07\/201803accueil-loisirs-mcl.jpg\",\"keywords\":[\"MCL accueil de loisirs\"],\"articleSection\":[\"A la une\",\"Culture\",\"Vie Associative\"],\"inLanguage\":\"fr-FR\",\"potentialAction\":[{\"@type\":\"CommentAction\",\"name\":\"Comment\",\"target\":[\"https:\/\/vosgesinfo.fr\/gerardmerinfo\/2018\/03\/urgent-secteur-jeunes-de-mcl-de-gerardmer-recherche-animateur-trice-bafa\/#respond\"]}]},{\"@type\":\"WebPage\",\"@id\":\"https:\/\/vosgesinfo.fr\/gerardmerinfo\/2018\/03\/urgent-secteur-jeunes-de-mcl-de-gerardmer-recherche-animateur-trice-bafa\/\",\"url\":\"https:\/\/vosgesinfo.fr\/gerardmerinfo\/2018\/03\/urgent-secteur-jeunes-de-mcl-de-gerardmer-recherche-animateur-trice-bafa\/\",\"name\":\"Urgent : Le secteur jeunes de la MCL de Gerardmer recherche un ou une animateur.trice BAFA - Gerardmer Info\",\"isPartOf\":{\"@id\":\"https:\/\/vosgesinfo.fr\/gerardmerinfo\/#website\"},\"primaryImageOfPage\":{\"@id\":\"https:\/\/vosgesinfo.fr\/gerardmerinfo\/2018\/03\/urgent-secteur-jeunes-de-mcl-de-gerardmer-recherche-animateur-trice-bafa\/#primaryimage\"},\"image\":{\"@id\":\"https:\/\/vosgesinfo.fr\/gerardmerinfo\/2018\/03\/urgent-secteur-jeunes-de-mcl-de-gerardmer-recherche-animateur-trice-bafa\/#primaryimage\"},\"thumbnailUrl\":\"https:\/\/vosgesinfo.fr\/app\/uploads\/sites\/6\/2024\/07\/201803accueil-loisirs-mcl.jpg\",\"datePublished\":\"2018-03-28T06:33:58+00:00\",\"dateModified\":\"2018-03-28T06:33:58+00:00\",\"breadcrumb\":{\"@id\":\"https:\/\/vosgesinfo.fr\/gerardmerinfo\/2018\/03\/urgent-secteur-jeunes-de-mcl-de-gerardmer-recherche-animateur-trice-bafa\/#breadcrumb\"},\"inLanguage\":\"fr-FR\",\"potentialAction\":[{\"@type\":\"ReadAction\",\"target\":[\"https:\/\/vosgesinfo.fr\/gerardmerinfo\/2018\/03\/urgent-secteur-jeunes-de-mcl-de-gerardmer-recherche-animateur-trice-bafa\/\"]}]},{\"@type\":\"ImageObject\",\"inLanguage\":\"fr-FR\",\"@id\":\"https:\/\/vosgesinfo.fr\/gerardmerinfo\/2018\/03\/urgent-secteur-jeunes-de-mcl-de-gerardmer-recherche-animateur-trice-bafa\/#primaryimage\",\"url\":\"https:\/\/vosgesinfo.fr\/app\/uploads\/sites\/6\/2024\/07\/201803accueil-loisirs-mcl.jpg\",\"contentUrl\":\"https:\/\/vosgesinfo.fr\/app\/uploads\/sites\/6\/2024\/07\/201803accueil-loisirs-mcl.jpg\",\"width\":800,\"height\":533},{\"@type\":\"BreadcrumbList\",\"@id\":\"https:\/\/vosgesinfo.fr\/gerardmerinfo\/2018\/03\/urgent-secteur-jeunes-de-mcl-de-gerardmer-recherche-animateur-trice-bafa\/#breadcrumb\",\"itemListElement\":[{\"@type\":\"ListItem\",\"position\":1,\"name\":\"Home\",\"item\":\"https:\/\/vosgesinfo.fr\/gerardmerinfo\/\"},{\"@type\":\"ListItem\",\"position\":2,\"name\":\"Urgent : Le secteur jeunes de la MCL de Gerardmer recherche un ou une animateur.trice BAFA\"}]},{\"@type\":\"WebSite\",\"@id\":\"https:\/\/vosgesinfo.fr\/gerardmerinfo\/#website\",\"url\":\"https:\/\/vosgesinfo.fr\/gerardmerinfo\/\",\"name\":\"Gerardmer Info\",\"description\":\"Toute l&#039;actualit\u00e9 de G\u00e9rardmer\",\"publisher\":{\"@id\":\"https:\/\/vosgesinfo.fr\/gerardmerinfo\/#organization\"},\"alternateName\":\"Toute l'actualit\u00e9 de G\u00e9rardmer\",\"potentialAction\":[{\"@type\":\"SearchAction\",\"target\":{\"@type\":\"EntryPoint\",\"urlTemplate\":\"https:\/\/vosgesinfo.fr\/gerardmerinfo\/?s={search_term_string}\"},\"query-input\":\"required name=search_term_string\"}],\"inLanguage\":\"fr-FR\"},{\"@type\":\"Organization\",\"@id\":\"https:\/\/vosgesinfo.fr\/gerardmerinfo\/#organization\",\"name\":\"Gerardmer Info\",\"url\":\"https:\/\/vosgesinfo.fr\/gerardmerinfo\/\",\"logo\":{\"@type\":\"ImageObject\",\"inLanguage\":\"fr-FR\",\"@id\":\"https:\/\/vosgesinfo.fr\/gerardmerinfo\/#\/schema\/logo\/image\/\",\"url\":\"https:\/\/vosgesinfo.fr\/app\/uploads\/sites\/6\/2023\/08\/favicon-gerardmerinfo.png\",\"contentUrl\":\"https:\/\/vosgesinfo.fr\/app\/uploads\/sites\/6\/2023\/08\/favicon-gerardmerinfo.png\",\"width\":512,\"height\":512,\"caption\":\"Gerardmer Info\"},\"image\":{\"@id\":\"https:\/\/vosgesinfo.fr\/gerardmerinfo\/#\/schema\/logo\/image\/\"},\"sameAs\":[\"https:\/\/www.facebook.com\/profile.php?id=100049475262660\",\"https:\/\/x.com\/VosgesInfo88\",\"https:\/\/www.youtube.com\/@vosgesinfo\"]},{\"@type\":\"Person\",\"@id\":\"https:\/\/vosgesinfo.fr\/gerardmerinfo\/#\/schema\/person\/db5605779a843dad16b5368f3e7613a5\",\"name\":\"QG\",\"image\":{\"@type\":\"ImageObject\",\"inLanguage\":\"fr-FR\",\"@id\":\"https:\/\/vosgesinfo.fr\/gerardmerinfo\/#\/schema\/person\/image\/\",\"url\":\"https:\/\/secure.gravatar.com\/avatar\/ea80c42c204b534408512832fde52504ecabb9706bcb6151cf6175e5b64e6793?s=96&d=mm&r=g\",\"contentUrl\":\"https:\/\/secure.gravatar.com\/avatar\/ea80c42c204b534408512832fde52504ecabb9706bcb6151cf6175e5b64e6793?s=96&d=mm&r=g\",\"caption\":\"QG\"},\"url\":\"https:\/\/vosgesinfo.fr\/gerardmerinfo\/author\/quentin88\/\"}]}<\/script>\n<!-- \/ Yoast SEO plugin. -->","yoast_head_json":{"title":"Urgent : Le secteur jeunes de la MCL de Gerardmer recherche un ou une animateur.trice BAFA - Gerardmer Info","robots":{"index":"index","follow":"follow","max-snippet":"max-snippet:-1","max-image-preview":"max-image-preview:large","max-video-preview":"max-video-preview:-1"},"canonical":"https:\/\/vosgesinfo.fr\/gerardmerinfo\/2018\/03\/urgent-secteur-jeunes-de-mcl-de-gerardmer-recherche-animateur-trice-bafa\/","twitter_card":"summary_large_image","twitter_title":"Urgent : Le secteur jeunes de la MCL de Gerardmer recherche un ou une animateur.trice BAFA - Gerardmer Info","twitter_description":"Le secteur jeunes de la MCL de Gerardmer recherche un ou une animateur.trice BAFA disponible et motiv\u00e9.e. pour les prochaines [&hellip;]","twitter_image":"https:\/\/vosgesinfo.fr\/app\/uploads\/sites\/6\/2024\/07\/201803accueil-loisirs-mcl.jpg","twitter_creator":"@VosgesInfo88","twitter_site":"@VosgesInfo88","twitter_misc":{"\u00c9crit par":"QG","Dur\u00e9e de lecture estim\u00e9e":"1 minute"},"schema":{"@context":"https:\/\/schema.org","@graph":[{"@type":"Article","@id":"https:\/\/vosgesinfo.fr\/gerardmerinfo\/2018\/03\/urgent-secteur-jeunes-de-mcl-de-gerardmer-recherche-animateur-trice-bafa\/#article","isPartOf":{"@id":"https:\/\/vosgesinfo.fr\/gerardmerinfo\/2018\/03\/urgent-secteur-jeunes-de-mcl-de-gerardmer-recherche-animateur-trice-bafa\/"},"author":{"name":"QG","@id":"https:\/\/vosgesinfo.fr\/gerardmerinfo\/#\/schema\/person\/db5605779a843dad16b5368f3e7613a5"},"headline":"Urgent : Le secteur jeunes de la MCL de Gerardmer recherche un ou une animateur.trice BAFA","datePublished":"2018-03-28T06:33:58+00:00","dateModified":"2018-03-28T06:33:58+00:00","mainEntityOfPage":{"@id":"https:\/\/vosgesinfo.fr\/gerardmerinfo\/2018\/03\/urgent-secteur-jeunes-de-mcl-de-gerardmer-recherche-animateur-trice-bafa\/"},"wordCount":171,"commentCount":0,"publisher":{"@id":"https:\/\/vosgesinfo.fr\/gerardmerinfo\/#organization"},"image":{"@id":"https:\/\/vosgesinfo.fr\/gerardmerinfo\/2018\/03\/urgent-secteur-jeunes-de-mcl-de-gerardmer-recherche-animateur-trice-bafa\/#primaryimage"},"thumbnailUrl":"https:\/\/vosgesinfo.fr\/app\/uploads\/sites\/6\/2024\/07\/201803accueil-loisirs-mcl.jpg","keywords":["MCL accueil de loisirs"],"articleSection":["A la une","Culture","Vie Associative"],"inLanguage":"fr-FR","potentialAction":[{"@type":"CommentAction","name":"Comment","target":["https:\/\/vosgesinfo.fr\/gerardmerinfo\/2018\/03\/urgent-secteur-jeunes-de-mcl-de-gerardmer-recherche-animateur-trice-bafa\/#respond"]}]},{"@type":"WebPage","@id":"https:\/\/vosgesinfo.fr\/gerardmerinfo\/2018\/03\/urgent-secteur-jeunes-de-mcl-de-gerardmer-recherche-animateur-trice-bafa\/","url":"https:\/\/vosgesinfo.fr\/gerardmerinfo\/2018\/03\/urgent-secteur-jeunes-de-mcl-de-gerardmer-recherche-animateur-trice-bafa\/","name":"Urgent : Le secteur jeunes de la MCL de Gerardmer recherche un ou une animateur.trice BAFA - Gerardmer Info","isPartOf":{"@id":"https:\/\/vosgesinfo.fr\/gerardmerinfo\/#website"},"primaryImageOfPage":{"@id":"https:\/\/vosgesinfo.fr\/gerardmerinfo\/2018\/03\/urgent-secteur-jeunes-de-mcl-de-gerardmer-recherche-animateur-trice-bafa\/#primaryimage"},"image":{"@id":"https:\/\/vosgesinfo.fr\/gerardmerinfo\/2018\/03\/urgent-secteur-jeunes-de-mcl-de-gerardmer-recherche-animateur-trice-bafa\/#primaryimage"},"thumbnailUrl":"https:\/\/vosgesinfo.fr\/app\/uploads\/sites\/6\/2024\/07\/201803accueil-loisirs-mcl.jpg","datePublished":"2018-03-28T06:33:58+00:00","dateModified":"2018-03-28T06:33:58+00:00","breadcrumb":{"@id":"https:\/\/vosgesinfo.fr\/gerardmerinfo\/2018\/03\/urgent-secteur-jeunes-de-mcl-de-gerardmer-recherche-animateur-trice-bafa\/#breadcrumb"},"inLanguage":"fr-FR","potentialAction":[{"@type":"ReadAction","target":["https:\/\/vosgesinfo.fr\/gerardmerinfo\/2018\/03\/urgent-secteur-jeunes-de-mcl-de-gerardmer-recherche-animateur-trice-bafa\/"]}]},{"@type":"ImageObject","inLanguage":"fr-FR","@id":"https:\/\/vosgesinfo.fr\/gerardmerinfo\/2018\/03\/urgent-secteur-jeunes-de-mcl-de-gerardmer-recherche-animateur-trice-bafa\/#primaryimage","url":"https:\/\/vosgesinfo.fr\/app\/uploads\/sites\/6\/2024\/07\/201803accueil-loisirs-mcl.jpg","contentUrl":"https:\/\/vosgesinfo.fr\/app\/uploads\/sites\/6\/2024\/07\/201803accueil-loisirs-mcl.jpg","width":800,"height":533},{"@type":"BreadcrumbList","@id":"https:\/\/vosgesinfo.fr\/gerardmerinfo\/2018\/03\/urgent-secteur-jeunes-de-mcl-de-gerardmer-recherche-animateur-trice-bafa\/#breadcrumb","itemListElement":[{"@type":"ListItem","position":1,"name":"Home","item":"https:\/\/vosgesinfo.fr\/gerardmerinfo\/"},{"@type":"ListItem","position":2,"name":"Urgent : Le secteur jeunes de la MCL de Gerardmer recherche un ou une animateur.trice BAFA"}]},{"@type":"WebSite","@id":"https:\/\/vosgesinfo.fr\/gerardmerinfo\/#website","url":"https:\/\/vosgesinfo.fr\/gerardmerinfo\/","name":"Gerardmer Info","description":"Toute l&#039;actualit\u00e9 de G\u00e9rardmer","publisher":{"@id":"https:\/\/vosgesinfo.fr\/gerardmerinfo\/#organization"},"alternateName":"Toute l'actualit\u00e9 de G\u00e9rardmer","potentialAction":[{"@type":"SearchAction","target":{"@type":"EntryPoint","urlTemplate":"https:\/\/vosgesinfo.fr\/gerardmerinfo\/?s={search_term_string}"},"query-input":"required name=search_term_string"}],"inLanguage":"fr-FR"},{"@type":"Organization","@id":"https:\/\/vosgesinfo.fr\/gerardmerinfo\/#organization","name":"Gerardmer Info","url":"https:\/\/vosgesinfo.fr\/gerardmerinfo\/","logo":{"@type":"ImageObject","inLanguage":"fr-FR","@id":"https:\/\/vosgesinfo.fr\/gerardmerinfo\/#\/schema\/logo\/image\/","url":"https:\/\/vosgesinfo.fr\/app\/uploads\/sites\/6\/2023\/08\/favicon-gerardmerinfo.png","contentUrl":"https:\/\/vosgesinfo.fr\/app\/uploads\/sites\/6\/2023\/08\/favicon-gerardmerinfo.png","width":512,"height":512,"caption":"Gerardmer Info"},"image":{"@id":"https:\/\/vosgesinfo.fr\/gerardmerinfo\/#\/schema\/logo\/image\/"},"sameAs":["https:\/\/www.facebook.com\/profile.php?id=100049475262660","https:\/\/x.com\/VosgesInfo88","https:\/\/www.youtube.com\/@vosgesinfo"]},{"@type":"Person","@id":"https:\/\/vosgesinfo.fr\/gerardmerinfo\/#\/schema\/person\/db5605779a843dad16b5368f3e7613a5","name":"QG","image":{"@type":"ImageObject","inLanguage":"fr-FR","@id":"https:\/\/vosgesinfo.fr\/gerardmerinfo\/#\/schema\/person\/image\/","url":"https:\/\/secure.gravatar.com\/avatar\/ea80c42c204b534408512832fde52504ecabb9706bcb6151cf6175e5b64e6793?s=96&d=mm&r=g","contentUrl":"https:\/\/secure.gravatar.com\/avatar\/ea80c42c204b534408512832fde52504ecabb9706bcb6151cf6175e5b64e6793?s=96&d=mm&r=g","caption":"QG"},"url":"https:\/\/vosgesinfo.fr\/gerardmerinfo\/author\/quentin88\/"}]}},"_links":{"self":[{"href":"https:\/\/vosgesinfo.fr\/gerardmerinfo\/wp-json\/wp\/v2\/posts\/32992","targetHints":{"allow":["GET"]}}],"collection":[{"href":"https:\/\/vosgesinfo.fr\/gerardmerinfo\/wp-json\/wp\/v2\/posts"}],"about":[{"href":"https:\/\/vosgesinfo.fr\/gerardmerinfo\/wp-json\/wp\/v2\/types\/post"}],"author":[{"embeddable":true,"href":"https:\/\/vosgesinfo.fr\/gerardmerinfo\/wp-json\/wp\/v2\/users\/42"}],"replies":[{"embeddable":true,"href":"https:\/\/vosgesinfo.fr\/gerardmerinfo\/wp-json\/wp\/v2\/comments?post=32992"}],"version-history":[{"count":0,"href":"https:\/\/vosgesinfo.fr\/gerardmerinfo\/wp-json\/wp\/v2\/posts\/32992\/revisions"}],"wp:featuredmedia":[{"embeddable":true,"href":"https:\/\/vosgesinfo.fr\/gerardmerinfo\/wp-json\/wp\/v2\/media\/32993"}],"wp:attachment":[{"href":"https:\/\/vosgesinfo.fr\/gerardmerinfo\/wp-json\/wp\/v2\/media?parent=32992"}],"wp:term":[{"taxonomy":"category","embeddable":true,"href":"https:\/\/vosgesinfo.fr\/gerardmerinfo\/wp-json\/wp\/v2\/categories?post=32992"},{"taxonomy":"post_tag","embeddable":true,"href":"https:\/\/vosgesinfo.fr\/gerardmerinfo\/wp-json\/wp\/v2\/tags?post=32992"}],"curies":[{"name":"wp","href":"https:\/\/api.w.org\/{rel}","templated":true}]}}