{"id":33133,"date":"2018-04-03T15:32:35","date_gmt":"2018-04-03T13:32:35","guid":{"rendered":"https:\/\/vosgesinfo.fr\/gerardmerinfo\/2018\/04\/parc-cinema-francais-toujours-premiere-position\/"},"modified":"2018-04-03T15:32:35","modified_gmt":"2018-04-03T13:32:35","slug":"parc-cinema-francais-toujours-premiere-position","status":"publish","type":"post","link":"https:\/\/vosgesinfo.fr\/gerardmerinfo\/2018\/04\/parc-cinema-francais-toujours-premiere-position\/","title":{"rendered":"Le parc cin\u00e9ma Fran\u00e7ais toujours en premi\u00e8re position !"},"content":{"rendered":"<p><strong>Les 22e Rencontres du cin\u00e9ma se d\u00e9rouleront \u00e0 G\u00e9rardmer du mardi 3 au vendredi 6 avril 2018, elles sont l\u2019occasion de faire un bilan sur l\u2019\u00e9tat du cin\u00e9ma en France.<\/strong><\/p>\n<p><a href=\"\/2017\/04\/rencontres-cin\u00e9-2017-3.jpg\"><img decoding=\"async\" class=\"alignright size-medium wp-image-105810\" src=\"\/2017\/04\/rencontres-cin\u00e9-2017-3-340x255.jpg\" alt=\"rencontres cin\u00e9 2017 (3)\" width=\"340\" height=\"255\" \/><\/a>R\u00e9cemment, le cin\u00e9ma Fran\u00e7ais s\u2019est trouv\u00e9 confront\u00e9 un \u00e0 certain nombre de d\u00e9fis, notamment avec\u00a0le piratage informatique qui repr\u00e9sente une perte d\u2019environ 1350 millions d\u2019euros pour la fili\u00e8re chaque ann\u00e9e. Cependant, d\u2019apr\u00e8s un rapport de la F\u00e9d\u00e9ration Nationales des Cin\u00e9mas Fran\u00e7ais (FNCF), le cin\u00e9ma Fran\u00e7ais en 2016 \u00e9tait le premier parc cin\u00e9matographique europ\u00e9en. Il n\u2019a donc rien \u00e0 envier \u00e0 ses voisins, avec pas moins de 1500 \u00e9crans de projection cr\u00e9\u00e9s en vingt- cinq ans seulement, pour atteindre aujourd\u2019hui 5842 \u00e9crans. Le maillage territoriale brille donc quant \u00e0 lui par son homog\u00e9n\u00e9it\u00e9 : 93\u00a0% Fran\u00e7ais vivent \u00e0 moins de trente minutes d\u2019un cin\u00e9ma, permettant donc un acc\u00e8s \u00e0 la culture pour l\u2019ensemble de la soci\u00e9t\u00e9. Dans ce but, pas moins de 55,8\u00a0% des salles de cin\u00e9ma fran\u00e7aises sont class\u00e9es art et essai avec des cin\u00e9mas pr\u00e9sents jusque dans les petites localit\u00e9s, comme c\u2019est le cas de la Maison de la Culture et des Loisirs (MCL) \u00e0 G\u00e9rardmer.<\/p>\n<p>La mise en place d\u2019une politique de dynamisation a permis au cin\u00e9ma Fran\u00e7ais d\u2019\u00eatre en partie pr\u00e9serv\u00e9. Cette derni\u00e8re a mis en avant un certain nombre d\u2019objectifs de d\u00e9veloppement, favorisant par exemple\u00a0: l\u2019\u00e9ducation \u00e0 l\u2019image. Ainsi,\u00a0cette ann\u00e9e le film jeunesse <em>Tad et le secret du roi Midas<\/em> va d\u2019ailleurs \u00eatre diffus\u00e9 lors des Rencontres et pr\u00e9sent\u00e9 \u00e0 certaines classes des \u00e9coles primaires de la ville. De plus, la modernisation pour le num\u00e9rique a\u00a0permis en dix ans d\u2019\u00e9quiper l\u2019ensemble des salles Fran\u00e7aises.<\/p>\n<p>Enfin les Fran\u00e7ais eux m\u00eame ne ternissent pas \u00e0 leur r\u00e9putation de cin\u00e9philes, l\u2019attractivit\u00e9 des festivals cin\u00e9matographiques perdurent comme on le voit dans la r\u00e9gion avec le festival du film fantastique, ou encore ici les Rencontres du cin\u00e9ma. Enfin des actions gouvernementales, comme le printemps du cin\u00e9ma (r\u00e9duisant le prix de la place \u00e0 quatre euros) ont permis aux salles de rester attractives et d\u2019attirer un large public. Tout cela a bien \u00e9videment contribu\u00e9 \u00e0 faire de la France le pays europ\u00e9en qui a comptabilis\u00e9 le plus grand nombre d\u2019entr\u00e9es en salle par an en 2016. Pour beaucoup, le cin\u00e9ma reste effectivement le loisir le plus abordable, qui attire au 2\/3 un public de moins de 25 ans, majoritairement le week-end et en groupe.<\/p>\n<p>C\u2019est au vue de ces chiffres pour le moins r\u00e9jouissant, que s\u2019ouvrent ce mardi les Rencontres du cin\u00e9ma, esp\u00e9rant r\u00e9unir un grand nombre d\u2019amoureux du grand \u00e9cran.<\/p>\n","protected":false},"excerpt":{"rendered":"<p>Les 22e Rencontres du cin\u00e9ma se d\u00e9rouleront \u00e0 G\u00e9rardmer du mardi 3 au vendredi 6 avril 2018, elles sont l\u2019occasion [&hellip;]<\/p>\n","protected":false},"author":237,"featured_media":33134,"comment_status":"open","ping_status":"open","sticky":false,"template":"","format":"standard","meta":{"footnotes":""},"categories":[20,4,18],"tags":[944],"class_list":["post-33133","post","type-post","status-publish","format-standard","has-post-thumbnail","hentry","category-a-la-une","category-culture","category-vosges","tag-rencontres-du-cinema"],"acf":[],"yoast_head":"<!-- This site is optimized with the Yoast SEO plugin v22.5 - https:\/\/yoast.com\/wordpress\/plugins\/seo\/ -->\n<title>Le parc cin\u00e9ma Fran\u00e7ais toujours en premi\u00e8re position ! - Gerardmer Info<\/title>\n<meta name=\"robots\" content=\"index, follow, max-snippet:-1, max-image-preview:large, max-video-preview:-1\" \/>\n<link rel=\"canonical\" href=\"https:\/\/vosgesinfo.fr\/gerardmerinfo\/2018\/04\/parc-cinema-francais-toujours-premiere-position\/\" \/>\n<meta name=\"twitter:card\" content=\"summary_large_image\" \/>\n<meta name=\"twitter:title\" content=\"Le parc cin\u00e9ma Fran\u00e7ais toujours en premi\u00e8re position ! - Gerardmer Info\" \/>\n<meta name=\"twitter:description\" content=\"Les 22e Rencontres du cin\u00e9ma se d\u00e9rouleront \u00e0 G\u00e9rardmer du mardi 3 au vendredi 6 avril 2018, elles sont l\u2019occasion [&hellip;]\" \/>\n<meta name=\"twitter:image\" content=\"https:\/\/vosgesinfo.fr\/app\/uploads\/sites\/6\/2024\/07\/201603rencontres-du-cinema-2016-2-1.jpg\" \/>\n<meta name=\"twitter:creator\" content=\"@VosgesInfo88\" \/>\n<meta name=\"twitter:site\" content=\"@VosgesInfo88\" \/>\n<meta name=\"twitter:label1\" content=\"\u00c9crit par\" \/>\n\t<meta name=\"twitter:data1\" content=\"Noa Thomas\" \/>\n\t<meta name=\"twitter:label2\" content=\"Dur\u00e9e de lecture estim\u00e9e\" \/>\n\t<meta name=\"twitter:data2\" content=\"2 minutes\" \/>\n<script type=\"application\/ld+json\" class=\"yoast-schema-graph\">{\"@context\":\"https:\/\/schema.org\",\"@graph\":[{\"@type\":\"Article\",\"@id\":\"https:\/\/vosgesinfo.fr\/gerardmerinfo\/2018\/04\/parc-cinema-francais-toujours-premiere-position\/#article\",\"isPartOf\":{\"@id\":\"https:\/\/vosgesinfo.fr\/gerardmerinfo\/2018\/04\/parc-cinema-francais-toujours-premiere-position\/\"},\"author\":{\"name\":\"Noa Thomas\",\"@id\":\"https:\/\/vosgesinfo.fr\/gerardmerinfo\/#\/schema\/person\/af5f1be9a2f391eb0da0ee3c837b7217\"},\"headline\":\"Le parc cin\u00e9ma Fran\u00e7ais toujours en premi\u00e8re position !\",\"datePublished\":\"2018-04-03T13:32:35+00:00\",\"dateModified\":\"2018-04-03T13:32:35+00:00\",\"mainEntityOfPage\":{\"@id\":\"https:\/\/vosgesinfo.fr\/gerardmerinfo\/2018\/04\/parc-cinema-francais-toujours-premiere-position\/\"},\"wordCount\":491,\"commentCount\":0,\"publisher\":{\"@id\":\"https:\/\/vosgesinfo.fr\/gerardmerinfo\/#organization\"},\"image\":{\"@id\":\"https:\/\/vosgesinfo.fr\/gerardmerinfo\/2018\/04\/parc-cinema-francais-toujours-premiere-position\/#primaryimage\"},\"thumbnailUrl\":\"https:\/\/vosgesinfo.fr\/app\/uploads\/sites\/6\/2024\/07\/201603rencontres-du-cinema-2016-2-1.jpg\",\"keywords\":[\"rencontres du cin\u00e9ma\"],\"articleSection\":[\"A la une\",\"Culture\",\"Vosges\"],\"inLanguage\":\"fr-FR\",\"potentialAction\":[{\"@type\":\"CommentAction\",\"name\":\"Comment\",\"target\":[\"https:\/\/vosgesinfo.fr\/gerardmerinfo\/2018\/04\/parc-cinema-francais-toujours-premiere-position\/#respond\"]}]},{\"@type\":\"WebPage\",\"@id\":\"https:\/\/vosgesinfo.fr\/gerardmerinfo\/2018\/04\/parc-cinema-francais-toujours-premiere-position\/\",\"url\":\"https:\/\/vosgesinfo.fr\/gerardmerinfo\/2018\/04\/parc-cinema-francais-toujours-premiere-position\/\",\"name\":\"Le parc cin\u00e9ma Fran\u00e7ais toujours en premi\u00e8re position ! - Gerardmer Info\",\"isPartOf\":{\"@id\":\"https:\/\/vosgesinfo.fr\/gerardmerinfo\/#website\"},\"primaryImageOfPage\":{\"@id\":\"https:\/\/vosgesinfo.fr\/gerardmerinfo\/2018\/04\/parc-cinema-francais-toujours-premiere-position\/#primaryimage\"},\"image\":{\"@id\":\"https:\/\/vosgesinfo.fr\/gerardmerinfo\/2018\/04\/parc-cinema-francais-toujours-premiere-position\/#primaryimage\"},\"thumbnailUrl\":\"https:\/\/vosgesinfo.fr\/app\/uploads\/sites\/6\/2024\/07\/201603rencontres-du-cinema-2016-2-1.jpg\",\"datePublished\":\"2018-04-03T13:32:35+00:00\",\"dateModified\":\"2018-04-03T13:32:35+00:00\",\"breadcrumb\":{\"@id\":\"https:\/\/vosgesinfo.fr\/gerardmerinfo\/2018\/04\/parc-cinema-francais-toujours-premiere-position\/#breadcrumb\"},\"inLanguage\":\"fr-FR\",\"potentialAction\":[{\"@type\":\"ReadAction\",\"target\":[\"https:\/\/vosgesinfo.fr\/gerardmerinfo\/2018\/04\/parc-cinema-francais-toujours-premiere-position\/\"]}]},{\"@type\":\"ImageObject\",\"inLanguage\":\"fr-FR\",\"@id\":\"https:\/\/vosgesinfo.fr\/gerardmerinfo\/2018\/04\/parc-cinema-francais-toujours-premiere-position\/#primaryimage\",\"url\":\"https:\/\/vosgesinfo.fr\/app\/uploads\/sites\/6\/2024\/07\/201603rencontres-du-cinema-2016-2-1.jpg\",\"contentUrl\":\"https:\/\/vosgesinfo.fr\/app\/uploads\/sites\/6\/2024\/07\/201603rencontres-du-cinema-2016-2-1.jpg\",\"width\":1024,\"height\":768},{\"@type\":\"BreadcrumbList\",\"@id\":\"https:\/\/vosgesinfo.fr\/gerardmerinfo\/2018\/04\/parc-cinema-francais-toujours-premiere-position\/#breadcrumb\",\"itemListElement\":[{\"@type\":\"ListItem\",\"position\":1,\"name\":\"Home\",\"item\":\"https:\/\/vosgesinfo.fr\/gerardmerinfo\/\"},{\"@type\":\"ListItem\",\"position\":2,\"name\":\"Le parc cin\u00e9ma Fran\u00e7ais toujours en premi\u00e8re position !\"}]},{\"@type\":\"WebSite\",\"@id\":\"https:\/\/vosgesinfo.fr\/gerardmerinfo\/#website\",\"url\":\"https:\/\/vosgesinfo.fr\/gerardmerinfo\/\",\"name\":\"Gerardmer Info\",\"description\":\"Toute l&#039;actualit\u00e9 de G\u00e9rardmer\",\"publisher\":{\"@id\":\"https:\/\/vosgesinfo.fr\/gerardmerinfo\/#organization\"},\"alternateName\":\"Toute l'actualit\u00e9 de G\u00e9rardmer\",\"potentialAction\":[{\"@type\":\"SearchAction\",\"target\":{\"@type\":\"EntryPoint\",\"urlTemplate\":\"https:\/\/vosgesinfo.fr\/gerardmerinfo\/?s={search_term_string}\"},\"query-input\":\"required name=search_term_string\"}],\"inLanguage\":\"fr-FR\"},{\"@type\":\"Organization\",\"@id\":\"https:\/\/vosgesinfo.fr\/gerardmerinfo\/#organization\",\"name\":\"Gerardmer Info\",\"url\":\"https:\/\/vosgesinfo.fr\/gerardmerinfo\/\",\"logo\":{\"@type\":\"ImageObject\",\"inLanguage\":\"fr-FR\",\"@id\":\"https:\/\/vosgesinfo.fr\/gerardmerinfo\/#\/schema\/logo\/image\/\",\"url\":\"https:\/\/vosgesinfo.fr\/app\/uploads\/sites\/6\/2023\/08\/favicon-gerardmerinfo.png\",\"contentUrl\":\"https:\/\/vosgesinfo.fr\/app\/uploads\/sites\/6\/2023\/08\/favicon-gerardmerinfo.png\",\"width\":512,\"height\":512,\"caption\":\"Gerardmer Info\"},\"image\":{\"@id\":\"https:\/\/vosgesinfo.fr\/gerardmerinfo\/#\/schema\/logo\/image\/\"},\"sameAs\":[\"https:\/\/www.facebook.com\/profile.php?id=100049475262660\",\"https:\/\/x.com\/VosgesInfo88\",\"https:\/\/www.youtube.com\/@vosgesinfo\"]},{\"@type\":\"Person\",\"@id\":\"https:\/\/vosgesinfo.fr\/gerardmerinfo\/#\/schema\/person\/af5f1be9a2f391eb0da0ee3c837b7217\",\"name\":\"Noa Thomas\",\"image\":{\"@type\":\"ImageObject\",\"inLanguage\":\"fr-FR\",\"@id\":\"https:\/\/vosgesinfo.fr\/gerardmerinfo\/#\/schema\/person\/image\/\",\"url\":\"https:\/\/secure.gravatar.com\/avatar\/05033d158661a8c14bdec03fc9919c699c466b263542efc60a14b30a6904d813?s=96&d=mm&r=g\",\"contentUrl\":\"https:\/\/secure.gravatar.com\/avatar\/05033d158661a8c14bdec03fc9919c699c466b263542efc60a14b30a6904d813?s=96&d=mm&r=g\",\"caption\":\"Noa Thomas\"},\"url\":\"https:\/\/vosgesinfo.fr\/gerardmerinfo\/author\/noathomass\/\"}]}<\/script>\n<!-- \/ Yoast SEO plugin. -->","yoast_head_json":{"title":"Le parc cin\u00e9ma Fran\u00e7ais toujours en premi\u00e8re position ! - Gerardmer Info","robots":{"index":"index","follow":"follow","max-snippet":"max-snippet:-1","max-image-preview":"max-image-preview:large","max-video-preview":"max-video-preview:-1"},"canonical":"https:\/\/vosgesinfo.fr\/gerardmerinfo\/2018\/04\/parc-cinema-francais-toujours-premiere-position\/","twitter_card":"summary_large_image","twitter_title":"Le parc cin\u00e9ma Fran\u00e7ais toujours en premi\u00e8re position ! - Gerardmer Info","twitter_description":"Les 22e Rencontres du cin\u00e9ma se d\u00e9rouleront \u00e0 G\u00e9rardmer du mardi 3 au vendredi 6 avril 2018, elles sont l\u2019occasion [&hellip;]","twitter_image":"https:\/\/vosgesinfo.fr\/app\/uploads\/sites\/6\/2024\/07\/201603rencontres-du-cinema-2016-2-1.jpg","twitter_creator":"@VosgesInfo88","twitter_site":"@VosgesInfo88","twitter_misc":{"\u00c9crit par":"Noa Thomas","Dur\u00e9e de lecture estim\u00e9e":"2 minutes"},"schema":{"@context":"https:\/\/schema.org","@graph":[{"@type":"Article","@id":"https:\/\/vosgesinfo.fr\/gerardmerinfo\/2018\/04\/parc-cinema-francais-toujours-premiere-position\/#article","isPartOf":{"@id":"https:\/\/vosgesinfo.fr\/gerardmerinfo\/2018\/04\/parc-cinema-francais-toujours-premiere-position\/"},"author":{"name":"Noa Thomas","@id":"https:\/\/vosgesinfo.fr\/gerardmerinfo\/#\/schema\/person\/af5f1be9a2f391eb0da0ee3c837b7217"},"headline":"Le parc cin\u00e9ma Fran\u00e7ais toujours en premi\u00e8re position !","datePublished":"2018-04-03T13:32:35+00:00","dateModified":"2018-04-03T13:32:35+00:00","mainEntityOfPage":{"@id":"https:\/\/vosgesinfo.fr\/gerardmerinfo\/2018\/04\/parc-cinema-francais-toujours-premiere-position\/"},"wordCount":491,"commentCount":0,"publisher":{"@id":"https:\/\/vosgesinfo.fr\/gerardmerinfo\/#organization"},"image":{"@id":"https:\/\/vosgesinfo.fr\/gerardmerinfo\/2018\/04\/parc-cinema-francais-toujours-premiere-position\/#primaryimage"},"thumbnailUrl":"https:\/\/vosgesinfo.fr\/app\/uploads\/sites\/6\/2024\/07\/201603rencontres-du-cinema-2016-2-1.jpg","keywords":["rencontres du cin\u00e9ma"],"articleSection":["A la une","Culture","Vosges"],"inLanguage":"fr-FR","potentialAction":[{"@type":"CommentAction","name":"Comment","target":["https:\/\/vosgesinfo.fr\/gerardmerinfo\/2018\/04\/parc-cinema-francais-toujours-premiere-position\/#respond"]}]},{"@type":"WebPage","@id":"https:\/\/vosgesinfo.fr\/gerardmerinfo\/2018\/04\/parc-cinema-francais-toujours-premiere-position\/","url":"https:\/\/vosgesinfo.fr\/gerardmerinfo\/2018\/04\/parc-cinema-francais-toujours-premiere-position\/","name":"Le parc cin\u00e9ma Fran\u00e7ais toujours en premi\u00e8re position ! - Gerardmer Info","isPartOf":{"@id":"https:\/\/vosgesinfo.fr\/gerardmerinfo\/#website"},"primaryImageOfPage":{"@id":"https:\/\/vosgesinfo.fr\/gerardmerinfo\/2018\/04\/parc-cinema-francais-toujours-premiere-position\/#primaryimage"},"image":{"@id":"https:\/\/vosgesinfo.fr\/gerardmerinfo\/2018\/04\/parc-cinema-francais-toujours-premiere-position\/#primaryimage"},"thumbnailUrl":"https:\/\/vosgesinfo.fr\/app\/uploads\/sites\/6\/2024\/07\/201603rencontres-du-cinema-2016-2-1.jpg","datePublished":"2018-04-03T13:32:35+00:00","dateModified":"2018-04-03T13:32:35+00:00","breadcrumb":{"@id":"https:\/\/vosgesinfo.fr\/gerardmerinfo\/2018\/04\/parc-cinema-francais-toujours-premiere-position\/#breadcrumb"},"inLanguage":"fr-FR","potentialAction":[{"@type":"ReadAction","target":["https:\/\/vosgesinfo.fr\/gerardmerinfo\/2018\/04\/parc-cinema-francais-toujours-premiere-position\/"]}]},{"@type":"ImageObject","inLanguage":"fr-FR","@id":"https:\/\/vosgesinfo.fr\/gerardmerinfo\/2018\/04\/parc-cinema-francais-toujours-premiere-position\/#primaryimage","url":"https:\/\/vosgesinfo.fr\/app\/uploads\/sites\/6\/2024\/07\/201603rencontres-du-cinema-2016-2-1.jpg","contentUrl":"https:\/\/vosgesinfo.fr\/app\/uploads\/sites\/6\/2024\/07\/201603rencontres-du-cinema-2016-2-1.jpg","width":1024,"height":768},{"@type":"BreadcrumbList","@id":"https:\/\/vosgesinfo.fr\/gerardmerinfo\/2018\/04\/parc-cinema-francais-toujours-premiere-position\/#breadcrumb","itemListElement":[{"@type":"ListItem","position":1,"name":"Home","item":"https:\/\/vosgesinfo.fr\/gerardmerinfo\/"},{"@type":"ListItem","position":2,"name":"Le parc cin\u00e9ma Fran\u00e7ais toujours en premi\u00e8re position !"}]},{"@type":"WebSite","@id":"https:\/\/vosgesinfo.fr\/gerardmerinfo\/#website","url":"https:\/\/vosgesinfo.fr\/gerardmerinfo\/","name":"Gerardmer Info","description":"Toute l&#039;actualit\u00e9 de G\u00e9rardmer","publisher":{"@id":"https:\/\/vosgesinfo.fr\/gerardmerinfo\/#organization"},"alternateName":"Toute l'actualit\u00e9 de G\u00e9rardmer","potentialAction":[{"@type":"SearchAction","target":{"@type":"EntryPoint","urlTemplate":"https:\/\/vosgesinfo.fr\/gerardmerinfo\/?s={search_term_string}"},"query-input":"required name=search_term_string"}],"inLanguage":"fr-FR"},{"@type":"Organization","@id":"https:\/\/vosgesinfo.fr\/gerardmerinfo\/#organization","name":"Gerardmer Info","url":"https:\/\/vosgesinfo.fr\/gerardmerinfo\/","logo":{"@type":"ImageObject","inLanguage":"fr-FR","@id":"https:\/\/vosgesinfo.fr\/gerardmerinfo\/#\/schema\/logo\/image\/","url":"https:\/\/vosgesinfo.fr\/app\/uploads\/sites\/6\/2023\/08\/favicon-gerardmerinfo.png","contentUrl":"https:\/\/vosgesinfo.fr\/app\/uploads\/sites\/6\/2023\/08\/favicon-gerardmerinfo.png","width":512,"height":512,"caption":"Gerardmer Info"},"image":{"@id":"https:\/\/vosgesinfo.fr\/gerardmerinfo\/#\/schema\/logo\/image\/"},"sameAs":["https:\/\/www.facebook.com\/profile.php?id=100049475262660","https:\/\/x.com\/VosgesInfo88","https:\/\/www.youtube.com\/@vosgesinfo"]},{"@type":"Person","@id":"https:\/\/vosgesinfo.fr\/gerardmerinfo\/#\/schema\/person\/af5f1be9a2f391eb0da0ee3c837b7217","name":"Noa Thomas","image":{"@type":"ImageObject","inLanguage":"fr-FR","@id":"https:\/\/vosgesinfo.fr\/gerardmerinfo\/#\/schema\/person\/image\/","url":"https:\/\/secure.gravatar.com\/avatar\/05033d158661a8c14bdec03fc9919c699c466b263542efc60a14b30a6904d813?s=96&d=mm&r=g","contentUrl":"https:\/\/secure.gravatar.com\/avatar\/05033d158661a8c14bdec03fc9919c699c466b263542efc60a14b30a6904d813?s=96&d=mm&r=g","caption":"Noa Thomas"},"url":"https:\/\/vosgesinfo.fr\/gerardmerinfo\/author\/noathomass\/"}]}},"_links":{"self":[{"href":"https:\/\/vosgesinfo.fr\/gerardmerinfo\/wp-json\/wp\/v2\/posts\/33133","targetHints":{"allow":["GET"]}}],"collection":[{"href":"https:\/\/vosgesinfo.fr\/gerardmerinfo\/wp-json\/wp\/v2\/posts"}],"about":[{"href":"https:\/\/vosgesinfo.fr\/gerardmerinfo\/wp-json\/wp\/v2\/types\/post"}],"author":[{"embeddable":true,"href":"https:\/\/vosgesinfo.fr\/gerardmerinfo\/wp-json\/wp\/v2\/users\/237"}],"replies":[{"embeddable":true,"href":"https:\/\/vosgesinfo.fr\/gerardmerinfo\/wp-json\/wp\/v2\/comments?post=33133"}],"version-history":[{"count":0,"href":"https:\/\/vosgesinfo.fr\/gerardmerinfo\/wp-json\/wp\/v2\/posts\/33133\/revisions"}],"wp:featuredmedia":[{"embeddable":true,"href":"https:\/\/vosgesinfo.fr\/gerardmerinfo\/wp-json\/wp\/v2\/media\/33134"}],"wp:attachment":[{"href":"https:\/\/vosgesinfo.fr\/gerardmerinfo\/wp-json\/wp\/v2\/media?parent=33133"}],"wp:term":[{"taxonomy":"category","embeddable":true,"href":"https:\/\/vosgesinfo.fr\/gerardmerinfo\/wp-json\/wp\/v2\/categories?post=33133"},{"taxonomy":"post_tag","embeddable":true,"href":"https:\/\/vosgesinfo.fr\/gerardmerinfo\/wp-json\/wp\/v2\/tags?post=33133"}],"curies":[{"name":"wp","href":"https:\/\/api.w.org\/{rel}","templated":true}]}}