{"id":33137,"date":"2018-04-03T15:32:11","date_gmt":"2018-04-03T13:32:11","guid":{"rendered":"https:\/\/vosgesinfo.fr\/gerardmerinfo\/2018\/04\/veliplanchistes-de-lasg-evidence-premiere-regate-interregionale\/"},"modified":"2018-04-03T15:32:11","modified_gmt":"2018-04-03T13:32:11","slug":"veliplanchistes-de-lasg-evidence-premiere-regate-interregionale","status":"publish","type":"post","link":"https:\/\/vosgesinfo.fr\/gerardmerinfo\/2018\/04\/veliplanchistes-de-lasg-evidence-premiere-regate-interregionale\/","title":{"rendered":"Les v\u00e9liplanchistes de l&rsquo;ASG en \u00e9vidence pour la premi\u00e8re r\u00e9gate interr\u00e9gionale \u00ab\u00a0Est\u00a0\u00bb"},"content":{"rendered":"<div>\n\n<p><strong><br \/>\n<\/strong><br \/>\nCap au Sud encore une fois ce week-end pour les windsurfers de l&rsquo;ASG, mais uniquement jusqu&rsquo;\u00e0 Vesoul, o\u00f9 les conditions m\u00e9t\u00e9o continuent \u00e0 jouer avec le mental de nos comp\u00e9titeurs. Beau soleil le samedi mais pas assez de vent pour valider la seule manche courue, et pluie et\u00a0 froid le dimanche, mais avec un vent fort permettant de lancer quatre manches assez muscl\u00e9es.<\/p>\n<div id=\"attachment_125300\" style=\"width: 219px\" class=\"wp-caption alignright\"><a href=\"\/2018\/04\/Titouan-et-Viviane.jpg\"><img decoding=\"async\" aria-describedby=\"caption-attachment-125300\" class=\"wp-image-125300\" src=\"\/2018\/04\/Titouan-et-Viviane.jpg\" alt=\"Titouan et Viviane en action !\" width=\"209\" height=\"275\" \/><\/a><p id=\"caption-attachment-125300\" class=\"wp-caption-text\">Titouan et Viviane en action !<\/p><\/div>\n<p>Les seize g\u00e9romois pr\u00e9sents se sont mis en \u00e9vidence, avec en particulier <strong>Titouan Halluitte<\/strong> (premier raceboard jeunes) et <strong>Viviane Ventrin<\/strong> (premi\u00e8re\u00a0 raceboard femme), respectivement 2i\u00e8me et 3i\u00e8me au classement scratch raceboard remport\u00e9 par le lyonnais Fred Becquart.<\/p>\n<p><strong>Gautier Valentin<\/strong>, toujours \u00e0 la recherche de son mat\u00e9riel pour 2018, reprend sa planche RS One et ne peut vraiment jouer la gagne devant mais r\u00e9siste aux Bic Plus (nouvelle formule FFV) et termine premier des planches \u00ab\u00a0hybrid\u00a0\u00bb (6i\u00e8me au scratch).<\/p>\n<p>A noter la bonne reprise de <strong>Th\u00e9o Halluitte<\/strong> (4i\u00e8me au scratch), habituel coach de l&rsquo;\u00e9quipe, mais manquant un peu d&rsquo;entra\u00eenement, les heures pass\u00e9es dans le zodiac \u00e0 encadrer sa jeune \u00e9quipe ne pr\u00e9parant pas vraiment les bras \u00e0 encaisser les claques de vent dans sa nouvelle voile de 9,5m2&#8230;<\/p>\n<p>Retour remarquable aussi de <strong>Mathilde Valentin<\/strong> (premi\u00e8re f\u00e9minine jeune raceboard) qui prouve qu&rsquo;elle peut revenir au niveau national dans cette cat\u00e9gorie. <strong>Val\u00e9rie Valentin, Bertrand Weckel et Olivier Halluitte<\/strong> assurent des points pr\u00e9cieux pour le classement par club (12, 14 et 16i\u00e8me).<\/p>\n<p>&nbsp;<\/p>\n<p>Chez les jeunes (s\u00e9rie Bic 293), belle performance de <strong>Pauline Weckel<\/strong> (premi\u00e8re f\u00e9minime et deuxi\u00e8me au scratch) d\u00e9j\u00e0 tr\u00e9s affut\u00e9e , et de <strong>Sarah Gaillard, <\/strong>(2i\u00e8me f\u00e9minine), qui confirme sa bonne forme depuis la MedCup.<\/p>\n<p>En espoirs G, <strong>Tom Marchal<\/strong>, lui aussi motiv\u00e9 et b\u00e9n\u00e9ficiant de la pr\u00e9paration marseillaise de d\u00e9but de saison, monte sur le podium derri\u00e8re le\u00a0 dijonnais Alexandre Soudi\u00e8re.<\/p>\n<p>En minimes, <strong>Cl\u00e9ment Valentin<\/strong> \u00e9clate sa voile dans la premi\u00e8re manche, mais sauve une belle seconde place, derri\u00e8re Hugo Farges de Montagny les Beaune, impressionnant ce week-end. <strong>Maxime de Carvalho<\/strong> (10i\u00e8me), <strong>Bryan Noel <\/strong>(13i\u00e8me, lui aussi victime d&rsquo;une manche rat\u00e9e pour cause de voile d\u00e9chir\u00e9e) et <strong>L\u00e9opoldine Gauer<\/strong> (15) continuent leur apprentissage \u00e0 ce niveau, mais r\u00e9sistent bien aux jeunes bourguignons.<\/p>\n<p>F\u00e9licitations aussi \u00e0 <strong>Pierre Gaillard<\/strong> (17i\u00e8me et 3i\u00e8me miniwish), motiv\u00e9, mais encore un peu jeune dans ces conditions difficiles.<\/p>\n<p>Merci \u00e0 Beno\u00eet et Olivier qui ont suppl\u00e9\u00e9 le coach Th\u00e9o pour l&rsquo;assistance des jeunes sur l&rsquo;eau.<\/p>\n<p>&nbsp;<\/p>\n<p>Belle organisation du club de Vesoul, efficace et conviviale, salu\u00e9e par Bernard Meurgey, pr\u00e9sident de la Ligue de Bourgogne et de la commisson windsurf \u00e0 la FFV, et Fred Becquart, pr\u00e9sident de FRA (France Raceboard Association), satisfait de voir autant de jeunes en raceboard.<\/p>\n<p>Belle r\u00e9gate, et revue d&rsquo;effectif pour l&rsquo;ASG en attendant l&rsquo;arriv\u00e9e des plus jeunes et des moins exp\u00e9riment\u00e9s dans le circuit r\u00e9gional qui co\u00efncide en g\u00e9n\u00e9ral avec le regroupement de printemps \u00e0 Port-Grimaud qui aura lieu cette ann\u00e9e du 28 avril au 5 mai.<\/p>\n<\/div>\n","protected":false},"excerpt":{"rendered":"<p>Cap au Sud encore une fois ce week-end pour les windsurfers de l&rsquo;ASG, mais uniquement jusqu&rsquo;\u00e0 Vesoul, o\u00f9 les conditions [&hellip;]<\/p>\n","protected":false},"author":1,"featured_media":33138,"comment_status":"open","ping_status":"open","sticky":false,"template":"","format":"standard","meta":{"footnotes":""},"categories":[20,14],"tags":[65],"class_list":["post-33137","post","type-post","status-publish","format-standard","has-post-thumbnail","hentry","category-a-la-une","category-sport","tag-asg-voile"],"acf":[],"yoast_head":"<!-- This site is optimized with the Yoast SEO plugin v22.5 - https:\/\/yoast.com\/wordpress\/plugins\/seo\/ -->\n<title>Les v\u00e9liplanchistes de l&#039;ASG en \u00e9vidence pour la premi\u00e8re r\u00e9gate interr\u00e9gionale &quot;Est&quot; - Gerardmer Info<\/title>\n<meta name=\"robots\" content=\"index, follow, max-snippet:-1, max-image-preview:large, max-video-preview:-1\" \/>\n<link rel=\"canonical\" href=\"https:\/\/vosgesinfo.fr\/gerardmerinfo\/2018\/04\/veliplanchistes-de-lasg-evidence-premiere-regate-interregionale\/\" \/>\n<meta name=\"twitter:card\" content=\"summary_large_image\" \/>\n<meta name=\"twitter:title\" content=\"Les v\u00e9liplanchistes de l&#039;ASG en \u00e9vidence pour la premi\u00e8re r\u00e9gate interr\u00e9gionale &quot;Est&quot; - Gerardmer Info\" \/>\n<meta name=\"twitter:description\" content=\"Cap au Sud encore une fois ce week-end pour les windsurfers de l&rsquo;ASG, mais uniquement jusqu&rsquo;\u00e0 Vesoul, o\u00f9 les conditions [&hellip;]\" \/>\n<meta name=\"twitter:image\" content=\"https:\/\/vosgesinfo.fr\/app\/uploads\/sites\/6\/2024\/07\/201804titouan-et-viviane.jpg\" \/>\n<meta name=\"twitter:creator\" content=\"@VosgesInfo88\" \/>\n<meta name=\"twitter:site\" content=\"@VosgesInfo88\" \/>\n<meta name=\"twitter:label1\" content=\"\u00c9crit par\" \/>\n\t<meta name=\"twitter:data1\" content=\"qs_admin\" \/>\n\t<meta name=\"twitter:label2\" content=\"Dur\u00e9e de lecture estim\u00e9e\" \/>\n\t<meta name=\"twitter:data2\" content=\"3 minutes\" \/>\n<script type=\"application\/ld+json\" class=\"yoast-schema-graph\">{\"@context\":\"https:\/\/schema.org\",\"@graph\":[{\"@type\":\"Article\",\"@id\":\"https:\/\/vosgesinfo.fr\/gerardmerinfo\/2018\/04\/veliplanchistes-de-lasg-evidence-premiere-regate-interregionale\/#article\",\"isPartOf\":{\"@id\":\"https:\/\/vosgesinfo.fr\/gerardmerinfo\/2018\/04\/veliplanchistes-de-lasg-evidence-premiere-regate-interregionale\/\"},\"author\":{\"name\":\"qs_admin\",\"@id\":\"https:\/\/vosgesinfo.fr\/gerardmerinfo\/#\/schema\/person\/bc5d02d71e6932e81b6dadb7386667b1\"},\"headline\":\"Les v\u00e9liplanchistes de l&rsquo;ASG en \u00e9vidence pour la premi\u00e8re r\u00e9gate interr\u00e9gionale \u00ab\u00a0Est\u00a0\u00bb\",\"datePublished\":\"2018-04-03T13:32:11+00:00\",\"dateModified\":\"2018-04-03T13:32:11+00:00\",\"mainEntityOfPage\":{\"@id\":\"https:\/\/vosgesinfo.fr\/gerardmerinfo\/2018\/04\/veliplanchistes-de-lasg-evidence-premiere-regate-interregionale\/\"},\"wordCount\":573,\"commentCount\":0,\"publisher\":{\"@id\":\"https:\/\/vosgesinfo.fr\/gerardmerinfo\/#organization\"},\"image\":{\"@id\":\"https:\/\/vosgesinfo.fr\/gerardmerinfo\/2018\/04\/veliplanchistes-de-lasg-evidence-premiere-regate-interregionale\/#primaryimage\"},\"thumbnailUrl\":\"https:\/\/vosgesinfo.fr\/app\/uploads\/sites\/6\/2024\/07\/201804titouan-et-viviane.jpg\",\"keywords\":[\"asg voile\"],\"articleSection\":[\"A la une\",\"Sport\"],\"inLanguage\":\"fr-FR\",\"potentialAction\":[{\"@type\":\"CommentAction\",\"name\":\"Comment\",\"target\":[\"https:\/\/vosgesinfo.fr\/gerardmerinfo\/2018\/04\/veliplanchistes-de-lasg-evidence-premiere-regate-interregionale\/#respond\"]}]},{\"@type\":\"WebPage\",\"@id\":\"https:\/\/vosgesinfo.fr\/gerardmerinfo\/2018\/04\/veliplanchistes-de-lasg-evidence-premiere-regate-interregionale\/\",\"url\":\"https:\/\/vosgesinfo.fr\/gerardmerinfo\/2018\/04\/veliplanchistes-de-lasg-evidence-premiere-regate-interregionale\/\",\"name\":\"Les v\u00e9liplanchistes de l'ASG en \u00e9vidence pour la premi\u00e8re r\u00e9gate interr\u00e9gionale \\\"Est\\\" - Gerardmer Info\",\"isPartOf\":{\"@id\":\"https:\/\/vosgesinfo.fr\/gerardmerinfo\/#website\"},\"primaryImageOfPage\":{\"@id\":\"https:\/\/vosgesinfo.fr\/gerardmerinfo\/2018\/04\/veliplanchistes-de-lasg-evidence-premiere-regate-interregionale\/#primaryimage\"},\"image\":{\"@id\":\"https:\/\/vosgesinfo.fr\/gerardmerinfo\/2018\/04\/veliplanchistes-de-lasg-evidence-premiere-regate-interregionale\/#primaryimage\"},\"thumbnailUrl\":\"https:\/\/vosgesinfo.fr\/app\/uploads\/sites\/6\/2024\/07\/201804titouan-et-viviane.jpg\",\"datePublished\":\"2018-04-03T13:32:11+00:00\",\"dateModified\":\"2018-04-03T13:32:11+00:00\",\"breadcrumb\":{\"@id\":\"https:\/\/vosgesinfo.fr\/gerardmerinfo\/2018\/04\/veliplanchistes-de-lasg-evidence-premiere-regate-interregionale\/#breadcrumb\"},\"inLanguage\":\"fr-FR\",\"potentialAction\":[{\"@type\":\"ReadAction\",\"target\":[\"https:\/\/vosgesinfo.fr\/gerardmerinfo\/2018\/04\/veliplanchistes-de-lasg-evidence-premiere-regate-interregionale\/\"]}]},{\"@type\":\"ImageObject\",\"inLanguage\":\"fr-FR\",\"@id\":\"https:\/\/vosgesinfo.fr\/gerardmerinfo\/2018\/04\/veliplanchistes-de-lasg-evidence-premiere-regate-interregionale\/#primaryimage\",\"url\":\"https:\/\/vosgesinfo.fr\/app\/uploads\/sites\/6\/2024\/07\/201804titouan-et-viviane.jpg\",\"contentUrl\":\"https:\/\/vosgesinfo.fr\/app\/uploads\/sites\/6\/2024\/07\/201804titouan-et-viviane.jpg\",\"width\":609,\"height\":800},{\"@type\":\"BreadcrumbList\",\"@id\":\"https:\/\/vosgesinfo.fr\/gerardmerinfo\/2018\/04\/veliplanchistes-de-lasg-evidence-premiere-regate-interregionale\/#breadcrumb\",\"itemListElement\":[{\"@type\":\"ListItem\",\"position\":1,\"name\":\"Home\",\"item\":\"https:\/\/vosgesinfo.fr\/gerardmerinfo\/\"},{\"@type\":\"ListItem\",\"position\":2,\"name\":\"Les v\u00e9liplanchistes de l&rsquo;ASG en \u00e9vidence pour la premi\u00e8re r\u00e9gate interr\u00e9gionale \u00ab\u00a0Est\u00a0\u00bb\"}]},{\"@type\":\"WebSite\",\"@id\":\"https:\/\/vosgesinfo.fr\/gerardmerinfo\/#website\",\"url\":\"https:\/\/vosgesinfo.fr\/gerardmerinfo\/\",\"name\":\"Gerardmer Info\",\"description\":\"Toute l&#039;actualit\u00e9 de G\u00e9rardmer\",\"publisher\":{\"@id\":\"https:\/\/vosgesinfo.fr\/gerardmerinfo\/#organization\"},\"alternateName\":\"Toute l'actualit\u00e9 de G\u00e9rardmer\",\"potentialAction\":[{\"@type\":\"SearchAction\",\"target\":{\"@type\":\"EntryPoint\",\"urlTemplate\":\"https:\/\/vosgesinfo.fr\/gerardmerinfo\/?s={search_term_string}\"},\"query-input\":\"required name=search_term_string\"}],\"inLanguage\":\"fr-FR\"},{\"@type\":\"Organization\",\"@id\":\"https:\/\/vosgesinfo.fr\/gerardmerinfo\/#organization\",\"name\":\"Gerardmer Info\",\"url\":\"https:\/\/vosgesinfo.fr\/gerardmerinfo\/\",\"logo\":{\"@type\":\"ImageObject\",\"inLanguage\":\"fr-FR\",\"@id\":\"https:\/\/vosgesinfo.fr\/gerardmerinfo\/#\/schema\/logo\/image\/\",\"url\":\"https:\/\/vosgesinfo.fr\/app\/uploads\/sites\/6\/2023\/08\/favicon-gerardmerinfo.png\",\"contentUrl\":\"https:\/\/vosgesinfo.fr\/app\/uploads\/sites\/6\/2023\/08\/favicon-gerardmerinfo.png\",\"width\":512,\"height\":512,\"caption\":\"Gerardmer Info\"},\"image\":{\"@id\":\"https:\/\/vosgesinfo.fr\/gerardmerinfo\/#\/schema\/logo\/image\/\"},\"sameAs\":[\"https:\/\/www.facebook.com\/profile.php?id=100049475262660\",\"https:\/\/x.com\/VosgesInfo88\",\"https:\/\/www.youtube.com\/@vosgesinfo\"]},{\"@type\":\"Person\",\"@id\":\"https:\/\/vosgesinfo.fr\/gerardmerinfo\/#\/schema\/person\/bc5d02d71e6932e81b6dadb7386667b1\",\"name\":\"qs_admin\",\"image\":{\"@type\":\"ImageObject\",\"inLanguage\":\"fr-FR\",\"@id\":\"https:\/\/vosgesinfo.fr\/gerardmerinfo\/#\/schema\/person\/image\/\",\"url\":\"https:\/\/secure.gravatar.com\/avatar\/94b18ee0ed79e4a42ea2f2931277b6841a8999fc6fde214600c78057cf1fe1de?s=96&d=mm&r=g\",\"contentUrl\":\"https:\/\/secure.gravatar.com\/avatar\/94b18ee0ed79e4a42ea2f2931277b6841a8999fc6fde214600c78057cf1fe1de?s=96&d=mm&r=g\",\"caption\":\"qs_admin\"},\"sameAs\":[\"https:\/\/vosgesinfo.fr\/wp\"],\"url\":\"https:\/\/vosgesinfo.fr\/gerardmerinfo\/author\/qs_admin\/\"}]}<\/script>\n<!-- \/ Yoast SEO plugin. -->","yoast_head_json":{"title":"Les v\u00e9liplanchistes de l'ASG en \u00e9vidence pour la premi\u00e8re r\u00e9gate interr\u00e9gionale \"Est\" - Gerardmer Info","robots":{"index":"index","follow":"follow","max-snippet":"max-snippet:-1","max-image-preview":"max-image-preview:large","max-video-preview":"max-video-preview:-1"},"canonical":"https:\/\/vosgesinfo.fr\/gerardmerinfo\/2018\/04\/veliplanchistes-de-lasg-evidence-premiere-regate-interregionale\/","twitter_card":"summary_large_image","twitter_title":"Les v\u00e9liplanchistes de l'ASG en \u00e9vidence pour la premi\u00e8re r\u00e9gate interr\u00e9gionale \"Est\" - Gerardmer Info","twitter_description":"Cap au Sud encore une fois ce week-end pour les windsurfers de l&rsquo;ASG, mais uniquement jusqu&rsquo;\u00e0 Vesoul, o\u00f9 les conditions [&hellip;]","twitter_image":"https:\/\/vosgesinfo.fr\/app\/uploads\/sites\/6\/2024\/07\/201804titouan-et-viviane.jpg","twitter_creator":"@VosgesInfo88","twitter_site":"@VosgesInfo88","twitter_misc":{"\u00c9crit par":"qs_admin","Dur\u00e9e de lecture estim\u00e9e":"3 minutes"},"schema":{"@context":"https:\/\/schema.org","@graph":[{"@type":"Article","@id":"https:\/\/vosgesinfo.fr\/gerardmerinfo\/2018\/04\/veliplanchistes-de-lasg-evidence-premiere-regate-interregionale\/#article","isPartOf":{"@id":"https:\/\/vosgesinfo.fr\/gerardmerinfo\/2018\/04\/veliplanchistes-de-lasg-evidence-premiere-regate-interregionale\/"},"author":{"name":"qs_admin","@id":"https:\/\/vosgesinfo.fr\/gerardmerinfo\/#\/schema\/person\/bc5d02d71e6932e81b6dadb7386667b1"},"headline":"Les v\u00e9liplanchistes de l&rsquo;ASG en \u00e9vidence pour la premi\u00e8re r\u00e9gate interr\u00e9gionale \u00ab\u00a0Est\u00a0\u00bb","datePublished":"2018-04-03T13:32:11+00:00","dateModified":"2018-04-03T13:32:11+00:00","mainEntityOfPage":{"@id":"https:\/\/vosgesinfo.fr\/gerardmerinfo\/2018\/04\/veliplanchistes-de-lasg-evidence-premiere-regate-interregionale\/"},"wordCount":573,"commentCount":0,"publisher":{"@id":"https:\/\/vosgesinfo.fr\/gerardmerinfo\/#organization"},"image":{"@id":"https:\/\/vosgesinfo.fr\/gerardmerinfo\/2018\/04\/veliplanchistes-de-lasg-evidence-premiere-regate-interregionale\/#primaryimage"},"thumbnailUrl":"https:\/\/vosgesinfo.fr\/app\/uploads\/sites\/6\/2024\/07\/201804titouan-et-viviane.jpg","keywords":["asg voile"],"articleSection":["A la une","Sport"],"inLanguage":"fr-FR","potentialAction":[{"@type":"CommentAction","name":"Comment","target":["https:\/\/vosgesinfo.fr\/gerardmerinfo\/2018\/04\/veliplanchistes-de-lasg-evidence-premiere-regate-interregionale\/#respond"]}]},{"@type":"WebPage","@id":"https:\/\/vosgesinfo.fr\/gerardmerinfo\/2018\/04\/veliplanchistes-de-lasg-evidence-premiere-regate-interregionale\/","url":"https:\/\/vosgesinfo.fr\/gerardmerinfo\/2018\/04\/veliplanchistes-de-lasg-evidence-premiere-regate-interregionale\/","name":"Les v\u00e9liplanchistes de l'ASG en \u00e9vidence pour la premi\u00e8re r\u00e9gate interr\u00e9gionale \"Est\" - Gerardmer Info","isPartOf":{"@id":"https:\/\/vosgesinfo.fr\/gerardmerinfo\/#website"},"primaryImageOfPage":{"@id":"https:\/\/vosgesinfo.fr\/gerardmerinfo\/2018\/04\/veliplanchistes-de-lasg-evidence-premiere-regate-interregionale\/#primaryimage"},"image":{"@id":"https:\/\/vosgesinfo.fr\/gerardmerinfo\/2018\/04\/veliplanchistes-de-lasg-evidence-premiere-regate-interregionale\/#primaryimage"},"thumbnailUrl":"https:\/\/vosgesinfo.fr\/app\/uploads\/sites\/6\/2024\/07\/201804titouan-et-viviane.jpg","datePublished":"2018-04-03T13:32:11+00:00","dateModified":"2018-04-03T13:32:11+00:00","breadcrumb":{"@id":"https:\/\/vosgesinfo.fr\/gerardmerinfo\/2018\/04\/veliplanchistes-de-lasg-evidence-premiere-regate-interregionale\/#breadcrumb"},"inLanguage":"fr-FR","potentialAction":[{"@type":"ReadAction","target":["https:\/\/vosgesinfo.fr\/gerardmerinfo\/2018\/04\/veliplanchistes-de-lasg-evidence-premiere-regate-interregionale\/"]}]},{"@type":"ImageObject","inLanguage":"fr-FR","@id":"https:\/\/vosgesinfo.fr\/gerardmerinfo\/2018\/04\/veliplanchistes-de-lasg-evidence-premiere-regate-interregionale\/#primaryimage","url":"https:\/\/vosgesinfo.fr\/app\/uploads\/sites\/6\/2024\/07\/201804titouan-et-viviane.jpg","contentUrl":"https:\/\/vosgesinfo.fr\/app\/uploads\/sites\/6\/2024\/07\/201804titouan-et-viviane.jpg","width":609,"height":800},{"@type":"BreadcrumbList","@id":"https:\/\/vosgesinfo.fr\/gerardmerinfo\/2018\/04\/veliplanchistes-de-lasg-evidence-premiere-regate-interregionale\/#breadcrumb","itemListElement":[{"@type":"ListItem","position":1,"name":"Home","item":"https:\/\/vosgesinfo.fr\/gerardmerinfo\/"},{"@type":"ListItem","position":2,"name":"Les v\u00e9liplanchistes de l&rsquo;ASG en \u00e9vidence pour la premi\u00e8re r\u00e9gate interr\u00e9gionale \u00ab\u00a0Est\u00a0\u00bb"}]},{"@type":"WebSite","@id":"https:\/\/vosgesinfo.fr\/gerardmerinfo\/#website","url":"https:\/\/vosgesinfo.fr\/gerardmerinfo\/","name":"Gerardmer Info","description":"Toute l&#039;actualit\u00e9 de G\u00e9rardmer","publisher":{"@id":"https:\/\/vosgesinfo.fr\/gerardmerinfo\/#organization"},"alternateName":"Toute l'actualit\u00e9 de G\u00e9rardmer","potentialAction":[{"@type":"SearchAction","target":{"@type":"EntryPoint","urlTemplate":"https:\/\/vosgesinfo.fr\/gerardmerinfo\/?s={search_term_string}"},"query-input":"required name=search_term_string"}],"inLanguage":"fr-FR"},{"@type":"Organization","@id":"https:\/\/vosgesinfo.fr\/gerardmerinfo\/#organization","name":"Gerardmer Info","url":"https:\/\/vosgesinfo.fr\/gerardmerinfo\/","logo":{"@type":"ImageObject","inLanguage":"fr-FR","@id":"https:\/\/vosgesinfo.fr\/gerardmerinfo\/#\/schema\/logo\/image\/","url":"https:\/\/vosgesinfo.fr\/app\/uploads\/sites\/6\/2023\/08\/favicon-gerardmerinfo.png","contentUrl":"https:\/\/vosgesinfo.fr\/app\/uploads\/sites\/6\/2023\/08\/favicon-gerardmerinfo.png","width":512,"height":512,"caption":"Gerardmer Info"},"image":{"@id":"https:\/\/vosgesinfo.fr\/gerardmerinfo\/#\/schema\/logo\/image\/"},"sameAs":["https:\/\/www.facebook.com\/profile.php?id=100049475262660","https:\/\/x.com\/VosgesInfo88","https:\/\/www.youtube.com\/@vosgesinfo"]},{"@type":"Person","@id":"https:\/\/vosgesinfo.fr\/gerardmerinfo\/#\/schema\/person\/bc5d02d71e6932e81b6dadb7386667b1","name":"qs_admin","image":{"@type":"ImageObject","inLanguage":"fr-FR","@id":"https:\/\/vosgesinfo.fr\/gerardmerinfo\/#\/schema\/person\/image\/","url":"https:\/\/secure.gravatar.com\/avatar\/94b18ee0ed79e4a42ea2f2931277b6841a8999fc6fde214600c78057cf1fe1de?s=96&d=mm&r=g","contentUrl":"https:\/\/secure.gravatar.com\/avatar\/94b18ee0ed79e4a42ea2f2931277b6841a8999fc6fde214600c78057cf1fe1de?s=96&d=mm&r=g","caption":"qs_admin"},"sameAs":["https:\/\/vosgesinfo.fr\/wp"],"url":"https:\/\/vosgesinfo.fr\/gerardmerinfo\/author\/qs_admin\/"}]}},"_links":{"self":[{"href":"https:\/\/vosgesinfo.fr\/gerardmerinfo\/wp-json\/wp\/v2\/posts\/33137","targetHints":{"allow":["GET"]}}],"collection":[{"href":"https:\/\/vosgesinfo.fr\/gerardmerinfo\/wp-json\/wp\/v2\/posts"}],"about":[{"href":"https:\/\/vosgesinfo.fr\/gerardmerinfo\/wp-json\/wp\/v2\/types\/post"}],"author":[{"embeddable":true,"href":"https:\/\/vosgesinfo.fr\/gerardmerinfo\/wp-json\/wp\/v2\/users\/1"}],"replies":[{"embeddable":true,"href":"https:\/\/vosgesinfo.fr\/gerardmerinfo\/wp-json\/wp\/v2\/comments?post=33137"}],"version-history":[{"count":0,"href":"https:\/\/vosgesinfo.fr\/gerardmerinfo\/wp-json\/wp\/v2\/posts\/33137\/revisions"}],"wp:featuredmedia":[{"embeddable":true,"href":"https:\/\/vosgesinfo.fr\/gerardmerinfo\/wp-json\/wp\/v2\/media\/33138"}],"wp:attachment":[{"href":"https:\/\/vosgesinfo.fr\/gerardmerinfo\/wp-json\/wp\/v2\/media?parent=33137"}],"wp:term":[{"taxonomy":"category","embeddable":true,"href":"https:\/\/vosgesinfo.fr\/gerardmerinfo\/wp-json\/wp\/v2\/categories?post=33137"},{"taxonomy":"post_tag","embeddable":true,"href":"https:\/\/vosgesinfo.fr\/gerardmerinfo\/wp-json\/wp\/v2\/tags?post=33137"}],"curies":[{"name":"wp","href":"https:\/\/api.w.org\/{rel}","templated":true}]}}