{"id":33149,"date":"2018-04-04T05:26:05","date_gmt":"2018-04-04T03:26:05","guid":{"rendered":"https:\/\/vosgesinfo.fr\/gerardmerinfo\/2018\/04\/public-avait-sourire-louverture-rencontres-cinema\/"},"modified":"2018-04-04T05:26:05","modified_gmt":"2018-04-04T03:26:05","slug":"public-avait-sourire-louverture-rencontres-cinema","status":"publish","type":"post","link":"https:\/\/vosgesinfo.fr\/gerardmerinfo\/2018\/04\/public-avait-sourire-louverture-rencontres-cinema\/","title":{"rendered":"Le public avait le sourire pour l&rsquo;ouverture des Rencontres du Cin\u00e9ma."},"content":{"rendered":"<div id=\"attachment_125348\" style=\"width: 510px\" class=\"wp-caption aligncenter\"><a href=\"\/2018\/04\/rencontres-du-cin\u00e9-JP-Ameris-je-vais-mieux-8.jpg\"><img decoding=\"async\" aria-describedby=\"caption-attachment-125348\" class=\"wp-image-125348\" src=\"\/2018\/04\/rencontres-du-cin\u00e9-JP-Ameris-je-vais-mieux-8.jpg\" alt=\"Habitu\u00e9 des Rencontres, le r\u00e9alisateur Jean-Pierre Am\u00e9ris (\u00e0 gauche sur le photo) a retrouv\u00e9 de veilles connaissances mardi soir.\" width=\"500\" height=\"375\" \/><\/a><p id=\"caption-attachment-125348\" class=\"wp-caption-text\"><span style=\"color: #000080;\">Habitu\u00e9 des Rencontres, le r\u00e9alisateur Jean-Pierre Am\u00e9ris (\u00e0 gauche sur le photo) a retrouv\u00e9 de veilles connaissances mardi soir.<\/span><\/p><\/div>\n<h3><\/h3>\n<h3><span style=\"font-size: 14pt;\"><strong>Ce mardi 3 avril voyait s&rsquo;ouvrir les 22e Rencontres du cin\u00e9ma \u00e0 G\u00e9rardmer. Et on peut dire que, comme toujours, le public et les professionnels ont r\u00e9pondu pr\u00e9sent avec pas moins de 23 d\u00e9partements repr\u00e9sent\u00e9s pour la s\u00e9ance de lancement.<\/strong><\/span><\/h3>\n<p><span style=\"font-size: 12pt;\">\u00a0<\/span><\/p>\n<div id=\"attachment_125350\" style=\"width: 350px\" class=\"wp-caption alignright\"><a href=\"\/2018\/04\/rencontres-du-cin\u00e9-JP-Ameris-je-vais-mieux-5.jpg\"><img decoding=\"async\" aria-describedby=\"caption-attachment-125350\" class=\"size-medium wp-image-125350\" src=\"\/2018\/04\/rencontres-du-cin\u00e9-JP-Ameris-je-vais-mieux-5-340x255.jpg\" alt=\"Denis Blum au micro pour pr\u00e9senter les \u00e9lus pr\u00e9sents \u00e0 cette c\u00e9r\u00e9monie d'ouverture.\" width=\"340\" height=\"255\" \/><\/a><p id=\"caption-attachment-125350\" class=\"wp-caption-text\"><span style=\"color: #000080;\">Le programmateur des Rencontres Denis Blum au micro pour pr\u00e9senter les \u00e9lus pr\u00e9sents \u00e0 cette c\u00e9r\u00e9monie d&rsquo;ouverture.<\/span><\/p><\/div>\n<p><span style=\"font-size: 12pt;\">Pour commencer, les diff\u00e9rents intervenants n&rsquo;ont bien \u00e9videmment pas manqu\u00e9 de rappeler le r\u00f4le des collectivit\u00e9s locales, partenaires et b\u00e9n\u00e9voles essentiels au bon d\u00e9roulement du festival. La conseill\u00e8re r\u00e9gionale Sylvie D&rsquo;Alguerre\u00a0 et l&rsquo;adjointe \u00e0 la culture de G\u00e9rardmer Anne Chwaliszevski ont pour leur part \u00e9voqu\u00e9 la place de \u00ab\u00a0terre de cin\u00e9ma\u00a0\u00bb qu&rsquo;occupe la Perle des Vosges. Une place qui offre \u00ab\u00a0une porte ouverte sur le monde et sur les autres qui n&rsquo;a pas de prix\u00a0\u00bb.<\/span><\/p>\n<div id=\"attachment_125349\" style=\"width: 350px\" class=\"wp-caption alignleft\"><a href=\"\/2018\/04\/rencontres-du-cin\u00e9-JP-Ameris-je-vais-mieux-9.jpg\"><img decoding=\"async\" aria-describedby=\"caption-attachment-125349\" class=\"size-medium wp-image-125349\" src=\"\/2018\/04\/rencontres-du-cin\u00e9-JP-Ameris-je-vais-mieux-9-340x255.jpg\" alt=\"La salle du Joa Casino \u00e9tait bien garnie pour cette projection du mardi soir.\" width=\"340\" height=\"255\" \/><\/a><p id=\"caption-attachment-125349\" class=\"wp-caption-text\"><span style=\"color: #000080;\">La salle du Joa Casino \u00e9tait bien garnie pour cette projection du mardi soir.<\/span><\/p><\/div>\n<p>C&rsquo;est donc le nouveau film du r\u00e9alisateur que l&rsquo;on de pr\u00e9sente plus Jean-Pierre Am\u00e9ris<em> \u00ab\u00a0je vais mieux\u00a0\u00bb<\/em> qui sortira en salle le 30 mai qui a ouvert les r\u00e9jouissances. Ce film adapt\u00e9 d&rsquo;un roman de David Foenkinos aborde ainsi avec humour le mal du si\u00e8cle : le mal de dos, symbole dans ce long-m\u00e9trage d&rsquo;un mal \u00eatre, ici plus psychique que physique. Cette com\u00e9die familiale a manifestement pleinement combl\u00e9 les attentes d&rsquo;un public venu en nombre pour passer un bon moment de rire et surtout de d\u00e9tente.<\/p>\n<p>A la fin de la s\u00e9ance le r\u00e9alisateur s&rsquo;est fait un plaisir de recueillir les premi\u00e8res impressions en salle des spectateurs, m\u00eame si cet exercice reste un brin anxiog\u00e8ne pour lui. Pour le r\u00e9alisateur le contact avec le public reste n\u00e9anmoins central. Il a expliqu\u00e9 que, \u00e9tant lui-m\u00eame sujet \u00e0 des probl\u00e8mes de dos r\u00e9currents, l&rsquo;adaptation du roman lui est rapidement apparue comme une \u00e9vidence. Il ne manque d&rsquo;ailleurs pas de souligner que son labeur principal est avant tout de faire du bien et de faire rire son public.<\/p>\n<div id=\"attachment_125346\" style=\"width: 350px\" class=\"wp-caption alignright\"><a href=\"\/2018\/04\/rencontres-du-cin\u00e9-JP-Ameris-je-vais-mieux-6.jpg\"><img decoding=\"async\" aria-describedby=\"caption-attachment-125346\" class=\"wp-image-125346 size-medium\" src=\"\/2018\/04\/rencontres-du-cin\u00e9-JP-Ameris-je-vais-mieux-6-340x255.jpg\" alt=\"rencontres du cin\u00e9 JP Ameris je vais mieux (6)\" width=\"340\" height=\"255\" \/><\/a><p id=\"caption-attachment-125346\" class=\"wp-caption-text\"><span style=\"color: #000080;\">Herv\u00e9 Badonnel en compagnie d&rsquo;Anne Chwaliszewski et de Sylvie D&rsquo;Alguerre. <\/span><\/p><\/div>\n<p>Jean-Pierre Am\u00e9ris a aussi confi\u00e9 aux spectateurs pr\u00e9sents\u00a0 que le r\u00e9alisme de son \u0153uvre n&rsquo;\u00e9tait pas primordial au niveau des d\u00e9cors et du son notamment, mais aussi des personnages et du choix des acteurs pour les interpr\u00e9t\u00e9s. Le r\u00e9alisateur voulait de l&rsquo;originalit\u00e9, quelque chose de singulier afin de cr\u00e9er des ambiances un peu oniriques et faire ressortir le \u00a0\u00bb vrai \u00a0\u00bb des situations et de la vie quotidienne qui parlent \u00e0 tous. Enfin, si un \u00e9l\u00e9ment doit primer apr\u00e8s le visionnage de ce film, toujours selon\u00a0 Jean-Pierre Am\u00e9ris, c&rsquo;est sans doute l&rsquo;importance \u00ab\u00a0d&rsquo;affronter les douleurs et de s&rsquo;en sortir dans la joie \u00ab\u00a0. Et c&rsquo;est lorsque le corps dit \u00ab\u00a0stop\u00a0\u00bb et que la douleur physique appara\u00eet qu&rsquo;il est temps d&rsquo;agir, et vite, car il n&rsquo;est jamais trop tard ! Le parcours de l&rsquo;anti-h\u00e9ros du film (Laurent, sort de Spartacus social et moderne) pour se redresser au sens propre comme au figur\u00e9 en est la preuve \u00e9clatante.<\/p>\n<p>Pour conclure sur cette premi\u00e8re soir\u00e9e, notons que la pr\u00e9sence du public enthousiaste coupl\u00e9e \u00e0 l&rsquo;intervention des diff\u00e9rents officiels pr\u00e9sents et surtout du r\u00e9alisateur laissent donc pr\u00e9sager de belles 22\u00e8mes Rencontres du Cin\u00e9ma.<\/p>\n<div id=\"attachment_125347\" style=\"width: 350px\" class=\"wp-caption aligncenter\"><a href=\"\/2018\/04\/rencontres-du-cin\u00e9-JP-Ameris-je-vais-mieux-7.jpg\"><img decoding=\"async\" aria-describedby=\"caption-attachment-125347\" class=\"wp-image-125347 size-medium\" src=\"\/2018\/04\/rencontres-du-cin\u00e9-JP-Ameris-je-vais-mieux-7-340x255.jpg\" alt=\" Thierry Tabaraud , Jean-Marc Carpels et  Jean Walker ont eux aussi fait partie de l'\u00e9quipe charg\u00e9e de la programmation de cette 22\u00e9 \u00e9dition.\" width=\"340\" height=\"255\" \/><\/a><p id=\"caption-attachment-125347\" class=\"wp-caption-text\"><span style=\"color: #000080;\">Thierry Tabaraud , Jean-Marc Carpels et Jean Walker ont eux aussi fait partie de l&rsquo;\u00e9quipe charg\u00e9e de la programmation de cette 22\u00e9 \u00e9dition.<\/span><\/p><\/div>\n<p>&nbsp;<\/p>\n","protected":false},"excerpt":{"rendered":"<p>Ce mardi 3 avril voyait s&rsquo;ouvrir les 22e Rencontres du cin\u00e9ma \u00e0 G\u00e9rardmer. Et on peut dire que, comme toujours, [&hellip;]<\/p>\n","protected":false},"author":237,"featured_media":33150,"comment_status":"open","ping_status":"open","sticky":false,"template":"","format":"standard","meta":{"footnotes":""},"categories":[20,4,8,31],"tags":[3537,3538,944],"class_list":["post-33149","post","type-post","status-publish","format-standard","has-post-thumbnail","hentry","category-a-la-une","category-culture","category-faits-divers","category-vosges-faits-divers","tag-je-vais-mieux","tag-jean-pierre-ameris","tag-rencontres-du-cinema"],"acf":[],"yoast_head":"<!-- This site is optimized with the Yoast SEO plugin v22.5 - https:\/\/yoast.com\/wordpress\/plugins\/seo\/ -->\n<title>Le public avait le sourire pour l&#039;ouverture des Rencontres du Cin\u00e9ma. - Gerardmer Info<\/title>\n<meta name=\"robots\" content=\"index, follow, max-snippet:-1, max-image-preview:large, max-video-preview:-1\" \/>\n<link rel=\"canonical\" href=\"https:\/\/vosgesinfo.fr\/gerardmerinfo\/2018\/04\/public-avait-sourire-louverture-rencontres-cinema\/\" \/>\n<meta name=\"twitter:card\" content=\"summary_large_image\" \/>\n<meta name=\"twitter:title\" content=\"Le public avait le sourire pour l&#039;ouverture des Rencontres du Cin\u00e9ma. - Gerardmer Info\" \/>\n<meta name=\"twitter:description\" content=\"Ce mardi 3 avril voyait s&rsquo;ouvrir les 22e Rencontres du cin\u00e9ma \u00e0 G\u00e9rardmer. Et on peut dire que, comme toujours, [&hellip;]\" \/>\n<meta name=\"twitter:image\" content=\"https:\/\/vosgesinfo.fr\/app\/uploads\/sites\/6\/2024\/07\/201804rencontres-du-cine-jp-ameris-je-vais-mieux-8.jpg\" \/>\n<meta name=\"twitter:creator\" content=\"@VosgesInfo88\" \/>\n<meta name=\"twitter:site\" content=\"@VosgesInfo88\" \/>\n<meta name=\"twitter:label1\" content=\"\u00c9crit par\" \/>\n\t<meta name=\"twitter:data1\" content=\"Noa Thomas\" \/>\n\t<meta name=\"twitter:label2\" content=\"Dur\u00e9e de lecture estim\u00e9e\" \/>\n\t<meta name=\"twitter:data2\" content=\"3 minutes\" \/>\n<script type=\"application\/ld+json\" class=\"yoast-schema-graph\">{\"@context\":\"https:\/\/schema.org\",\"@graph\":[{\"@type\":\"Article\",\"@id\":\"https:\/\/vosgesinfo.fr\/gerardmerinfo\/2018\/04\/public-avait-sourire-louverture-rencontres-cinema\/#article\",\"isPartOf\":{\"@id\":\"https:\/\/vosgesinfo.fr\/gerardmerinfo\/2018\/04\/public-avait-sourire-louverture-rencontres-cinema\/\"},\"author\":{\"name\":\"Noa Thomas\",\"@id\":\"https:\/\/vosgesinfo.fr\/gerardmerinfo\/#\/schema\/person\/af5f1be9a2f391eb0da0ee3c837b7217\"},\"headline\":\"Le public avait le sourire pour l&rsquo;ouverture des Rencontres du Cin\u00e9ma.\",\"datePublished\":\"2018-04-04T03:26:05+00:00\",\"dateModified\":\"2018-04-04T03:26:05+00:00\",\"mainEntityOfPage\":{\"@id\":\"https:\/\/vosgesinfo.fr\/gerardmerinfo\/2018\/04\/public-avait-sourire-louverture-rencontres-cinema\/\"},\"wordCount\":690,\"commentCount\":0,\"publisher\":{\"@id\":\"https:\/\/vosgesinfo.fr\/gerardmerinfo\/#organization\"},\"image\":{\"@id\":\"https:\/\/vosgesinfo.fr\/gerardmerinfo\/2018\/04\/public-avait-sourire-louverture-rencontres-cinema\/#primaryimage\"},\"thumbnailUrl\":\"https:\/\/vosgesinfo.fr\/app\/uploads\/sites\/6\/2024\/07\/201804rencontres-du-cine-jp-ameris-je-vais-mieux-8.jpg\",\"keywords\":[\"Je vais mieux\",\"Jean-Pierre Am\u00e9ris\",\"rencontres du cin\u00e9ma\"],\"articleSection\":[\"A la une\",\"Culture\",\"Faits-divers\",\"Vosges\"],\"inLanguage\":\"fr-FR\",\"potentialAction\":[{\"@type\":\"CommentAction\",\"name\":\"Comment\",\"target\":[\"https:\/\/vosgesinfo.fr\/gerardmerinfo\/2018\/04\/public-avait-sourire-louverture-rencontres-cinema\/#respond\"]}]},{\"@type\":\"WebPage\",\"@id\":\"https:\/\/vosgesinfo.fr\/gerardmerinfo\/2018\/04\/public-avait-sourire-louverture-rencontres-cinema\/\",\"url\":\"https:\/\/vosgesinfo.fr\/gerardmerinfo\/2018\/04\/public-avait-sourire-louverture-rencontres-cinema\/\",\"name\":\"Le public avait le sourire pour l'ouverture des Rencontres du Cin\u00e9ma. - Gerardmer Info\",\"isPartOf\":{\"@id\":\"https:\/\/vosgesinfo.fr\/gerardmerinfo\/#website\"},\"primaryImageOfPage\":{\"@id\":\"https:\/\/vosgesinfo.fr\/gerardmerinfo\/2018\/04\/public-avait-sourire-louverture-rencontres-cinema\/#primaryimage\"},\"image\":{\"@id\":\"https:\/\/vosgesinfo.fr\/gerardmerinfo\/2018\/04\/public-avait-sourire-louverture-rencontres-cinema\/#primaryimage\"},\"thumbnailUrl\":\"https:\/\/vosgesinfo.fr\/app\/uploads\/sites\/6\/2024\/07\/201804rencontres-du-cine-jp-ameris-je-vais-mieux-8.jpg\",\"datePublished\":\"2018-04-04T03:26:05+00:00\",\"dateModified\":\"2018-04-04T03:26:05+00:00\",\"breadcrumb\":{\"@id\":\"https:\/\/vosgesinfo.fr\/gerardmerinfo\/2018\/04\/public-avait-sourire-louverture-rencontres-cinema\/#breadcrumb\"},\"inLanguage\":\"fr-FR\",\"potentialAction\":[{\"@type\":\"ReadAction\",\"target\":[\"https:\/\/vosgesinfo.fr\/gerardmerinfo\/2018\/04\/public-avait-sourire-louverture-rencontres-cinema\/\"]}]},{\"@type\":\"ImageObject\",\"inLanguage\":\"fr-FR\",\"@id\":\"https:\/\/vosgesinfo.fr\/gerardmerinfo\/2018\/04\/public-avait-sourire-louverture-rencontres-cinema\/#primaryimage\",\"url\":\"https:\/\/vosgesinfo.fr\/app\/uploads\/sites\/6\/2024\/07\/201804rencontres-du-cine-jp-ameris-je-vais-mieux-8.jpg\",\"contentUrl\":\"https:\/\/vosgesinfo.fr\/app\/uploads\/sites\/6\/2024\/07\/201804rencontres-du-cine-jp-ameris-je-vais-mieux-8.jpg\",\"width\":800,\"height\":600},{\"@type\":\"BreadcrumbList\",\"@id\":\"https:\/\/vosgesinfo.fr\/gerardmerinfo\/2018\/04\/public-avait-sourire-louverture-rencontres-cinema\/#breadcrumb\",\"itemListElement\":[{\"@type\":\"ListItem\",\"position\":1,\"name\":\"Home\",\"item\":\"https:\/\/vosgesinfo.fr\/gerardmerinfo\/\"},{\"@type\":\"ListItem\",\"position\":2,\"name\":\"Le public avait le sourire pour l&rsquo;ouverture des Rencontres du Cin\u00e9ma.\"}]},{\"@type\":\"WebSite\",\"@id\":\"https:\/\/vosgesinfo.fr\/gerardmerinfo\/#website\",\"url\":\"https:\/\/vosgesinfo.fr\/gerardmerinfo\/\",\"name\":\"Gerardmer Info\",\"description\":\"Toute l&#039;actualit\u00e9 de G\u00e9rardmer\",\"publisher\":{\"@id\":\"https:\/\/vosgesinfo.fr\/gerardmerinfo\/#organization\"},\"alternateName\":\"Toute l'actualit\u00e9 de G\u00e9rardmer\",\"potentialAction\":[{\"@type\":\"SearchAction\",\"target\":{\"@type\":\"EntryPoint\",\"urlTemplate\":\"https:\/\/vosgesinfo.fr\/gerardmerinfo\/?s={search_term_string}\"},\"query-input\":\"required name=search_term_string\"}],\"inLanguage\":\"fr-FR\"},{\"@type\":\"Organization\",\"@id\":\"https:\/\/vosgesinfo.fr\/gerardmerinfo\/#organization\",\"name\":\"Gerardmer Info\",\"url\":\"https:\/\/vosgesinfo.fr\/gerardmerinfo\/\",\"logo\":{\"@type\":\"ImageObject\",\"inLanguage\":\"fr-FR\",\"@id\":\"https:\/\/vosgesinfo.fr\/gerardmerinfo\/#\/schema\/logo\/image\/\",\"url\":\"https:\/\/vosgesinfo.fr\/app\/uploads\/sites\/6\/2023\/08\/favicon-gerardmerinfo.png\",\"contentUrl\":\"https:\/\/vosgesinfo.fr\/app\/uploads\/sites\/6\/2023\/08\/favicon-gerardmerinfo.png\",\"width\":512,\"height\":512,\"caption\":\"Gerardmer Info\"},\"image\":{\"@id\":\"https:\/\/vosgesinfo.fr\/gerardmerinfo\/#\/schema\/logo\/image\/\"},\"sameAs\":[\"https:\/\/www.facebook.com\/profile.php?id=100049475262660\",\"https:\/\/x.com\/VosgesInfo88\",\"https:\/\/www.youtube.com\/@vosgesinfo\"]},{\"@type\":\"Person\",\"@id\":\"https:\/\/vosgesinfo.fr\/gerardmerinfo\/#\/schema\/person\/af5f1be9a2f391eb0da0ee3c837b7217\",\"name\":\"Noa Thomas\",\"image\":{\"@type\":\"ImageObject\",\"inLanguage\":\"fr-FR\",\"@id\":\"https:\/\/vosgesinfo.fr\/gerardmerinfo\/#\/schema\/person\/image\/\",\"url\":\"https:\/\/secure.gravatar.com\/avatar\/05033d158661a8c14bdec03fc9919c699c466b263542efc60a14b30a6904d813?s=96&d=mm&r=g\",\"contentUrl\":\"https:\/\/secure.gravatar.com\/avatar\/05033d158661a8c14bdec03fc9919c699c466b263542efc60a14b30a6904d813?s=96&d=mm&r=g\",\"caption\":\"Noa Thomas\"},\"url\":\"https:\/\/vosgesinfo.fr\/gerardmerinfo\/author\/noathomass\/\"}]}<\/script>\n<!-- \/ Yoast SEO plugin. -->","yoast_head_json":{"title":"Le public avait le sourire pour l'ouverture des Rencontres du Cin\u00e9ma. - Gerardmer Info","robots":{"index":"index","follow":"follow","max-snippet":"max-snippet:-1","max-image-preview":"max-image-preview:large","max-video-preview":"max-video-preview:-1"},"canonical":"https:\/\/vosgesinfo.fr\/gerardmerinfo\/2018\/04\/public-avait-sourire-louverture-rencontres-cinema\/","twitter_card":"summary_large_image","twitter_title":"Le public avait le sourire pour l'ouverture des Rencontres du Cin\u00e9ma. - Gerardmer Info","twitter_description":"Ce mardi 3 avril voyait s&rsquo;ouvrir les 22e Rencontres du cin\u00e9ma \u00e0 G\u00e9rardmer. Et on peut dire que, comme toujours, [&hellip;]","twitter_image":"https:\/\/vosgesinfo.fr\/app\/uploads\/sites\/6\/2024\/07\/201804rencontres-du-cine-jp-ameris-je-vais-mieux-8.jpg","twitter_creator":"@VosgesInfo88","twitter_site":"@VosgesInfo88","twitter_misc":{"\u00c9crit par":"Noa Thomas","Dur\u00e9e de lecture estim\u00e9e":"3 minutes"},"schema":{"@context":"https:\/\/schema.org","@graph":[{"@type":"Article","@id":"https:\/\/vosgesinfo.fr\/gerardmerinfo\/2018\/04\/public-avait-sourire-louverture-rencontres-cinema\/#article","isPartOf":{"@id":"https:\/\/vosgesinfo.fr\/gerardmerinfo\/2018\/04\/public-avait-sourire-louverture-rencontres-cinema\/"},"author":{"name":"Noa Thomas","@id":"https:\/\/vosgesinfo.fr\/gerardmerinfo\/#\/schema\/person\/af5f1be9a2f391eb0da0ee3c837b7217"},"headline":"Le public avait le sourire pour l&rsquo;ouverture des Rencontres du Cin\u00e9ma.","datePublished":"2018-04-04T03:26:05+00:00","dateModified":"2018-04-04T03:26:05+00:00","mainEntityOfPage":{"@id":"https:\/\/vosgesinfo.fr\/gerardmerinfo\/2018\/04\/public-avait-sourire-louverture-rencontres-cinema\/"},"wordCount":690,"commentCount":0,"publisher":{"@id":"https:\/\/vosgesinfo.fr\/gerardmerinfo\/#organization"},"image":{"@id":"https:\/\/vosgesinfo.fr\/gerardmerinfo\/2018\/04\/public-avait-sourire-louverture-rencontres-cinema\/#primaryimage"},"thumbnailUrl":"https:\/\/vosgesinfo.fr\/app\/uploads\/sites\/6\/2024\/07\/201804rencontres-du-cine-jp-ameris-je-vais-mieux-8.jpg","keywords":["Je vais mieux","Jean-Pierre Am\u00e9ris","rencontres du cin\u00e9ma"],"articleSection":["A la une","Culture","Faits-divers","Vosges"],"inLanguage":"fr-FR","potentialAction":[{"@type":"CommentAction","name":"Comment","target":["https:\/\/vosgesinfo.fr\/gerardmerinfo\/2018\/04\/public-avait-sourire-louverture-rencontres-cinema\/#respond"]}]},{"@type":"WebPage","@id":"https:\/\/vosgesinfo.fr\/gerardmerinfo\/2018\/04\/public-avait-sourire-louverture-rencontres-cinema\/","url":"https:\/\/vosgesinfo.fr\/gerardmerinfo\/2018\/04\/public-avait-sourire-louverture-rencontres-cinema\/","name":"Le public avait le sourire pour l'ouverture des Rencontres du Cin\u00e9ma. - Gerardmer Info","isPartOf":{"@id":"https:\/\/vosgesinfo.fr\/gerardmerinfo\/#website"},"primaryImageOfPage":{"@id":"https:\/\/vosgesinfo.fr\/gerardmerinfo\/2018\/04\/public-avait-sourire-louverture-rencontres-cinema\/#primaryimage"},"image":{"@id":"https:\/\/vosgesinfo.fr\/gerardmerinfo\/2018\/04\/public-avait-sourire-louverture-rencontres-cinema\/#primaryimage"},"thumbnailUrl":"https:\/\/vosgesinfo.fr\/app\/uploads\/sites\/6\/2024\/07\/201804rencontres-du-cine-jp-ameris-je-vais-mieux-8.jpg","datePublished":"2018-04-04T03:26:05+00:00","dateModified":"2018-04-04T03:26:05+00:00","breadcrumb":{"@id":"https:\/\/vosgesinfo.fr\/gerardmerinfo\/2018\/04\/public-avait-sourire-louverture-rencontres-cinema\/#breadcrumb"},"inLanguage":"fr-FR","potentialAction":[{"@type":"ReadAction","target":["https:\/\/vosgesinfo.fr\/gerardmerinfo\/2018\/04\/public-avait-sourire-louverture-rencontres-cinema\/"]}]},{"@type":"ImageObject","inLanguage":"fr-FR","@id":"https:\/\/vosgesinfo.fr\/gerardmerinfo\/2018\/04\/public-avait-sourire-louverture-rencontres-cinema\/#primaryimage","url":"https:\/\/vosgesinfo.fr\/app\/uploads\/sites\/6\/2024\/07\/201804rencontres-du-cine-jp-ameris-je-vais-mieux-8.jpg","contentUrl":"https:\/\/vosgesinfo.fr\/app\/uploads\/sites\/6\/2024\/07\/201804rencontres-du-cine-jp-ameris-je-vais-mieux-8.jpg","width":800,"height":600},{"@type":"BreadcrumbList","@id":"https:\/\/vosgesinfo.fr\/gerardmerinfo\/2018\/04\/public-avait-sourire-louverture-rencontres-cinema\/#breadcrumb","itemListElement":[{"@type":"ListItem","position":1,"name":"Home","item":"https:\/\/vosgesinfo.fr\/gerardmerinfo\/"},{"@type":"ListItem","position":2,"name":"Le public avait le sourire pour l&rsquo;ouverture des Rencontres du Cin\u00e9ma."}]},{"@type":"WebSite","@id":"https:\/\/vosgesinfo.fr\/gerardmerinfo\/#website","url":"https:\/\/vosgesinfo.fr\/gerardmerinfo\/","name":"Gerardmer Info","description":"Toute l&#039;actualit\u00e9 de G\u00e9rardmer","publisher":{"@id":"https:\/\/vosgesinfo.fr\/gerardmerinfo\/#organization"},"alternateName":"Toute l'actualit\u00e9 de G\u00e9rardmer","potentialAction":[{"@type":"SearchAction","target":{"@type":"EntryPoint","urlTemplate":"https:\/\/vosgesinfo.fr\/gerardmerinfo\/?s={search_term_string}"},"query-input":"required name=search_term_string"}],"inLanguage":"fr-FR"},{"@type":"Organization","@id":"https:\/\/vosgesinfo.fr\/gerardmerinfo\/#organization","name":"Gerardmer Info","url":"https:\/\/vosgesinfo.fr\/gerardmerinfo\/","logo":{"@type":"ImageObject","inLanguage":"fr-FR","@id":"https:\/\/vosgesinfo.fr\/gerardmerinfo\/#\/schema\/logo\/image\/","url":"https:\/\/vosgesinfo.fr\/app\/uploads\/sites\/6\/2023\/08\/favicon-gerardmerinfo.png","contentUrl":"https:\/\/vosgesinfo.fr\/app\/uploads\/sites\/6\/2023\/08\/favicon-gerardmerinfo.png","width":512,"height":512,"caption":"Gerardmer Info"},"image":{"@id":"https:\/\/vosgesinfo.fr\/gerardmerinfo\/#\/schema\/logo\/image\/"},"sameAs":["https:\/\/www.facebook.com\/profile.php?id=100049475262660","https:\/\/x.com\/VosgesInfo88","https:\/\/www.youtube.com\/@vosgesinfo"]},{"@type":"Person","@id":"https:\/\/vosgesinfo.fr\/gerardmerinfo\/#\/schema\/person\/af5f1be9a2f391eb0da0ee3c837b7217","name":"Noa Thomas","image":{"@type":"ImageObject","inLanguage":"fr-FR","@id":"https:\/\/vosgesinfo.fr\/gerardmerinfo\/#\/schema\/person\/image\/","url":"https:\/\/secure.gravatar.com\/avatar\/05033d158661a8c14bdec03fc9919c699c466b263542efc60a14b30a6904d813?s=96&d=mm&r=g","contentUrl":"https:\/\/secure.gravatar.com\/avatar\/05033d158661a8c14bdec03fc9919c699c466b263542efc60a14b30a6904d813?s=96&d=mm&r=g","caption":"Noa Thomas"},"url":"https:\/\/vosgesinfo.fr\/gerardmerinfo\/author\/noathomass\/"}]}},"_links":{"self":[{"href":"https:\/\/vosgesinfo.fr\/gerardmerinfo\/wp-json\/wp\/v2\/posts\/33149","targetHints":{"allow":["GET"]}}],"collection":[{"href":"https:\/\/vosgesinfo.fr\/gerardmerinfo\/wp-json\/wp\/v2\/posts"}],"about":[{"href":"https:\/\/vosgesinfo.fr\/gerardmerinfo\/wp-json\/wp\/v2\/types\/post"}],"author":[{"embeddable":true,"href":"https:\/\/vosgesinfo.fr\/gerardmerinfo\/wp-json\/wp\/v2\/users\/237"}],"replies":[{"embeddable":true,"href":"https:\/\/vosgesinfo.fr\/gerardmerinfo\/wp-json\/wp\/v2\/comments?post=33149"}],"version-history":[{"count":0,"href":"https:\/\/vosgesinfo.fr\/gerardmerinfo\/wp-json\/wp\/v2\/posts\/33149\/revisions"}],"wp:featuredmedia":[{"embeddable":true,"href":"https:\/\/vosgesinfo.fr\/gerardmerinfo\/wp-json\/wp\/v2\/media\/33150"}],"wp:attachment":[{"href":"https:\/\/vosgesinfo.fr\/gerardmerinfo\/wp-json\/wp\/v2\/media?parent=33149"}],"wp:term":[{"taxonomy":"category","embeddable":true,"href":"https:\/\/vosgesinfo.fr\/gerardmerinfo\/wp-json\/wp\/v2\/categories?post=33149"},{"taxonomy":"post_tag","embeddable":true,"href":"https:\/\/vosgesinfo.fr\/gerardmerinfo\/wp-json\/wp\/v2\/tags?post=33149"}],"curies":[{"name":"wp","href":"https:\/\/api.w.org\/{rel}","templated":true}]}}