{"id":33159,"date":"2018-04-03T22:32:53","date_gmt":"2018-04-03T20:32:53","guid":{"rendered":"https:\/\/vosgesinfo.fr\/gerardmerinfo\/2018\/04\/canoe-kayak-lasg-2-fronts\/"},"modified":"2018-04-03T22:32:53","modified_gmt":"2018-04-03T20:32:53","slug":"canoe-kayak-lasg-2-fronts","status":"publish","type":"post","link":"https:\/\/vosgesinfo.fr\/gerardmerinfo\/2018\/04\/canoe-kayak-lasg-2-fronts\/","title":{"rendered":"Cano\u00eb-Kayak : l&rsquo;ASG sur 2 fronts"},"content":{"rendered":"<div><span style=\"font-family: Arial; font-size: small;\"><strong>Championnat de France de Fond et S\u00e9lectifs nationaux de Descente<\/strong><\/span><\/div>\n<div><\/div>\n<div><span style=\"font-family: Arial; font-size: small;\"><a href=\"\/2018\/04\/K2CadettesFond2018.jpg\"><img decoding=\"async\" class=\"alignright size-medium wp-image-125364\" src=\"\/2018\/04\/K2CadettesFond2018-400x225.jpg\" alt=\"K2CadettesFond2018\" width=\"400\" height=\"225\" \/><\/a>En ce week-end de P\u00e2ques, les kayakistes g\u00e9romois \u00e9taient sur 2 fronts, en course en ligne tout d&rsquo;abord, pour le Championnat de France de Fond sur le Lac d&rsquo;Ailette dans l&rsquo;Aisne.<\/span><\/div>\n<div><span style=\"font-family: Arial; font-size: small;\">Les filles ont r\u00e9ussi de tr\u00e8s belles performances avec la m\u00e9daille d&rsquo;argent pour l&rsquo;\u00e9quipage K2 Cadettes\u00a0Coline Husson \/ Elise Nicot (en photo)\u00a0et le bronze en individuel pour Coline qui commence l&rsquo;ann\u00e9e de tr\u00e8s belle mani\u00e8re.<\/span><\/div>\n<div><\/div>\n<div><span style=\"font-family: Arial; font-size: small;\"><u><em>Les r\u00e9sultats<\/em> CDF de Fond<\/u> :<\/span><\/div>\n<div><span style=\"font-family: Arial; font-size: small;\"><em>K1 V\u00e9t\u00e9ran 1 : \u00a05. Gwendal Duchet<\/em><\/span><\/div>\n<div><span style=\"font-family: Arial; font-size: small;\"><em>K1 V\u00e9t\u00e9ran 5:\u00a0\u00a0 5. Jacques Thomas<\/em><\/span><\/div>\n<div><span style=\"font-family: Arial; font-size: small;\"><em>K1 V\u00e9t\u00e9rane 3:\u00a0 5. Isabelle Nargil<\/em><\/span><\/div>\n<div><span style=\"font-family: Arial; font-size: small;\"><em>K1 V\u00e9t\u00e9rane 4:\u00a0 11. Nathalie Mangeot<\/em><\/span><\/div>\n<div><span style=\"font-family: Arial; font-size: small;\"><em>K2 Cadettes:\u00a0\u00a0\u00a0 2. Elise Nicot\/Coline Husson<\/em><\/span><\/div>\n<div><span style=\"font-family: Arial; font-size: small;\"><em>K2 Juniores:\u00a0\u00a0\u00a0 8. Cl\u00e9mentine G\u00e9gout\/Nolwenn Schupp<\/em><\/span><\/div>\n<div><span style=\"font-family: Arial; font-size: small;\"><em>K2 V\u00e9t\u00e9ranes:\u00a0 5. Nathalie Mangeot\/Isabelle Nargil<\/em><\/span><\/div>\n<div><span style=\"font-family: Arial; font-size: small;\"><em>K1 Cadette:\u00a0\u00a0\u00a0\u00a0 3. Coline Husson<\/em><\/span><\/div>\n<div><span style=\"font-family: Arial; font-size: small;\"><em>\u00a0\u00a0\u00a0\u00a0\u00a0\u00a0\u00a0\u00a0\u00a0\u00a0\u00a0\u00a0\u00a0\u00a0\u00a0\u00a0\u00a0\u00a0\u00a0\u00a0\u00a023. Elise Nicot<\/em><\/span><\/div>\n<div><span style=\"font-family: Arial; font-size: small;\"><em>K1 Juniore:\u00a0\u00a0\u00a0 26. Cl\u00e9mentine G\u00e9gout<\/em><\/span><\/div>\n<div><\/div>\n<div><span style=\"font-family: Arial; font-size: small;\">Pendant ce temps, les descendeurs qui s&rsquo;entrainent \u00e0 Toulouse participaient au s\u00e9lectif national sur le Salat, \u00e0 Seix, dans l&rsquo;Ari\u00e8ge, les autres s&rsquo;\u00e9taient rendus sur le bassin d&rsquo;eaux vives\u00a0de Chateauneuf\/Cher (18) le mois dernier.<\/span><\/div>\n<div><span style=\"font-family: Arial; font-size: small;\">Louis Lapointe a confirm\u00e9 son \u00e9tat de forme en emportant la Classique du Salat apr\u00e8s sa victoire sur le Sprint de Chateauneuf, il remporta aussi les 2 \u00e9preuves du week-end en K2 avec Tony, son \u00e9quipier de l&rsquo;\u00e9quipe de France apr\u00e8s avoir fait 2\u00e8me \u00e0 Chateauneuf associ\u00e9 au g\u00e9romois Adrien Parmentelat.<\/span><\/div>\n<div><span style=\"font-family: Arial; font-size: small;\">Claire Haab \u00e9tait aussi au rendez-vous en emportant le Sprint de Chateauneuf, tout comme la cadette Coline Husson.<\/span><\/div>\n<div><\/div>\n<div><span style=\"font-family: Arial; font-size: small;\">Tous les voyants sont donc au vert pour les s\u00e9lections Equipe de France qui se d\u00e9roulent la semaine prochaine en Espagne sur la Noguera Pallaresa avec 5 candidats: Louis Lapointe, Claire Haab, Mathilde Valdenaire, Paul Roos, Yves Wehmer.<\/span><\/div>\n<div><\/div>\n<div><span style=\"font-family: Arial; font-size: small;\"><u>Les r\u00e9sultats du Salat:<\/u><\/span><\/div>\n<div><span style=\"font-family: Arial; font-size: small;\">\u00a0 Classique:<\/span><\/div>\n<div><span style=\"font-family: Arial; font-size: small;\"><em>K1 S\u00e9niore:\u00a0 6. Mathilde Valdenaire<\/em><\/span><\/div>\n<div><span style=\"font-family: Arial; font-size: small;\"><em>K1 S\u00e9nior:\u00a0\u00a0 11. Yves Wehmer<\/em><\/span><\/div>\n<div><span style=\"font-family: Arial; font-size: small;\"><em>\u00a0\u00a0\u00a0\u00a0\u00a0\u00a0\u00a0\u00a0\u00a0\u00a0\u00a0\u00a0\u00a0\u00a0\u00a0\u00a0\u00a0\u00a038. Esteban George<\/em><\/span><\/div>\n<div><span style=\"font-family: Arial; font-size: small;\"><em>C1 S\u00e9nior:\u00a0\u00a0 1. Louis Lapointe<\/em><\/span><\/div>\n<div><span style=\"font-family: Arial; font-size: small;\"><em>\u00a0\u00a0\u00a0\u00a0\u00a0\u00a0\u00a0\u00a0\u00a0\u00a0\u00a0\u00a0\u00a0\u00a0\u00a0\u00a0\u00a0 6. Paul Roos<\/em><\/span><\/div>\n<div><span style=\"font-family: Arial; font-size: small;\"><em>C2 S\u00e9nior:\u00a0\u00a0 1. Louis Lapointe\/Tony Debray<\/em><\/span><\/div>\n<div><span style=\"font-family: Arial; font-size: small;\">\u00a0 Sprint:<\/span><\/div>\n<div>\n<div><span style=\"font-family: Arial; font-size: small;\"><em>K1 S\u00e9niore:\u00a0 6. Mathilde Valdenaire<\/em><\/span><\/div>\n<div><span style=\"font-family: Arial; font-size: small;\"><em>K1 S\u00e9nior:\u00a0\u00a0 14. Yves Wehmer<\/em><\/span><\/div>\n<div><span style=\"font-family: Arial; font-size: small;\"><em>C1 S\u00e9nior:\u00a0\u00a0 3. Louis Lapointe<\/em><\/span><\/div>\n<div><span style=\"font-family: Arial; font-size: small;\"><em>\u00a0\u00a0\u00a0\u00a0\u00a0\u00a0\u00a0\u00a0\u00a0\u00a0\u00a0\u00a0\u00a0\u00a0\u00a0\u00a0\u00a0 9. Paul Roos<\/em><\/span><\/div>\n<div><span style=\"font-family: Arial; font-size: small;\"><em>C2 S\u00e9nior:\u00a0\u00a0 1. Louis Lapointe\/Tony Debray<\/em><\/span><\/div>\n<div><\/div>\n<div><u>Les r\u00e9sultats de Chateauneuf<\/u>:<\/div>\n<div><em>C1 Cadette:\u00a0 1. Coline Husson<\/em><\/div>\n<div><em>C1 S\u00e9niore:\u00a0 1. Claire Haab<\/em><\/div>\n<div><em>C1 S\u00e9nior:\u00a0\u00a0\u00a0 1. Louis Lapointe<\/em><\/div>\n<div><em>\u00a0\u00a0\u00a0\u00a0\u00a0\u00a0\u00a0\u00a0\u00a0\u00a0\u00a0\u00a0\u00a0\u00a0\u00a0\u00a0\u00a0\u00a0 8. Paul Roos<\/em><\/div>\n<div><em>C1 V\u00e9t\u00e9ran:\u00a0 3. Gwendal Duchet<\/em><\/div>\n<div><em>\u00a0\u00a0\u00a0\u00a0\u00a0\u00a0\u00a0\u00a0\u00a0\u00a0\u00a0\u00a0\u00a0\u00a0\u00a0\u00a0\u00a0\u00a0 4. Jan Pischek<\/em><\/div>\n<div><em>C2 S\u00e9niors:\u00a0 2. Louis Lapointe\/Adrien Parmentelat<\/em><\/div>\n<div><em>K1 Cadette:\u00a0 1. Coline Husson<\/em><\/div>\n<div><em>\u00a0\u00a0\u00a0\u00a0\u00a0\u00a0\u00a0\u00a0\u00a0\u00a0\u00a0\u00a0\u00a0\u00a0\u00a0\u00a0\u00a0\u00a0\u00a0 9. Elise Nicot<\/em><\/div>\n<div><em>\u00a0\u00a0\u00a0\u00a0\u00a0\u00a0\u00a0\u00a0\u00a0\u00a0\u00a0\u00a0\u00a0\u00a0\u00a0\u00a0\u00a0\u00a0\u00a020. Pauline DelDegan<\/em><\/div>\n<div><em>K1 Juniore:\u00a0\u00a018. Cl\u00e9mentine G\u00e9gout<\/em><\/div>\n<div><em>K1 S\u00e9niore:\u00a0 11. Claire Haab<\/em><\/div>\n<div><em>K1 S\u00e9nior:\u00a0\u00a0\u00a0 12. Adrien Parmentelat<\/em><\/div>\n<\/div>\n<div><\/div>\n<div><span style=\"font-family: Arial; font-size: small;\">E.V.<\/span><\/div>\n","protected":false},"excerpt":{"rendered":"<p>Championnat de France de Fond et S\u00e9lectifs nationaux de Descente En ce week-end de P\u00e2ques, les kayakistes g\u00e9romois \u00e9taient sur [&hellip;]<\/p>\n","protected":false},"author":1,"featured_media":33160,"comment_status":"open","ping_status":"open","sticky":false,"template":"","format":"standard","meta":{"footnotes":""},"categories":[20,14],"tags":[249],"class_list":["post-33159","post","type-post","status-publish","format-standard","has-post-thumbnail","hentry","category-a-la-une","category-sport","tag-asg-canoe-kayak"],"acf":[],"yoast_head":"<!-- This site is optimized with the Yoast SEO plugin v22.5 - https:\/\/yoast.com\/wordpress\/plugins\/seo\/ -->\n<title>Cano\u00eb-Kayak : l&#039;ASG sur 2 fronts - Gerardmer Info<\/title>\n<meta name=\"robots\" content=\"index, follow, max-snippet:-1, max-image-preview:large, max-video-preview:-1\" \/>\n<link rel=\"canonical\" href=\"https:\/\/vosgesinfo.fr\/gerardmerinfo\/2018\/04\/canoe-kayak-lasg-2-fronts\/\" \/>\n<meta name=\"twitter:card\" content=\"summary_large_image\" \/>\n<meta name=\"twitter:title\" content=\"Cano\u00eb-Kayak : l&#039;ASG sur 2 fronts - Gerardmer Info\" \/>\n<meta name=\"twitter:description\" content=\"Championnat de France de Fond et S\u00e9lectifs nationaux de Descente En ce week-end de P\u00e2ques, les kayakistes g\u00e9romois \u00e9taient sur [&hellip;]\" \/>\n<meta name=\"twitter:image\" content=\"https:\/\/vosgesinfo.fr\/app\/uploads\/sites\/6\/2024\/07\/201804k2cadettesfond2018.jpg\" \/>\n<meta name=\"twitter:creator\" content=\"@VosgesInfo88\" \/>\n<meta name=\"twitter:site\" content=\"@VosgesInfo88\" \/>\n<meta name=\"twitter:label1\" content=\"\u00c9crit par\" \/>\n\t<meta name=\"twitter:data1\" content=\"qs_admin\" \/>\n\t<meta name=\"twitter:label2\" content=\"Dur\u00e9e de lecture estim\u00e9e\" \/>\n\t<meta name=\"twitter:data2\" content=\"2 minutes\" \/>\n<script type=\"application\/ld+json\" class=\"yoast-schema-graph\">{\"@context\":\"https:\/\/schema.org\",\"@graph\":[{\"@type\":\"Article\",\"@id\":\"https:\/\/vosgesinfo.fr\/gerardmerinfo\/2018\/04\/canoe-kayak-lasg-2-fronts\/#article\",\"isPartOf\":{\"@id\":\"https:\/\/vosgesinfo.fr\/gerardmerinfo\/2018\/04\/canoe-kayak-lasg-2-fronts\/\"},\"author\":{\"name\":\"qs_admin\",\"@id\":\"https:\/\/vosgesinfo.fr\/gerardmerinfo\/#\/schema\/person\/bc5d02d71e6932e81b6dadb7386667b1\"},\"headline\":\"Cano\u00eb-Kayak : l&rsquo;ASG sur 2 fronts\",\"datePublished\":\"2018-04-03T20:32:53+00:00\",\"dateModified\":\"2018-04-03T20:32:53+00:00\",\"mainEntityOfPage\":{\"@id\":\"https:\/\/vosgesinfo.fr\/gerardmerinfo\/2018\/04\/canoe-kayak-lasg-2-fronts\/\"},\"wordCount\":429,\"commentCount\":0,\"publisher\":{\"@id\":\"https:\/\/vosgesinfo.fr\/gerardmerinfo\/#organization\"},\"image\":{\"@id\":\"https:\/\/vosgesinfo.fr\/gerardmerinfo\/2018\/04\/canoe-kayak-lasg-2-fronts\/#primaryimage\"},\"thumbnailUrl\":\"https:\/\/vosgesinfo.fr\/app\/uploads\/sites\/6\/2024\/07\/201804k2cadettesfond2018.jpg\",\"keywords\":[\"asg canoe kayak\"],\"articleSection\":[\"A la une\",\"Sport\"],\"inLanguage\":\"fr-FR\",\"potentialAction\":[{\"@type\":\"CommentAction\",\"name\":\"Comment\",\"target\":[\"https:\/\/vosgesinfo.fr\/gerardmerinfo\/2018\/04\/canoe-kayak-lasg-2-fronts\/#respond\"]}]},{\"@type\":\"WebPage\",\"@id\":\"https:\/\/vosgesinfo.fr\/gerardmerinfo\/2018\/04\/canoe-kayak-lasg-2-fronts\/\",\"url\":\"https:\/\/vosgesinfo.fr\/gerardmerinfo\/2018\/04\/canoe-kayak-lasg-2-fronts\/\",\"name\":\"Cano\u00eb-Kayak : l'ASG sur 2 fronts - Gerardmer Info\",\"isPartOf\":{\"@id\":\"https:\/\/vosgesinfo.fr\/gerardmerinfo\/#website\"},\"primaryImageOfPage\":{\"@id\":\"https:\/\/vosgesinfo.fr\/gerardmerinfo\/2018\/04\/canoe-kayak-lasg-2-fronts\/#primaryimage\"},\"image\":{\"@id\":\"https:\/\/vosgesinfo.fr\/gerardmerinfo\/2018\/04\/canoe-kayak-lasg-2-fronts\/#primaryimage\"},\"thumbnailUrl\":\"https:\/\/vosgesinfo.fr\/app\/uploads\/sites\/6\/2024\/07\/201804k2cadettesfond2018.jpg\",\"datePublished\":\"2018-04-03T20:32:53+00:00\",\"dateModified\":\"2018-04-03T20:32:53+00:00\",\"breadcrumb\":{\"@id\":\"https:\/\/vosgesinfo.fr\/gerardmerinfo\/2018\/04\/canoe-kayak-lasg-2-fronts\/#breadcrumb\"},\"inLanguage\":\"fr-FR\",\"potentialAction\":[{\"@type\":\"ReadAction\",\"target\":[\"https:\/\/vosgesinfo.fr\/gerardmerinfo\/2018\/04\/canoe-kayak-lasg-2-fronts\/\"]}]},{\"@type\":\"ImageObject\",\"inLanguage\":\"fr-FR\",\"@id\":\"https:\/\/vosgesinfo.fr\/gerardmerinfo\/2018\/04\/canoe-kayak-lasg-2-fronts\/#primaryimage\",\"url\":\"https:\/\/vosgesinfo.fr\/app\/uploads\/sites\/6\/2024\/07\/201804k2cadettesfond2018.jpg\",\"contentUrl\":\"https:\/\/vosgesinfo.fr\/app\/uploads\/sites\/6\/2024\/07\/201804k2cadettesfond2018.jpg\",\"width\":800,\"height\":450},{\"@type\":\"BreadcrumbList\",\"@id\":\"https:\/\/vosgesinfo.fr\/gerardmerinfo\/2018\/04\/canoe-kayak-lasg-2-fronts\/#breadcrumb\",\"itemListElement\":[{\"@type\":\"ListItem\",\"position\":1,\"name\":\"Home\",\"item\":\"https:\/\/vosgesinfo.fr\/gerardmerinfo\/\"},{\"@type\":\"ListItem\",\"position\":2,\"name\":\"Cano\u00eb-Kayak : l&rsquo;ASG sur 2 fronts\"}]},{\"@type\":\"WebSite\",\"@id\":\"https:\/\/vosgesinfo.fr\/gerardmerinfo\/#website\",\"url\":\"https:\/\/vosgesinfo.fr\/gerardmerinfo\/\",\"name\":\"Gerardmer Info\",\"description\":\"Toute l&#039;actualit\u00e9 de G\u00e9rardmer\",\"publisher\":{\"@id\":\"https:\/\/vosgesinfo.fr\/gerardmerinfo\/#organization\"},\"alternateName\":\"Toute l'actualit\u00e9 de G\u00e9rardmer\",\"potentialAction\":[{\"@type\":\"SearchAction\",\"target\":{\"@type\":\"EntryPoint\",\"urlTemplate\":\"https:\/\/vosgesinfo.fr\/gerardmerinfo\/?s={search_term_string}\"},\"query-input\":\"required name=search_term_string\"}],\"inLanguage\":\"fr-FR\"},{\"@type\":\"Organization\",\"@id\":\"https:\/\/vosgesinfo.fr\/gerardmerinfo\/#organization\",\"name\":\"Gerardmer Info\",\"url\":\"https:\/\/vosgesinfo.fr\/gerardmerinfo\/\",\"logo\":{\"@type\":\"ImageObject\",\"inLanguage\":\"fr-FR\",\"@id\":\"https:\/\/vosgesinfo.fr\/gerardmerinfo\/#\/schema\/logo\/image\/\",\"url\":\"https:\/\/vosgesinfo.fr\/app\/uploads\/sites\/6\/2023\/08\/favicon-gerardmerinfo.png\",\"contentUrl\":\"https:\/\/vosgesinfo.fr\/app\/uploads\/sites\/6\/2023\/08\/favicon-gerardmerinfo.png\",\"width\":512,\"height\":512,\"caption\":\"Gerardmer Info\"},\"image\":{\"@id\":\"https:\/\/vosgesinfo.fr\/gerardmerinfo\/#\/schema\/logo\/image\/\"},\"sameAs\":[\"https:\/\/www.facebook.com\/profile.php?id=100049475262660\",\"https:\/\/x.com\/VosgesInfo88\",\"https:\/\/www.youtube.com\/@vosgesinfo\"]},{\"@type\":\"Person\",\"@id\":\"https:\/\/vosgesinfo.fr\/gerardmerinfo\/#\/schema\/person\/bc5d02d71e6932e81b6dadb7386667b1\",\"name\":\"qs_admin\",\"image\":{\"@type\":\"ImageObject\",\"inLanguage\":\"fr-FR\",\"@id\":\"https:\/\/vosgesinfo.fr\/gerardmerinfo\/#\/schema\/person\/image\/\",\"url\":\"https:\/\/secure.gravatar.com\/avatar\/94b18ee0ed79e4a42ea2f2931277b6841a8999fc6fde214600c78057cf1fe1de?s=96&d=mm&r=g\",\"contentUrl\":\"https:\/\/secure.gravatar.com\/avatar\/94b18ee0ed79e4a42ea2f2931277b6841a8999fc6fde214600c78057cf1fe1de?s=96&d=mm&r=g\",\"caption\":\"qs_admin\"},\"sameAs\":[\"https:\/\/vosgesinfo.fr\/wp\"],\"url\":\"https:\/\/vosgesinfo.fr\/gerardmerinfo\/author\/qs_admin\/\"}]}<\/script>\n<!-- \/ Yoast SEO plugin. -->","yoast_head_json":{"title":"Cano\u00eb-Kayak : l'ASG sur 2 fronts - Gerardmer Info","robots":{"index":"index","follow":"follow","max-snippet":"max-snippet:-1","max-image-preview":"max-image-preview:large","max-video-preview":"max-video-preview:-1"},"canonical":"https:\/\/vosgesinfo.fr\/gerardmerinfo\/2018\/04\/canoe-kayak-lasg-2-fronts\/","twitter_card":"summary_large_image","twitter_title":"Cano\u00eb-Kayak : l'ASG sur 2 fronts - Gerardmer Info","twitter_description":"Championnat de France de Fond et S\u00e9lectifs nationaux de Descente En ce week-end de P\u00e2ques, les kayakistes g\u00e9romois \u00e9taient sur [&hellip;]","twitter_image":"https:\/\/vosgesinfo.fr\/app\/uploads\/sites\/6\/2024\/07\/201804k2cadettesfond2018.jpg","twitter_creator":"@VosgesInfo88","twitter_site":"@VosgesInfo88","twitter_misc":{"\u00c9crit par":"qs_admin","Dur\u00e9e de lecture estim\u00e9e":"2 minutes"},"schema":{"@context":"https:\/\/schema.org","@graph":[{"@type":"Article","@id":"https:\/\/vosgesinfo.fr\/gerardmerinfo\/2018\/04\/canoe-kayak-lasg-2-fronts\/#article","isPartOf":{"@id":"https:\/\/vosgesinfo.fr\/gerardmerinfo\/2018\/04\/canoe-kayak-lasg-2-fronts\/"},"author":{"name":"qs_admin","@id":"https:\/\/vosgesinfo.fr\/gerardmerinfo\/#\/schema\/person\/bc5d02d71e6932e81b6dadb7386667b1"},"headline":"Cano\u00eb-Kayak : l&rsquo;ASG sur 2 fronts","datePublished":"2018-04-03T20:32:53+00:00","dateModified":"2018-04-03T20:32:53+00:00","mainEntityOfPage":{"@id":"https:\/\/vosgesinfo.fr\/gerardmerinfo\/2018\/04\/canoe-kayak-lasg-2-fronts\/"},"wordCount":429,"commentCount":0,"publisher":{"@id":"https:\/\/vosgesinfo.fr\/gerardmerinfo\/#organization"},"image":{"@id":"https:\/\/vosgesinfo.fr\/gerardmerinfo\/2018\/04\/canoe-kayak-lasg-2-fronts\/#primaryimage"},"thumbnailUrl":"https:\/\/vosgesinfo.fr\/app\/uploads\/sites\/6\/2024\/07\/201804k2cadettesfond2018.jpg","keywords":["asg canoe kayak"],"articleSection":["A la une","Sport"],"inLanguage":"fr-FR","potentialAction":[{"@type":"CommentAction","name":"Comment","target":["https:\/\/vosgesinfo.fr\/gerardmerinfo\/2018\/04\/canoe-kayak-lasg-2-fronts\/#respond"]}]},{"@type":"WebPage","@id":"https:\/\/vosgesinfo.fr\/gerardmerinfo\/2018\/04\/canoe-kayak-lasg-2-fronts\/","url":"https:\/\/vosgesinfo.fr\/gerardmerinfo\/2018\/04\/canoe-kayak-lasg-2-fronts\/","name":"Cano\u00eb-Kayak : l'ASG sur 2 fronts - Gerardmer Info","isPartOf":{"@id":"https:\/\/vosgesinfo.fr\/gerardmerinfo\/#website"},"primaryImageOfPage":{"@id":"https:\/\/vosgesinfo.fr\/gerardmerinfo\/2018\/04\/canoe-kayak-lasg-2-fronts\/#primaryimage"},"image":{"@id":"https:\/\/vosgesinfo.fr\/gerardmerinfo\/2018\/04\/canoe-kayak-lasg-2-fronts\/#primaryimage"},"thumbnailUrl":"https:\/\/vosgesinfo.fr\/app\/uploads\/sites\/6\/2024\/07\/201804k2cadettesfond2018.jpg","datePublished":"2018-04-03T20:32:53+00:00","dateModified":"2018-04-03T20:32:53+00:00","breadcrumb":{"@id":"https:\/\/vosgesinfo.fr\/gerardmerinfo\/2018\/04\/canoe-kayak-lasg-2-fronts\/#breadcrumb"},"inLanguage":"fr-FR","potentialAction":[{"@type":"ReadAction","target":["https:\/\/vosgesinfo.fr\/gerardmerinfo\/2018\/04\/canoe-kayak-lasg-2-fronts\/"]}]},{"@type":"ImageObject","inLanguage":"fr-FR","@id":"https:\/\/vosgesinfo.fr\/gerardmerinfo\/2018\/04\/canoe-kayak-lasg-2-fronts\/#primaryimage","url":"https:\/\/vosgesinfo.fr\/app\/uploads\/sites\/6\/2024\/07\/201804k2cadettesfond2018.jpg","contentUrl":"https:\/\/vosgesinfo.fr\/app\/uploads\/sites\/6\/2024\/07\/201804k2cadettesfond2018.jpg","width":800,"height":450},{"@type":"BreadcrumbList","@id":"https:\/\/vosgesinfo.fr\/gerardmerinfo\/2018\/04\/canoe-kayak-lasg-2-fronts\/#breadcrumb","itemListElement":[{"@type":"ListItem","position":1,"name":"Home","item":"https:\/\/vosgesinfo.fr\/gerardmerinfo\/"},{"@type":"ListItem","position":2,"name":"Cano\u00eb-Kayak : l&rsquo;ASG sur 2 fronts"}]},{"@type":"WebSite","@id":"https:\/\/vosgesinfo.fr\/gerardmerinfo\/#website","url":"https:\/\/vosgesinfo.fr\/gerardmerinfo\/","name":"Gerardmer Info","description":"Toute l&#039;actualit\u00e9 de G\u00e9rardmer","publisher":{"@id":"https:\/\/vosgesinfo.fr\/gerardmerinfo\/#organization"},"alternateName":"Toute l'actualit\u00e9 de G\u00e9rardmer","potentialAction":[{"@type":"SearchAction","target":{"@type":"EntryPoint","urlTemplate":"https:\/\/vosgesinfo.fr\/gerardmerinfo\/?s={search_term_string}"},"query-input":"required name=search_term_string"}],"inLanguage":"fr-FR"},{"@type":"Organization","@id":"https:\/\/vosgesinfo.fr\/gerardmerinfo\/#organization","name":"Gerardmer Info","url":"https:\/\/vosgesinfo.fr\/gerardmerinfo\/","logo":{"@type":"ImageObject","inLanguage":"fr-FR","@id":"https:\/\/vosgesinfo.fr\/gerardmerinfo\/#\/schema\/logo\/image\/","url":"https:\/\/vosgesinfo.fr\/app\/uploads\/sites\/6\/2023\/08\/favicon-gerardmerinfo.png","contentUrl":"https:\/\/vosgesinfo.fr\/app\/uploads\/sites\/6\/2023\/08\/favicon-gerardmerinfo.png","width":512,"height":512,"caption":"Gerardmer Info"},"image":{"@id":"https:\/\/vosgesinfo.fr\/gerardmerinfo\/#\/schema\/logo\/image\/"},"sameAs":["https:\/\/www.facebook.com\/profile.php?id=100049475262660","https:\/\/x.com\/VosgesInfo88","https:\/\/www.youtube.com\/@vosgesinfo"]},{"@type":"Person","@id":"https:\/\/vosgesinfo.fr\/gerardmerinfo\/#\/schema\/person\/bc5d02d71e6932e81b6dadb7386667b1","name":"qs_admin","image":{"@type":"ImageObject","inLanguage":"fr-FR","@id":"https:\/\/vosgesinfo.fr\/gerardmerinfo\/#\/schema\/person\/image\/","url":"https:\/\/secure.gravatar.com\/avatar\/94b18ee0ed79e4a42ea2f2931277b6841a8999fc6fde214600c78057cf1fe1de?s=96&d=mm&r=g","contentUrl":"https:\/\/secure.gravatar.com\/avatar\/94b18ee0ed79e4a42ea2f2931277b6841a8999fc6fde214600c78057cf1fe1de?s=96&d=mm&r=g","caption":"qs_admin"},"sameAs":["https:\/\/vosgesinfo.fr\/wp"],"url":"https:\/\/vosgesinfo.fr\/gerardmerinfo\/author\/qs_admin\/"}]}},"_links":{"self":[{"href":"https:\/\/vosgesinfo.fr\/gerardmerinfo\/wp-json\/wp\/v2\/posts\/33159","targetHints":{"allow":["GET"]}}],"collection":[{"href":"https:\/\/vosgesinfo.fr\/gerardmerinfo\/wp-json\/wp\/v2\/posts"}],"about":[{"href":"https:\/\/vosgesinfo.fr\/gerardmerinfo\/wp-json\/wp\/v2\/types\/post"}],"author":[{"embeddable":true,"href":"https:\/\/vosgesinfo.fr\/gerardmerinfo\/wp-json\/wp\/v2\/users\/1"}],"replies":[{"embeddable":true,"href":"https:\/\/vosgesinfo.fr\/gerardmerinfo\/wp-json\/wp\/v2\/comments?post=33159"}],"version-history":[{"count":0,"href":"https:\/\/vosgesinfo.fr\/gerardmerinfo\/wp-json\/wp\/v2\/posts\/33159\/revisions"}],"wp:featuredmedia":[{"embeddable":true,"href":"https:\/\/vosgesinfo.fr\/gerardmerinfo\/wp-json\/wp\/v2\/media\/33160"}],"wp:attachment":[{"href":"https:\/\/vosgesinfo.fr\/gerardmerinfo\/wp-json\/wp\/v2\/media?parent=33159"}],"wp:term":[{"taxonomy":"category","embeddable":true,"href":"https:\/\/vosgesinfo.fr\/gerardmerinfo\/wp-json\/wp\/v2\/categories?post=33159"},{"taxonomy":"post_tag","embeddable":true,"href":"https:\/\/vosgesinfo.fr\/gerardmerinfo\/wp-json\/wp\/v2\/tags?post=33159"}],"curies":[{"name":"wp","href":"https:\/\/api.w.org\/{rel}","templated":true}]}}