{"id":33259,"date":"2018-04-08T21:39:52","date_gmt":"2018-04-08T19:39:52","guid":{"rendered":"https:\/\/vosgesinfo.fr\/gerardmerinfo\/2018\/04\/aviron-lasg-bien-classee-a-domicile\/"},"modified":"2018-04-08T21:39:52","modified_gmt":"2018-04-08T19:39:52","slug":"aviron-lasg-bien-classee-a-domicile","status":"publish","type":"post","link":"https:\/\/vosgesinfo.fr\/gerardmerinfo\/2018\/04\/aviron-lasg-bien-classee-a-domicile\/","title":{"rendered":"Aviron : l&rsquo;ASG bien class\u00e9e \u00e0 domicile"},"content":{"rendered":"\n<p>Lac \u00e9tincelant et conditions estivales pour le Championnat Grand Est d\u2019aviron (bateaux courts pour les J16 et Masters) et la Coupe de Printemps (pour les J14), qui se sont d\u00e9roul\u00e9s ce dimanche \u00e0 G\u00e9rardmer. Championnats s\u00e9lectifs, avec le test ergo de d\u00e9cembre et la t\u00eate de rivi\u00e8re de Toul de mars, pour constituer l\u2019\u00c9quipe de la ligue\u2026<\/p>\n<p>R\u00e9gate tr\u00e8s dense avec beaucoup de participants et de spectateurs\u2026 Le matin, se sont d\u00e9roul\u00e9es les courses de s\u00e9ries, qualificatives. L\u2019apr\u00e8s-midi avaient lieu les finales, dont voici les r\u00e9sultats :<\/p>\n<p>Coupe de Printemps :<\/p>\n<p>Anna COMINOTTI d\u00e9croche la 2\u00e8me place de la finale C des F J14 en skiff. Abbyga\u00eblle COURTELLEMONT est 4\u00e8me de cette m\u00eame finale.<\/p>\n<p>Isaure GASPARD et Marie GUERNIER se classent 3\u00e8me de la finale A des F J14, 2X.<\/p>\n<p>L\u2019\u00e9quipage de Lily RUAUX, Assia MESSAOUDI, Margot VOINSON et Clothilde RUAUX (barreur Dimitri WALTER) terminent 4\u00e8me de la finale A des F J14 4X. Suivi de l\u2019\u00e9quipage de L\u00e9ontine IMBERT, Pauline ETIENNE, Janice MEURVILLE et Alice CATELLA (barreur Lorenzo COMINOTTI), class\u00e9 5\u00e8me.<\/p>\n<p>Chez les gar\u00e7ons, Charles GASPARD et Stanislas RUAUX sont 4\u00e8me de la finale A des H J14 2X.<\/p>\n<p>Concernant les championnats Grand Est, les g\u00e9r\u00f4mois se sont tous s\u00e9lectionn\u00e9s pour courir l\u2019apr\u00e8s-midi en finale A !<\/p>\n<p>Sarah PIERREL s\u2019est class\u00e9e 5\u00e8me dans la cat\u00e9gorie F J16 skiff.<\/p>\n<p>Rapha\u00ebl RUAUX et Th\u00e9o FEUVRAUX passent la ligne d\u2019arriv\u00e9e \u00e0 la 5\u00e8me place des H J 16 2X.<\/p>\n<p><a href=\"\/2018\/04\/Jessie-Pierrel-et-Manon-Mansuy-championnes-Grand-Est.jpg\"><img decoding=\"async\" class=\"alignright size-medium wp-image-125627\" src=\"\/2018\/04\/Jessie-Pierrel-et-Manon-Mansuy-championnes-Grand-Est-400x225.jpg\" alt=\"Jessie Pierrel et Manon Mansuy championnes Grand Est\" width=\"400\" height=\"225\" \/><\/a>Un tr\u00e8s grand bravo pour la belle victoire de Jessie PIERREL et Manon MANSUY qui remporte la finale des F J16 2X ! Elles se retrouvent ainsi championnes Grand Est de cette cat\u00e9gorie et sont certaines d\u2019\u00eatre qualifi\u00e9es pour composer l\u2019\u00e9quipe de la ligue !<\/p>\n<p>&nbsp;<\/p>\n<p>&nbsp;<\/p>\n<p>Caroline COMINOTTI pour l\u2019ASG AVIRON<\/p>\n","protected":false},"excerpt":{"rendered":"<p>Lac \u00e9tincelant et conditions estivales pour le Championnat Grand Est d\u2019aviron (bateaux courts pour les J16 et Masters) et la [&hellip;]<\/p>\n","protected":false},"author":1,"featured_media":33260,"comment_status":"open","ping_status":"open","sticky":false,"template":"","format":"standard","meta":{"footnotes":""},"categories":[20,14,18],"tags":[174,3560,3561],"class_list":["post-33259","post","type-post","status-publish","format-standard","has-post-thumbnail","hentry","category-a-la-une","category-sport","category-vosges","tag-asg-aviron","tag-jessie-pierrel","tag-manon-mansuy"],"acf":[],"yoast_head":"<!-- This site is optimized with the Yoast SEO plugin v22.5 - https:\/\/yoast.com\/wordpress\/plugins\/seo\/ -->\n<title>Aviron : l&#039;ASG bien class\u00e9e \u00e0 domicile - Gerardmer Info<\/title>\n<meta name=\"robots\" content=\"index, follow, max-snippet:-1, max-image-preview:large, max-video-preview:-1\" \/>\n<link rel=\"canonical\" href=\"https:\/\/vosgesinfo.fr\/gerardmerinfo\/2018\/04\/aviron-lasg-bien-classee-a-domicile\/\" \/>\n<meta name=\"twitter:card\" content=\"summary_large_image\" \/>\n<meta name=\"twitter:title\" content=\"Aviron : l&#039;ASG bien class\u00e9e \u00e0 domicile - Gerardmer Info\" \/>\n<meta name=\"twitter:description\" content=\"Lac \u00e9tincelant et conditions estivales pour le Championnat Grand Est d\u2019aviron (bateaux courts pour les J16 et Masters) et la [&hellip;]\" \/>\n<meta name=\"twitter:image\" content=\"https:\/\/vosgesinfo.fr\/app\/uploads\/sites\/6\/2024\/07\/201804aviron-coupe-de-printemps-gerardmer-4.jpg\" \/>\n<meta name=\"twitter:creator\" content=\"@VosgesInfo88\" \/>\n<meta name=\"twitter:site\" content=\"@VosgesInfo88\" \/>\n<meta name=\"twitter:label1\" content=\"\u00c9crit par\" \/>\n\t<meta name=\"twitter:data1\" content=\"qs_admin\" \/>\n\t<meta name=\"twitter:label2\" content=\"Dur\u00e9e de lecture estim\u00e9e\" \/>\n\t<meta name=\"twitter:data2\" content=\"2 minutes\" \/>\n<script type=\"application\/ld+json\" class=\"yoast-schema-graph\">{\"@context\":\"https:\/\/schema.org\",\"@graph\":[{\"@type\":\"Article\",\"@id\":\"https:\/\/vosgesinfo.fr\/gerardmerinfo\/2018\/04\/aviron-lasg-bien-classee-a-domicile\/#article\",\"isPartOf\":{\"@id\":\"https:\/\/vosgesinfo.fr\/gerardmerinfo\/2018\/04\/aviron-lasg-bien-classee-a-domicile\/\"},\"author\":{\"name\":\"qs_admin\",\"@id\":\"https:\/\/vosgesinfo.fr\/gerardmerinfo\/#\/schema\/person\/bc5d02d71e6932e81b6dadb7386667b1\"},\"headline\":\"Aviron : l&rsquo;ASG bien class\u00e9e \u00e0 domicile\",\"datePublished\":\"2018-04-08T19:39:52+00:00\",\"dateModified\":\"2018-04-08T19:39:52+00:00\",\"mainEntityOfPage\":{\"@id\":\"https:\/\/vosgesinfo.fr\/gerardmerinfo\/2018\/04\/aviron-lasg-bien-classee-a-domicile\/\"},\"wordCount\":339,\"commentCount\":0,\"publisher\":{\"@id\":\"https:\/\/vosgesinfo.fr\/gerardmerinfo\/#organization\"},\"image\":{\"@id\":\"https:\/\/vosgesinfo.fr\/gerardmerinfo\/2018\/04\/aviron-lasg-bien-classee-a-domicile\/#primaryimage\"},\"thumbnailUrl\":\"https:\/\/vosgesinfo.fr\/app\/uploads\/sites\/6\/2024\/07\/201804aviron-coupe-de-printemps-gerardmer-4.jpg\",\"keywords\":[\"asg aviron\",\"Jessie Pierrel\",\"Manon Mansuy\"],\"articleSection\":[\"A la une\",\"Sport\",\"Vosges\"],\"inLanguage\":\"fr-FR\",\"potentialAction\":[{\"@type\":\"CommentAction\",\"name\":\"Comment\",\"target\":[\"https:\/\/vosgesinfo.fr\/gerardmerinfo\/2018\/04\/aviron-lasg-bien-classee-a-domicile\/#respond\"]}]},{\"@type\":\"WebPage\",\"@id\":\"https:\/\/vosgesinfo.fr\/gerardmerinfo\/2018\/04\/aviron-lasg-bien-classee-a-domicile\/\",\"url\":\"https:\/\/vosgesinfo.fr\/gerardmerinfo\/2018\/04\/aviron-lasg-bien-classee-a-domicile\/\",\"name\":\"Aviron : l'ASG bien class\u00e9e \u00e0 domicile - Gerardmer Info\",\"isPartOf\":{\"@id\":\"https:\/\/vosgesinfo.fr\/gerardmerinfo\/#website\"},\"primaryImageOfPage\":{\"@id\":\"https:\/\/vosgesinfo.fr\/gerardmerinfo\/2018\/04\/aviron-lasg-bien-classee-a-domicile\/#primaryimage\"},\"image\":{\"@id\":\"https:\/\/vosgesinfo.fr\/gerardmerinfo\/2018\/04\/aviron-lasg-bien-classee-a-domicile\/#primaryimage\"},\"thumbnailUrl\":\"https:\/\/vosgesinfo.fr\/app\/uploads\/sites\/6\/2024\/07\/201804aviron-coupe-de-printemps-gerardmer-4.jpg\",\"datePublished\":\"2018-04-08T19:39:52+00:00\",\"dateModified\":\"2018-04-08T19:39:52+00:00\",\"breadcrumb\":{\"@id\":\"https:\/\/vosgesinfo.fr\/gerardmerinfo\/2018\/04\/aviron-lasg-bien-classee-a-domicile\/#breadcrumb\"},\"inLanguage\":\"fr-FR\",\"potentialAction\":[{\"@type\":\"ReadAction\",\"target\":[\"https:\/\/vosgesinfo.fr\/gerardmerinfo\/2018\/04\/aviron-lasg-bien-classee-a-domicile\/\"]}]},{\"@type\":\"ImageObject\",\"inLanguage\":\"fr-FR\",\"@id\":\"https:\/\/vosgesinfo.fr\/gerardmerinfo\/2018\/04\/aviron-lasg-bien-classee-a-domicile\/#primaryimage\",\"url\":\"https:\/\/vosgesinfo.fr\/app\/uploads\/sites\/6\/2024\/07\/201804aviron-coupe-de-printemps-gerardmer-4.jpg\",\"contentUrl\":\"https:\/\/vosgesinfo.fr\/app\/uploads\/sites\/6\/2024\/07\/201804aviron-coupe-de-printemps-gerardmer-4.jpg\",\"width\":800,\"height\":534},{\"@type\":\"BreadcrumbList\",\"@id\":\"https:\/\/vosgesinfo.fr\/gerardmerinfo\/2018\/04\/aviron-lasg-bien-classee-a-domicile\/#breadcrumb\",\"itemListElement\":[{\"@type\":\"ListItem\",\"position\":1,\"name\":\"Home\",\"item\":\"https:\/\/vosgesinfo.fr\/gerardmerinfo\/\"},{\"@type\":\"ListItem\",\"position\":2,\"name\":\"Aviron : l&rsquo;ASG bien class\u00e9e \u00e0 domicile\"}]},{\"@type\":\"WebSite\",\"@id\":\"https:\/\/vosgesinfo.fr\/gerardmerinfo\/#website\",\"url\":\"https:\/\/vosgesinfo.fr\/gerardmerinfo\/\",\"name\":\"Gerardmer Info\",\"description\":\"Toute l&#039;actualit\u00e9 de G\u00e9rardmer\",\"publisher\":{\"@id\":\"https:\/\/vosgesinfo.fr\/gerardmerinfo\/#organization\"},\"alternateName\":\"Toute l'actualit\u00e9 de G\u00e9rardmer\",\"potentialAction\":[{\"@type\":\"SearchAction\",\"target\":{\"@type\":\"EntryPoint\",\"urlTemplate\":\"https:\/\/vosgesinfo.fr\/gerardmerinfo\/?s={search_term_string}\"},\"query-input\":\"required name=search_term_string\"}],\"inLanguage\":\"fr-FR\"},{\"@type\":\"Organization\",\"@id\":\"https:\/\/vosgesinfo.fr\/gerardmerinfo\/#organization\",\"name\":\"Gerardmer Info\",\"url\":\"https:\/\/vosgesinfo.fr\/gerardmerinfo\/\",\"logo\":{\"@type\":\"ImageObject\",\"inLanguage\":\"fr-FR\",\"@id\":\"https:\/\/vosgesinfo.fr\/gerardmerinfo\/#\/schema\/logo\/image\/\",\"url\":\"https:\/\/vosgesinfo.fr\/app\/uploads\/sites\/6\/2023\/08\/favicon-gerardmerinfo.png\",\"contentUrl\":\"https:\/\/vosgesinfo.fr\/app\/uploads\/sites\/6\/2023\/08\/favicon-gerardmerinfo.png\",\"width\":512,\"height\":512,\"caption\":\"Gerardmer Info\"},\"image\":{\"@id\":\"https:\/\/vosgesinfo.fr\/gerardmerinfo\/#\/schema\/logo\/image\/\"},\"sameAs\":[\"https:\/\/www.facebook.com\/profile.php?id=100049475262660\",\"https:\/\/x.com\/VosgesInfo88\",\"https:\/\/www.youtube.com\/@vosgesinfo\"]},{\"@type\":\"Person\",\"@id\":\"https:\/\/vosgesinfo.fr\/gerardmerinfo\/#\/schema\/person\/bc5d02d71e6932e81b6dadb7386667b1\",\"name\":\"qs_admin\",\"image\":{\"@type\":\"ImageObject\",\"inLanguage\":\"fr-FR\",\"@id\":\"https:\/\/vosgesinfo.fr\/gerardmerinfo\/#\/schema\/person\/image\/\",\"url\":\"https:\/\/secure.gravatar.com\/avatar\/94b18ee0ed79e4a42ea2f2931277b6841a8999fc6fde214600c78057cf1fe1de?s=96&d=mm&r=g\",\"contentUrl\":\"https:\/\/secure.gravatar.com\/avatar\/94b18ee0ed79e4a42ea2f2931277b6841a8999fc6fde214600c78057cf1fe1de?s=96&d=mm&r=g\",\"caption\":\"qs_admin\"},\"sameAs\":[\"https:\/\/vosgesinfo.fr\/wp\"],\"url\":\"https:\/\/vosgesinfo.fr\/gerardmerinfo\/author\/qs_admin\/\"}]}<\/script>\n<!-- \/ Yoast SEO plugin. -->","yoast_head_json":{"title":"Aviron : l'ASG bien class\u00e9e \u00e0 domicile - Gerardmer Info","robots":{"index":"index","follow":"follow","max-snippet":"max-snippet:-1","max-image-preview":"max-image-preview:large","max-video-preview":"max-video-preview:-1"},"canonical":"https:\/\/vosgesinfo.fr\/gerardmerinfo\/2018\/04\/aviron-lasg-bien-classee-a-domicile\/","twitter_card":"summary_large_image","twitter_title":"Aviron : l'ASG bien class\u00e9e \u00e0 domicile - Gerardmer Info","twitter_description":"Lac \u00e9tincelant et conditions estivales pour le Championnat Grand Est d\u2019aviron (bateaux courts pour les J16 et Masters) et la [&hellip;]","twitter_image":"https:\/\/vosgesinfo.fr\/app\/uploads\/sites\/6\/2024\/07\/201804aviron-coupe-de-printemps-gerardmer-4.jpg","twitter_creator":"@VosgesInfo88","twitter_site":"@VosgesInfo88","twitter_misc":{"\u00c9crit par":"qs_admin","Dur\u00e9e de lecture estim\u00e9e":"2 minutes"},"schema":{"@context":"https:\/\/schema.org","@graph":[{"@type":"Article","@id":"https:\/\/vosgesinfo.fr\/gerardmerinfo\/2018\/04\/aviron-lasg-bien-classee-a-domicile\/#article","isPartOf":{"@id":"https:\/\/vosgesinfo.fr\/gerardmerinfo\/2018\/04\/aviron-lasg-bien-classee-a-domicile\/"},"author":{"name":"qs_admin","@id":"https:\/\/vosgesinfo.fr\/gerardmerinfo\/#\/schema\/person\/bc5d02d71e6932e81b6dadb7386667b1"},"headline":"Aviron : l&rsquo;ASG bien class\u00e9e \u00e0 domicile","datePublished":"2018-04-08T19:39:52+00:00","dateModified":"2018-04-08T19:39:52+00:00","mainEntityOfPage":{"@id":"https:\/\/vosgesinfo.fr\/gerardmerinfo\/2018\/04\/aviron-lasg-bien-classee-a-domicile\/"},"wordCount":339,"commentCount":0,"publisher":{"@id":"https:\/\/vosgesinfo.fr\/gerardmerinfo\/#organization"},"image":{"@id":"https:\/\/vosgesinfo.fr\/gerardmerinfo\/2018\/04\/aviron-lasg-bien-classee-a-domicile\/#primaryimage"},"thumbnailUrl":"https:\/\/vosgesinfo.fr\/app\/uploads\/sites\/6\/2024\/07\/201804aviron-coupe-de-printemps-gerardmer-4.jpg","keywords":["asg aviron","Jessie Pierrel","Manon Mansuy"],"articleSection":["A la une","Sport","Vosges"],"inLanguage":"fr-FR","potentialAction":[{"@type":"CommentAction","name":"Comment","target":["https:\/\/vosgesinfo.fr\/gerardmerinfo\/2018\/04\/aviron-lasg-bien-classee-a-domicile\/#respond"]}]},{"@type":"WebPage","@id":"https:\/\/vosgesinfo.fr\/gerardmerinfo\/2018\/04\/aviron-lasg-bien-classee-a-domicile\/","url":"https:\/\/vosgesinfo.fr\/gerardmerinfo\/2018\/04\/aviron-lasg-bien-classee-a-domicile\/","name":"Aviron : l'ASG bien class\u00e9e \u00e0 domicile - Gerardmer Info","isPartOf":{"@id":"https:\/\/vosgesinfo.fr\/gerardmerinfo\/#website"},"primaryImageOfPage":{"@id":"https:\/\/vosgesinfo.fr\/gerardmerinfo\/2018\/04\/aviron-lasg-bien-classee-a-domicile\/#primaryimage"},"image":{"@id":"https:\/\/vosgesinfo.fr\/gerardmerinfo\/2018\/04\/aviron-lasg-bien-classee-a-domicile\/#primaryimage"},"thumbnailUrl":"https:\/\/vosgesinfo.fr\/app\/uploads\/sites\/6\/2024\/07\/201804aviron-coupe-de-printemps-gerardmer-4.jpg","datePublished":"2018-04-08T19:39:52+00:00","dateModified":"2018-04-08T19:39:52+00:00","breadcrumb":{"@id":"https:\/\/vosgesinfo.fr\/gerardmerinfo\/2018\/04\/aviron-lasg-bien-classee-a-domicile\/#breadcrumb"},"inLanguage":"fr-FR","potentialAction":[{"@type":"ReadAction","target":["https:\/\/vosgesinfo.fr\/gerardmerinfo\/2018\/04\/aviron-lasg-bien-classee-a-domicile\/"]}]},{"@type":"ImageObject","inLanguage":"fr-FR","@id":"https:\/\/vosgesinfo.fr\/gerardmerinfo\/2018\/04\/aviron-lasg-bien-classee-a-domicile\/#primaryimage","url":"https:\/\/vosgesinfo.fr\/app\/uploads\/sites\/6\/2024\/07\/201804aviron-coupe-de-printemps-gerardmer-4.jpg","contentUrl":"https:\/\/vosgesinfo.fr\/app\/uploads\/sites\/6\/2024\/07\/201804aviron-coupe-de-printemps-gerardmer-4.jpg","width":800,"height":534},{"@type":"BreadcrumbList","@id":"https:\/\/vosgesinfo.fr\/gerardmerinfo\/2018\/04\/aviron-lasg-bien-classee-a-domicile\/#breadcrumb","itemListElement":[{"@type":"ListItem","position":1,"name":"Home","item":"https:\/\/vosgesinfo.fr\/gerardmerinfo\/"},{"@type":"ListItem","position":2,"name":"Aviron : l&rsquo;ASG bien class\u00e9e \u00e0 domicile"}]},{"@type":"WebSite","@id":"https:\/\/vosgesinfo.fr\/gerardmerinfo\/#website","url":"https:\/\/vosgesinfo.fr\/gerardmerinfo\/","name":"Gerardmer Info","description":"Toute l&#039;actualit\u00e9 de G\u00e9rardmer","publisher":{"@id":"https:\/\/vosgesinfo.fr\/gerardmerinfo\/#organization"},"alternateName":"Toute l'actualit\u00e9 de G\u00e9rardmer","potentialAction":[{"@type":"SearchAction","target":{"@type":"EntryPoint","urlTemplate":"https:\/\/vosgesinfo.fr\/gerardmerinfo\/?s={search_term_string}"},"query-input":"required name=search_term_string"}],"inLanguage":"fr-FR"},{"@type":"Organization","@id":"https:\/\/vosgesinfo.fr\/gerardmerinfo\/#organization","name":"Gerardmer Info","url":"https:\/\/vosgesinfo.fr\/gerardmerinfo\/","logo":{"@type":"ImageObject","inLanguage":"fr-FR","@id":"https:\/\/vosgesinfo.fr\/gerardmerinfo\/#\/schema\/logo\/image\/","url":"https:\/\/vosgesinfo.fr\/app\/uploads\/sites\/6\/2023\/08\/favicon-gerardmerinfo.png","contentUrl":"https:\/\/vosgesinfo.fr\/app\/uploads\/sites\/6\/2023\/08\/favicon-gerardmerinfo.png","width":512,"height":512,"caption":"Gerardmer Info"},"image":{"@id":"https:\/\/vosgesinfo.fr\/gerardmerinfo\/#\/schema\/logo\/image\/"},"sameAs":["https:\/\/www.facebook.com\/profile.php?id=100049475262660","https:\/\/x.com\/VosgesInfo88","https:\/\/www.youtube.com\/@vosgesinfo"]},{"@type":"Person","@id":"https:\/\/vosgesinfo.fr\/gerardmerinfo\/#\/schema\/person\/bc5d02d71e6932e81b6dadb7386667b1","name":"qs_admin","image":{"@type":"ImageObject","inLanguage":"fr-FR","@id":"https:\/\/vosgesinfo.fr\/gerardmerinfo\/#\/schema\/person\/image\/","url":"https:\/\/secure.gravatar.com\/avatar\/94b18ee0ed79e4a42ea2f2931277b6841a8999fc6fde214600c78057cf1fe1de?s=96&d=mm&r=g","contentUrl":"https:\/\/secure.gravatar.com\/avatar\/94b18ee0ed79e4a42ea2f2931277b6841a8999fc6fde214600c78057cf1fe1de?s=96&d=mm&r=g","caption":"qs_admin"},"sameAs":["https:\/\/vosgesinfo.fr\/wp"],"url":"https:\/\/vosgesinfo.fr\/gerardmerinfo\/author\/qs_admin\/"}]}},"_links":{"self":[{"href":"https:\/\/vosgesinfo.fr\/gerardmerinfo\/wp-json\/wp\/v2\/posts\/33259","targetHints":{"allow":["GET"]}}],"collection":[{"href":"https:\/\/vosgesinfo.fr\/gerardmerinfo\/wp-json\/wp\/v2\/posts"}],"about":[{"href":"https:\/\/vosgesinfo.fr\/gerardmerinfo\/wp-json\/wp\/v2\/types\/post"}],"author":[{"embeddable":true,"href":"https:\/\/vosgesinfo.fr\/gerardmerinfo\/wp-json\/wp\/v2\/users\/1"}],"replies":[{"embeddable":true,"href":"https:\/\/vosgesinfo.fr\/gerardmerinfo\/wp-json\/wp\/v2\/comments?post=33259"}],"version-history":[{"count":0,"href":"https:\/\/vosgesinfo.fr\/gerardmerinfo\/wp-json\/wp\/v2\/posts\/33259\/revisions"}],"wp:featuredmedia":[{"embeddable":true,"href":"https:\/\/vosgesinfo.fr\/gerardmerinfo\/wp-json\/wp\/v2\/media\/33260"}],"wp:attachment":[{"href":"https:\/\/vosgesinfo.fr\/gerardmerinfo\/wp-json\/wp\/v2\/media?parent=33259"}],"wp:term":[{"taxonomy":"category","embeddable":true,"href":"https:\/\/vosgesinfo.fr\/gerardmerinfo\/wp-json\/wp\/v2\/categories?post=33259"},{"taxonomy":"post_tag","embeddable":true,"href":"https:\/\/vosgesinfo.fr\/gerardmerinfo\/wp-json\/wp\/v2\/tags?post=33259"}],"curies":[{"name":"wp","href":"https:\/\/api.w.org\/{rel}","templated":true}]}}