{"id":33375,"date":"2018-04-17T15:50:52","date_gmt":"2018-04-17T13:50:52","guid":{"rendered":"https:\/\/vosgesinfo.fr\/gerardmerinfo\/2018\/04\/rencontre-poete-richard-rognet\/"},"modified":"2018-04-17T15:50:52","modified_gmt":"2018-04-17T13:50:52","slug":"rencontre-poete-richard-rognet","status":"publish","type":"post","link":"https:\/\/vosgesinfo.fr\/gerardmerinfo\/2018\/04\/rencontre-poete-richard-rognet\/","title":{"rendered":"Rencontre avec le po\u00e8te Richard Rognet"},"content":{"rendered":"<h2><span style=\"color: #000000;\"><span style=\"font-family: Arial, serif;\"><span style=\"font-size: small;\"><span style=\"font-size: large;\"><b>Mix\u2019TuRe<\/b> le mois de la po\u00e9sie<\/span> continue sa route et la m\u00e9diath\u00e8que vous propose son prochain rendez-vous :<\/span><\/span><\/span><\/h2>\n<p><span style=\"color: #000000; font-size: large;\"><span style=\"font-family: Arial, serif;\"><b>Samedi 21 avril \u00e0 17h.<br \/>\n<\/b><\/span><\/span><\/p>\n<p><span style=\"color: #000000;\"><span style=\"font-family: Arial, serif;\"><span style=\"font-size: small;\">Rencontre-lecture avec le po\u00e8te Richard ROGNET autour de son dernier recueil de po\u00e9sie \u00ab\u00a0Les fr\u00f4lements infinis du monde\u00a0\u00bb et du livre d\u2019artiste \u00ab\u00a0Arbres\u00a0\u00bb (en collaboration avec le graveur plasticien Jean-Pierre LECUYER)<\/span><\/span><\/span><span style=\"color: #000000;\"><span style=\"font-family: Arial, serif;\"><span style=\"font-size: small;\">.<\/span><\/span><\/span><\/p>\n<p><span style=\"font-family: Times New Roman, serif; font-size: large;\"><b><a href=\"\/2018\/04\/richard-rognet.jpg\"><img decoding=\"async\" class=\"alignright size-medium wp-image-125998\" src=\"\/2018\/04\/richard-rognet-180x255.jpg\" alt=\"richard-rognet\" width=\"180\" height=\"255\" \/><\/a>Richard Rognet<\/b><\/span> est un po\u00e8te fran\u00e7ais n\u00e9 5 novembre 1942 au Val-d&rsquo;Ajol, dans les Vosges. Il vit actuellement \u00e0 Dommartin-l\u00e8s-Remiremont.<\/p>\n<p>Il publie son premier recueil en 1966. En 1969, il devient enseignant \u00e0 l\u2019\u00e9cole normale de Mirecourt, puis \u00e0 \u00c9pinal, avant d\u2019int\u00e9grer le coll\u00e8ge Jules-Ferry comme professeur de lettres jusqu\u2019\u00e0 sa retraite en 2002. Sa rencontre avec Alain Bosquet en 1971 marque pour lui une \u00e9tape importante dans son parcours de po\u00e9sie.<\/p>\n<p>En 1994, il devient chevalier dans l\u2019ordre des Arts et des Lettres. Il obtient en 2002 le Grand prix de po\u00e9sie de la Soci\u00e9t\u00e9 des gens de lettres pour l&rsquo;ensemble de son \u0153uvre, d\u00e9j\u00e0 r\u00e9compens\u00e9e par de nombreux prix.<\/p>\n<p>Cette rencontre donnera lieu \u00e9galement au <span style=\"font-size: large;\"><b>vernissage <\/b><\/span>de l&rsquo;exposition de <span style=\"font-size: large;\"><b>Nine Mozas Lecuyer<\/b><\/span>.<\/p>\n<p>Accompagn\u00e9es de po\u00e8mes, ses \u00ab\u00a0Phototoiles\u00a0\u00bb\u00a0 sont le r\u00e9sultat de randonn\u00e9es dans les Vosges mais aussi de petits pas dans son jardin,\u00a0 souvent \u00e9vocations d\u2019animaux ou de contact avec la nature,\u00a0 un bouquet de tendresse, d\u2019humour et de po\u00e9sie.<\/p>\n","protected":false},"excerpt":{"rendered":"<p>Mix\u2019TuRe le mois de la po\u00e9sie continue sa route et la m\u00e9diath\u00e8que vous propose son prochain rendez-vous : Samedi 21 [&hellip;]<\/p>\n","protected":false},"author":1,"featured_media":33376,"comment_status":"open","ping_status":"open","sticky":false,"template":"","format":"standard","meta":{"footnotes":""},"categories":[20,4],"tags":[153,2986,3570],"class_list":["post-33375","post","type-post","status-publish","format-standard","has-post-thumbnail","hentry","category-a-la-une","category-culture","tag-mediatheque-du-tilleul","tag-mixture","tag-richard-rognet"],"acf":[],"yoast_head":"<!-- This site is optimized with the Yoast SEO plugin v22.5 - https:\/\/yoast.com\/wordpress\/plugins\/seo\/ -->\n<title>Rencontre avec le po\u00e8te Richard Rognet - Gerardmer Info<\/title>\n<meta name=\"robots\" content=\"index, follow, max-snippet:-1, max-image-preview:large, max-video-preview:-1\" \/>\n<link rel=\"canonical\" href=\"https:\/\/vosgesinfo.fr\/gerardmerinfo\/2018\/04\/rencontre-poete-richard-rognet\/\" \/>\n<meta name=\"twitter:card\" content=\"summary_large_image\" \/>\n<meta name=\"twitter:title\" content=\"Rencontre avec le po\u00e8te Richard Rognet - Gerardmer Info\" \/>\n<meta name=\"twitter:description\" content=\"Mix\u2019TuRe le mois de la po\u00e9sie continue sa route et la m\u00e9diath\u00e8que vous propose son prochain rendez-vous : Samedi 21 [&hellip;]\" \/>\n<meta name=\"twitter:image\" content=\"https:\/\/vosgesinfo.fr\/app\/uploads\/sites\/6\/2024\/07\/201804richard-rognet.jpg\" \/>\n<meta name=\"twitter:creator\" content=\"@VosgesInfo88\" \/>\n<meta name=\"twitter:site\" content=\"@VosgesInfo88\" \/>\n<meta name=\"twitter:label1\" content=\"\u00c9crit par\" \/>\n\t<meta name=\"twitter:data1\" content=\"qs_admin\" \/>\n\t<meta name=\"twitter:label2\" content=\"Dur\u00e9e de lecture estim\u00e9e\" \/>\n\t<meta name=\"twitter:data2\" content=\"1 minute\" \/>\n<script type=\"application\/ld+json\" class=\"yoast-schema-graph\">{\"@context\":\"https:\/\/schema.org\",\"@graph\":[{\"@type\":\"Article\",\"@id\":\"https:\/\/vosgesinfo.fr\/gerardmerinfo\/2018\/04\/rencontre-poete-richard-rognet\/#article\",\"isPartOf\":{\"@id\":\"https:\/\/vosgesinfo.fr\/gerardmerinfo\/2018\/04\/rencontre-poete-richard-rognet\/\"},\"author\":{\"name\":\"qs_admin\",\"@id\":\"https:\/\/vosgesinfo.fr\/gerardmerinfo\/#\/schema\/person\/bc5d02d71e6932e81b6dadb7386667b1\"},\"headline\":\"Rencontre avec le po\u00e8te Richard Rognet\",\"datePublished\":\"2018-04-17T13:50:52+00:00\",\"dateModified\":\"2018-04-17T13:50:52+00:00\",\"mainEntityOfPage\":{\"@id\":\"https:\/\/vosgesinfo.fr\/gerardmerinfo\/2018\/04\/rencontre-poete-richard-rognet\/\"},\"wordCount\":241,\"commentCount\":0,\"publisher\":{\"@id\":\"https:\/\/vosgesinfo.fr\/gerardmerinfo\/#organization\"},\"image\":{\"@id\":\"https:\/\/vosgesinfo.fr\/gerardmerinfo\/2018\/04\/rencontre-poete-richard-rognet\/#primaryimage\"},\"thumbnailUrl\":\"https:\/\/vosgesinfo.fr\/app\/uploads\/sites\/6\/2024\/07\/201804richard-rognet.jpg\",\"keywords\":[\"m\u00e9diath\u00e8que du tilleul\",\"Mix'ture\",\"richard rognet\"],\"articleSection\":[\"A la une\",\"Culture\"],\"inLanguage\":\"fr-FR\",\"potentialAction\":[{\"@type\":\"CommentAction\",\"name\":\"Comment\",\"target\":[\"https:\/\/vosgesinfo.fr\/gerardmerinfo\/2018\/04\/rencontre-poete-richard-rognet\/#respond\"]}]},{\"@type\":\"WebPage\",\"@id\":\"https:\/\/vosgesinfo.fr\/gerardmerinfo\/2018\/04\/rencontre-poete-richard-rognet\/\",\"url\":\"https:\/\/vosgesinfo.fr\/gerardmerinfo\/2018\/04\/rencontre-poete-richard-rognet\/\",\"name\":\"Rencontre avec le po\u00e8te Richard Rognet - Gerardmer Info\",\"isPartOf\":{\"@id\":\"https:\/\/vosgesinfo.fr\/gerardmerinfo\/#website\"},\"primaryImageOfPage\":{\"@id\":\"https:\/\/vosgesinfo.fr\/gerardmerinfo\/2018\/04\/rencontre-poete-richard-rognet\/#primaryimage\"},\"image\":{\"@id\":\"https:\/\/vosgesinfo.fr\/gerardmerinfo\/2018\/04\/rencontre-poete-richard-rognet\/#primaryimage\"},\"thumbnailUrl\":\"https:\/\/vosgesinfo.fr\/app\/uploads\/sites\/6\/2024\/07\/201804richard-rognet.jpg\",\"datePublished\":\"2018-04-17T13:50:52+00:00\",\"dateModified\":\"2018-04-17T13:50:52+00:00\",\"breadcrumb\":{\"@id\":\"https:\/\/vosgesinfo.fr\/gerardmerinfo\/2018\/04\/rencontre-poete-richard-rognet\/#breadcrumb\"},\"inLanguage\":\"fr-FR\",\"potentialAction\":[{\"@type\":\"ReadAction\",\"target\":[\"https:\/\/vosgesinfo.fr\/gerardmerinfo\/2018\/04\/rencontre-poete-richard-rognet\/\"]}]},{\"@type\":\"ImageObject\",\"inLanguage\":\"fr-FR\",\"@id\":\"https:\/\/vosgesinfo.fr\/gerardmerinfo\/2018\/04\/rencontre-poete-richard-rognet\/#primaryimage\",\"url\":\"https:\/\/vosgesinfo.fr\/app\/uploads\/sites\/6\/2024\/07\/201804richard-rognet.jpg\",\"contentUrl\":\"https:\/\/vosgesinfo.fr\/app\/uploads\/sites\/6\/2024\/07\/201804richard-rognet.jpg\",\"width\":566,\"height\":800},{\"@type\":\"BreadcrumbList\",\"@id\":\"https:\/\/vosgesinfo.fr\/gerardmerinfo\/2018\/04\/rencontre-poete-richard-rognet\/#breadcrumb\",\"itemListElement\":[{\"@type\":\"ListItem\",\"position\":1,\"name\":\"Home\",\"item\":\"https:\/\/vosgesinfo.fr\/gerardmerinfo\/\"},{\"@type\":\"ListItem\",\"position\":2,\"name\":\"Rencontre avec le po\u00e8te Richard Rognet\"}]},{\"@type\":\"WebSite\",\"@id\":\"https:\/\/vosgesinfo.fr\/gerardmerinfo\/#website\",\"url\":\"https:\/\/vosgesinfo.fr\/gerardmerinfo\/\",\"name\":\"Gerardmer Info\",\"description\":\"Toute l&#039;actualit\u00e9 de G\u00e9rardmer\",\"publisher\":{\"@id\":\"https:\/\/vosgesinfo.fr\/gerardmerinfo\/#organization\"},\"alternateName\":\"Toute l'actualit\u00e9 de G\u00e9rardmer\",\"potentialAction\":[{\"@type\":\"SearchAction\",\"target\":{\"@type\":\"EntryPoint\",\"urlTemplate\":\"https:\/\/vosgesinfo.fr\/gerardmerinfo\/?s={search_term_string}\"},\"query-input\":\"required name=search_term_string\"}],\"inLanguage\":\"fr-FR\"},{\"@type\":\"Organization\",\"@id\":\"https:\/\/vosgesinfo.fr\/gerardmerinfo\/#organization\",\"name\":\"Gerardmer Info\",\"url\":\"https:\/\/vosgesinfo.fr\/gerardmerinfo\/\",\"logo\":{\"@type\":\"ImageObject\",\"inLanguage\":\"fr-FR\",\"@id\":\"https:\/\/vosgesinfo.fr\/gerardmerinfo\/#\/schema\/logo\/image\/\",\"url\":\"https:\/\/vosgesinfo.fr\/app\/uploads\/sites\/6\/2023\/08\/favicon-gerardmerinfo.png\",\"contentUrl\":\"https:\/\/vosgesinfo.fr\/app\/uploads\/sites\/6\/2023\/08\/favicon-gerardmerinfo.png\",\"width\":512,\"height\":512,\"caption\":\"Gerardmer Info\"},\"image\":{\"@id\":\"https:\/\/vosgesinfo.fr\/gerardmerinfo\/#\/schema\/logo\/image\/\"},\"sameAs\":[\"https:\/\/www.facebook.com\/profile.php?id=100049475262660\",\"https:\/\/x.com\/VosgesInfo88\",\"https:\/\/www.youtube.com\/@vosgesinfo\"]},{\"@type\":\"Person\",\"@id\":\"https:\/\/vosgesinfo.fr\/gerardmerinfo\/#\/schema\/person\/bc5d02d71e6932e81b6dadb7386667b1\",\"name\":\"qs_admin\",\"image\":{\"@type\":\"ImageObject\",\"inLanguage\":\"fr-FR\",\"@id\":\"https:\/\/vosgesinfo.fr\/gerardmerinfo\/#\/schema\/person\/image\/\",\"url\":\"https:\/\/secure.gravatar.com\/avatar\/94b18ee0ed79e4a42ea2f2931277b6841a8999fc6fde214600c78057cf1fe1de?s=96&d=mm&r=g\",\"contentUrl\":\"https:\/\/secure.gravatar.com\/avatar\/94b18ee0ed79e4a42ea2f2931277b6841a8999fc6fde214600c78057cf1fe1de?s=96&d=mm&r=g\",\"caption\":\"qs_admin\"},\"sameAs\":[\"https:\/\/vosgesinfo.fr\/wp\"],\"url\":\"https:\/\/vosgesinfo.fr\/gerardmerinfo\/author\/qs_admin\/\"}]}<\/script>\n<!-- \/ Yoast SEO plugin. -->","yoast_head_json":{"title":"Rencontre avec le po\u00e8te Richard Rognet - Gerardmer Info","robots":{"index":"index","follow":"follow","max-snippet":"max-snippet:-1","max-image-preview":"max-image-preview:large","max-video-preview":"max-video-preview:-1"},"canonical":"https:\/\/vosgesinfo.fr\/gerardmerinfo\/2018\/04\/rencontre-poete-richard-rognet\/","twitter_card":"summary_large_image","twitter_title":"Rencontre avec le po\u00e8te Richard Rognet - Gerardmer Info","twitter_description":"Mix\u2019TuRe le mois de la po\u00e9sie continue sa route et la m\u00e9diath\u00e8que vous propose son prochain rendez-vous : Samedi 21 [&hellip;]","twitter_image":"https:\/\/vosgesinfo.fr\/app\/uploads\/sites\/6\/2024\/07\/201804richard-rognet.jpg","twitter_creator":"@VosgesInfo88","twitter_site":"@VosgesInfo88","twitter_misc":{"\u00c9crit par":"qs_admin","Dur\u00e9e de lecture estim\u00e9e":"1 minute"},"schema":{"@context":"https:\/\/schema.org","@graph":[{"@type":"Article","@id":"https:\/\/vosgesinfo.fr\/gerardmerinfo\/2018\/04\/rencontre-poete-richard-rognet\/#article","isPartOf":{"@id":"https:\/\/vosgesinfo.fr\/gerardmerinfo\/2018\/04\/rencontre-poete-richard-rognet\/"},"author":{"name":"qs_admin","@id":"https:\/\/vosgesinfo.fr\/gerardmerinfo\/#\/schema\/person\/bc5d02d71e6932e81b6dadb7386667b1"},"headline":"Rencontre avec le po\u00e8te Richard Rognet","datePublished":"2018-04-17T13:50:52+00:00","dateModified":"2018-04-17T13:50:52+00:00","mainEntityOfPage":{"@id":"https:\/\/vosgesinfo.fr\/gerardmerinfo\/2018\/04\/rencontre-poete-richard-rognet\/"},"wordCount":241,"commentCount":0,"publisher":{"@id":"https:\/\/vosgesinfo.fr\/gerardmerinfo\/#organization"},"image":{"@id":"https:\/\/vosgesinfo.fr\/gerardmerinfo\/2018\/04\/rencontre-poete-richard-rognet\/#primaryimage"},"thumbnailUrl":"https:\/\/vosgesinfo.fr\/app\/uploads\/sites\/6\/2024\/07\/201804richard-rognet.jpg","keywords":["m\u00e9diath\u00e8que du tilleul","Mix'ture","richard rognet"],"articleSection":["A la une","Culture"],"inLanguage":"fr-FR","potentialAction":[{"@type":"CommentAction","name":"Comment","target":["https:\/\/vosgesinfo.fr\/gerardmerinfo\/2018\/04\/rencontre-poete-richard-rognet\/#respond"]}]},{"@type":"WebPage","@id":"https:\/\/vosgesinfo.fr\/gerardmerinfo\/2018\/04\/rencontre-poete-richard-rognet\/","url":"https:\/\/vosgesinfo.fr\/gerardmerinfo\/2018\/04\/rencontre-poete-richard-rognet\/","name":"Rencontre avec le po\u00e8te Richard Rognet - Gerardmer Info","isPartOf":{"@id":"https:\/\/vosgesinfo.fr\/gerardmerinfo\/#website"},"primaryImageOfPage":{"@id":"https:\/\/vosgesinfo.fr\/gerardmerinfo\/2018\/04\/rencontre-poete-richard-rognet\/#primaryimage"},"image":{"@id":"https:\/\/vosgesinfo.fr\/gerardmerinfo\/2018\/04\/rencontre-poete-richard-rognet\/#primaryimage"},"thumbnailUrl":"https:\/\/vosgesinfo.fr\/app\/uploads\/sites\/6\/2024\/07\/201804richard-rognet.jpg","datePublished":"2018-04-17T13:50:52+00:00","dateModified":"2018-04-17T13:50:52+00:00","breadcrumb":{"@id":"https:\/\/vosgesinfo.fr\/gerardmerinfo\/2018\/04\/rencontre-poete-richard-rognet\/#breadcrumb"},"inLanguage":"fr-FR","potentialAction":[{"@type":"ReadAction","target":["https:\/\/vosgesinfo.fr\/gerardmerinfo\/2018\/04\/rencontre-poete-richard-rognet\/"]}]},{"@type":"ImageObject","inLanguage":"fr-FR","@id":"https:\/\/vosgesinfo.fr\/gerardmerinfo\/2018\/04\/rencontre-poete-richard-rognet\/#primaryimage","url":"https:\/\/vosgesinfo.fr\/app\/uploads\/sites\/6\/2024\/07\/201804richard-rognet.jpg","contentUrl":"https:\/\/vosgesinfo.fr\/app\/uploads\/sites\/6\/2024\/07\/201804richard-rognet.jpg","width":566,"height":800},{"@type":"BreadcrumbList","@id":"https:\/\/vosgesinfo.fr\/gerardmerinfo\/2018\/04\/rencontre-poete-richard-rognet\/#breadcrumb","itemListElement":[{"@type":"ListItem","position":1,"name":"Home","item":"https:\/\/vosgesinfo.fr\/gerardmerinfo\/"},{"@type":"ListItem","position":2,"name":"Rencontre avec le po\u00e8te Richard Rognet"}]},{"@type":"WebSite","@id":"https:\/\/vosgesinfo.fr\/gerardmerinfo\/#website","url":"https:\/\/vosgesinfo.fr\/gerardmerinfo\/","name":"Gerardmer Info","description":"Toute l&#039;actualit\u00e9 de G\u00e9rardmer","publisher":{"@id":"https:\/\/vosgesinfo.fr\/gerardmerinfo\/#organization"},"alternateName":"Toute l'actualit\u00e9 de G\u00e9rardmer","potentialAction":[{"@type":"SearchAction","target":{"@type":"EntryPoint","urlTemplate":"https:\/\/vosgesinfo.fr\/gerardmerinfo\/?s={search_term_string}"},"query-input":"required name=search_term_string"}],"inLanguage":"fr-FR"},{"@type":"Organization","@id":"https:\/\/vosgesinfo.fr\/gerardmerinfo\/#organization","name":"Gerardmer Info","url":"https:\/\/vosgesinfo.fr\/gerardmerinfo\/","logo":{"@type":"ImageObject","inLanguage":"fr-FR","@id":"https:\/\/vosgesinfo.fr\/gerardmerinfo\/#\/schema\/logo\/image\/","url":"https:\/\/vosgesinfo.fr\/app\/uploads\/sites\/6\/2023\/08\/favicon-gerardmerinfo.png","contentUrl":"https:\/\/vosgesinfo.fr\/app\/uploads\/sites\/6\/2023\/08\/favicon-gerardmerinfo.png","width":512,"height":512,"caption":"Gerardmer Info"},"image":{"@id":"https:\/\/vosgesinfo.fr\/gerardmerinfo\/#\/schema\/logo\/image\/"},"sameAs":["https:\/\/www.facebook.com\/profile.php?id=100049475262660","https:\/\/x.com\/VosgesInfo88","https:\/\/www.youtube.com\/@vosgesinfo"]},{"@type":"Person","@id":"https:\/\/vosgesinfo.fr\/gerardmerinfo\/#\/schema\/person\/bc5d02d71e6932e81b6dadb7386667b1","name":"qs_admin","image":{"@type":"ImageObject","inLanguage":"fr-FR","@id":"https:\/\/vosgesinfo.fr\/gerardmerinfo\/#\/schema\/person\/image\/","url":"https:\/\/secure.gravatar.com\/avatar\/94b18ee0ed79e4a42ea2f2931277b6841a8999fc6fde214600c78057cf1fe1de?s=96&d=mm&r=g","contentUrl":"https:\/\/secure.gravatar.com\/avatar\/94b18ee0ed79e4a42ea2f2931277b6841a8999fc6fde214600c78057cf1fe1de?s=96&d=mm&r=g","caption":"qs_admin"},"sameAs":["https:\/\/vosgesinfo.fr\/wp"],"url":"https:\/\/vosgesinfo.fr\/gerardmerinfo\/author\/qs_admin\/"}]}},"_links":{"self":[{"href":"https:\/\/vosgesinfo.fr\/gerardmerinfo\/wp-json\/wp\/v2\/posts\/33375","targetHints":{"allow":["GET"]}}],"collection":[{"href":"https:\/\/vosgesinfo.fr\/gerardmerinfo\/wp-json\/wp\/v2\/posts"}],"about":[{"href":"https:\/\/vosgesinfo.fr\/gerardmerinfo\/wp-json\/wp\/v2\/types\/post"}],"author":[{"embeddable":true,"href":"https:\/\/vosgesinfo.fr\/gerardmerinfo\/wp-json\/wp\/v2\/users\/1"}],"replies":[{"embeddable":true,"href":"https:\/\/vosgesinfo.fr\/gerardmerinfo\/wp-json\/wp\/v2\/comments?post=33375"}],"version-history":[{"count":0,"href":"https:\/\/vosgesinfo.fr\/gerardmerinfo\/wp-json\/wp\/v2\/posts\/33375\/revisions"}],"wp:featuredmedia":[{"embeddable":true,"href":"https:\/\/vosgesinfo.fr\/gerardmerinfo\/wp-json\/wp\/v2\/media\/33376"}],"wp:attachment":[{"href":"https:\/\/vosgesinfo.fr\/gerardmerinfo\/wp-json\/wp\/v2\/media?parent=33375"}],"wp:term":[{"taxonomy":"category","embeddable":true,"href":"https:\/\/vosgesinfo.fr\/gerardmerinfo\/wp-json\/wp\/v2\/categories?post=33375"},{"taxonomy":"post_tag","embeddable":true,"href":"https:\/\/vosgesinfo.fr\/gerardmerinfo\/wp-json\/wp\/v2\/tags?post=33375"}],"curies":[{"name":"wp","href":"https:\/\/api.w.org\/{rel}","templated":true}]}}