{"id":33379,"date":"2018-04-16T15:53:36","date_gmt":"2018-04-16T13:53:36","guid":{"rendered":"https:\/\/vosgesinfo.fr\/gerardmerinfo\/2018\/04\/canoe-kayak-louis-lapointe-sommet\/"},"modified":"2018-04-16T15:53:36","modified_gmt":"2018-04-16T13:53:36","slug":"canoe-kayak-louis-lapointe-sommet","status":"publish","type":"post","link":"https:\/\/vosgesinfo.fr\/gerardmerinfo\/2018\/04\/canoe-kayak-louis-lapointe-sommet\/","title":{"rendered":"Cano\u00eb-Kayak &#8211; Louis Lapointe au sommet"},"content":{"rendered":"<div>\n<div>\n<p><a href=\"\/2018\/04\/Sarrebourg18.jpg\"><img decoding=\"async\" class=\"aligncenter size-full wp-image-126011\" src=\"\/2018\/04\/Sarrebourg18.jpg\" alt=\"Sarrebourg18\" width=\"800\" height=\"600\" \/><\/a><\/p>\n<div><span style=\"font-family: Arial; font-size: small;\"><strong>\u00a0<\/strong><\/span><\/div>\n<div><\/div>\n<div><\/div>\n<h3><span style=\"font-family: Arial; font-size: small;\">Quatre jours\u00a0et autant de\u00a0courses (2 sprints et 2 classiques)\u00a0\u00e9taient au menu des 5 athl\u00e8tes g\u00e9r\u00f4mois\u00a0qualifi\u00e9s pour les s\u00e9lections Equipe de France de descente qui se d\u00e9roulaient de mardi \u00e0 vendredi sur la Noguera Pallaresa en Espagne.<\/span><\/h3>\n<div><\/div>\n<div><span style=\"font-family: Arial; font-size: small;\">Sur une rivi\u00e8re \u00e0 fort d\u00e9bit avec la fonte des neiges Pyr\u00e9n\u00e9ennes\u00a0et la pluie quotidienne, Louis Lapointe a domin\u00e9 les d\u00e9bats en C1 avec 3 victoires et une 2\u00e8me place, ainsi qu&rsquo;en C2 avec son \u00e9quipier Tony Debray (de Pont R\u00e9an), confirmant ainsi sa domination de d\u00e9but de saison sur les \u00e9preuves nationales. Il participera donc au Championnat du Monde\u00a0d\u00e9but juin \u00e0 Muothatal en Suisse et aux manches de Coupe du Monde \u00e0 Banja Luka (Bosnie) et Celje (Slov\u00e9nie) dans les 2 embarcations.<\/span><\/div>\n<div><span style=\"font-family: Arial; font-size: small;\">Claire Haab en C1\u00a0a remport\u00e9 le 2\u00e8me sprint, mais en se classant 2, 3 et 4 des autres courses, elle se classe 3\u00e8me au g\u00e9n\u00e9ral. Elle devra attendre mercredi et\u00a0la publication officielle des s\u00e9lections apr\u00e8s validation du DTN, mais elle est en ballottage favorable pour au moins les manches de Coupe du Monde.<\/span><\/div>\n<div><span style=\"font-family: Arial; font-size: small;\">Paul Roos en C1\u00a0n&rsquo;aura pas r\u00e9ussi \u00e0 hausser son niveau pour accrocher les places qualificatives en finissant 11\u00e8me au g\u00e9n\u00e9ral.<\/span><\/div>\n<div><span style=\"font-family: Arial; font-size: small;\">Pour les 2 jeunes qui visaient l&rsquo;\u00e9quipe U23 en K1, Mathilde Valdenaire\u00a0a manqu\u00e9 la finale A d\u00e8s le premier sprint se classant au final 12\u00e8me et Yves Wehmer manquait de pratique de grosse eau vive puisqu&rsquo;il vise les s\u00e9lections de course en ligne, il se classe 13\u00e8me.<\/span><\/div>\n<div><\/div>\n<div><\/div>\n<div><span style=\"font-family: Arial; font-size: small;\">L&rsquo;AS G\u00e9rardmer Cano\u00eb-Kayak \u00e9tait aussi ce week-end \u00e0 Sarrebourg pour un s\u00e9lectif r\u00e9gional (photo), un bon r\u00e9sultat d&rsquo;ensemble sur les 2 \u00e9preuves (Sprint et Classique).<\/span><\/div>\n<div><\/div>\n<div><span style=\"font-family: Arial; font-size: small;\">Les r\u00e9sultats des g\u00e9romois:<\/span><\/div>\n<div><span style=\"font-family: Arial; font-size: small;\"><u>Classique:<\/u><\/span><\/div>\n<div><span style=\"font-family: Arial; font-size: small;\"><em>K1 minime H:\u00a0 7. Augustin Schupp<\/em><\/span><\/div>\n<div><span style=\"font-family: Arial; font-size: small;\"><em>K1 minime D:\u00a0 1. Am\u00e9lie Nicot<\/em><\/span><\/div>\n<div><span style=\"font-family: Arial; font-size: small;\"><em>K1 cadette:\u00a0\u00a0\u00a0\u00a0 1. Coline Husson<\/em><\/span><\/div>\n<div><span style=\"font-family: Arial; font-size: small;\"><em>\u00a0\u00a0\u00a0\u00a0\u00a0\u00a0\u00a0\u00a0\u00a0\u00a0\u00a0\u00a0\u00a0\u00a0\u00a0\u00a0\u00a0\u00a0\u00a0\u00a0\u00a0 2. Elise Nicot<\/em><\/span><\/div>\n<div><span style=\"font-family: Arial; font-size: small;\"><em>\u00a0\u00a0\u00a0\u00a0\u00a0\u00a0\u00a0\u00a0\u00a0\u00a0\u00a0\u00a0\u00a0\u00a0\u00a0\u00a0\u00a0\u00a0\u00a0\u00a0\u00a0 5. Pauline Del Degan<\/em><\/span><\/div>\n<div><span style=\"font-family: Arial; font-size: small;\"><em>K1 juniore:\u00a0\u00a0\u00a0\u00a0\u00a0\u00a0 1. Cl\u00e9mentine Gegout<\/em><\/span><\/div>\n<div><span style=\"font-family: Arial; font-size: small;\"><em>C1\u00a0s\u00e9nior:\u00a0\u00a0\u00a0\u00a0\u00a0\u00a0 2. Matthieu Becker<\/em><\/span><\/div>\n<div><span style=\"font-family: Arial; font-size: small;\"><em>K1 s\u00e9nior:\u00a0\u00a0\u00a0\u00a0\u00a0\u00a0 5. Christophe Poulain<\/em><\/span><\/div>\n<div><span style=\"font-family: Arial; font-size: small;\"><em>K1\u00a0v\u00e9t\u00e9ran:\u00a0\u00a0\u00a0 \u00a02. Jacques Thomas<\/em><\/span><\/div>\n<div><span style=\"font-family: Arial; font-size: small;\"><em>K1 v\u00e9t\u00e9rane\u00a0:\u00a0 1. Maryline Giroux<\/em><\/span><\/div>\n<div><\/div>\n<div><span style=\"font-family: Arial; font-size: small;\"><u>Sprint:<\/u><\/span><\/div>\n<div>\n<div><span style=\"font-family: Arial; font-size: small;\"><em>K1 minime H:\u00a0 7. Augustin Schupp<\/em><\/span><\/div>\n<div><span style=\"font-family: Arial; font-size: small;\"><em>K1 minime D:\u00a0 1. Am\u00e9lie Nicot<\/em><\/span><\/div>\n<div><span style=\"font-family: Arial; font-size: small;\"><em>K1 cadette:\u00a0\u00a0\u00a0\u00a0 1. Coline Husson<\/em><\/span><\/div>\n<div><span style=\"font-family: Arial; font-size: small;\"><em>\u00a0\u00a0\u00a0\u00a0\u00a0\u00a0\u00a0\u00a0\u00a0\u00a0\u00a0\u00a0\u00a0\u00a0\u00a0\u00a0\u00a0\u00a0\u00a0\u00a0\u00a0 2. Elise Nicot<\/em><\/span><\/div>\n<div><span style=\"font-family: Arial; font-size: small;\"><em>\u00a0\u00a0\u00a0\u00a0\u00a0\u00a0\u00a0\u00a0\u00a0\u00a0\u00a0\u00a0\u00a0\u00a0\u00a0\u00a0\u00a0\u00a0\u00a0\u00a0\u00a0 4. Pauline Del Degan<\/em><\/span><\/div>\n<div><span style=\"font-family: Arial; font-size: small;\"><em>K1 juniore:\u00a0\u00a0\u00a0\u00a0\u00a0\u00a0 2. Cl\u00e9mentine Gegout<\/em><\/span><\/div>\n<div><em><span style=\"font-family: Arial; font-size: small;\">C1 dame:\u00a0\u00a0\u00a0\u00a0\u00a0\u00a0\u00a0\u00a01. Coline Husson<\/span><\/em><\/div>\n<div><span style=\"font-family: Arial; font-size: small;\"><em>C1\u00a0s\u00e9nior:\u00a0\u00a0\u00a0\u00a0\u00a0\u00a0 1. Matthieu Becker<\/em><\/span><\/div>\n<div><span style=\"font-family: Arial; font-size: small;\"><em>K1 s\u00e9nior:\u00a0\u00a0\u00a0\u00a0\u00a0\u00a0 3. Christophe Poulain<\/em><\/span><\/div>\n<div><span style=\"font-family: Arial; font-size: small;\"><em>K1\u00a0v\u00e9t\u00e9ran:\u00a0\u00a0\u00a0\u00a0\u00a03. Jacques Thomas<\/em><\/span><\/div>\n<div><span style=\"font-family: Arial; font-size: small;\"><em>K1 v\u00e9t\u00e9rane\u00a0:\u00a0 1. Maryline Giroux<\/em><\/span><\/div>\n<\/div>\n<div><\/div>\n<div><span style=\"font-family: Arial; font-size: small;\">E.V.<\/span><\/div>\n<\/div>\n<\/div>\n","protected":false},"excerpt":{"rendered":"<p>\u00a0 Quatre jours\u00a0et autant de\u00a0courses (2 sprints et 2 classiques)\u00a0\u00e9taient au menu des 5 athl\u00e8tes g\u00e9r\u00f4mois\u00a0qualifi\u00e9s pour les s\u00e9lections Equipe [&hellip;]<\/p>\n","protected":false},"author":1,"featured_media":33380,"comment_status":"open","ping_status":"open","sticky":false,"template":"","format":"standard","meta":{"footnotes":""},"categories":[20,14],"tags":[249],"class_list":["post-33379","post","type-post","status-publish","format-standard","has-post-thumbnail","hentry","category-a-la-une","category-sport","tag-asg-canoe-kayak"],"acf":[],"yoast_head":"<!-- This site is optimized with the Yoast SEO plugin v22.5 - https:\/\/yoast.com\/wordpress\/plugins\/seo\/ -->\n<title>Cano\u00eb-Kayak - Louis Lapointe au sommet - Gerardmer Info<\/title>\n<meta name=\"robots\" content=\"index, follow, max-snippet:-1, max-image-preview:large, max-video-preview:-1\" \/>\n<link rel=\"canonical\" href=\"https:\/\/vosgesinfo.fr\/gerardmerinfo\/2018\/04\/canoe-kayak-louis-lapointe-sommet\/\" \/>\n<meta name=\"twitter:card\" content=\"summary_large_image\" \/>\n<meta name=\"twitter:title\" content=\"Cano\u00eb-Kayak - Louis Lapointe au sommet - Gerardmer Info\" \/>\n<meta name=\"twitter:description\" content=\"\u00a0 Quatre jours\u00a0et autant de\u00a0courses (2 sprints et 2 classiques)\u00a0\u00e9taient au menu des 5 athl\u00e8tes g\u00e9r\u00f4mois\u00a0qualifi\u00e9s pour les s\u00e9lections Equipe [&hellip;]\" \/>\n<meta name=\"twitter:image\" content=\"https:\/\/vosgesinfo.fr\/app\/uploads\/sites\/6\/2024\/07\/201804sarrebourg18.jpg\" \/>\n<meta name=\"twitter:creator\" content=\"@VosgesInfo88\" \/>\n<meta name=\"twitter:site\" content=\"@VosgesInfo88\" \/>\n<meta name=\"twitter:label1\" content=\"\u00c9crit par\" \/>\n\t<meta name=\"twitter:data1\" content=\"qs_admin\" \/>\n\t<meta name=\"twitter:label2\" content=\"Dur\u00e9e de lecture estim\u00e9e\" \/>\n\t<meta name=\"twitter:data2\" content=\"2 minutes\" \/>\n<script type=\"application\/ld+json\" class=\"yoast-schema-graph\">{\"@context\":\"https:\/\/schema.org\",\"@graph\":[{\"@type\":\"Article\",\"@id\":\"https:\/\/vosgesinfo.fr\/gerardmerinfo\/2018\/04\/canoe-kayak-louis-lapointe-sommet\/#article\",\"isPartOf\":{\"@id\":\"https:\/\/vosgesinfo.fr\/gerardmerinfo\/2018\/04\/canoe-kayak-louis-lapointe-sommet\/\"},\"author\":{\"name\":\"qs_admin\",\"@id\":\"https:\/\/vosgesinfo.fr\/gerardmerinfo\/#\/schema\/person\/bc5d02d71e6932e81b6dadb7386667b1\"},\"headline\":\"Cano\u00eb-Kayak &#8211; Louis Lapointe au sommet\",\"datePublished\":\"2018-04-16T13:53:36+00:00\",\"dateModified\":\"2018-04-16T13:53:36+00:00\",\"mainEntityOfPage\":{\"@id\":\"https:\/\/vosgesinfo.fr\/gerardmerinfo\/2018\/04\/canoe-kayak-louis-lapointe-sommet\/\"},\"wordCount\":408,\"commentCount\":0,\"publisher\":{\"@id\":\"https:\/\/vosgesinfo.fr\/gerardmerinfo\/#organization\"},\"image\":{\"@id\":\"https:\/\/vosgesinfo.fr\/gerardmerinfo\/2018\/04\/canoe-kayak-louis-lapointe-sommet\/#primaryimage\"},\"thumbnailUrl\":\"https:\/\/vosgesinfo.fr\/app\/uploads\/sites\/6\/2024\/07\/201804sarrebourg18.jpg\",\"keywords\":[\"asg canoe kayak\"],\"articleSection\":[\"A la une\",\"Sport\"],\"inLanguage\":\"fr-FR\",\"potentialAction\":[{\"@type\":\"CommentAction\",\"name\":\"Comment\",\"target\":[\"https:\/\/vosgesinfo.fr\/gerardmerinfo\/2018\/04\/canoe-kayak-louis-lapointe-sommet\/#respond\"]}]},{\"@type\":\"WebPage\",\"@id\":\"https:\/\/vosgesinfo.fr\/gerardmerinfo\/2018\/04\/canoe-kayak-louis-lapointe-sommet\/\",\"url\":\"https:\/\/vosgesinfo.fr\/gerardmerinfo\/2018\/04\/canoe-kayak-louis-lapointe-sommet\/\",\"name\":\"Cano\u00eb-Kayak - Louis Lapointe au sommet - Gerardmer Info\",\"isPartOf\":{\"@id\":\"https:\/\/vosgesinfo.fr\/gerardmerinfo\/#website\"},\"primaryImageOfPage\":{\"@id\":\"https:\/\/vosgesinfo.fr\/gerardmerinfo\/2018\/04\/canoe-kayak-louis-lapointe-sommet\/#primaryimage\"},\"image\":{\"@id\":\"https:\/\/vosgesinfo.fr\/gerardmerinfo\/2018\/04\/canoe-kayak-louis-lapointe-sommet\/#primaryimage\"},\"thumbnailUrl\":\"https:\/\/vosgesinfo.fr\/app\/uploads\/sites\/6\/2024\/07\/201804sarrebourg18.jpg\",\"datePublished\":\"2018-04-16T13:53:36+00:00\",\"dateModified\":\"2018-04-16T13:53:36+00:00\",\"breadcrumb\":{\"@id\":\"https:\/\/vosgesinfo.fr\/gerardmerinfo\/2018\/04\/canoe-kayak-louis-lapointe-sommet\/#breadcrumb\"},\"inLanguage\":\"fr-FR\",\"potentialAction\":[{\"@type\":\"ReadAction\",\"target\":[\"https:\/\/vosgesinfo.fr\/gerardmerinfo\/2018\/04\/canoe-kayak-louis-lapointe-sommet\/\"]}]},{\"@type\":\"ImageObject\",\"inLanguage\":\"fr-FR\",\"@id\":\"https:\/\/vosgesinfo.fr\/gerardmerinfo\/2018\/04\/canoe-kayak-louis-lapointe-sommet\/#primaryimage\",\"url\":\"https:\/\/vosgesinfo.fr\/app\/uploads\/sites\/6\/2024\/07\/201804sarrebourg18.jpg\",\"contentUrl\":\"https:\/\/vosgesinfo.fr\/app\/uploads\/sites\/6\/2024\/07\/201804sarrebourg18.jpg\",\"width\":800,\"height\":600},{\"@type\":\"BreadcrumbList\",\"@id\":\"https:\/\/vosgesinfo.fr\/gerardmerinfo\/2018\/04\/canoe-kayak-louis-lapointe-sommet\/#breadcrumb\",\"itemListElement\":[{\"@type\":\"ListItem\",\"position\":1,\"name\":\"Home\",\"item\":\"https:\/\/vosgesinfo.fr\/gerardmerinfo\/\"},{\"@type\":\"ListItem\",\"position\":2,\"name\":\"Cano\u00eb-Kayak &#8211; Louis Lapointe au sommet\"}]},{\"@type\":\"WebSite\",\"@id\":\"https:\/\/vosgesinfo.fr\/gerardmerinfo\/#website\",\"url\":\"https:\/\/vosgesinfo.fr\/gerardmerinfo\/\",\"name\":\"Gerardmer Info\",\"description\":\"Toute l&#039;actualit\u00e9 de G\u00e9rardmer\",\"publisher\":{\"@id\":\"https:\/\/vosgesinfo.fr\/gerardmerinfo\/#organization\"},\"alternateName\":\"Toute l'actualit\u00e9 de G\u00e9rardmer\",\"potentialAction\":[{\"@type\":\"SearchAction\",\"target\":{\"@type\":\"EntryPoint\",\"urlTemplate\":\"https:\/\/vosgesinfo.fr\/gerardmerinfo\/?s={search_term_string}\"},\"query-input\":\"required name=search_term_string\"}],\"inLanguage\":\"fr-FR\"},{\"@type\":\"Organization\",\"@id\":\"https:\/\/vosgesinfo.fr\/gerardmerinfo\/#organization\",\"name\":\"Gerardmer Info\",\"url\":\"https:\/\/vosgesinfo.fr\/gerardmerinfo\/\",\"logo\":{\"@type\":\"ImageObject\",\"inLanguage\":\"fr-FR\",\"@id\":\"https:\/\/vosgesinfo.fr\/gerardmerinfo\/#\/schema\/logo\/image\/\",\"url\":\"https:\/\/vosgesinfo.fr\/app\/uploads\/sites\/6\/2023\/08\/favicon-gerardmerinfo.png\",\"contentUrl\":\"https:\/\/vosgesinfo.fr\/app\/uploads\/sites\/6\/2023\/08\/favicon-gerardmerinfo.png\",\"width\":512,\"height\":512,\"caption\":\"Gerardmer Info\"},\"image\":{\"@id\":\"https:\/\/vosgesinfo.fr\/gerardmerinfo\/#\/schema\/logo\/image\/\"},\"sameAs\":[\"https:\/\/www.facebook.com\/profile.php?id=100049475262660\",\"https:\/\/x.com\/VosgesInfo88\",\"https:\/\/www.youtube.com\/@vosgesinfo\"]},{\"@type\":\"Person\",\"@id\":\"https:\/\/vosgesinfo.fr\/gerardmerinfo\/#\/schema\/person\/bc5d02d71e6932e81b6dadb7386667b1\",\"name\":\"qs_admin\",\"image\":{\"@type\":\"ImageObject\",\"inLanguage\":\"fr-FR\",\"@id\":\"https:\/\/vosgesinfo.fr\/gerardmerinfo\/#\/schema\/person\/image\/\",\"url\":\"https:\/\/secure.gravatar.com\/avatar\/94b18ee0ed79e4a42ea2f2931277b6841a8999fc6fde214600c78057cf1fe1de?s=96&d=mm&r=g\",\"contentUrl\":\"https:\/\/secure.gravatar.com\/avatar\/94b18ee0ed79e4a42ea2f2931277b6841a8999fc6fde214600c78057cf1fe1de?s=96&d=mm&r=g\",\"caption\":\"qs_admin\"},\"sameAs\":[\"https:\/\/vosgesinfo.fr\/wp\"],\"url\":\"https:\/\/vosgesinfo.fr\/gerardmerinfo\/author\/qs_admin\/\"}]}<\/script>\n<!-- \/ Yoast SEO plugin. -->","yoast_head_json":{"title":"Cano\u00eb-Kayak - Louis Lapointe au sommet - Gerardmer Info","robots":{"index":"index","follow":"follow","max-snippet":"max-snippet:-1","max-image-preview":"max-image-preview:large","max-video-preview":"max-video-preview:-1"},"canonical":"https:\/\/vosgesinfo.fr\/gerardmerinfo\/2018\/04\/canoe-kayak-louis-lapointe-sommet\/","twitter_card":"summary_large_image","twitter_title":"Cano\u00eb-Kayak - Louis Lapointe au sommet - Gerardmer Info","twitter_description":"\u00a0 Quatre jours\u00a0et autant de\u00a0courses (2 sprints et 2 classiques)\u00a0\u00e9taient au menu des 5 athl\u00e8tes g\u00e9r\u00f4mois\u00a0qualifi\u00e9s pour les s\u00e9lections Equipe [&hellip;]","twitter_image":"https:\/\/vosgesinfo.fr\/app\/uploads\/sites\/6\/2024\/07\/201804sarrebourg18.jpg","twitter_creator":"@VosgesInfo88","twitter_site":"@VosgesInfo88","twitter_misc":{"\u00c9crit par":"qs_admin","Dur\u00e9e de lecture estim\u00e9e":"2 minutes"},"schema":{"@context":"https:\/\/schema.org","@graph":[{"@type":"Article","@id":"https:\/\/vosgesinfo.fr\/gerardmerinfo\/2018\/04\/canoe-kayak-louis-lapointe-sommet\/#article","isPartOf":{"@id":"https:\/\/vosgesinfo.fr\/gerardmerinfo\/2018\/04\/canoe-kayak-louis-lapointe-sommet\/"},"author":{"name":"qs_admin","@id":"https:\/\/vosgesinfo.fr\/gerardmerinfo\/#\/schema\/person\/bc5d02d71e6932e81b6dadb7386667b1"},"headline":"Cano\u00eb-Kayak &#8211; Louis Lapointe au sommet","datePublished":"2018-04-16T13:53:36+00:00","dateModified":"2018-04-16T13:53:36+00:00","mainEntityOfPage":{"@id":"https:\/\/vosgesinfo.fr\/gerardmerinfo\/2018\/04\/canoe-kayak-louis-lapointe-sommet\/"},"wordCount":408,"commentCount":0,"publisher":{"@id":"https:\/\/vosgesinfo.fr\/gerardmerinfo\/#organization"},"image":{"@id":"https:\/\/vosgesinfo.fr\/gerardmerinfo\/2018\/04\/canoe-kayak-louis-lapointe-sommet\/#primaryimage"},"thumbnailUrl":"https:\/\/vosgesinfo.fr\/app\/uploads\/sites\/6\/2024\/07\/201804sarrebourg18.jpg","keywords":["asg canoe kayak"],"articleSection":["A la une","Sport"],"inLanguage":"fr-FR","potentialAction":[{"@type":"CommentAction","name":"Comment","target":["https:\/\/vosgesinfo.fr\/gerardmerinfo\/2018\/04\/canoe-kayak-louis-lapointe-sommet\/#respond"]}]},{"@type":"WebPage","@id":"https:\/\/vosgesinfo.fr\/gerardmerinfo\/2018\/04\/canoe-kayak-louis-lapointe-sommet\/","url":"https:\/\/vosgesinfo.fr\/gerardmerinfo\/2018\/04\/canoe-kayak-louis-lapointe-sommet\/","name":"Cano\u00eb-Kayak - Louis Lapointe au sommet - Gerardmer Info","isPartOf":{"@id":"https:\/\/vosgesinfo.fr\/gerardmerinfo\/#website"},"primaryImageOfPage":{"@id":"https:\/\/vosgesinfo.fr\/gerardmerinfo\/2018\/04\/canoe-kayak-louis-lapointe-sommet\/#primaryimage"},"image":{"@id":"https:\/\/vosgesinfo.fr\/gerardmerinfo\/2018\/04\/canoe-kayak-louis-lapointe-sommet\/#primaryimage"},"thumbnailUrl":"https:\/\/vosgesinfo.fr\/app\/uploads\/sites\/6\/2024\/07\/201804sarrebourg18.jpg","datePublished":"2018-04-16T13:53:36+00:00","dateModified":"2018-04-16T13:53:36+00:00","breadcrumb":{"@id":"https:\/\/vosgesinfo.fr\/gerardmerinfo\/2018\/04\/canoe-kayak-louis-lapointe-sommet\/#breadcrumb"},"inLanguage":"fr-FR","potentialAction":[{"@type":"ReadAction","target":["https:\/\/vosgesinfo.fr\/gerardmerinfo\/2018\/04\/canoe-kayak-louis-lapointe-sommet\/"]}]},{"@type":"ImageObject","inLanguage":"fr-FR","@id":"https:\/\/vosgesinfo.fr\/gerardmerinfo\/2018\/04\/canoe-kayak-louis-lapointe-sommet\/#primaryimage","url":"https:\/\/vosgesinfo.fr\/app\/uploads\/sites\/6\/2024\/07\/201804sarrebourg18.jpg","contentUrl":"https:\/\/vosgesinfo.fr\/app\/uploads\/sites\/6\/2024\/07\/201804sarrebourg18.jpg","width":800,"height":600},{"@type":"BreadcrumbList","@id":"https:\/\/vosgesinfo.fr\/gerardmerinfo\/2018\/04\/canoe-kayak-louis-lapointe-sommet\/#breadcrumb","itemListElement":[{"@type":"ListItem","position":1,"name":"Home","item":"https:\/\/vosgesinfo.fr\/gerardmerinfo\/"},{"@type":"ListItem","position":2,"name":"Cano\u00eb-Kayak &#8211; Louis Lapointe au sommet"}]},{"@type":"WebSite","@id":"https:\/\/vosgesinfo.fr\/gerardmerinfo\/#website","url":"https:\/\/vosgesinfo.fr\/gerardmerinfo\/","name":"Gerardmer Info","description":"Toute l&#039;actualit\u00e9 de G\u00e9rardmer","publisher":{"@id":"https:\/\/vosgesinfo.fr\/gerardmerinfo\/#organization"},"alternateName":"Toute l'actualit\u00e9 de G\u00e9rardmer","potentialAction":[{"@type":"SearchAction","target":{"@type":"EntryPoint","urlTemplate":"https:\/\/vosgesinfo.fr\/gerardmerinfo\/?s={search_term_string}"},"query-input":"required name=search_term_string"}],"inLanguage":"fr-FR"},{"@type":"Organization","@id":"https:\/\/vosgesinfo.fr\/gerardmerinfo\/#organization","name":"Gerardmer Info","url":"https:\/\/vosgesinfo.fr\/gerardmerinfo\/","logo":{"@type":"ImageObject","inLanguage":"fr-FR","@id":"https:\/\/vosgesinfo.fr\/gerardmerinfo\/#\/schema\/logo\/image\/","url":"https:\/\/vosgesinfo.fr\/app\/uploads\/sites\/6\/2023\/08\/favicon-gerardmerinfo.png","contentUrl":"https:\/\/vosgesinfo.fr\/app\/uploads\/sites\/6\/2023\/08\/favicon-gerardmerinfo.png","width":512,"height":512,"caption":"Gerardmer Info"},"image":{"@id":"https:\/\/vosgesinfo.fr\/gerardmerinfo\/#\/schema\/logo\/image\/"},"sameAs":["https:\/\/www.facebook.com\/profile.php?id=100049475262660","https:\/\/x.com\/VosgesInfo88","https:\/\/www.youtube.com\/@vosgesinfo"]},{"@type":"Person","@id":"https:\/\/vosgesinfo.fr\/gerardmerinfo\/#\/schema\/person\/bc5d02d71e6932e81b6dadb7386667b1","name":"qs_admin","image":{"@type":"ImageObject","inLanguage":"fr-FR","@id":"https:\/\/vosgesinfo.fr\/gerardmerinfo\/#\/schema\/person\/image\/","url":"https:\/\/secure.gravatar.com\/avatar\/94b18ee0ed79e4a42ea2f2931277b6841a8999fc6fde214600c78057cf1fe1de?s=96&d=mm&r=g","contentUrl":"https:\/\/secure.gravatar.com\/avatar\/94b18ee0ed79e4a42ea2f2931277b6841a8999fc6fde214600c78057cf1fe1de?s=96&d=mm&r=g","caption":"qs_admin"},"sameAs":["https:\/\/vosgesinfo.fr\/wp"],"url":"https:\/\/vosgesinfo.fr\/gerardmerinfo\/author\/qs_admin\/"}]}},"_links":{"self":[{"href":"https:\/\/vosgesinfo.fr\/gerardmerinfo\/wp-json\/wp\/v2\/posts\/33379","targetHints":{"allow":["GET"]}}],"collection":[{"href":"https:\/\/vosgesinfo.fr\/gerardmerinfo\/wp-json\/wp\/v2\/posts"}],"about":[{"href":"https:\/\/vosgesinfo.fr\/gerardmerinfo\/wp-json\/wp\/v2\/types\/post"}],"author":[{"embeddable":true,"href":"https:\/\/vosgesinfo.fr\/gerardmerinfo\/wp-json\/wp\/v2\/users\/1"}],"replies":[{"embeddable":true,"href":"https:\/\/vosgesinfo.fr\/gerardmerinfo\/wp-json\/wp\/v2\/comments?post=33379"}],"version-history":[{"count":0,"href":"https:\/\/vosgesinfo.fr\/gerardmerinfo\/wp-json\/wp\/v2\/posts\/33379\/revisions"}],"wp:featuredmedia":[{"embeddable":true,"href":"https:\/\/vosgesinfo.fr\/gerardmerinfo\/wp-json\/wp\/v2\/media\/33380"}],"wp:attachment":[{"href":"https:\/\/vosgesinfo.fr\/gerardmerinfo\/wp-json\/wp\/v2\/media?parent=33379"}],"wp:term":[{"taxonomy":"category","embeddable":true,"href":"https:\/\/vosgesinfo.fr\/gerardmerinfo\/wp-json\/wp\/v2\/categories?post=33379"},{"taxonomy":"post_tag","embeddable":true,"href":"https:\/\/vosgesinfo.fr\/gerardmerinfo\/wp-json\/wp\/v2\/tags?post=33379"}],"curies":[{"name":"wp","href":"https:\/\/api.w.org\/{rel}","templated":true}]}}