{"id":33387,"date":"2018-04-16T08:08:13","date_gmt":"2018-04-16T06:08:13","guid":{"rendered":"https:\/\/vosgesinfo.fr\/gerardmerinfo\/2018\/04\/gerardmer-gardien-de-but-victime-dune-incapacite-totale-de-travail-de-45-jours\/"},"modified":"2018-04-16T08:08:13","modified_gmt":"2018-04-16T06:08:13","slug":"gerardmer-gardien-de-but-victime-dune-incapacite-totale-de-travail-de-45-jours","status":"publish","type":"post","link":"https:\/\/vosgesinfo.fr\/gerardmerinfo\/2018\/04\/gerardmer-gardien-de-but-victime-dune-incapacite-totale-de-travail-de-45-jours\/","title":{"rendered":"G\u00e9rardmer \u2013 Un gardien de but victime d\u2019une incapacit\u00e9 totale de travail de 45 jours !"},"content":{"rendered":"<div id=\"attachment_126029\" style=\"width: 160px\" class=\"wp-caption alignright\"><a href=\"http:\/\/remiremontinfo.fr\/2018\/04\/gerardmer-gardien-de-but-victime-dune-incapacite-totale-de-travail-de-45-jours\/foot-but-400x255\/\" rel=\"attachment wp-att-126029\"><img decoding=\"async\" aria-describedby=\"caption-attachment-126029\" class=\"wp-image-126029 size-thumbnail\" src=\"\/2018\/04\/foot-but-400x255-150x150.jpg\" alt=\"foot-but-400x255\" width=\"150\" height=\"150\" \/><\/a><p id=\"caption-attachment-126029\" class=\"wp-caption-text\">Illustration<\/p><\/div>\n<p>Pour le compte du championnat de R\u00e9gional 4, l\u2019A.S. G\u00e9rardmer recevait le F.C. Saint-Max-Essey, le dimanche\u00a0du 11 mars 2018.<\/p>\n<p>Suite \u00e0 la blessure grave de l\u2019un de ses\u00a0joueurs, la Ligue du Grand Est de Football a \u00e9t\u00e9 saisie par le club de G\u00e9rardmer. Vu la gravit\u00e9 des faits \u00e9voqu\u00e9s dans les diff\u00e9rents rapports et courriers, la commission de discipline a d\u00e9cid\u00e9 de proc\u00e9der \u00e0 un compl\u00e9ment d\u2019enqu\u00eate en convoquant les int\u00e9ress\u00e9s \u00e0 sa r\u00e9union du jeudi 05 avril 2018 \u00e0 19 heures 30 au si\u00e8ge de la Ligue.<\/p>\n<p>&nbsp;<\/p>\n","protected":false},"excerpt":{"rendered":"<p>Pour le compte du championnat de R\u00e9gional 4, l\u2019A.S. G\u00e9rardmer recevait le F.C. Saint-Max-Essey, le dimanche\u00a0du 11 mars 2018. Suite [&hellip;]<\/p>\n","protected":false},"author":1,"featured_media":33388,"comment_status":"open","ping_status":"open","sticky":false,"template":"","format":"standard","meta":{"footnotes":""},"categories":[20,8,14,18],"tags":[],"class_list":["post-33387","post","type-post","status-publish","format-standard","has-post-thumbnail","hentry","category-a-la-une","category-faits-divers","category-sport","category-vosges"],"acf":[],"yoast_head":"<!-- This site is optimized with the Yoast SEO plugin v22.5 - https:\/\/yoast.com\/wordpress\/plugins\/seo\/ -->\n<title>G\u00e9rardmer \u2013 Un gardien de but victime d\u2019une incapacit\u00e9 totale de travail de 45 jours ! - Gerardmer Info<\/title>\n<meta name=\"robots\" content=\"index, follow, max-snippet:-1, max-image-preview:large, max-video-preview:-1\" \/>\n<link rel=\"canonical\" href=\"https:\/\/vosgesinfo.fr\/gerardmerinfo\/2018\/04\/gerardmer-gardien-de-but-victime-dune-incapacite-totale-de-travail-de-45-jours\/\" \/>\n<meta name=\"twitter:card\" content=\"summary_large_image\" \/>\n<meta name=\"twitter:title\" content=\"G\u00e9rardmer \u2013 Un gardien de but victime d\u2019une incapacit\u00e9 totale de travail de 45 jours ! - Gerardmer Info\" \/>\n<meta name=\"twitter:description\" content=\"Pour le compte du championnat de R\u00e9gional 4, l\u2019A.S. G\u00e9rardmer recevait le F.C. Saint-Max-Essey, le dimanche\u00a0du 11 mars 2018. Suite [&hellip;]\" \/>\n<meta name=\"twitter:image\" content=\"https:\/\/vosgesinfo.fr\/app\/uploads\/sites\/6\/2024\/07\/201804foot-but-400x255-1.jpg\" \/>\n<meta name=\"twitter:creator\" content=\"@VosgesInfo88\" \/>\n<meta name=\"twitter:site\" content=\"@VosgesInfo88\" \/>\n<meta name=\"twitter:label1\" content=\"\u00c9crit par\" \/>\n\t<meta name=\"twitter:data1\" content=\"qs_admin\" \/>\n\t<meta name=\"twitter:label2\" content=\"Dur\u00e9e de lecture estim\u00e9e\" \/>\n\t<meta name=\"twitter:data2\" content=\"1 minute\" \/>\n<script type=\"application\/ld+json\" class=\"yoast-schema-graph\">{\"@context\":\"https:\/\/schema.org\",\"@graph\":[{\"@type\":\"Article\",\"@id\":\"https:\/\/vosgesinfo.fr\/gerardmerinfo\/2018\/04\/gerardmer-gardien-de-but-victime-dune-incapacite-totale-de-travail-de-45-jours\/#article\",\"isPartOf\":{\"@id\":\"https:\/\/vosgesinfo.fr\/gerardmerinfo\/2018\/04\/gerardmer-gardien-de-but-victime-dune-incapacite-totale-de-travail-de-45-jours\/\"},\"author\":{\"name\":\"qs_admin\",\"@id\":\"https:\/\/vosgesinfo.fr\/gerardmerinfo\/#\/schema\/person\/bc5d02d71e6932e81b6dadb7386667b1\"},\"headline\":\"G\u00e9rardmer \u2013 Un gardien de but victime d\u2019une incapacit\u00e9 totale de travail de 45 jours !\",\"datePublished\":\"2018-04-16T06:08:13+00:00\",\"dateModified\":\"2018-04-16T06:08:13+00:00\",\"mainEntityOfPage\":{\"@id\":\"https:\/\/vosgesinfo.fr\/gerardmerinfo\/2018\/04\/gerardmer-gardien-de-but-victime-dune-incapacite-totale-de-travail-de-45-jours\/\"},\"wordCount\":121,\"commentCount\":0,\"publisher\":{\"@id\":\"https:\/\/vosgesinfo.fr\/gerardmerinfo\/#organization\"},\"image\":{\"@id\":\"https:\/\/vosgesinfo.fr\/gerardmerinfo\/2018\/04\/gerardmer-gardien-de-but-victime-dune-incapacite-totale-de-travail-de-45-jours\/#primaryimage\"},\"thumbnailUrl\":\"https:\/\/vosgesinfo.fr\/app\/uploads\/sites\/6\/2024\/07\/201804foot-but-400x255-1.jpg\",\"articleSection\":[\"A la une\",\"Faits-divers\",\"Sport\",\"Vosges\"],\"inLanguage\":\"fr-FR\",\"potentialAction\":[{\"@type\":\"CommentAction\",\"name\":\"Comment\",\"target\":[\"https:\/\/vosgesinfo.fr\/gerardmerinfo\/2018\/04\/gerardmer-gardien-de-but-victime-dune-incapacite-totale-de-travail-de-45-jours\/#respond\"]}]},{\"@type\":\"WebPage\",\"@id\":\"https:\/\/vosgesinfo.fr\/gerardmerinfo\/2018\/04\/gerardmer-gardien-de-but-victime-dune-incapacite-totale-de-travail-de-45-jours\/\",\"url\":\"https:\/\/vosgesinfo.fr\/gerardmerinfo\/2018\/04\/gerardmer-gardien-de-but-victime-dune-incapacite-totale-de-travail-de-45-jours\/\",\"name\":\"G\u00e9rardmer \u2013 Un gardien de but victime d\u2019une incapacit\u00e9 totale de travail de 45 jours ! - Gerardmer Info\",\"isPartOf\":{\"@id\":\"https:\/\/vosgesinfo.fr\/gerardmerinfo\/#website\"},\"primaryImageOfPage\":{\"@id\":\"https:\/\/vosgesinfo.fr\/gerardmerinfo\/2018\/04\/gerardmer-gardien-de-but-victime-dune-incapacite-totale-de-travail-de-45-jours\/#primaryimage\"},\"image\":{\"@id\":\"https:\/\/vosgesinfo.fr\/gerardmerinfo\/2018\/04\/gerardmer-gardien-de-but-victime-dune-incapacite-totale-de-travail-de-45-jours\/#primaryimage\"},\"thumbnailUrl\":\"https:\/\/vosgesinfo.fr\/app\/uploads\/sites\/6\/2024\/07\/201804foot-but-400x255-1.jpg\",\"datePublished\":\"2018-04-16T06:08:13+00:00\",\"dateModified\":\"2018-04-16T06:08:13+00:00\",\"breadcrumb\":{\"@id\":\"https:\/\/vosgesinfo.fr\/gerardmerinfo\/2018\/04\/gerardmer-gardien-de-but-victime-dune-incapacite-totale-de-travail-de-45-jours\/#breadcrumb\"},\"inLanguage\":\"fr-FR\",\"potentialAction\":[{\"@type\":\"ReadAction\",\"target\":[\"https:\/\/vosgesinfo.fr\/gerardmerinfo\/2018\/04\/gerardmer-gardien-de-but-victime-dune-incapacite-totale-de-travail-de-45-jours\/\"]}]},{\"@type\":\"ImageObject\",\"inLanguage\":\"fr-FR\",\"@id\":\"https:\/\/vosgesinfo.fr\/gerardmerinfo\/2018\/04\/gerardmer-gardien-de-but-victime-dune-incapacite-totale-de-travail-de-45-jours\/#primaryimage\",\"url\":\"https:\/\/vosgesinfo.fr\/app\/uploads\/sites\/6\/2024\/07\/201804foot-but-400x255-1.jpg\",\"contentUrl\":\"https:\/\/vosgesinfo.fr\/app\/uploads\/sites\/6\/2024\/07\/201804foot-but-400x255-1.jpg\",\"width\":400,\"height\":255},{\"@type\":\"BreadcrumbList\",\"@id\":\"https:\/\/vosgesinfo.fr\/gerardmerinfo\/2018\/04\/gerardmer-gardien-de-but-victime-dune-incapacite-totale-de-travail-de-45-jours\/#breadcrumb\",\"itemListElement\":[{\"@type\":\"ListItem\",\"position\":1,\"name\":\"Home\",\"item\":\"https:\/\/vosgesinfo.fr\/gerardmerinfo\/\"},{\"@type\":\"ListItem\",\"position\":2,\"name\":\"G\u00e9rardmer \u2013 Un gardien de but victime d\u2019une incapacit\u00e9 totale de travail de 45 jours !\"}]},{\"@type\":\"WebSite\",\"@id\":\"https:\/\/vosgesinfo.fr\/gerardmerinfo\/#website\",\"url\":\"https:\/\/vosgesinfo.fr\/gerardmerinfo\/\",\"name\":\"Gerardmer Info\",\"description\":\"Toute l&#039;actualit\u00e9 de G\u00e9rardmer\",\"publisher\":{\"@id\":\"https:\/\/vosgesinfo.fr\/gerardmerinfo\/#organization\"},\"alternateName\":\"Toute l'actualit\u00e9 de G\u00e9rardmer\",\"potentialAction\":[{\"@type\":\"SearchAction\",\"target\":{\"@type\":\"EntryPoint\",\"urlTemplate\":\"https:\/\/vosgesinfo.fr\/gerardmerinfo\/?s={search_term_string}\"},\"query-input\":\"required name=search_term_string\"}],\"inLanguage\":\"fr-FR\"},{\"@type\":\"Organization\",\"@id\":\"https:\/\/vosgesinfo.fr\/gerardmerinfo\/#organization\",\"name\":\"Gerardmer Info\",\"url\":\"https:\/\/vosgesinfo.fr\/gerardmerinfo\/\",\"logo\":{\"@type\":\"ImageObject\",\"inLanguage\":\"fr-FR\",\"@id\":\"https:\/\/vosgesinfo.fr\/gerardmerinfo\/#\/schema\/logo\/image\/\",\"url\":\"https:\/\/vosgesinfo.fr\/app\/uploads\/sites\/6\/2023\/08\/favicon-gerardmerinfo.png\",\"contentUrl\":\"https:\/\/vosgesinfo.fr\/app\/uploads\/sites\/6\/2023\/08\/favicon-gerardmerinfo.png\",\"width\":512,\"height\":512,\"caption\":\"Gerardmer Info\"},\"image\":{\"@id\":\"https:\/\/vosgesinfo.fr\/gerardmerinfo\/#\/schema\/logo\/image\/\"},\"sameAs\":[\"https:\/\/www.facebook.com\/profile.php?id=100049475262660\",\"https:\/\/x.com\/VosgesInfo88\",\"https:\/\/www.youtube.com\/@vosgesinfo\"]},{\"@type\":\"Person\",\"@id\":\"https:\/\/vosgesinfo.fr\/gerardmerinfo\/#\/schema\/person\/bc5d02d71e6932e81b6dadb7386667b1\",\"name\":\"qs_admin\",\"image\":{\"@type\":\"ImageObject\",\"inLanguage\":\"fr-FR\",\"@id\":\"https:\/\/vosgesinfo.fr\/gerardmerinfo\/#\/schema\/person\/image\/\",\"url\":\"https:\/\/secure.gravatar.com\/avatar\/94b18ee0ed79e4a42ea2f2931277b6841a8999fc6fde214600c78057cf1fe1de?s=96&d=mm&r=g\",\"contentUrl\":\"https:\/\/secure.gravatar.com\/avatar\/94b18ee0ed79e4a42ea2f2931277b6841a8999fc6fde214600c78057cf1fe1de?s=96&d=mm&r=g\",\"caption\":\"qs_admin\"},\"sameAs\":[\"https:\/\/vosgesinfo.fr\/wp\"],\"url\":\"https:\/\/vosgesinfo.fr\/gerardmerinfo\/author\/qs_admin\/\"}]}<\/script>\n<!-- \/ Yoast SEO plugin. -->","yoast_head_json":{"title":"G\u00e9rardmer \u2013 Un gardien de but victime d\u2019une incapacit\u00e9 totale de travail de 45 jours ! - Gerardmer Info","robots":{"index":"index","follow":"follow","max-snippet":"max-snippet:-1","max-image-preview":"max-image-preview:large","max-video-preview":"max-video-preview:-1"},"canonical":"https:\/\/vosgesinfo.fr\/gerardmerinfo\/2018\/04\/gerardmer-gardien-de-but-victime-dune-incapacite-totale-de-travail-de-45-jours\/","twitter_card":"summary_large_image","twitter_title":"G\u00e9rardmer \u2013 Un gardien de but victime d\u2019une incapacit\u00e9 totale de travail de 45 jours ! - Gerardmer Info","twitter_description":"Pour le compte du championnat de R\u00e9gional 4, l\u2019A.S. G\u00e9rardmer recevait le F.C. Saint-Max-Essey, le dimanche\u00a0du 11 mars 2018. Suite [&hellip;]","twitter_image":"https:\/\/vosgesinfo.fr\/app\/uploads\/sites\/6\/2024\/07\/201804foot-but-400x255-1.jpg","twitter_creator":"@VosgesInfo88","twitter_site":"@VosgesInfo88","twitter_misc":{"\u00c9crit par":"qs_admin","Dur\u00e9e de lecture estim\u00e9e":"1 minute"},"schema":{"@context":"https:\/\/schema.org","@graph":[{"@type":"Article","@id":"https:\/\/vosgesinfo.fr\/gerardmerinfo\/2018\/04\/gerardmer-gardien-de-but-victime-dune-incapacite-totale-de-travail-de-45-jours\/#article","isPartOf":{"@id":"https:\/\/vosgesinfo.fr\/gerardmerinfo\/2018\/04\/gerardmer-gardien-de-but-victime-dune-incapacite-totale-de-travail-de-45-jours\/"},"author":{"name":"qs_admin","@id":"https:\/\/vosgesinfo.fr\/gerardmerinfo\/#\/schema\/person\/bc5d02d71e6932e81b6dadb7386667b1"},"headline":"G\u00e9rardmer \u2013 Un gardien de but victime d\u2019une incapacit\u00e9 totale de travail de 45 jours !","datePublished":"2018-04-16T06:08:13+00:00","dateModified":"2018-04-16T06:08:13+00:00","mainEntityOfPage":{"@id":"https:\/\/vosgesinfo.fr\/gerardmerinfo\/2018\/04\/gerardmer-gardien-de-but-victime-dune-incapacite-totale-de-travail-de-45-jours\/"},"wordCount":121,"commentCount":0,"publisher":{"@id":"https:\/\/vosgesinfo.fr\/gerardmerinfo\/#organization"},"image":{"@id":"https:\/\/vosgesinfo.fr\/gerardmerinfo\/2018\/04\/gerardmer-gardien-de-but-victime-dune-incapacite-totale-de-travail-de-45-jours\/#primaryimage"},"thumbnailUrl":"https:\/\/vosgesinfo.fr\/app\/uploads\/sites\/6\/2024\/07\/201804foot-but-400x255-1.jpg","articleSection":["A la une","Faits-divers","Sport","Vosges"],"inLanguage":"fr-FR","potentialAction":[{"@type":"CommentAction","name":"Comment","target":["https:\/\/vosgesinfo.fr\/gerardmerinfo\/2018\/04\/gerardmer-gardien-de-but-victime-dune-incapacite-totale-de-travail-de-45-jours\/#respond"]}]},{"@type":"WebPage","@id":"https:\/\/vosgesinfo.fr\/gerardmerinfo\/2018\/04\/gerardmer-gardien-de-but-victime-dune-incapacite-totale-de-travail-de-45-jours\/","url":"https:\/\/vosgesinfo.fr\/gerardmerinfo\/2018\/04\/gerardmer-gardien-de-but-victime-dune-incapacite-totale-de-travail-de-45-jours\/","name":"G\u00e9rardmer \u2013 Un gardien de but victime d\u2019une incapacit\u00e9 totale de travail de 45 jours ! - Gerardmer Info","isPartOf":{"@id":"https:\/\/vosgesinfo.fr\/gerardmerinfo\/#website"},"primaryImageOfPage":{"@id":"https:\/\/vosgesinfo.fr\/gerardmerinfo\/2018\/04\/gerardmer-gardien-de-but-victime-dune-incapacite-totale-de-travail-de-45-jours\/#primaryimage"},"image":{"@id":"https:\/\/vosgesinfo.fr\/gerardmerinfo\/2018\/04\/gerardmer-gardien-de-but-victime-dune-incapacite-totale-de-travail-de-45-jours\/#primaryimage"},"thumbnailUrl":"https:\/\/vosgesinfo.fr\/app\/uploads\/sites\/6\/2024\/07\/201804foot-but-400x255-1.jpg","datePublished":"2018-04-16T06:08:13+00:00","dateModified":"2018-04-16T06:08:13+00:00","breadcrumb":{"@id":"https:\/\/vosgesinfo.fr\/gerardmerinfo\/2018\/04\/gerardmer-gardien-de-but-victime-dune-incapacite-totale-de-travail-de-45-jours\/#breadcrumb"},"inLanguage":"fr-FR","potentialAction":[{"@type":"ReadAction","target":["https:\/\/vosgesinfo.fr\/gerardmerinfo\/2018\/04\/gerardmer-gardien-de-but-victime-dune-incapacite-totale-de-travail-de-45-jours\/"]}]},{"@type":"ImageObject","inLanguage":"fr-FR","@id":"https:\/\/vosgesinfo.fr\/gerardmerinfo\/2018\/04\/gerardmer-gardien-de-but-victime-dune-incapacite-totale-de-travail-de-45-jours\/#primaryimage","url":"https:\/\/vosgesinfo.fr\/app\/uploads\/sites\/6\/2024\/07\/201804foot-but-400x255-1.jpg","contentUrl":"https:\/\/vosgesinfo.fr\/app\/uploads\/sites\/6\/2024\/07\/201804foot-but-400x255-1.jpg","width":400,"height":255},{"@type":"BreadcrumbList","@id":"https:\/\/vosgesinfo.fr\/gerardmerinfo\/2018\/04\/gerardmer-gardien-de-but-victime-dune-incapacite-totale-de-travail-de-45-jours\/#breadcrumb","itemListElement":[{"@type":"ListItem","position":1,"name":"Home","item":"https:\/\/vosgesinfo.fr\/gerardmerinfo\/"},{"@type":"ListItem","position":2,"name":"G\u00e9rardmer \u2013 Un gardien de but victime d\u2019une incapacit\u00e9 totale de travail de 45 jours !"}]},{"@type":"WebSite","@id":"https:\/\/vosgesinfo.fr\/gerardmerinfo\/#website","url":"https:\/\/vosgesinfo.fr\/gerardmerinfo\/","name":"Gerardmer Info","description":"Toute l&#039;actualit\u00e9 de G\u00e9rardmer","publisher":{"@id":"https:\/\/vosgesinfo.fr\/gerardmerinfo\/#organization"},"alternateName":"Toute l'actualit\u00e9 de G\u00e9rardmer","potentialAction":[{"@type":"SearchAction","target":{"@type":"EntryPoint","urlTemplate":"https:\/\/vosgesinfo.fr\/gerardmerinfo\/?s={search_term_string}"},"query-input":"required name=search_term_string"}],"inLanguage":"fr-FR"},{"@type":"Organization","@id":"https:\/\/vosgesinfo.fr\/gerardmerinfo\/#organization","name":"Gerardmer Info","url":"https:\/\/vosgesinfo.fr\/gerardmerinfo\/","logo":{"@type":"ImageObject","inLanguage":"fr-FR","@id":"https:\/\/vosgesinfo.fr\/gerardmerinfo\/#\/schema\/logo\/image\/","url":"https:\/\/vosgesinfo.fr\/app\/uploads\/sites\/6\/2023\/08\/favicon-gerardmerinfo.png","contentUrl":"https:\/\/vosgesinfo.fr\/app\/uploads\/sites\/6\/2023\/08\/favicon-gerardmerinfo.png","width":512,"height":512,"caption":"Gerardmer Info"},"image":{"@id":"https:\/\/vosgesinfo.fr\/gerardmerinfo\/#\/schema\/logo\/image\/"},"sameAs":["https:\/\/www.facebook.com\/profile.php?id=100049475262660","https:\/\/x.com\/VosgesInfo88","https:\/\/www.youtube.com\/@vosgesinfo"]},{"@type":"Person","@id":"https:\/\/vosgesinfo.fr\/gerardmerinfo\/#\/schema\/person\/bc5d02d71e6932e81b6dadb7386667b1","name":"qs_admin","image":{"@type":"ImageObject","inLanguage":"fr-FR","@id":"https:\/\/vosgesinfo.fr\/gerardmerinfo\/#\/schema\/person\/image\/","url":"https:\/\/secure.gravatar.com\/avatar\/94b18ee0ed79e4a42ea2f2931277b6841a8999fc6fde214600c78057cf1fe1de?s=96&d=mm&r=g","contentUrl":"https:\/\/secure.gravatar.com\/avatar\/94b18ee0ed79e4a42ea2f2931277b6841a8999fc6fde214600c78057cf1fe1de?s=96&d=mm&r=g","caption":"qs_admin"},"sameAs":["https:\/\/vosgesinfo.fr\/wp"],"url":"https:\/\/vosgesinfo.fr\/gerardmerinfo\/author\/qs_admin\/"}]}},"_links":{"self":[{"href":"https:\/\/vosgesinfo.fr\/gerardmerinfo\/wp-json\/wp\/v2\/posts\/33387","targetHints":{"allow":["GET"]}}],"collection":[{"href":"https:\/\/vosgesinfo.fr\/gerardmerinfo\/wp-json\/wp\/v2\/posts"}],"about":[{"href":"https:\/\/vosgesinfo.fr\/gerardmerinfo\/wp-json\/wp\/v2\/types\/post"}],"author":[{"embeddable":true,"href":"https:\/\/vosgesinfo.fr\/gerardmerinfo\/wp-json\/wp\/v2\/users\/1"}],"replies":[{"embeddable":true,"href":"https:\/\/vosgesinfo.fr\/gerardmerinfo\/wp-json\/wp\/v2\/comments?post=33387"}],"version-history":[{"count":0,"href":"https:\/\/vosgesinfo.fr\/gerardmerinfo\/wp-json\/wp\/v2\/posts\/33387\/revisions"}],"wp:featuredmedia":[{"embeddable":true,"href":"https:\/\/vosgesinfo.fr\/gerardmerinfo\/wp-json\/wp\/v2\/media\/33388"}],"wp:attachment":[{"href":"https:\/\/vosgesinfo.fr\/gerardmerinfo\/wp-json\/wp\/v2\/media?parent=33387"}],"wp:term":[{"taxonomy":"category","embeddable":true,"href":"https:\/\/vosgesinfo.fr\/gerardmerinfo\/wp-json\/wp\/v2\/categories?post=33387"},{"taxonomy":"post_tag","embeddable":true,"href":"https:\/\/vosgesinfo.fr\/gerardmerinfo\/wp-json\/wp\/v2\/tags?post=33387"}],"curies":[{"name":"wp","href":"https:\/\/api.w.org\/{rel}","templated":true}]}}