{"id":33399,"date":"2018-04-17T15:50:39","date_gmt":"2018-04-17T13:50:39","guid":{"rendered":"https:\/\/vosgesinfo.fr\/gerardmerinfo\/2018\/04\/vide-grenier-a-xonrupt-longemer-3\/"},"modified":"2018-04-17T15:50:39","modified_gmt":"2018-04-17T13:50:39","slug":"vide-grenier-a-xonrupt-longemer-3","status":"publish","type":"post","link":"https:\/\/vosgesinfo.fr\/gerardmerinfo\/2018\/04\/vide-grenier-a-xonrupt-longemer-3\/","title":{"rendered":"Vide  grenier  \u00e0  Xonrupt- Longemer"},"content":{"rendered":"<h2 style=\"text-align: left;\"><img decoding=\"async\" class=\"aligncenter\" src=\"\/2017\/04\/vide-grenier-300x200.gif\" alt=\"\/2017\/04\/vide-grenier-300x200.gif\" width=\"494\" height=\"329\" \/><\/h2>\n<h2 style=\"text-align: center;\">LE DIMANCHE 20 MAI 2018<\/h2>\n<h2 style=\"text-align: center;\">DE 6 HEURES \u00e0 18 HEURES<\/h2>\n<h1 style=\"text-align: center;\"><span style=\"text-decoration: underline;\"><strong>VIDE\u00a0 GRENIER<\/strong><\/span><\/h1>\n<h3 style=\"text-align: center;\">Place du 22 octobre 1919\u00a0 face\u00a0 \u00e0 la Mairie<\/h3>\n<p style=\"text-align: center;\">Restaurations et rafraichissements sur place.<\/p>\n<p style=\"text-align: center;\">Tarifs :\u00a0\u00a0 6 \u20ac\u00a0 les 3 m\u00e8tres et 2 \u20ac\u00a0 le m\u00e8tre suppl\u00e9mentaire.<\/p>\n<p style=\"text-align: center;\">Renseignements et inscriptions aupr\u00e8s de :<\/p>\n<p style=\"text-align: center;\">LALEVEE Magali,\u00a0\u00a0\u00a0\u00a0\u00a0\u00a0 06 81 69 90 53<\/p>\n<p style=\"text-align: center;\">THIEBAULT Jean-Louis, 06 81 76 88 16<\/p>\n<h5 style=\"text-align: center;\">organisation soci\u00e9t\u00e9 des f\u00eates de Xonrupt Longemer<\/h5>\n","protected":false},"excerpt":{"rendered":"<p>LE DIMANCHE 20 MAI 2018 DE 6 HEURES \u00e0 18 HEURES VIDE\u00a0 GRENIER Place du 22 octobre 1919\u00a0 face\u00a0 \u00e0 [&hellip;]<\/p>\n","protected":false},"author":189,"featured_media":194,"comment_status":"open","ping_status":"open","sticky":false,"template":"","format":"standard","meta":{"footnotes":""},"categories":[20,25,17,18],"tags":[],"class_list":["post-33399","post","type-post","status-publish","format-standard","has-post-thumbnail","hentry","category-a-la-une","category-gerardmer","category-vie-associative","category-vosges"],"acf":[],"yoast_head":"<!-- This site is optimized with the Yoast SEO plugin v22.5 - https:\/\/yoast.com\/wordpress\/plugins\/seo\/ -->\n<title>Vide grenier \u00e0 Xonrupt- Longemer - Gerardmer Info<\/title>\n<meta name=\"robots\" content=\"index, follow, max-snippet:-1, max-image-preview:large, max-video-preview:-1\" \/>\n<link rel=\"canonical\" href=\"https:\/\/vosgesinfo.fr\/gerardmerinfo\/2018\/04\/vide-grenier-a-xonrupt-longemer-3\/\" \/>\n<meta name=\"twitter:card\" content=\"summary_large_image\" \/>\n<meta name=\"twitter:title\" content=\"Vide grenier \u00e0 Xonrupt- Longemer - Gerardmer Info\" \/>\n<meta name=\"twitter:description\" content=\"LE DIMANCHE 20 MAI 2018 DE 6 HEURES \u00e0 18 HEURES VIDE\u00a0 GRENIER Place du 22 octobre 1919\u00a0 face\u00a0 \u00e0 [&hellip;]\" \/>\n<meta name=\"twitter:image\" content=\"https:\/\/vosgesinfo.fr\/app\/uploads\/sites\/6\/2017\/04\/vide-grenier-300x200-1.gif\" \/>\n<meta name=\"twitter:creator\" content=\"@VosgesInfo88\" \/>\n<meta name=\"twitter:site\" content=\"@VosgesInfo88\" \/>\n<meta name=\"twitter:label1\" content=\"\u00c9crit par\" \/>\n\t<meta name=\"twitter:data1\" content=\"sdfxonrupt\" \/>\n<script type=\"application\/ld+json\" class=\"yoast-schema-graph\">{\"@context\":\"https:\/\/schema.org\",\"@graph\":[{\"@type\":\"Article\",\"@id\":\"https:\/\/vosgesinfo.fr\/gerardmerinfo\/2018\/04\/vide-grenier-a-xonrupt-longemer-3\/#article\",\"isPartOf\":{\"@id\":\"https:\/\/vosgesinfo.fr\/gerardmerinfo\/2018\/04\/vide-grenier-a-xonrupt-longemer-3\/\"},\"author\":{\"name\":\"sdfxonrupt\",\"@id\":\"https:\/\/vosgesinfo.fr\/gerardmerinfo\/#\/schema\/person\/54f4184440dbd66871df60842fb8fb29\"},\"headline\":\"Vide grenier \u00e0 Xonrupt- Longemer\",\"datePublished\":\"2018-04-17T13:50:39+00:00\",\"dateModified\":\"2018-04-17T13:50:39+00:00\",\"mainEntityOfPage\":{\"@id\":\"https:\/\/vosgesinfo.fr\/gerardmerinfo\/2018\/04\/vide-grenier-a-xonrupt-longemer-3\/\"},\"wordCount\":52,\"commentCount\":0,\"publisher\":{\"@id\":\"https:\/\/vosgesinfo.fr\/gerardmerinfo\/#organization\"},\"image\":{\"@id\":\"https:\/\/vosgesinfo.fr\/gerardmerinfo\/2018\/04\/vide-grenier-a-xonrupt-longemer-3\/#primaryimage\"},\"thumbnailUrl\":\"https:\/\/vosgesinfo.fr\/app\/uploads\/sites\/6\/2017\/04\/vide-grenier-300x200-1.gif\",\"articleSection\":[\"A la une\",\"G\u00e9rardmer\",\"Vie Associative\",\"Vosges\"],\"inLanguage\":\"fr-FR\",\"potentialAction\":[{\"@type\":\"CommentAction\",\"name\":\"Comment\",\"target\":[\"https:\/\/vosgesinfo.fr\/gerardmerinfo\/2018\/04\/vide-grenier-a-xonrupt-longemer-3\/#respond\"]}]},{\"@type\":\"WebPage\",\"@id\":\"https:\/\/vosgesinfo.fr\/gerardmerinfo\/2018\/04\/vide-grenier-a-xonrupt-longemer-3\/\",\"url\":\"https:\/\/vosgesinfo.fr\/gerardmerinfo\/2018\/04\/vide-grenier-a-xonrupt-longemer-3\/\",\"name\":\"Vide grenier \u00e0 Xonrupt- Longemer - Gerardmer Info\",\"isPartOf\":{\"@id\":\"https:\/\/vosgesinfo.fr\/gerardmerinfo\/#website\"},\"primaryImageOfPage\":{\"@id\":\"https:\/\/vosgesinfo.fr\/gerardmerinfo\/2018\/04\/vide-grenier-a-xonrupt-longemer-3\/#primaryimage\"},\"image\":{\"@id\":\"https:\/\/vosgesinfo.fr\/gerardmerinfo\/2018\/04\/vide-grenier-a-xonrupt-longemer-3\/#primaryimage\"},\"thumbnailUrl\":\"https:\/\/vosgesinfo.fr\/app\/uploads\/sites\/6\/2017\/04\/vide-grenier-300x200-1.gif\",\"datePublished\":\"2018-04-17T13:50:39+00:00\",\"dateModified\":\"2018-04-17T13:50:39+00:00\",\"breadcrumb\":{\"@id\":\"https:\/\/vosgesinfo.fr\/gerardmerinfo\/2018\/04\/vide-grenier-a-xonrupt-longemer-3\/#breadcrumb\"},\"inLanguage\":\"fr-FR\",\"potentialAction\":[{\"@type\":\"ReadAction\",\"target\":[\"https:\/\/vosgesinfo.fr\/gerardmerinfo\/2018\/04\/vide-grenier-a-xonrupt-longemer-3\/\"]}]},{\"@type\":\"ImageObject\",\"inLanguage\":\"fr-FR\",\"@id\":\"https:\/\/vosgesinfo.fr\/gerardmerinfo\/2018\/04\/vide-grenier-a-xonrupt-longemer-3\/#primaryimage\",\"url\":\"https:\/\/vosgesinfo.fr\/app\/uploads\/sites\/6\/2017\/04\/vide-grenier-300x200-1.gif\",\"contentUrl\":\"https:\/\/vosgesinfo.fr\/app\/uploads\/sites\/6\/2017\/04\/vide-grenier-300x200-1.gif\",\"width\":300,\"height\":200},{\"@type\":\"BreadcrumbList\",\"@id\":\"https:\/\/vosgesinfo.fr\/gerardmerinfo\/2018\/04\/vide-grenier-a-xonrupt-longemer-3\/#breadcrumb\",\"itemListElement\":[{\"@type\":\"ListItem\",\"position\":1,\"name\":\"Home\",\"item\":\"https:\/\/vosgesinfo.fr\/gerardmerinfo\/\"},{\"@type\":\"ListItem\",\"position\":2,\"name\":\"Vide grenier \u00e0 Xonrupt- Longemer\"}]},{\"@type\":\"WebSite\",\"@id\":\"https:\/\/vosgesinfo.fr\/gerardmerinfo\/#website\",\"url\":\"https:\/\/vosgesinfo.fr\/gerardmerinfo\/\",\"name\":\"Gerardmer Info\",\"description\":\"Toute l&#039;actualit\u00e9 de G\u00e9rardmer\",\"publisher\":{\"@id\":\"https:\/\/vosgesinfo.fr\/gerardmerinfo\/#organization\"},\"alternateName\":\"Toute l'actualit\u00e9 de G\u00e9rardmer\",\"potentialAction\":[{\"@type\":\"SearchAction\",\"target\":{\"@type\":\"EntryPoint\",\"urlTemplate\":\"https:\/\/vosgesinfo.fr\/gerardmerinfo\/?s={search_term_string}\"},\"query-input\":\"required name=search_term_string\"}],\"inLanguage\":\"fr-FR\"},{\"@type\":\"Organization\",\"@id\":\"https:\/\/vosgesinfo.fr\/gerardmerinfo\/#organization\",\"name\":\"Gerardmer Info\",\"url\":\"https:\/\/vosgesinfo.fr\/gerardmerinfo\/\",\"logo\":{\"@type\":\"ImageObject\",\"inLanguage\":\"fr-FR\",\"@id\":\"https:\/\/vosgesinfo.fr\/gerardmerinfo\/#\/schema\/logo\/image\/\",\"url\":\"https:\/\/vosgesinfo.fr\/app\/uploads\/sites\/6\/2023\/08\/favicon-gerardmerinfo.png\",\"contentUrl\":\"https:\/\/vosgesinfo.fr\/app\/uploads\/sites\/6\/2023\/08\/favicon-gerardmerinfo.png\",\"width\":512,\"height\":512,\"caption\":\"Gerardmer Info\"},\"image\":{\"@id\":\"https:\/\/vosgesinfo.fr\/gerardmerinfo\/#\/schema\/logo\/image\/\"},\"sameAs\":[\"https:\/\/www.facebook.com\/profile.php?id=100049475262660\",\"https:\/\/x.com\/VosgesInfo88\",\"https:\/\/www.youtube.com\/@vosgesinfo\"]},{\"@type\":\"Person\",\"@id\":\"https:\/\/vosgesinfo.fr\/gerardmerinfo\/#\/schema\/person\/54f4184440dbd66871df60842fb8fb29\",\"name\":\"sdfxonrupt\",\"image\":{\"@type\":\"ImageObject\",\"inLanguage\":\"fr-FR\",\"@id\":\"https:\/\/vosgesinfo.fr\/gerardmerinfo\/#\/schema\/person\/image\/\",\"url\":\"https:\/\/secure.gravatar.com\/avatar\/d4a8c7c73e011c17ae68bcfcc092333e53c93463672842cdd47bb1905a1ad584?s=96&d=mm&r=g\",\"contentUrl\":\"https:\/\/secure.gravatar.com\/avatar\/d4a8c7c73e011c17ae68bcfcc092333e53c93463672842cdd47bb1905a1ad584?s=96&d=mm&r=g\",\"caption\":\"sdfxonrupt\"},\"url\":\"https:\/\/vosgesinfo.fr\/gerardmerinfo\/author\/sdfxonrupt\/\"}]}<\/script>\n<!-- \/ Yoast SEO plugin. -->","yoast_head_json":{"title":"Vide grenier \u00e0 Xonrupt- Longemer - Gerardmer Info","robots":{"index":"index","follow":"follow","max-snippet":"max-snippet:-1","max-image-preview":"max-image-preview:large","max-video-preview":"max-video-preview:-1"},"canonical":"https:\/\/vosgesinfo.fr\/gerardmerinfo\/2018\/04\/vide-grenier-a-xonrupt-longemer-3\/","twitter_card":"summary_large_image","twitter_title":"Vide grenier \u00e0 Xonrupt- Longemer - Gerardmer Info","twitter_description":"LE DIMANCHE 20 MAI 2018 DE 6 HEURES \u00e0 18 HEURES VIDE\u00a0 GRENIER Place du 22 octobre 1919\u00a0 face\u00a0 \u00e0 [&hellip;]","twitter_image":"https:\/\/vosgesinfo.fr\/app\/uploads\/sites\/6\/2017\/04\/vide-grenier-300x200-1.gif","twitter_creator":"@VosgesInfo88","twitter_site":"@VosgesInfo88","twitter_misc":{"\u00c9crit par":"sdfxonrupt"},"schema":{"@context":"https:\/\/schema.org","@graph":[{"@type":"Article","@id":"https:\/\/vosgesinfo.fr\/gerardmerinfo\/2018\/04\/vide-grenier-a-xonrupt-longemer-3\/#article","isPartOf":{"@id":"https:\/\/vosgesinfo.fr\/gerardmerinfo\/2018\/04\/vide-grenier-a-xonrupt-longemer-3\/"},"author":{"name":"sdfxonrupt","@id":"https:\/\/vosgesinfo.fr\/gerardmerinfo\/#\/schema\/person\/54f4184440dbd66871df60842fb8fb29"},"headline":"Vide grenier \u00e0 Xonrupt- Longemer","datePublished":"2018-04-17T13:50:39+00:00","dateModified":"2018-04-17T13:50:39+00:00","mainEntityOfPage":{"@id":"https:\/\/vosgesinfo.fr\/gerardmerinfo\/2018\/04\/vide-grenier-a-xonrupt-longemer-3\/"},"wordCount":52,"commentCount":0,"publisher":{"@id":"https:\/\/vosgesinfo.fr\/gerardmerinfo\/#organization"},"image":{"@id":"https:\/\/vosgesinfo.fr\/gerardmerinfo\/2018\/04\/vide-grenier-a-xonrupt-longemer-3\/#primaryimage"},"thumbnailUrl":"https:\/\/vosgesinfo.fr\/app\/uploads\/sites\/6\/2017\/04\/vide-grenier-300x200-1.gif","articleSection":["A la une","G\u00e9rardmer","Vie Associative","Vosges"],"inLanguage":"fr-FR","potentialAction":[{"@type":"CommentAction","name":"Comment","target":["https:\/\/vosgesinfo.fr\/gerardmerinfo\/2018\/04\/vide-grenier-a-xonrupt-longemer-3\/#respond"]}]},{"@type":"WebPage","@id":"https:\/\/vosgesinfo.fr\/gerardmerinfo\/2018\/04\/vide-grenier-a-xonrupt-longemer-3\/","url":"https:\/\/vosgesinfo.fr\/gerardmerinfo\/2018\/04\/vide-grenier-a-xonrupt-longemer-3\/","name":"Vide grenier \u00e0 Xonrupt- Longemer - Gerardmer Info","isPartOf":{"@id":"https:\/\/vosgesinfo.fr\/gerardmerinfo\/#website"},"primaryImageOfPage":{"@id":"https:\/\/vosgesinfo.fr\/gerardmerinfo\/2018\/04\/vide-grenier-a-xonrupt-longemer-3\/#primaryimage"},"image":{"@id":"https:\/\/vosgesinfo.fr\/gerardmerinfo\/2018\/04\/vide-grenier-a-xonrupt-longemer-3\/#primaryimage"},"thumbnailUrl":"https:\/\/vosgesinfo.fr\/app\/uploads\/sites\/6\/2017\/04\/vide-grenier-300x200-1.gif","datePublished":"2018-04-17T13:50:39+00:00","dateModified":"2018-04-17T13:50:39+00:00","breadcrumb":{"@id":"https:\/\/vosgesinfo.fr\/gerardmerinfo\/2018\/04\/vide-grenier-a-xonrupt-longemer-3\/#breadcrumb"},"inLanguage":"fr-FR","potentialAction":[{"@type":"ReadAction","target":["https:\/\/vosgesinfo.fr\/gerardmerinfo\/2018\/04\/vide-grenier-a-xonrupt-longemer-3\/"]}]},{"@type":"ImageObject","inLanguage":"fr-FR","@id":"https:\/\/vosgesinfo.fr\/gerardmerinfo\/2018\/04\/vide-grenier-a-xonrupt-longemer-3\/#primaryimage","url":"https:\/\/vosgesinfo.fr\/app\/uploads\/sites\/6\/2017\/04\/vide-grenier-300x200-1.gif","contentUrl":"https:\/\/vosgesinfo.fr\/app\/uploads\/sites\/6\/2017\/04\/vide-grenier-300x200-1.gif","width":300,"height":200},{"@type":"BreadcrumbList","@id":"https:\/\/vosgesinfo.fr\/gerardmerinfo\/2018\/04\/vide-grenier-a-xonrupt-longemer-3\/#breadcrumb","itemListElement":[{"@type":"ListItem","position":1,"name":"Home","item":"https:\/\/vosgesinfo.fr\/gerardmerinfo\/"},{"@type":"ListItem","position":2,"name":"Vide grenier \u00e0 Xonrupt- Longemer"}]},{"@type":"WebSite","@id":"https:\/\/vosgesinfo.fr\/gerardmerinfo\/#website","url":"https:\/\/vosgesinfo.fr\/gerardmerinfo\/","name":"Gerardmer Info","description":"Toute l&#039;actualit\u00e9 de G\u00e9rardmer","publisher":{"@id":"https:\/\/vosgesinfo.fr\/gerardmerinfo\/#organization"},"alternateName":"Toute l'actualit\u00e9 de G\u00e9rardmer","potentialAction":[{"@type":"SearchAction","target":{"@type":"EntryPoint","urlTemplate":"https:\/\/vosgesinfo.fr\/gerardmerinfo\/?s={search_term_string}"},"query-input":"required name=search_term_string"}],"inLanguage":"fr-FR"},{"@type":"Organization","@id":"https:\/\/vosgesinfo.fr\/gerardmerinfo\/#organization","name":"Gerardmer Info","url":"https:\/\/vosgesinfo.fr\/gerardmerinfo\/","logo":{"@type":"ImageObject","inLanguage":"fr-FR","@id":"https:\/\/vosgesinfo.fr\/gerardmerinfo\/#\/schema\/logo\/image\/","url":"https:\/\/vosgesinfo.fr\/app\/uploads\/sites\/6\/2023\/08\/favicon-gerardmerinfo.png","contentUrl":"https:\/\/vosgesinfo.fr\/app\/uploads\/sites\/6\/2023\/08\/favicon-gerardmerinfo.png","width":512,"height":512,"caption":"Gerardmer Info"},"image":{"@id":"https:\/\/vosgesinfo.fr\/gerardmerinfo\/#\/schema\/logo\/image\/"},"sameAs":["https:\/\/www.facebook.com\/profile.php?id=100049475262660","https:\/\/x.com\/VosgesInfo88","https:\/\/www.youtube.com\/@vosgesinfo"]},{"@type":"Person","@id":"https:\/\/vosgesinfo.fr\/gerardmerinfo\/#\/schema\/person\/54f4184440dbd66871df60842fb8fb29","name":"sdfxonrupt","image":{"@type":"ImageObject","inLanguage":"fr-FR","@id":"https:\/\/vosgesinfo.fr\/gerardmerinfo\/#\/schema\/person\/image\/","url":"https:\/\/secure.gravatar.com\/avatar\/d4a8c7c73e011c17ae68bcfcc092333e53c93463672842cdd47bb1905a1ad584?s=96&d=mm&r=g","contentUrl":"https:\/\/secure.gravatar.com\/avatar\/d4a8c7c73e011c17ae68bcfcc092333e53c93463672842cdd47bb1905a1ad584?s=96&d=mm&r=g","caption":"sdfxonrupt"},"url":"https:\/\/vosgesinfo.fr\/gerardmerinfo\/author\/sdfxonrupt\/"}]}},"_links":{"self":[{"href":"https:\/\/vosgesinfo.fr\/gerardmerinfo\/wp-json\/wp\/v2\/posts\/33399","targetHints":{"allow":["GET"]}}],"collection":[{"href":"https:\/\/vosgesinfo.fr\/gerardmerinfo\/wp-json\/wp\/v2\/posts"}],"about":[{"href":"https:\/\/vosgesinfo.fr\/gerardmerinfo\/wp-json\/wp\/v2\/types\/post"}],"author":[{"embeddable":true,"href":"https:\/\/vosgesinfo.fr\/gerardmerinfo\/wp-json\/wp\/v2\/users\/189"}],"replies":[{"embeddable":true,"href":"https:\/\/vosgesinfo.fr\/gerardmerinfo\/wp-json\/wp\/v2\/comments?post=33399"}],"version-history":[{"count":0,"href":"https:\/\/vosgesinfo.fr\/gerardmerinfo\/wp-json\/wp\/v2\/posts\/33399\/revisions"}],"wp:featuredmedia":[{"embeddable":true,"href":"https:\/\/vosgesinfo.fr\/gerardmerinfo\/wp-json\/wp\/v2\/media\/194"}],"wp:attachment":[{"href":"https:\/\/vosgesinfo.fr\/gerardmerinfo\/wp-json\/wp\/v2\/media?parent=33399"}],"wp:term":[{"taxonomy":"category","embeddable":true,"href":"https:\/\/vosgesinfo.fr\/gerardmerinfo\/wp-json\/wp\/v2\/categories?post=33399"},{"taxonomy":"post_tag","embeddable":true,"href":"https:\/\/vosgesinfo.fr\/gerardmerinfo\/wp-json\/wp\/v2\/tags?post=33399"}],"curies":[{"name":"wp","href":"https:\/\/api.w.org\/{rel}","templated":true}]}}