{"id":33405,"date":"2018-04-17T15:51:02","date_gmt":"2018-04-17T13:51:02","guid":{"rendered":"https:\/\/vosgesinfo.fr\/gerardmerinfo\/2018\/04\/j-2-tour-vosges-ski-roues-stephane-brogniart\/"},"modified":"2018-04-17T15:51:02","modified_gmt":"2018-04-17T13:51:02","slug":"j-2-tour-vosges-ski-roues-stephane-brogniart","status":"publish","type":"post","link":"https:\/\/vosgesinfo.fr\/gerardmerinfo\/2018\/04\/j-2-tour-vosges-ski-roues-stephane-brogniart\/","title":{"rendered":"J-2 avant le tour des Vosges en ski-roues pour St\u00e9phane Brogniart"},"content":{"rendered":"<h2><strong>St\u00e9phane Brogniart s\u2019est lanc\u00e9 un nouveau d\u00e9fi et non des moindres\u2026 puisqu\u2019il va s\u2019attaquer \u00e0 l\u2019Oc\u00e9an Pacifique, \u00e0 la rame et en solitaire (<a href=\"http:\/\/saintdieinfo.fr\/2018\/01\/apres-montagnes-stephane-brogniart-va-se-mesurer-a-locean-pacifique\/\" target=\"_blank\" rel=\"noopener\">voir notre pr\u00e9c\u00e9dent article<\/a>). Ni plus ni moins ! Un projet qu\u2019il partage sur les r\u00e9seaux sociaux \u00e0 travers le hashtag #ETARCOS, ce qui signifie Socrate \u00e0 l\u2019envers.<\/strong><\/h2>\n<p>Pour \u00eatre fin pr\u00eat le jour du d\u00e9part, programm\u00e9 au 1er janvier 2023, le sportif salixien, qui estime d\u00e9sormais avoir fait le tour de l\u2019ultra-trail, va lancer sa longue campagne de pr\u00e9paration cette semaine, en bouclant le tour du d\u00e9partement en ski-roues. Soit une distance d\u2019environ 470 kilom\u00e8tres. <em>\u00ab Cela sera \u00e9galement l\u2019occasion de mettre en avant notre territoire et de relever un beau challenge sportif, qui marque le d\u00e9but d\u2019une aventure hors du commun \u00bb<\/em> pr\u00e9cise St\u00e9phane Brogniart, qui s\u2019\u00e9lancera depuis la Route des Cr\u00eates, au niveau de l\u2019auberge du Pied du Hohneck, ce jeudi 19 avril \u00e0 21h. Et le gardien d\u2019Anozel d\u2019ajouter \u00e0 ce propos que <em>\u00ab pour aider \u00e0 faire de cet \u00e9v\u00e9nement un beau gage de solidarit\u00e9 vosgienne, n\u2019h\u00e9sitez pas \u00e0 passer jeudi et \u00e0 prendre quelques photos. \u00bb<\/em><\/p>\n","protected":false},"excerpt":{"rendered":"<p>St\u00e9phane Brogniart s\u2019est lanc\u00e9 un nouveau d\u00e9fi et non des moindres\u2026 puisqu\u2019il va s\u2019attaquer \u00e0 l\u2019Oc\u00e9an Pacifique, \u00e0 la rame [&hellip;]<\/p>\n","protected":false},"author":1,"featured_media":33406,"comment_status":"open","ping_status":"open","sticky":false,"template":"","format":"standard","meta":{"footnotes":""},"categories":[20,14,18],"tags":[3393],"class_list":["post-33405","post","type-post","status-publish","format-standard","has-post-thumbnail","hentry","category-a-la-une","category-sport","category-vosges","tag-stephane-brogniart"],"acf":[],"yoast_head":"<!-- This site is optimized with the Yoast SEO plugin v22.5 - https:\/\/yoast.com\/wordpress\/plugins\/seo\/ -->\n<title>J-2 avant le tour des Vosges en ski-roues pour St\u00e9phane Brogniart - Gerardmer Info<\/title>\n<meta name=\"robots\" content=\"index, follow, max-snippet:-1, max-image-preview:large, max-video-preview:-1\" \/>\n<link rel=\"canonical\" href=\"https:\/\/vosgesinfo.fr\/gerardmerinfo\/2018\/04\/j-2-tour-vosges-ski-roues-stephane-brogniart\/\" \/>\n<meta name=\"twitter:card\" content=\"summary_large_image\" \/>\n<meta name=\"twitter:title\" content=\"J-2 avant le tour des Vosges en ski-roues pour St\u00e9phane Brogniart - Gerardmer Info\" \/>\n<meta name=\"twitter:description\" content=\"St\u00e9phane Brogniart s\u2019est lanc\u00e9 un nouveau d\u00e9fi et non des moindres\u2026 puisqu\u2019il va s\u2019attaquer \u00e0 l\u2019Oc\u00e9an Pacifique, \u00e0 la rame [&hellip;]\" \/>\n<meta name=\"twitter:image\" content=\"https:\/\/vosgesinfo.fr\/app\/uploads\/sites\/6\/2024\/07\/201804tour-vosges-ski-roues-stephane-brogniart.jpg\" \/>\n<meta name=\"twitter:creator\" content=\"@VosgesInfo88\" \/>\n<meta name=\"twitter:site\" content=\"@VosgesInfo88\" \/>\n<meta name=\"twitter:label1\" content=\"\u00c9crit par\" \/>\n\t<meta name=\"twitter:data1\" content=\"qs_admin\" \/>\n\t<meta name=\"twitter:label2\" content=\"Dur\u00e9e de lecture estim\u00e9e\" \/>\n\t<meta name=\"twitter:data2\" content=\"1 minute\" \/>\n<script type=\"application\/ld+json\" class=\"yoast-schema-graph\">{\"@context\":\"https:\/\/schema.org\",\"@graph\":[{\"@type\":\"Article\",\"@id\":\"https:\/\/vosgesinfo.fr\/gerardmerinfo\/2018\/04\/j-2-tour-vosges-ski-roues-stephane-brogniart\/#article\",\"isPartOf\":{\"@id\":\"https:\/\/vosgesinfo.fr\/gerardmerinfo\/2018\/04\/j-2-tour-vosges-ski-roues-stephane-brogniart\/\"},\"author\":{\"name\":\"qs_admin\",\"@id\":\"https:\/\/vosgesinfo.fr\/gerardmerinfo\/#\/schema\/person\/bc5d02d71e6932e81b6dadb7386667b1\"},\"headline\":\"J-2 avant le tour des Vosges en ski-roues pour St\u00e9phane Brogniart\",\"datePublished\":\"2018-04-17T13:51:02+00:00\",\"dateModified\":\"2018-04-17T13:51:02+00:00\",\"mainEntityOfPage\":{\"@id\":\"https:\/\/vosgesinfo.fr\/gerardmerinfo\/2018\/04\/j-2-tour-vosges-ski-roues-stephane-brogniart\/\"},\"wordCount\":213,\"commentCount\":0,\"publisher\":{\"@id\":\"https:\/\/vosgesinfo.fr\/gerardmerinfo\/#organization\"},\"image\":{\"@id\":\"https:\/\/vosgesinfo.fr\/gerardmerinfo\/2018\/04\/j-2-tour-vosges-ski-roues-stephane-brogniart\/#primaryimage\"},\"thumbnailUrl\":\"https:\/\/vosgesinfo.fr\/app\/uploads\/sites\/6\/2024\/07\/201804tour-vosges-ski-roues-stephane-brogniart.jpg\",\"keywords\":[\"stephane brogniart\"],\"articleSection\":[\"A la une\",\"Sport\",\"Vosges\"],\"inLanguage\":\"fr-FR\",\"potentialAction\":[{\"@type\":\"CommentAction\",\"name\":\"Comment\",\"target\":[\"https:\/\/vosgesinfo.fr\/gerardmerinfo\/2018\/04\/j-2-tour-vosges-ski-roues-stephane-brogniart\/#respond\"]}]},{\"@type\":\"WebPage\",\"@id\":\"https:\/\/vosgesinfo.fr\/gerardmerinfo\/2018\/04\/j-2-tour-vosges-ski-roues-stephane-brogniart\/\",\"url\":\"https:\/\/vosgesinfo.fr\/gerardmerinfo\/2018\/04\/j-2-tour-vosges-ski-roues-stephane-brogniart\/\",\"name\":\"J-2 avant le tour des Vosges en ski-roues pour St\u00e9phane Brogniart - Gerardmer Info\",\"isPartOf\":{\"@id\":\"https:\/\/vosgesinfo.fr\/gerardmerinfo\/#website\"},\"primaryImageOfPage\":{\"@id\":\"https:\/\/vosgesinfo.fr\/gerardmerinfo\/2018\/04\/j-2-tour-vosges-ski-roues-stephane-brogniart\/#primaryimage\"},\"image\":{\"@id\":\"https:\/\/vosgesinfo.fr\/gerardmerinfo\/2018\/04\/j-2-tour-vosges-ski-roues-stephane-brogniart\/#primaryimage\"},\"thumbnailUrl\":\"https:\/\/vosgesinfo.fr\/app\/uploads\/sites\/6\/2024\/07\/201804tour-vosges-ski-roues-stephane-brogniart.jpg\",\"datePublished\":\"2018-04-17T13:51:02+00:00\",\"dateModified\":\"2018-04-17T13:51:02+00:00\",\"breadcrumb\":{\"@id\":\"https:\/\/vosgesinfo.fr\/gerardmerinfo\/2018\/04\/j-2-tour-vosges-ski-roues-stephane-brogniart\/#breadcrumb\"},\"inLanguage\":\"fr-FR\",\"potentialAction\":[{\"@type\":\"ReadAction\",\"target\":[\"https:\/\/vosgesinfo.fr\/gerardmerinfo\/2018\/04\/j-2-tour-vosges-ski-roues-stephane-brogniart\/\"]}]},{\"@type\":\"ImageObject\",\"inLanguage\":\"fr-FR\",\"@id\":\"https:\/\/vosgesinfo.fr\/gerardmerinfo\/2018\/04\/j-2-tour-vosges-ski-roues-stephane-brogniart\/#primaryimage\",\"url\":\"https:\/\/vosgesinfo.fr\/app\/uploads\/sites\/6\/2024\/07\/201804tour-vosges-ski-roues-stephane-brogniart.jpg\",\"contentUrl\":\"https:\/\/vosgesinfo.fr\/app\/uploads\/sites\/6\/2024\/07\/201804tour-vosges-ski-roues-stephane-brogniart.jpg\",\"width\":476,\"height\":249},{\"@type\":\"BreadcrumbList\",\"@id\":\"https:\/\/vosgesinfo.fr\/gerardmerinfo\/2018\/04\/j-2-tour-vosges-ski-roues-stephane-brogniart\/#breadcrumb\",\"itemListElement\":[{\"@type\":\"ListItem\",\"position\":1,\"name\":\"Home\",\"item\":\"https:\/\/vosgesinfo.fr\/gerardmerinfo\/\"},{\"@type\":\"ListItem\",\"position\":2,\"name\":\"J-2 avant le tour des Vosges en ski-roues pour St\u00e9phane Brogniart\"}]},{\"@type\":\"WebSite\",\"@id\":\"https:\/\/vosgesinfo.fr\/gerardmerinfo\/#website\",\"url\":\"https:\/\/vosgesinfo.fr\/gerardmerinfo\/\",\"name\":\"Gerardmer Info\",\"description\":\"Toute l&#039;actualit\u00e9 de G\u00e9rardmer\",\"publisher\":{\"@id\":\"https:\/\/vosgesinfo.fr\/gerardmerinfo\/#organization\"},\"alternateName\":\"Toute l'actualit\u00e9 de G\u00e9rardmer\",\"potentialAction\":[{\"@type\":\"SearchAction\",\"target\":{\"@type\":\"EntryPoint\",\"urlTemplate\":\"https:\/\/vosgesinfo.fr\/gerardmerinfo\/?s={search_term_string}\"},\"query-input\":\"required name=search_term_string\"}],\"inLanguage\":\"fr-FR\"},{\"@type\":\"Organization\",\"@id\":\"https:\/\/vosgesinfo.fr\/gerardmerinfo\/#organization\",\"name\":\"Gerardmer Info\",\"url\":\"https:\/\/vosgesinfo.fr\/gerardmerinfo\/\",\"logo\":{\"@type\":\"ImageObject\",\"inLanguage\":\"fr-FR\",\"@id\":\"https:\/\/vosgesinfo.fr\/gerardmerinfo\/#\/schema\/logo\/image\/\",\"url\":\"https:\/\/vosgesinfo.fr\/app\/uploads\/sites\/6\/2023\/08\/favicon-gerardmerinfo.png\",\"contentUrl\":\"https:\/\/vosgesinfo.fr\/app\/uploads\/sites\/6\/2023\/08\/favicon-gerardmerinfo.png\",\"width\":512,\"height\":512,\"caption\":\"Gerardmer Info\"},\"image\":{\"@id\":\"https:\/\/vosgesinfo.fr\/gerardmerinfo\/#\/schema\/logo\/image\/\"},\"sameAs\":[\"https:\/\/www.facebook.com\/profile.php?id=100049475262660\",\"https:\/\/x.com\/VosgesInfo88\",\"https:\/\/www.youtube.com\/@vosgesinfo\"]},{\"@type\":\"Person\",\"@id\":\"https:\/\/vosgesinfo.fr\/gerardmerinfo\/#\/schema\/person\/bc5d02d71e6932e81b6dadb7386667b1\",\"name\":\"qs_admin\",\"image\":{\"@type\":\"ImageObject\",\"inLanguage\":\"fr-FR\",\"@id\":\"https:\/\/vosgesinfo.fr\/gerardmerinfo\/#\/schema\/person\/image\/\",\"url\":\"https:\/\/secure.gravatar.com\/avatar\/94b18ee0ed79e4a42ea2f2931277b6841a8999fc6fde214600c78057cf1fe1de?s=96&d=mm&r=g\",\"contentUrl\":\"https:\/\/secure.gravatar.com\/avatar\/94b18ee0ed79e4a42ea2f2931277b6841a8999fc6fde214600c78057cf1fe1de?s=96&d=mm&r=g\",\"caption\":\"qs_admin\"},\"sameAs\":[\"https:\/\/vosgesinfo.fr\/wp\"],\"url\":\"https:\/\/vosgesinfo.fr\/gerardmerinfo\/author\/qs_admin\/\"}]}<\/script>\n<!-- \/ Yoast SEO plugin. -->","yoast_head_json":{"title":"J-2 avant le tour des Vosges en ski-roues pour St\u00e9phane Brogniart - Gerardmer Info","robots":{"index":"index","follow":"follow","max-snippet":"max-snippet:-1","max-image-preview":"max-image-preview:large","max-video-preview":"max-video-preview:-1"},"canonical":"https:\/\/vosgesinfo.fr\/gerardmerinfo\/2018\/04\/j-2-tour-vosges-ski-roues-stephane-brogniart\/","twitter_card":"summary_large_image","twitter_title":"J-2 avant le tour des Vosges en ski-roues pour St\u00e9phane Brogniart - Gerardmer Info","twitter_description":"St\u00e9phane Brogniart s\u2019est lanc\u00e9 un nouveau d\u00e9fi et non des moindres\u2026 puisqu\u2019il va s\u2019attaquer \u00e0 l\u2019Oc\u00e9an Pacifique, \u00e0 la rame [&hellip;]","twitter_image":"https:\/\/vosgesinfo.fr\/app\/uploads\/sites\/6\/2024\/07\/201804tour-vosges-ski-roues-stephane-brogniart.jpg","twitter_creator":"@VosgesInfo88","twitter_site":"@VosgesInfo88","twitter_misc":{"\u00c9crit par":"qs_admin","Dur\u00e9e de lecture estim\u00e9e":"1 minute"},"schema":{"@context":"https:\/\/schema.org","@graph":[{"@type":"Article","@id":"https:\/\/vosgesinfo.fr\/gerardmerinfo\/2018\/04\/j-2-tour-vosges-ski-roues-stephane-brogniart\/#article","isPartOf":{"@id":"https:\/\/vosgesinfo.fr\/gerardmerinfo\/2018\/04\/j-2-tour-vosges-ski-roues-stephane-brogniart\/"},"author":{"name":"qs_admin","@id":"https:\/\/vosgesinfo.fr\/gerardmerinfo\/#\/schema\/person\/bc5d02d71e6932e81b6dadb7386667b1"},"headline":"J-2 avant le tour des Vosges en ski-roues pour St\u00e9phane Brogniart","datePublished":"2018-04-17T13:51:02+00:00","dateModified":"2018-04-17T13:51:02+00:00","mainEntityOfPage":{"@id":"https:\/\/vosgesinfo.fr\/gerardmerinfo\/2018\/04\/j-2-tour-vosges-ski-roues-stephane-brogniart\/"},"wordCount":213,"commentCount":0,"publisher":{"@id":"https:\/\/vosgesinfo.fr\/gerardmerinfo\/#organization"},"image":{"@id":"https:\/\/vosgesinfo.fr\/gerardmerinfo\/2018\/04\/j-2-tour-vosges-ski-roues-stephane-brogniart\/#primaryimage"},"thumbnailUrl":"https:\/\/vosgesinfo.fr\/app\/uploads\/sites\/6\/2024\/07\/201804tour-vosges-ski-roues-stephane-brogniart.jpg","keywords":["stephane brogniart"],"articleSection":["A la une","Sport","Vosges"],"inLanguage":"fr-FR","potentialAction":[{"@type":"CommentAction","name":"Comment","target":["https:\/\/vosgesinfo.fr\/gerardmerinfo\/2018\/04\/j-2-tour-vosges-ski-roues-stephane-brogniart\/#respond"]}]},{"@type":"WebPage","@id":"https:\/\/vosgesinfo.fr\/gerardmerinfo\/2018\/04\/j-2-tour-vosges-ski-roues-stephane-brogniart\/","url":"https:\/\/vosgesinfo.fr\/gerardmerinfo\/2018\/04\/j-2-tour-vosges-ski-roues-stephane-brogniart\/","name":"J-2 avant le tour des Vosges en ski-roues pour St\u00e9phane Brogniart - Gerardmer Info","isPartOf":{"@id":"https:\/\/vosgesinfo.fr\/gerardmerinfo\/#website"},"primaryImageOfPage":{"@id":"https:\/\/vosgesinfo.fr\/gerardmerinfo\/2018\/04\/j-2-tour-vosges-ski-roues-stephane-brogniart\/#primaryimage"},"image":{"@id":"https:\/\/vosgesinfo.fr\/gerardmerinfo\/2018\/04\/j-2-tour-vosges-ski-roues-stephane-brogniart\/#primaryimage"},"thumbnailUrl":"https:\/\/vosgesinfo.fr\/app\/uploads\/sites\/6\/2024\/07\/201804tour-vosges-ski-roues-stephane-brogniart.jpg","datePublished":"2018-04-17T13:51:02+00:00","dateModified":"2018-04-17T13:51:02+00:00","breadcrumb":{"@id":"https:\/\/vosgesinfo.fr\/gerardmerinfo\/2018\/04\/j-2-tour-vosges-ski-roues-stephane-brogniart\/#breadcrumb"},"inLanguage":"fr-FR","potentialAction":[{"@type":"ReadAction","target":["https:\/\/vosgesinfo.fr\/gerardmerinfo\/2018\/04\/j-2-tour-vosges-ski-roues-stephane-brogniart\/"]}]},{"@type":"ImageObject","inLanguage":"fr-FR","@id":"https:\/\/vosgesinfo.fr\/gerardmerinfo\/2018\/04\/j-2-tour-vosges-ski-roues-stephane-brogniart\/#primaryimage","url":"https:\/\/vosgesinfo.fr\/app\/uploads\/sites\/6\/2024\/07\/201804tour-vosges-ski-roues-stephane-brogniart.jpg","contentUrl":"https:\/\/vosgesinfo.fr\/app\/uploads\/sites\/6\/2024\/07\/201804tour-vosges-ski-roues-stephane-brogniart.jpg","width":476,"height":249},{"@type":"BreadcrumbList","@id":"https:\/\/vosgesinfo.fr\/gerardmerinfo\/2018\/04\/j-2-tour-vosges-ski-roues-stephane-brogniart\/#breadcrumb","itemListElement":[{"@type":"ListItem","position":1,"name":"Home","item":"https:\/\/vosgesinfo.fr\/gerardmerinfo\/"},{"@type":"ListItem","position":2,"name":"J-2 avant le tour des Vosges en ski-roues pour St\u00e9phane Brogniart"}]},{"@type":"WebSite","@id":"https:\/\/vosgesinfo.fr\/gerardmerinfo\/#website","url":"https:\/\/vosgesinfo.fr\/gerardmerinfo\/","name":"Gerardmer Info","description":"Toute l&#039;actualit\u00e9 de G\u00e9rardmer","publisher":{"@id":"https:\/\/vosgesinfo.fr\/gerardmerinfo\/#organization"},"alternateName":"Toute l'actualit\u00e9 de G\u00e9rardmer","potentialAction":[{"@type":"SearchAction","target":{"@type":"EntryPoint","urlTemplate":"https:\/\/vosgesinfo.fr\/gerardmerinfo\/?s={search_term_string}"},"query-input":"required name=search_term_string"}],"inLanguage":"fr-FR"},{"@type":"Organization","@id":"https:\/\/vosgesinfo.fr\/gerardmerinfo\/#organization","name":"Gerardmer Info","url":"https:\/\/vosgesinfo.fr\/gerardmerinfo\/","logo":{"@type":"ImageObject","inLanguage":"fr-FR","@id":"https:\/\/vosgesinfo.fr\/gerardmerinfo\/#\/schema\/logo\/image\/","url":"https:\/\/vosgesinfo.fr\/app\/uploads\/sites\/6\/2023\/08\/favicon-gerardmerinfo.png","contentUrl":"https:\/\/vosgesinfo.fr\/app\/uploads\/sites\/6\/2023\/08\/favicon-gerardmerinfo.png","width":512,"height":512,"caption":"Gerardmer Info"},"image":{"@id":"https:\/\/vosgesinfo.fr\/gerardmerinfo\/#\/schema\/logo\/image\/"},"sameAs":["https:\/\/www.facebook.com\/profile.php?id=100049475262660","https:\/\/x.com\/VosgesInfo88","https:\/\/www.youtube.com\/@vosgesinfo"]},{"@type":"Person","@id":"https:\/\/vosgesinfo.fr\/gerardmerinfo\/#\/schema\/person\/bc5d02d71e6932e81b6dadb7386667b1","name":"qs_admin","image":{"@type":"ImageObject","inLanguage":"fr-FR","@id":"https:\/\/vosgesinfo.fr\/gerardmerinfo\/#\/schema\/person\/image\/","url":"https:\/\/secure.gravatar.com\/avatar\/94b18ee0ed79e4a42ea2f2931277b6841a8999fc6fde214600c78057cf1fe1de?s=96&d=mm&r=g","contentUrl":"https:\/\/secure.gravatar.com\/avatar\/94b18ee0ed79e4a42ea2f2931277b6841a8999fc6fde214600c78057cf1fe1de?s=96&d=mm&r=g","caption":"qs_admin"},"sameAs":["https:\/\/vosgesinfo.fr\/wp"],"url":"https:\/\/vosgesinfo.fr\/gerardmerinfo\/author\/qs_admin\/"}]}},"_links":{"self":[{"href":"https:\/\/vosgesinfo.fr\/gerardmerinfo\/wp-json\/wp\/v2\/posts\/33405","targetHints":{"allow":["GET"]}}],"collection":[{"href":"https:\/\/vosgesinfo.fr\/gerardmerinfo\/wp-json\/wp\/v2\/posts"}],"about":[{"href":"https:\/\/vosgesinfo.fr\/gerardmerinfo\/wp-json\/wp\/v2\/types\/post"}],"author":[{"embeddable":true,"href":"https:\/\/vosgesinfo.fr\/gerardmerinfo\/wp-json\/wp\/v2\/users\/1"}],"replies":[{"embeddable":true,"href":"https:\/\/vosgesinfo.fr\/gerardmerinfo\/wp-json\/wp\/v2\/comments?post=33405"}],"version-history":[{"count":0,"href":"https:\/\/vosgesinfo.fr\/gerardmerinfo\/wp-json\/wp\/v2\/posts\/33405\/revisions"}],"wp:featuredmedia":[{"embeddable":true,"href":"https:\/\/vosgesinfo.fr\/gerardmerinfo\/wp-json\/wp\/v2\/media\/33406"}],"wp:attachment":[{"href":"https:\/\/vosgesinfo.fr\/gerardmerinfo\/wp-json\/wp\/v2\/media?parent=33405"}],"wp:term":[{"taxonomy":"category","embeddable":true,"href":"https:\/\/vosgesinfo.fr\/gerardmerinfo\/wp-json\/wp\/v2\/categories?post=33405"},{"taxonomy":"post_tag","embeddable":true,"href":"https:\/\/vosgesinfo.fr\/gerardmerinfo\/wp-json\/wp\/v2\/tags?post=33405"}],"curies":[{"name":"wp","href":"https:\/\/api.w.org\/{rel}","templated":true}]}}