{"id":33412,"date":"2018-04-17T06:08:29","date_gmt":"2018-04-17T04:08:29","guid":{"rendered":"https:\/\/vosgesinfo.fr\/gerardmerinfo\/2018\/04\/capeb-vosges-assemblee-generale-riche-echanges\/"},"modified":"2018-04-17T06:08:29","modified_gmt":"2018-04-17T04:08:29","slug":"capeb-vosges-assemblee-generale-riche-echanges","status":"publish","type":"post","link":"https:\/\/vosgesinfo.fr\/gerardmerinfo\/2018\/04\/capeb-vosges-assemblee-generale-riche-echanges\/","title":{"rendered":"CAPEB VOSGES : une assembl\u00e9e g\u00e9n\u00e9rale riche en \u00e9changes"},"content":{"rendered":"<h3><a href=\"\/2018\/04\/AG-Capeb-vosges-2018-2.jpg\"><img decoding=\"async\" class=\"aligncenter size-medium wp-image-126108\" src=\"\/2018\/04\/AG-Capeb-vosges-2018-2-383x255.jpg\" alt=\"AG Capeb vosges 2018 (2)\" width=\"383\" height=\"255\" \/><\/a><br \/>\nLe 13 avril dernier a eu lieu l\u2019Assembl\u00e9e G\u00e9n\u00e9rale annuelle de la CAPEB des Vosges.<\/h3>\n<p>La premi\u00e8re partie a \u00e9t\u00e9 consacr\u00e9e \u00e0 la s\u00e9ance statutaire : apr\u00e8s le rapport moral du Pr\u00e9sident, a eu lieu les \u00e9lections et le vote pour le renouvellement des membres du conseil d\u2019administration de la CAPEB des Vosges. Ensuite ce sont succ\u00e9d\u00e9 le rapport financier et le rapport d\u2019activit\u00e9 de l\u2019ann\u00e9e 2017.<br \/>\nLors de la deuxi\u00e8me partie, un d\u00e9bat a \u00e9t\u00e9 organis\u00e9 entre les \u00e9lus de la CAPEB et les adh\u00e9rents.<br \/>\nCe d\u00e9bat a permis aux artisans de poser leurs questions, divers th\u00e8mes ont \u00e9t\u00e9 abord\u00e9s : Pr\u00e9l\u00e8vement \u00e0 la source, r\u00e9forme de la formation professionnelle, RGE, partenariat CAPEB, concurrence d\u00e9loyale, RSI&#8230;<br \/>\n<a href=\"\/2018\/04\/AG-Capeb-vosges-2018-1.jpg\"><img decoding=\"async\" class=\"alignright size-medium wp-image-126109\" src=\"\/2018\/04\/AG-Capeb-vosges-2018-1-383x255.jpg\" alt=\"AG Capeb vosges 2018 (1)\" width=\"383\" height=\"255\" \/><\/a>La troisi\u00e8me partie (s\u00e9ance officielle) a d\u00e9but\u00e9 avec le discours du Pr\u00e9sident Jean-Fran\u00e7ois Houillon, il a notamment d\u00e9clar\u00e9 aux \u00e9lus pr\u00e9sents que \u00abm\u00eame si l\u2019artisanat du b\u00e2timent cl\u00f4t 2017 sur une hausse de l\u2019activit\u00e9 de + 3,5%, que, la reprise semble enfin \u00eatre l\u00e0 et les perspectives 2018 sont encourageantes, le red\u00e9marrage reste encore bien fragile dans un contexte d\u2019incertitude \u00e9conomique\u00bb.<br \/>\nIl a rappel\u00e9 qu\u2019\u00abil est urgent de garantir une concurrence sociale loyale\u00bb.<br \/>\nDans son discours il a annonc\u00e9 qu\u2019\u00abun travail important avait \u00e9t\u00e9 r\u00e9alis\u00e9 sous l\u2019impulsion de la CAPEB Grand Est, qui va aboutir, d\u00e9but mai, \u00e0 la signature d\u2019une convention r\u00e9gionale intitul\u00e9e lutte contre le travail ill\u00e9gal dans le secteur du BTP\u00bb.<br \/>\nConcernant la r\u00e9forme de la formation professionnelle et de l\u2019apprentissage, Jean-Fran\u00e7ois Houillon a mis l\u2019accent sur l\u2019action de la CAPEB qui milite depuis plus d\u2019un an avec les partenaires sociaux du BTP et attend des garanties claires notamment en mati\u00e8re de qualit\u00e9 de formation, de financement.<br \/>\nPour ce qui concerne le volet de la formation professionnelle, le gouvernement souhaite une refonte totale du syst\u00e8me de financement de la formation professionnelle mais \u00e9galement sa gouvernance et n\u2019a pas suivi sur beaucoup de points les propositions de la CAPEB. Le Pr\u00e9sident de la CAPEB Vosges a d\u00e9clar\u00e9 aux \u00e9lus que \u00abla CAPEB confirme sa volont\u00e9 de maintenir un service de proximit\u00e9 qui r\u00e9pond \u00e0 un besoin r\u00e9el pour nos entreprises artisanales qui ont besoin d\u2019un accompagnement de qualit\u00e9.\u00bb<br \/>\nAutres sujets de m\u00e9contentement ! Le pr\u00e9l\u00e8vement de l\u2019imp\u00f4t sur le revenu \u00e0 la source. L\u2019U2P et la CAPEB ont lanc\u00e9 la campagne \u00ab G\u00e9rer les feuilles d\u2019imp\u00f4ts, c\u2019est pas notre boulot ! \u00bb avec la signature d\u2019une p\u00e9tition (disponible en ligne).<br \/>\nA ce sujet, dans son discours, Jean-Fran\u00e7ois Houillon \u00e9num\u00e8re aux \u00e9lus leurs revendications :<br \/>\n&#8211; simplification de sa mise en oeuvre<br \/>\n&#8211; mise en place de compensations financi\u00e8res pour les chefs d\u2019entreprise,<br \/>\n&#8211; protection juridique efficace des employeurs face aux risques encourus (en cas de d\u00e9claration erron\u00e9e ou manipulation des donn\u00e9es personnelles<br \/>\nAutre sujet d\u2019actualit\u00e9 abord\u00e9 dans son discours : le projet de loi destin\u00e9 \u00e0 faciliter les relations entre l\u2019administration et les administr\u00e9s. Vaste ambition ! Ce projet de loi cr\u00e9e entre autre un \u00ab permis de faire \u00bb destin\u00e9 \u00e0 all\u00e9ger les contraintes et obligations dans le but de favoriser la r\u00e9alisation de constructions. On accorderait des d\u00e9rogations aux r\u00e8gles de la construction qui posent aujourd\u2019hui beaucoup de question : Qui validera la d\u00e9rogation demand\u00e9e ? Sur quelles bases elle pourra \u00eatre jug\u00e9e ?<br \/>\nDe plus, Jean-Fran\u00e7ois Houillon a profit\u00e9 de la pr\u00e9sence du Pr\u00e9sident du Conseil D\u00e9partemental, Fran\u00e7ois Vannson,<br \/>\npour annoncer l\u2019\u00e9laboration d\u2019un partenariat avec la marque \u00ab Je Vois la Vie en Vosges \u00bb pour faire rayonner l\u2019artisanat<br \/>\ndu b\u00e2timent vosgien, son savoir-faire, sa proximit\u00e9.<br \/>\nEnfin il a conclu son discours avec ces paroles : \u00abNous sommes donc d\u00e9termin\u00e9s \u00e0 d\u00e9fendre l\u2019entreprise de proximit\u00e9, ses valeurs,<br \/>\nses atouts. Notre pr\u00e9occupation majeure n\u2019est pas de b\u00e9n\u00e9ficier d\u2019un traitement de faveur mais d\u2019\u00eatre consid\u00e9r\u00e9s avec \u00e9quit\u00e9. Nous<br \/>\ncontinuerons \u00e0 plaider inlassablement pour le maintien de la TVA \u00e0 taux r\u00e9duit, simplifier les proc\u00e9dures et r\u00e9glementations, faciliter<br \/>\nl\u2019acc\u00e8s des artisans aux march\u00e9s publics.\u00bb<br \/>\nSont ensuite intervenus :<br \/>\n&#8211; Fran\u00e7ois Vannson, Pr\u00e9sident du Conseil D\u00e9partemental<br \/>\n&#8211; Daniel Gremillet, S\u00e9nateur et Conseiller r\u00e9gional<br \/>\n&#8211; Jackie Pierre, S\u00e9nateur<br \/>\n&#8211; Jean-Jacques Gaultier, D\u00e9put\u00e9<br \/>\n&#8211; G\u00e9rard Cherpion, D\u00e9put\u00e9 et Vice-pr\u00e9sident du Conseil R\u00e9gional<br \/>\n&#8211; St\u00e9phane Viry, D\u00e9put\u00e9<br \/>\n&#8211; Micka\u00ebl Marot, Directeur adjoint de l\u2019unit\u00e9 territoriale de la DIRECCTE<br \/>\nL\u2019Assembl\u00e9e g\u00e9n\u00e9rale a \u00e9t\u00e9 \u00e9galement l\u2019occasion de remettre la M\u00e9daille Conf\u00e9d\u00e9rale \u00e0 Lucien Million Charpentier \/ Elu CAPEB.<br \/>\nEnfin de s\u00e9ance, un tirage au sort a eu lieu pour gagner un week-end mis en jeu gr\u00e2ce \u00e0 PRO BTP.<br \/>\nL\u2019Assembl\u00e9e g\u00e9n\u00e9rale s\u2019est cl\u00f4tur\u00e9e dans la convivialit\u00e9 autour d\u2019un ap\u00e9ritif d\u00eenatoire.<\/p>\n","protected":false},"excerpt":{"rendered":"<p>Le 13 avril dernier a eu lieu l\u2019Assembl\u00e9e G\u00e9n\u00e9rale annuelle de la CAPEB des Vosges. La premi\u00e8re partie a \u00e9t\u00e9 [&hellip;]<\/p>\n","protected":false},"author":42,"featured_media":33413,"comment_status":"open","ping_status":"open","sticky":false,"template":"","format":"standard","meta":{"footnotes":""},"categories":[20,5,18],"tags":[560],"class_list":["post-33412","post","type-post","status-publish","format-standard","has-post-thumbnail","hentry","category-a-la-une","category-economie","category-vosges","tag-capeb"],"acf":[],"yoast_head":"<!-- This site is optimized with the Yoast SEO plugin v22.5 - https:\/\/yoast.com\/wordpress\/plugins\/seo\/ -->\n<title>CAPEB VOSGES : une assembl\u00e9e g\u00e9n\u00e9rale riche en \u00e9changes - Gerardmer Info<\/title>\n<meta name=\"robots\" content=\"index, follow, max-snippet:-1, max-image-preview:large, max-video-preview:-1\" \/>\n<link rel=\"canonical\" href=\"https:\/\/vosgesinfo.fr\/gerardmerinfo\/2018\/04\/capeb-vosges-assemblee-generale-riche-echanges\/\" \/>\n<meta name=\"twitter:card\" content=\"summary_large_image\" \/>\n<meta name=\"twitter:title\" content=\"CAPEB VOSGES : une assembl\u00e9e g\u00e9n\u00e9rale riche en \u00e9changes - Gerardmer Info\" \/>\n<meta name=\"twitter:description\" content=\"Le 13 avril dernier a eu lieu l\u2019Assembl\u00e9e G\u00e9n\u00e9rale annuelle de la CAPEB des Vosges. La premi\u00e8re partie a \u00e9t\u00e9 [&hellip;]\" \/>\n<meta name=\"twitter:image\" content=\"https:\/\/vosgesinfo.fr\/app\/uploads\/sites\/6\/2024\/07\/201804ag-capeb-vosges-2018-2.jpg\" \/>\n<meta name=\"twitter:creator\" content=\"@VosgesInfo88\" \/>\n<meta name=\"twitter:site\" content=\"@VosgesInfo88\" \/>\n<meta name=\"twitter:label1\" content=\"\u00c9crit par\" \/>\n\t<meta name=\"twitter:data1\" content=\"QG\" \/>\n\t<meta name=\"twitter:label2\" content=\"Dur\u00e9e de lecture estim\u00e9e\" \/>\n\t<meta name=\"twitter:data2\" content=\"4 minutes\" \/>\n<script type=\"application\/ld+json\" class=\"yoast-schema-graph\">{\"@context\":\"https:\/\/schema.org\",\"@graph\":[{\"@type\":\"Article\",\"@id\":\"https:\/\/vosgesinfo.fr\/gerardmerinfo\/2018\/04\/capeb-vosges-assemblee-generale-riche-echanges\/#article\",\"isPartOf\":{\"@id\":\"https:\/\/vosgesinfo.fr\/gerardmerinfo\/2018\/04\/capeb-vosges-assemblee-generale-riche-echanges\/\"},\"author\":{\"name\":\"QG\",\"@id\":\"https:\/\/vosgesinfo.fr\/gerardmerinfo\/#\/schema\/person\/db5605779a843dad16b5368f3e7613a5\"},\"headline\":\"CAPEB VOSGES : une assembl\u00e9e g\u00e9n\u00e9rale riche en \u00e9changes\",\"datePublished\":\"2018-04-17T04:08:29+00:00\",\"dateModified\":\"2018-04-17T04:08:29+00:00\",\"mainEntityOfPage\":{\"@id\":\"https:\/\/vosgesinfo.fr\/gerardmerinfo\/2018\/04\/capeb-vosges-assemblee-generale-riche-echanges\/\"},\"wordCount\":872,\"commentCount\":0,\"publisher\":{\"@id\":\"https:\/\/vosgesinfo.fr\/gerardmerinfo\/#organization\"},\"image\":{\"@id\":\"https:\/\/vosgesinfo.fr\/gerardmerinfo\/2018\/04\/capeb-vosges-assemblee-generale-riche-echanges\/#primaryimage\"},\"thumbnailUrl\":\"https:\/\/vosgesinfo.fr\/app\/uploads\/sites\/6\/2024\/07\/201804ag-capeb-vosges-2018-2.jpg\",\"keywords\":[\"CAPEB\"],\"articleSection\":[\"A la une\",\"\u00c9conomie\",\"Vosges\"],\"inLanguage\":\"fr-FR\",\"potentialAction\":[{\"@type\":\"CommentAction\",\"name\":\"Comment\",\"target\":[\"https:\/\/vosgesinfo.fr\/gerardmerinfo\/2018\/04\/capeb-vosges-assemblee-generale-riche-echanges\/#respond\"]}]},{\"@type\":\"WebPage\",\"@id\":\"https:\/\/vosgesinfo.fr\/gerardmerinfo\/2018\/04\/capeb-vosges-assemblee-generale-riche-echanges\/\",\"url\":\"https:\/\/vosgesinfo.fr\/gerardmerinfo\/2018\/04\/capeb-vosges-assemblee-generale-riche-echanges\/\",\"name\":\"CAPEB VOSGES : une assembl\u00e9e g\u00e9n\u00e9rale riche en \u00e9changes - Gerardmer Info\",\"isPartOf\":{\"@id\":\"https:\/\/vosgesinfo.fr\/gerardmerinfo\/#website\"},\"primaryImageOfPage\":{\"@id\":\"https:\/\/vosgesinfo.fr\/gerardmerinfo\/2018\/04\/capeb-vosges-assemblee-generale-riche-echanges\/#primaryimage\"},\"image\":{\"@id\":\"https:\/\/vosgesinfo.fr\/gerardmerinfo\/2018\/04\/capeb-vosges-assemblee-generale-riche-echanges\/#primaryimage\"},\"thumbnailUrl\":\"https:\/\/vosgesinfo.fr\/app\/uploads\/sites\/6\/2024\/07\/201804ag-capeb-vosges-2018-2.jpg\",\"datePublished\":\"2018-04-17T04:08:29+00:00\",\"dateModified\":\"2018-04-17T04:08:29+00:00\",\"breadcrumb\":{\"@id\":\"https:\/\/vosgesinfo.fr\/gerardmerinfo\/2018\/04\/capeb-vosges-assemblee-generale-riche-echanges\/#breadcrumb\"},\"inLanguage\":\"fr-FR\",\"potentialAction\":[{\"@type\":\"ReadAction\",\"target\":[\"https:\/\/vosgesinfo.fr\/gerardmerinfo\/2018\/04\/capeb-vosges-assemblee-generale-riche-echanges\/\"]}]},{\"@type\":\"ImageObject\",\"inLanguage\":\"fr-FR\",\"@id\":\"https:\/\/vosgesinfo.fr\/gerardmerinfo\/2018\/04\/capeb-vosges-assemblee-generale-riche-echanges\/#primaryimage\",\"url\":\"https:\/\/vosgesinfo.fr\/app\/uploads\/sites\/6\/2024\/07\/201804ag-capeb-vosges-2018-2.jpg\",\"contentUrl\":\"https:\/\/vosgesinfo.fr\/app\/uploads\/sites\/6\/2024\/07\/201804ag-capeb-vosges-2018-2.jpg\",\"width\":800,\"height\":533},{\"@type\":\"BreadcrumbList\",\"@id\":\"https:\/\/vosgesinfo.fr\/gerardmerinfo\/2018\/04\/capeb-vosges-assemblee-generale-riche-echanges\/#breadcrumb\",\"itemListElement\":[{\"@type\":\"ListItem\",\"position\":1,\"name\":\"Home\",\"item\":\"https:\/\/vosgesinfo.fr\/gerardmerinfo\/\"},{\"@type\":\"ListItem\",\"position\":2,\"name\":\"CAPEB VOSGES : une assembl\u00e9e g\u00e9n\u00e9rale riche en \u00e9changes\"}]},{\"@type\":\"WebSite\",\"@id\":\"https:\/\/vosgesinfo.fr\/gerardmerinfo\/#website\",\"url\":\"https:\/\/vosgesinfo.fr\/gerardmerinfo\/\",\"name\":\"Gerardmer Info\",\"description\":\"Toute l&#039;actualit\u00e9 de G\u00e9rardmer\",\"publisher\":{\"@id\":\"https:\/\/vosgesinfo.fr\/gerardmerinfo\/#organization\"},\"alternateName\":\"Toute l'actualit\u00e9 de G\u00e9rardmer\",\"potentialAction\":[{\"@type\":\"SearchAction\",\"target\":{\"@type\":\"EntryPoint\",\"urlTemplate\":\"https:\/\/vosgesinfo.fr\/gerardmerinfo\/?s={search_term_string}\"},\"query-input\":\"required name=search_term_string\"}],\"inLanguage\":\"fr-FR\"},{\"@type\":\"Organization\",\"@id\":\"https:\/\/vosgesinfo.fr\/gerardmerinfo\/#organization\",\"name\":\"Gerardmer Info\",\"url\":\"https:\/\/vosgesinfo.fr\/gerardmerinfo\/\",\"logo\":{\"@type\":\"ImageObject\",\"inLanguage\":\"fr-FR\",\"@id\":\"https:\/\/vosgesinfo.fr\/gerardmerinfo\/#\/schema\/logo\/image\/\",\"url\":\"https:\/\/vosgesinfo.fr\/app\/uploads\/sites\/6\/2023\/08\/favicon-gerardmerinfo.png\",\"contentUrl\":\"https:\/\/vosgesinfo.fr\/app\/uploads\/sites\/6\/2023\/08\/favicon-gerardmerinfo.png\",\"width\":512,\"height\":512,\"caption\":\"Gerardmer Info\"},\"image\":{\"@id\":\"https:\/\/vosgesinfo.fr\/gerardmerinfo\/#\/schema\/logo\/image\/\"},\"sameAs\":[\"https:\/\/www.facebook.com\/profile.php?id=100049475262660\",\"https:\/\/x.com\/VosgesInfo88\",\"https:\/\/www.youtube.com\/@vosgesinfo\"]},{\"@type\":\"Person\",\"@id\":\"https:\/\/vosgesinfo.fr\/gerardmerinfo\/#\/schema\/person\/db5605779a843dad16b5368f3e7613a5\",\"name\":\"QG\",\"image\":{\"@type\":\"ImageObject\",\"inLanguage\":\"fr-FR\",\"@id\":\"https:\/\/vosgesinfo.fr\/gerardmerinfo\/#\/schema\/person\/image\/\",\"url\":\"https:\/\/secure.gravatar.com\/avatar\/ea80c42c204b534408512832fde52504ecabb9706bcb6151cf6175e5b64e6793?s=96&d=mm&r=g\",\"contentUrl\":\"https:\/\/secure.gravatar.com\/avatar\/ea80c42c204b534408512832fde52504ecabb9706bcb6151cf6175e5b64e6793?s=96&d=mm&r=g\",\"caption\":\"QG\"},\"url\":\"https:\/\/vosgesinfo.fr\/gerardmerinfo\/author\/quentin88\/\"}]}<\/script>\n<!-- \/ Yoast SEO plugin. -->","yoast_head_json":{"title":"CAPEB VOSGES : une assembl\u00e9e g\u00e9n\u00e9rale riche en \u00e9changes - Gerardmer Info","robots":{"index":"index","follow":"follow","max-snippet":"max-snippet:-1","max-image-preview":"max-image-preview:large","max-video-preview":"max-video-preview:-1"},"canonical":"https:\/\/vosgesinfo.fr\/gerardmerinfo\/2018\/04\/capeb-vosges-assemblee-generale-riche-echanges\/","twitter_card":"summary_large_image","twitter_title":"CAPEB VOSGES : une assembl\u00e9e g\u00e9n\u00e9rale riche en \u00e9changes - Gerardmer Info","twitter_description":"Le 13 avril dernier a eu lieu l\u2019Assembl\u00e9e G\u00e9n\u00e9rale annuelle de la CAPEB des Vosges. La premi\u00e8re partie a \u00e9t\u00e9 [&hellip;]","twitter_image":"https:\/\/vosgesinfo.fr\/app\/uploads\/sites\/6\/2024\/07\/201804ag-capeb-vosges-2018-2.jpg","twitter_creator":"@VosgesInfo88","twitter_site":"@VosgesInfo88","twitter_misc":{"\u00c9crit par":"QG","Dur\u00e9e de lecture estim\u00e9e":"4 minutes"},"schema":{"@context":"https:\/\/schema.org","@graph":[{"@type":"Article","@id":"https:\/\/vosgesinfo.fr\/gerardmerinfo\/2018\/04\/capeb-vosges-assemblee-generale-riche-echanges\/#article","isPartOf":{"@id":"https:\/\/vosgesinfo.fr\/gerardmerinfo\/2018\/04\/capeb-vosges-assemblee-generale-riche-echanges\/"},"author":{"name":"QG","@id":"https:\/\/vosgesinfo.fr\/gerardmerinfo\/#\/schema\/person\/db5605779a843dad16b5368f3e7613a5"},"headline":"CAPEB VOSGES : une assembl\u00e9e g\u00e9n\u00e9rale riche en \u00e9changes","datePublished":"2018-04-17T04:08:29+00:00","dateModified":"2018-04-17T04:08:29+00:00","mainEntityOfPage":{"@id":"https:\/\/vosgesinfo.fr\/gerardmerinfo\/2018\/04\/capeb-vosges-assemblee-generale-riche-echanges\/"},"wordCount":872,"commentCount":0,"publisher":{"@id":"https:\/\/vosgesinfo.fr\/gerardmerinfo\/#organization"},"image":{"@id":"https:\/\/vosgesinfo.fr\/gerardmerinfo\/2018\/04\/capeb-vosges-assemblee-generale-riche-echanges\/#primaryimage"},"thumbnailUrl":"https:\/\/vosgesinfo.fr\/app\/uploads\/sites\/6\/2024\/07\/201804ag-capeb-vosges-2018-2.jpg","keywords":["CAPEB"],"articleSection":["A la une","\u00c9conomie","Vosges"],"inLanguage":"fr-FR","potentialAction":[{"@type":"CommentAction","name":"Comment","target":["https:\/\/vosgesinfo.fr\/gerardmerinfo\/2018\/04\/capeb-vosges-assemblee-generale-riche-echanges\/#respond"]}]},{"@type":"WebPage","@id":"https:\/\/vosgesinfo.fr\/gerardmerinfo\/2018\/04\/capeb-vosges-assemblee-generale-riche-echanges\/","url":"https:\/\/vosgesinfo.fr\/gerardmerinfo\/2018\/04\/capeb-vosges-assemblee-generale-riche-echanges\/","name":"CAPEB VOSGES : une assembl\u00e9e g\u00e9n\u00e9rale riche en \u00e9changes - Gerardmer Info","isPartOf":{"@id":"https:\/\/vosgesinfo.fr\/gerardmerinfo\/#website"},"primaryImageOfPage":{"@id":"https:\/\/vosgesinfo.fr\/gerardmerinfo\/2018\/04\/capeb-vosges-assemblee-generale-riche-echanges\/#primaryimage"},"image":{"@id":"https:\/\/vosgesinfo.fr\/gerardmerinfo\/2018\/04\/capeb-vosges-assemblee-generale-riche-echanges\/#primaryimage"},"thumbnailUrl":"https:\/\/vosgesinfo.fr\/app\/uploads\/sites\/6\/2024\/07\/201804ag-capeb-vosges-2018-2.jpg","datePublished":"2018-04-17T04:08:29+00:00","dateModified":"2018-04-17T04:08:29+00:00","breadcrumb":{"@id":"https:\/\/vosgesinfo.fr\/gerardmerinfo\/2018\/04\/capeb-vosges-assemblee-generale-riche-echanges\/#breadcrumb"},"inLanguage":"fr-FR","potentialAction":[{"@type":"ReadAction","target":["https:\/\/vosgesinfo.fr\/gerardmerinfo\/2018\/04\/capeb-vosges-assemblee-generale-riche-echanges\/"]}]},{"@type":"ImageObject","inLanguage":"fr-FR","@id":"https:\/\/vosgesinfo.fr\/gerardmerinfo\/2018\/04\/capeb-vosges-assemblee-generale-riche-echanges\/#primaryimage","url":"https:\/\/vosgesinfo.fr\/app\/uploads\/sites\/6\/2024\/07\/201804ag-capeb-vosges-2018-2.jpg","contentUrl":"https:\/\/vosgesinfo.fr\/app\/uploads\/sites\/6\/2024\/07\/201804ag-capeb-vosges-2018-2.jpg","width":800,"height":533},{"@type":"BreadcrumbList","@id":"https:\/\/vosgesinfo.fr\/gerardmerinfo\/2018\/04\/capeb-vosges-assemblee-generale-riche-echanges\/#breadcrumb","itemListElement":[{"@type":"ListItem","position":1,"name":"Home","item":"https:\/\/vosgesinfo.fr\/gerardmerinfo\/"},{"@type":"ListItem","position":2,"name":"CAPEB VOSGES : une assembl\u00e9e g\u00e9n\u00e9rale riche en \u00e9changes"}]},{"@type":"WebSite","@id":"https:\/\/vosgesinfo.fr\/gerardmerinfo\/#website","url":"https:\/\/vosgesinfo.fr\/gerardmerinfo\/","name":"Gerardmer Info","description":"Toute l&#039;actualit\u00e9 de G\u00e9rardmer","publisher":{"@id":"https:\/\/vosgesinfo.fr\/gerardmerinfo\/#organization"},"alternateName":"Toute l'actualit\u00e9 de G\u00e9rardmer","potentialAction":[{"@type":"SearchAction","target":{"@type":"EntryPoint","urlTemplate":"https:\/\/vosgesinfo.fr\/gerardmerinfo\/?s={search_term_string}"},"query-input":"required name=search_term_string"}],"inLanguage":"fr-FR"},{"@type":"Organization","@id":"https:\/\/vosgesinfo.fr\/gerardmerinfo\/#organization","name":"Gerardmer Info","url":"https:\/\/vosgesinfo.fr\/gerardmerinfo\/","logo":{"@type":"ImageObject","inLanguage":"fr-FR","@id":"https:\/\/vosgesinfo.fr\/gerardmerinfo\/#\/schema\/logo\/image\/","url":"https:\/\/vosgesinfo.fr\/app\/uploads\/sites\/6\/2023\/08\/favicon-gerardmerinfo.png","contentUrl":"https:\/\/vosgesinfo.fr\/app\/uploads\/sites\/6\/2023\/08\/favicon-gerardmerinfo.png","width":512,"height":512,"caption":"Gerardmer Info"},"image":{"@id":"https:\/\/vosgesinfo.fr\/gerardmerinfo\/#\/schema\/logo\/image\/"},"sameAs":["https:\/\/www.facebook.com\/profile.php?id=100049475262660","https:\/\/x.com\/VosgesInfo88","https:\/\/www.youtube.com\/@vosgesinfo"]},{"@type":"Person","@id":"https:\/\/vosgesinfo.fr\/gerardmerinfo\/#\/schema\/person\/db5605779a843dad16b5368f3e7613a5","name":"QG","image":{"@type":"ImageObject","inLanguage":"fr-FR","@id":"https:\/\/vosgesinfo.fr\/gerardmerinfo\/#\/schema\/person\/image\/","url":"https:\/\/secure.gravatar.com\/avatar\/ea80c42c204b534408512832fde52504ecabb9706bcb6151cf6175e5b64e6793?s=96&d=mm&r=g","contentUrl":"https:\/\/secure.gravatar.com\/avatar\/ea80c42c204b534408512832fde52504ecabb9706bcb6151cf6175e5b64e6793?s=96&d=mm&r=g","caption":"QG"},"url":"https:\/\/vosgesinfo.fr\/gerardmerinfo\/author\/quentin88\/"}]}},"_links":{"self":[{"href":"https:\/\/vosgesinfo.fr\/gerardmerinfo\/wp-json\/wp\/v2\/posts\/33412","targetHints":{"allow":["GET"]}}],"collection":[{"href":"https:\/\/vosgesinfo.fr\/gerardmerinfo\/wp-json\/wp\/v2\/posts"}],"about":[{"href":"https:\/\/vosgesinfo.fr\/gerardmerinfo\/wp-json\/wp\/v2\/types\/post"}],"author":[{"embeddable":true,"href":"https:\/\/vosgesinfo.fr\/gerardmerinfo\/wp-json\/wp\/v2\/users\/42"}],"replies":[{"embeddable":true,"href":"https:\/\/vosgesinfo.fr\/gerardmerinfo\/wp-json\/wp\/v2\/comments?post=33412"}],"version-history":[{"count":0,"href":"https:\/\/vosgesinfo.fr\/gerardmerinfo\/wp-json\/wp\/v2\/posts\/33412\/revisions"}],"wp:featuredmedia":[{"embeddable":true,"href":"https:\/\/vosgesinfo.fr\/gerardmerinfo\/wp-json\/wp\/v2\/media\/33413"}],"wp:attachment":[{"href":"https:\/\/vosgesinfo.fr\/gerardmerinfo\/wp-json\/wp\/v2\/media?parent=33412"}],"wp:term":[{"taxonomy":"category","embeddable":true,"href":"https:\/\/vosgesinfo.fr\/gerardmerinfo\/wp-json\/wp\/v2\/categories?post=33412"},{"taxonomy":"post_tag","embeddable":true,"href":"https:\/\/vosgesinfo.fr\/gerardmerinfo\/wp-json\/wp\/v2\/tags?post=33412"}],"curies":[{"name":"wp","href":"https:\/\/api.w.org\/{rel}","templated":true}]}}