{"id":33427,"date":"2018-04-18T15:43:24","date_gmt":"2018-04-18T13:43:24","guid":{"rendered":"https:\/\/vosgesinfo.fr\/gerardmerinfo\/2018\/04\/chasseur-de-veritable-cadeau\/"},"modified":"2018-04-18T15:43:24","modified_gmt":"2018-04-18T13:43:24","slug":"chasseur-de-veritable-cadeau","status":"publish","type":"post","link":"https:\/\/vosgesinfo.fr\/gerardmerinfo\/2018\/04\/chasseur-de-veritable-cadeau\/","title":{"rendered":"\u00ab\u00a0Chasseur de son\u00a0\u00bb : \u00ab\u00a0un v\u00e9ritable cadeau\u00a0\u00bb"},"content":{"rendered":"<h3><strong>Mardi soir, la MCL de G\u00e9rardmer avait convi\u00e9 le public local \u00e0 l&rsquo;avant-premi\u00e8re du film \u00ab\u00a0Chasseur de son\u00a0\u00bb avec Marc Namblard, r\u00e9alis\u00e9 par St\u00e9phane Manchematin et Serge Steyer.<\/strong><\/h3>\n<p>Une projection en 5.1 organis\u00e9e par France 3 en pr\u00e9sence d&rsquo;une partie de l\u2019\u00e9quipe du film et notamment de Marc Namblard lui-m\u00eame ainsi que du r\u00e9alisateur St\u00e9phane Manchematin. Pr\u00e9cisons tout d&rsquo;abord qu&rsquo;il s&rsquo;agissait de la version TV de 52 minutes qui sera diffus\u00e9e sur France 3 Grand Est le lundi 23 avril prochain, apr\u00e8s le Soir 3. Cette version fait \u00e9cho \u00e0 celle de 90 minutes destin\u00e9e aux salles de cin\u00e9mas (d\u00e9j\u00e0 projet\u00e9e \u00e0 Strasbourg, Nancy ou \u00c9pinal), intitul\u00e9e \u00ab\u00a0L&rsquo;esprit des lieux\u00a0\u00bb et sans doute un plus contemplative encore que sa petite s\u0153ur.<\/p>\n<div id=\"attachment_126171\" style=\"width: 350px\" class=\"wp-caption alignright\"><a href=\"\/2018\/04\/M.-Namblard-S.-Manchematin.jpg\"><img decoding=\"async\" aria-describedby=\"caption-attachment-126171\" class=\"size-medium wp-image-126171\" src=\"\/2018\/04\/M.-Namblard-S.-Manchematin-340x255.jpg\" alt=\"Marc Namblard &amp; St\u00e9phane Manchematin (\u00e0 gauche sur la photo).\" width=\"340\" height=\"255\" \/><\/a><p id=\"caption-attachment-126171\" class=\"wp-caption-text\"><span style=\"color: #000080;\">Marc Namblard &amp; St\u00e9phane Manchematin (\u00e0 gauche sur la photo).<\/span><\/p><\/div>\n<p>Comme le pr\u00e9cise le synopsis du film, \u00ab\u00a0<em>Marc Namblard se consacre \u00e0 sa passion pour le monde sonore. Un h\u00e9ritage paternel qu\u2019il s\u2019efforce de transmettre \u00e0 sa fille. \u00c0 la tomb\u00e9e du jour, il camoufle ses micros dans un sous-bois, d\u00e9clenche son enregistreur puis se fond dans la nature. Toute la nuit, le dispositif capte les ambiances sonores. De retour en studio, Marc \u00e9coute les enregistrements en qu\u00eate de p\u00e9pites. Un jour, le compositeur Christian Zan\u00e9si s\u2019invite chez lui et lui propose d\u2019utiliser ses sons comme mati\u00e8re premi\u00e8re d\u2019une cr\u00e9ation musicale.<\/em>\u00a0\u00bb<\/p>\n<p>\u00c9loquent et myst\u00e9rieux \u00e0 la fois, cette courte pr\u00e9sentation nous laisse finalement entrevoir le potentiel du film sans en d\u00e9voiler la richesse&#8230; Une richesse qui est tout d&rsquo;abord n\u00e9e d&rsquo;un d\u00e9sir du duo de r\u00e9alisateurs : celui de faire un film sur l&rsquo;\u00e9coute, d&rsquo;aller plus loin dans le son, de \u00ab\u00a0<em>mettre le spectateur dans une position d&rsquo;auditeur<\/em>\u00a0\u00bb et de cr\u00e9er une v\u00e9ritable immersion sonore. Suite \u00e0 un masterclass avec Nicolas Philibert qui a sign\u00e9 \u00ab\u00a0La maison de la radio\u00a0\u00bb , St\u00e9phane Manchematin \u00e9voque une s\u00e9quence avec Marc Namblard&#8230; Le chasseur de son vosgien s&rsquo;imposera naturellement comme le personnage central id\u00e9al pour un tel projet, forc\u00e9ment ambitieux.<\/p>\n<p>Un projet o\u00f9 le son est au c\u0153ur du travail de Serge Steyer et son comp\u00e8re, deux r\u00e9alisateurs qui travaillent beaucoup sur l&rsquo;\u00e9coute sans pour autant n\u00e9gliger l&rsquo;image, vous le constaterez en visionnant le film. Et pourtant, vous ne verrez pas d&rsquo;animaux (ou presque&#8230; Disons un col\u00e9opt\u00e8re et un crapaud !) dans \u00ab\u00a0Chasseur de son\u00a0\u00bb ! C&rsquo;est aussi un travail sur l&rsquo;imaginaire qui a motiv\u00e9 St\u00e9phane Manchematin et Serge Steyer qui vous laissent d&rsquo;ailleurs deviner quels sont les lieux de tournages choisis, livrant une vision souvent onirique des sites en question&#8230; Et pourtant, depuis la MCL de G\u00e9rardmer ce mardi, vous n&rsquo;\u00e9tiez souvent pas si loin&#8230;<\/p>\n<p>Le film est \u00e9galement port\u00e9 sur la transmission d&rsquo;une passion familiale et glisse quelques moments touchants, faisant toujours la part belle au son. On d\u00e9couvre ainsi Marc Namblard \u00ab\u00a0feuilletant un album sonore plut\u00f4t qu&rsquo;un album photo\u00a0\u00bb comme le dit si bien St\u00e9phane Manchematin. Transmission mais aussi \u00e9change autour d&rsquo;une passion avec \u00e9galement le projet qui associe tout au long du film le chasseur de son lui-m\u00eame et Christian Zan\u00e9si. Le compositeur qui est donc en qu\u00eate de nouvelles mati\u00e8res, qui finalement \u00ab\u00a0chasse\u00a0\u00bb lui aussi du son pour sculpter une pi\u00e8ce musicale originale. Une cr\u00e9ation qui vous laisse avec ce sentiment que la nature joue pour vous, un peu comme le signale Marc Namblard \u00e0 un moment lorsque les deux hommes se retrouvent pour une premi\u00e8re \u00e9coute.<\/p>\n<p>Difficile d&rsquo;en dire plus \u00e0 pr\u00e9sent, \u00e0 vous de tendre l&rsquo;oreille sur France 3 le lundi 23 et pendant un mois o\u00f9 le film sera en ligne sur le site de France 3 Grand Est. Sinon, surveillez l&rsquo;agenda des salles obscures !<\/p>\n<p>\u00ab\u00a0Chasseur de son\u00a0\u00bb &#8211; Une production Les Films de la pluie, Ana Films, avec la participation de France T\u00e9l\u00e9visions<br \/>\nAvec la participation du CNC, de la Cit\u00e9 des Paysages\/ Conseil d\u00e9partemental de Meurthe-et-Moselle, avec le soutien de la R\u00e9gion Bretagne, de la R\u00e9gion Grand Est et de Strasbourg Eurom\u00e9tropole en partenariat avec le CNC, de la PROCIREP \u2013 Soci\u00e9t\u00e9 des producteurs, et de l\u2019ANGOA<\/p>\n","protected":false},"excerpt":{"rendered":"<p>Mardi soir, la MCL de G\u00e9rardmer avait convi\u00e9 le public local \u00e0 l&rsquo;avant-premi\u00e8re du film \u00ab\u00a0Chasseur de son\u00a0\u00bb avec Marc [&hellip;]<\/p>\n","protected":false},"author":42,"featured_media":33428,"comment_status":"open","ping_status":"open","sticky":false,"template":"","format":"standard","meta":{"footnotes":""},"categories":[20,39,4,18],"tags":[3572,3573,3575,3576],"class_list":["post-33427","post","type-post","status-publish","format-standard","has-post-thumbnail","hentry","category-a-la-une","category-cinema","category-culture","category-vosges","tag-chasseur-de-son","tag-marc-namblard","tag-serge-steyer","tag-stephane-manchematin"],"acf":[],"yoast_head":"<!-- This site is optimized with the Yoast SEO plugin v22.5 - https:\/\/yoast.com\/wordpress\/plugins\/seo\/ -->\n<title>&quot;Chasseur de son&quot; : &quot;un v\u00e9ritable cadeau&quot; - Gerardmer Info<\/title>\n<meta name=\"robots\" content=\"index, follow, max-snippet:-1, max-image-preview:large, max-video-preview:-1\" \/>\n<link rel=\"canonical\" href=\"https:\/\/vosgesinfo.fr\/gerardmerinfo\/2018\/04\/chasseur-de-veritable-cadeau\/\" \/>\n<meta name=\"twitter:card\" content=\"summary_large_image\" \/>\n<meta name=\"twitter:title\" content=\"&quot;Chasseur de son&quot; : &quot;un v\u00e9ritable cadeau&quot; - Gerardmer Info\" \/>\n<meta name=\"twitter:description\" content=\"Mardi soir, la MCL de G\u00e9rardmer avait convi\u00e9 le public local \u00e0 l&rsquo;avant-premi\u00e8re du film \u00ab\u00a0Chasseur de son\u00a0\u00bb avec Marc [&hellip;]\" \/>\n<meta name=\"twitter:image\" content=\"https:\/\/vosgesinfo.fr\/app\/uploads\/sites\/6\/2024\/07\/201804m.-namblard-s.-manchematin.jpg\" \/>\n<meta name=\"twitter:creator\" content=\"@VosgesInfo88\" \/>\n<meta name=\"twitter:site\" content=\"@VosgesInfo88\" \/>\n<meta name=\"twitter:label1\" content=\"\u00c9crit par\" \/>\n\t<meta name=\"twitter:data1\" content=\"QG\" \/>\n\t<meta name=\"twitter:label2\" content=\"Dur\u00e9e de lecture estim\u00e9e\" \/>\n\t<meta name=\"twitter:data2\" content=\"4 minutes\" \/>\n<script type=\"application\/ld+json\" class=\"yoast-schema-graph\">{\"@context\":\"https:\/\/schema.org\",\"@graph\":[{\"@type\":\"Article\",\"@id\":\"https:\/\/vosgesinfo.fr\/gerardmerinfo\/2018\/04\/chasseur-de-veritable-cadeau\/#article\",\"isPartOf\":{\"@id\":\"https:\/\/vosgesinfo.fr\/gerardmerinfo\/2018\/04\/chasseur-de-veritable-cadeau\/\"},\"author\":{\"name\":\"QG\",\"@id\":\"https:\/\/vosgesinfo.fr\/gerardmerinfo\/#\/schema\/person\/db5605779a843dad16b5368f3e7613a5\"},\"headline\":\"\u00ab\u00a0Chasseur de son\u00a0\u00bb : \u00ab\u00a0un v\u00e9ritable cadeau\u00a0\u00bb\",\"datePublished\":\"2018-04-18T13:43:24+00:00\",\"dateModified\":\"2018-04-18T13:43:24+00:00\",\"mainEntityOfPage\":{\"@id\":\"https:\/\/vosgesinfo.fr\/gerardmerinfo\/2018\/04\/chasseur-de-veritable-cadeau\/\"},\"wordCount\":751,\"commentCount\":0,\"publisher\":{\"@id\":\"https:\/\/vosgesinfo.fr\/gerardmerinfo\/#organization\"},\"image\":{\"@id\":\"https:\/\/vosgesinfo.fr\/gerardmerinfo\/2018\/04\/chasseur-de-veritable-cadeau\/#primaryimage\"},\"thumbnailUrl\":\"https:\/\/vosgesinfo.fr\/app\/uploads\/sites\/6\/2024\/07\/201804m.-namblard-s.-manchematin.jpg\",\"keywords\":[\"chasseur de son\",\"Marc Namblard\",\"serge steyer\",\"stephane Manchematin\"],\"articleSection\":[\"A la une\",\"cin\u00e9ma\",\"Culture\",\"Vosges\"],\"inLanguage\":\"fr-FR\",\"potentialAction\":[{\"@type\":\"CommentAction\",\"name\":\"Comment\",\"target\":[\"https:\/\/vosgesinfo.fr\/gerardmerinfo\/2018\/04\/chasseur-de-veritable-cadeau\/#respond\"]}]},{\"@type\":\"WebPage\",\"@id\":\"https:\/\/vosgesinfo.fr\/gerardmerinfo\/2018\/04\/chasseur-de-veritable-cadeau\/\",\"url\":\"https:\/\/vosgesinfo.fr\/gerardmerinfo\/2018\/04\/chasseur-de-veritable-cadeau\/\",\"name\":\"\\\"Chasseur de son\\\" : \\\"un v\u00e9ritable cadeau\\\" - Gerardmer Info\",\"isPartOf\":{\"@id\":\"https:\/\/vosgesinfo.fr\/gerardmerinfo\/#website\"},\"primaryImageOfPage\":{\"@id\":\"https:\/\/vosgesinfo.fr\/gerardmerinfo\/2018\/04\/chasseur-de-veritable-cadeau\/#primaryimage\"},\"image\":{\"@id\":\"https:\/\/vosgesinfo.fr\/gerardmerinfo\/2018\/04\/chasseur-de-veritable-cadeau\/#primaryimage\"},\"thumbnailUrl\":\"https:\/\/vosgesinfo.fr\/app\/uploads\/sites\/6\/2024\/07\/201804m.-namblard-s.-manchematin.jpg\",\"datePublished\":\"2018-04-18T13:43:24+00:00\",\"dateModified\":\"2018-04-18T13:43:24+00:00\",\"breadcrumb\":{\"@id\":\"https:\/\/vosgesinfo.fr\/gerardmerinfo\/2018\/04\/chasseur-de-veritable-cadeau\/#breadcrumb\"},\"inLanguage\":\"fr-FR\",\"potentialAction\":[{\"@type\":\"ReadAction\",\"target\":[\"https:\/\/vosgesinfo.fr\/gerardmerinfo\/2018\/04\/chasseur-de-veritable-cadeau\/\"]}]},{\"@type\":\"ImageObject\",\"inLanguage\":\"fr-FR\",\"@id\":\"https:\/\/vosgesinfo.fr\/gerardmerinfo\/2018\/04\/chasseur-de-veritable-cadeau\/#primaryimage\",\"url\":\"https:\/\/vosgesinfo.fr\/app\/uploads\/sites\/6\/2024\/07\/201804m.-namblard-s.-manchematin.jpg\",\"contentUrl\":\"https:\/\/vosgesinfo.fr\/app\/uploads\/sites\/6\/2024\/07\/201804m.-namblard-s.-manchematin.jpg\",\"width\":800,\"height\":600},{\"@type\":\"BreadcrumbList\",\"@id\":\"https:\/\/vosgesinfo.fr\/gerardmerinfo\/2018\/04\/chasseur-de-veritable-cadeau\/#breadcrumb\",\"itemListElement\":[{\"@type\":\"ListItem\",\"position\":1,\"name\":\"Home\",\"item\":\"https:\/\/vosgesinfo.fr\/gerardmerinfo\/\"},{\"@type\":\"ListItem\",\"position\":2,\"name\":\"\u00ab\u00a0Chasseur de son\u00a0\u00bb : \u00ab\u00a0un v\u00e9ritable cadeau\u00a0\u00bb\"}]},{\"@type\":\"WebSite\",\"@id\":\"https:\/\/vosgesinfo.fr\/gerardmerinfo\/#website\",\"url\":\"https:\/\/vosgesinfo.fr\/gerardmerinfo\/\",\"name\":\"Gerardmer Info\",\"description\":\"Toute l&#039;actualit\u00e9 de G\u00e9rardmer\",\"publisher\":{\"@id\":\"https:\/\/vosgesinfo.fr\/gerardmerinfo\/#organization\"},\"alternateName\":\"Toute l'actualit\u00e9 de G\u00e9rardmer\",\"potentialAction\":[{\"@type\":\"SearchAction\",\"target\":{\"@type\":\"EntryPoint\",\"urlTemplate\":\"https:\/\/vosgesinfo.fr\/gerardmerinfo\/?s={search_term_string}\"},\"query-input\":\"required name=search_term_string\"}],\"inLanguage\":\"fr-FR\"},{\"@type\":\"Organization\",\"@id\":\"https:\/\/vosgesinfo.fr\/gerardmerinfo\/#organization\",\"name\":\"Gerardmer Info\",\"url\":\"https:\/\/vosgesinfo.fr\/gerardmerinfo\/\",\"logo\":{\"@type\":\"ImageObject\",\"inLanguage\":\"fr-FR\",\"@id\":\"https:\/\/vosgesinfo.fr\/gerardmerinfo\/#\/schema\/logo\/image\/\",\"url\":\"https:\/\/vosgesinfo.fr\/app\/uploads\/sites\/6\/2023\/08\/favicon-gerardmerinfo.png\",\"contentUrl\":\"https:\/\/vosgesinfo.fr\/app\/uploads\/sites\/6\/2023\/08\/favicon-gerardmerinfo.png\",\"width\":512,\"height\":512,\"caption\":\"Gerardmer Info\"},\"image\":{\"@id\":\"https:\/\/vosgesinfo.fr\/gerardmerinfo\/#\/schema\/logo\/image\/\"},\"sameAs\":[\"https:\/\/www.facebook.com\/profile.php?id=100049475262660\",\"https:\/\/x.com\/VosgesInfo88\",\"https:\/\/www.youtube.com\/@vosgesinfo\"]},{\"@type\":\"Person\",\"@id\":\"https:\/\/vosgesinfo.fr\/gerardmerinfo\/#\/schema\/person\/db5605779a843dad16b5368f3e7613a5\",\"name\":\"QG\",\"image\":{\"@type\":\"ImageObject\",\"inLanguage\":\"fr-FR\",\"@id\":\"https:\/\/vosgesinfo.fr\/gerardmerinfo\/#\/schema\/person\/image\/\",\"url\":\"https:\/\/secure.gravatar.com\/avatar\/ea80c42c204b534408512832fde52504ecabb9706bcb6151cf6175e5b64e6793?s=96&d=mm&r=g\",\"contentUrl\":\"https:\/\/secure.gravatar.com\/avatar\/ea80c42c204b534408512832fde52504ecabb9706bcb6151cf6175e5b64e6793?s=96&d=mm&r=g\",\"caption\":\"QG\"},\"url\":\"https:\/\/vosgesinfo.fr\/gerardmerinfo\/author\/quentin88\/\"}]}<\/script>\n<!-- \/ Yoast SEO plugin. -->","yoast_head_json":{"title":"\"Chasseur de son\" : \"un v\u00e9ritable cadeau\" - Gerardmer Info","robots":{"index":"index","follow":"follow","max-snippet":"max-snippet:-1","max-image-preview":"max-image-preview:large","max-video-preview":"max-video-preview:-1"},"canonical":"https:\/\/vosgesinfo.fr\/gerardmerinfo\/2018\/04\/chasseur-de-veritable-cadeau\/","twitter_card":"summary_large_image","twitter_title":"\"Chasseur de son\" : \"un v\u00e9ritable cadeau\" - Gerardmer Info","twitter_description":"Mardi soir, la MCL de G\u00e9rardmer avait convi\u00e9 le public local \u00e0 l&rsquo;avant-premi\u00e8re du film \u00ab\u00a0Chasseur de son\u00a0\u00bb avec Marc [&hellip;]","twitter_image":"https:\/\/vosgesinfo.fr\/app\/uploads\/sites\/6\/2024\/07\/201804m.-namblard-s.-manchematin.jpg","twitter_creator":"@VosgesInfo88","twitter_site":"@VosgesInfo88","twitter_misc":{"\u00c9crit par":"QG","Dur\u00e9e de lecture estim\u00e9e":"4 minutes"},"schema":{"@context":"https:\/\/schema.org","@graph":[{"@type":"Article","@id":"https:\/\/vosgesinfo.fr\/gerardmerinfo\/2018\/04\/chasseur-de-veritable-cadeau\/#article","isPartOf":{"@id":"https:\/\/vosgesinfo.fr\/gerardmerinfo\/2018\/04\/chasseur-de-veritable-cadeau\/"},"author":{"name":"QG","@id":"https:\/\/vosgesinfo.fr\/gerardmerinfo\/#\/schema\/person\/db5605779a843dad16b5368f3e7613a5"},"headline":"\u00ab\u00a0Chasseur de son\u00a0\u00bb : \u00ab\u00a0un v\u00e9ritable cadeau\u00a0\u00bb","datePublished":"2018-04-18T13:43:24+00:00","dateModified":"2018-04-18T13:43:24+00:00","mainEntityOfPage":{"@id":"https:\/\/vosgesinfo.fr\/gerardmerinfo\/2018\/04\/chasseur-de-veritable-cadeau\/"},"wordCount":751,"commentCount":0,"publisher":{"@id":"https:\/\/vosgesinfo.fr\/gerardmerinfo\/#organization"},"image":{"@id":"https:\/\/vosgesinfo.fr\/gerardmerinfo\/2018\/04\/chasseur-de-veritable-cadeau\/#primaryimage"},"thumbnailUrl":"https:\/\/vosgesinfo.fr\/app\/uploads\/sites\/6\/2024\/07\/201804m.-namblard-s.-manchematin.jpg","keywords":["chasseur de son","Marc Namblard","serge steyer","stephane Manchematin"],"articleSection":["A la une","cin\u00e9ma","Culture","Vosges"],"inLanguage":"fr-FR","potentialAction":[{"@type":"CommentAction","name":"Comment","target":["https:\/\/vosgesinfo.fr\/gerardmerinfo\/2018\/04\/chasseur-de-veritable-cadeau\/#respond"]}]},{"@type":"WebPage","@id":"https:\/\/vosgesinfo.fr\/gerardmerinfo\/2018\/04\/chasseur-de-veritable-cadeau\/","url":"https:\/\/vosgesinfo.fr\/gerardmerinfo\/2018\/04\/chasseur-de-veritable-cadeau\/","name":"\"Chasseur de son\" : \"un v\u00e9ritable cadeau\" - Gerardmer Info","isPartOf":{"@id":"https:\/\/vosgesinfo.fr\/gerardmerinfo\/#website"},"primaryImageOfPage":{"@id":"https:\/\/vosgesinfo.fr\/gerardmerinfo\/2018\/04\/chasseur-de-veritable-cadeau\/#primaryimage"},"image":{"@id":"https:\/\/vosgesinfo.fr\/gerardmerinfo\/2018\/04\/chasseur-de-veritable-cadeau\/#primaryimage"},"thumbnailUrl":"https:\/\/vosgesinfo.fr\/app\/uploads\/sites\/6\/2024\/07\/201804m.-namblard-s.-manchematin.jpg","datePublished":"2018-04-18T13:43:24+00:00","dateModified":"2018-04-18T13:43:24+00:00","breadcrumb":{"@id":"https:\/\/vosgesinfo.fr\/gerardmerinfo\/2018\/04\/chasseur-de-veritable-cadeau\/#breadcrumb"},"inLanguage":"fr-FR","potentialAction":[{"@type":"ReadAction","target":["https:\/\/vosgesinfo.fr\/gerardmerinfo\/2018\/04\/chasseur-de-veritable-cadeau\/"]}]},{"@type":"ImageObject","inLanguage":"fr-FR","@id":"https:\/\/vosgesinfo.fr\/gerardmerinfo\/2018\/04\/chasseur-de-veritable-cadeau\/#primaryimage","url":"https:\/\/vosgesinfo.fr\/app\/uploads\/sites\/6\/2024\/07\/201804m.-namblard-s.-manchematin.jpg","contentUrl":"https:\/\/vosgesinfo.fr\/app\/uploads\/sites\/6\/2024\/07\/201804m.-namblard-s.-manchematin.jpg","width":800,"height":600},{"@type":"BreadcrumbList","@id":"https:\/\/vosgesinfo.fr\/gerardmerinfo\/2018\/04\/chasseur-de-veritable-cadeau\/#breadcrumb","itemListElement":[{"@type":"ListItem","position":1,"name":"Home","item":"https:\/\/vosgesinfo.fr\/gerardmerinfo\/"},{"@type":"ListItem","position":2,"name":"\u00ab\u00a0Chasseur de son\u00a0\u00bb : \u00ab\u00a0un v\u00e9ritable cadeau\u00a0\u00bb"}]},{"@type":"WebSite","@id":"https:\/\/vosgesinfo.fr\/gerardmerinfo\/#website","url":"https:\/\/vosgesinfo.fr\/gerardmerinfo\/","name":"Gerardmer Info","description":"Toute l&#039;actualit\u00e9 de G\u00e9rardmer","publisher":{"@id":"https:\/\/vosgesinfo.fr\/gerardmerinfo\/#organization"},"alternateName":"Toute l'actualit\u00e9 de G\u00e9rardmer","potentialAction":[{"@type":"SearchAction","target":{"@type":"EntryPoint","urlTemplate":"https:\/\/vosgesinfo.fr\/gerardmerinfo\/?s={search_term_string}"},"query-input":"required name=search_term_string"}],"inLanguage":"fr-FR"},{"@type":"Organization","@id":"https:\/\/vosgesinfo.fr\/gerardmerinfo\/#organization","name":"Gerardmer Info","url":"https:\/\/vosgesinfo.fr\/gerardmerinfo\/","logo":{"@type":"ImageObject","inLanguage":"fr-FR","@id":"https:\/\/vosgesinfo.fr\/gerardmerinfo\/#\/schema\/logo\/image\/","url":"https:\/\/vosgesinfo.fr\/app\/uploads\/sites\/6\/2023\/08\/favicon-gerardmerinfo.png","contentUrl":"https:\/\/vosgesinfo.fr\/app\/uploads\/sites\/6\/2023\/08\/favicon-gerardmerinfo.png","width":512,"height":512,"caption":"Gerardmer Info"},"image":{"@id":"https:\/\/vosgesinfo.fr\/gerardmerinfo\/#\/schema\/logo\/image\/"},"sameAs":["https:\/\/www.facebook.com\/profile.php?id=100049475262660","https:\/\/x.com\/VosgesInfo88","https:\/\/www.youtube.com\/@vosgesinfo"]},{"@type":"Person","@id":"https:\/\/vosgesinfo.fr\/gerardmerinfo\/#\/schema\/person\/db5605779a843dad16b5368f3e7613a5","name":"QG","image":{"@type":"ImageObject","inLanguage":"fr-FR","@id":"https:\/\/vosgesinfo.fr\/gerardmerinfo\/#\/schema\/person\/image\/","url":"https:\/\/secure.gravatar.com\/avatar\/ea80c42c204b534408512832fde52504ecabb9706bcb6151cf6175e5b64e6793?s=96&d=mm&r=g","contentUrl":"https:\/\/secure.gravatar.com\/avatar\/ea80c42c204b534408512832fde52504ecabb9706bcb6151cf6175e5b64e6793?s=96&d=mm&r=g","caption":"QG"},"url":"https:\/\/vosgesinfo.fr\/gerardmerinfo\/author\/quentin88\/"}]}},"_links":{"self":[{"href":"https:\/\/vosgesinfo.fr\/gerardmerinfo\/wp-json\/wp\/v2\/posts\/33427","targetHints":{"allow":["GET"]}}],"collection":[{"href":"https:\/\/vosgesinfo.fr\/gerardmerinfo\/wp-json\/wp\/v2\/posts"}],"about":[{"href":"https:\/\/vosgesinfo.fr\/gerardmerinfo\/wp-json\/wp\/v2\/types\/post"}],"author":[{"embeddable":true,"href":"https:\/\/vosgesinfo.fr\/gerardmerinfo\/wp-json\/wp\/v2\/users\/42"}],"replies":[{"embeddable":true,"href":"https:\/\/vosgesinfo.fr\/gerardmerinfo\/wp-json\/wp\/v2\/comments?post=33427"}],"version-history":[{"count":0,"href":"https:\/\/vosgesinfo.fr\/gerardmerinfo\/wp-json\/wp\/v2\/posts\/33427\/revisions"}],"wp:featuredmedia":[{"embeddable":true,"href":"https:\/\/vosgesinfo.fr\/gerardmerinfo\/wp-json\/wp\/v2\/media\/33428"}],"wp:attachment":[{"href":"https:\/\/vosgesinfo.fr\/gerardmerinfo\/wp-json\/wp\/v2\/media?parent=33427"}],"wp:term":[{"taxonomy":"category","embeddable":true,"href":"https:\/\/vosgesinfo.fr\/gerardmerinfo\/wp-json\/wp\/v2\/categories?post=33427"},{"taxonomy":"post_tag","embeddable":true,"href":"https:\/\/vosgesinfo.fr\/gerardmerinfo\/wp-json\/wp\/v2\/tags?post=33427"}],"curies":[{"name":"wp","href":"https:\/\/api.w.org\/{rel}","templated":true}]}}