{"id":33665,"date":"2018-04-30T15:52:49","date_gmt":"2018-04-30T13:52:49","guid":{"rendered":"https:\/\/vosgesinfo.fr\/gerardmerinfo\/2018\/04\/festival-arts-melanges-tissons-liens-a-lechelle-de-communaute-de-communes\/"},"modified":"2018-04-30T15:52:49","modified_gmt":"2018-04-30T13:52:49","slug":"festival-arts-melanges-tissons-liens-a-lechelle-de-communaute-de-communes","status":"publish","type":"post","link":"https:\/\/vosgesinfo.fr\/gerardmerinfo\/2018\/04\/festival-arts-melanges-tissons-liens-a-lechelle-de-communaute-de-communes\/","title":{"rendered":"Festival des Arts M\u00e9lang\u00e9s : \u00ab Tissons des liens \u00bb \u00e0 l&rsquo;\u00e9chelle de la Communaut\u00e9 de Communes"},"content":{"rendered":"<h3><span style=\"font-size: 14pt;\">Du 9 et 17 juin 2018 la Communaut\u00e9 de Communes des Hautes Vosges organise la 1\u00e8re \u00e9dition du Festival des Arts M\u00e9lang\u00e9s \u00e0 l\u2019\u00e9chelle du nouveau p\u00e9rim\u00e8tre.<\/span><\/h3>\n<p>Cette manifestation est d\u00e9sormais biennale. 53 \u00e9v\u00e8nements (arts vivants, expositions et ateliers culturels) attendent petits et grands lors de cette \u00e9dition 2018. Le th\u00e8me retenu est<strong> \u00ab Tissons des liens<\/strong> \u00bb.<\/p>\n<p><a href=\"\/2018\/04\/arts-m\u00e9lang\u00e9s-festival-2018.jpg\"><img decoding=\"async\" class=\"alignright wp-image-126795\" src=\"\/2018\/04\/arts-m\u00e9lang\u00e9s-festival-2018.jpg\" alt=\"arts m\u00e9lang\u00e9s festival 2018\" width=\"326\" height=\"417\" \/><\/a>A l\u2019heure de la mise en place de la nouvelle Communaut\u00e9 de Communes des Hautes Vosges, l\u2019un des enjeux principaux est de pouvoir s\u2019identifier \u00e0 un territoire nouvellement cr\u00e9\u00e9 et vivre ensemble. La th\u00e9matique semblait donc toute trouv\u00e9e pour cette septi\u00e8me \u00e9dition du festival.<br \/>\nLe Festival des Arts M\u00e9lang\u00e9s, ce sont dix jours consacr\u00e9s \u00e0 la culture, sous ses formes les plus vari\u00e9es : arts vivants, arts urbains, th\u00e9\u00e2tre, manifestations scolaires, expositions ou bien encore folklore\u2026 et toujours au b\u00e9n\u00e9fice des habitants !<\/p>\n<p>La d\u00e9marche culturelle est l\u2019apanage de chacun des territoires, qui a son v\u00e9cu, son histoire\u2026 mais qu\u2019il convient aujourd\u2019hui de tisser d\u2019un fil solide avec tous les acteurs de la culture et avec l\u2019appui de la Communaut\u00e9 de Communes. Il s\u2019agit de prendre en compte les diff\u00e9rences des territoires tout en proposant une action commune.<br \/>\nEn cr\u00e9ant cet \u00e9v\u00e9nement, la CCHV initie une politique culturelle ambitieuse et prouve son engagement aupr\u00e8s des 37 000 habitants.<br \/>\nC\u2019est le moyen de consid\u00e9rer la culture comme vecteur social et comme un moyen de rencontre et d\u2019\u00e9change, autour d\u2019une th\u00e9matique commune forte : le tissage.<br \/>\nD\u2019autre part, certaines animations \u00e9manent du Contrat Territorial d\u2019Education Artistique et Culturel sign\u00e9 avec l\u2019\u00c9ducation nationale, partenaire technique, le minist\u00e8re de la Culture, partenaire financier et technique et le Conseil d\u00e9partemental des Vosges, partenaire financier et technique.<br \/>\nCe contrat est un dispositif mis \u00e0 la disposition des \u00e9coles, coll\u00e8ges, lyc\u00e9es, accueils p\u00e9riscolaires et extrascolaires, pour la r\u00e9alisation de projets artistiques. Il a \u00e9t\u00e9 valid\u00e9 le 28 f\u00e9vrier par le Conseil Communautaire, pour une dur\u00e9e de 3 ans et pour l\u2019ensemble du territoire.<\/p>\n","protected":false},"excerpt":{"rendered":"<p>Du 9 et 17 juin 2018 la Communaut\u00e9 de Communes des Hautes Vosges organise la 1\u00e8re \u00e9dition du Festival des [&hellip;]<\/p>\n","protected":false},"author":1,"featured_media":33666,"comment_status":"open","ping_status":"open","sticky":false,"template":"","format":"standard","meta":{"footnotes":""},"categories":[20,4,18],"tags":[3584],"class_list":["post-33665","post","type-post","status-publish","format-standard","has-post-thumbnail","hentry","category-a-la-une","category-culture","category-vosges","tag-festival-des-arts-melanges"],"acf":[],"yoast_head":"<!-- This site is optimized with the Yoast SEO plugin v22.5 - https:\/\/yoast.com\/wordpress\/plugins\/seo\/ -->\n<title>Festival des Arts M\u00e9lang\u00e9s : \u00ab Tissons des liens \u00bb \u00e0 l&#039;\u00e9chelle de la Communaut\u00e9 de Communes - Gerardmer Info<\/title>\n<meta name=\"robots\" content=\"index, follow, max-snippet:-1, max-image-preview:large, max-video-preview:-1\" \/>\n<link rel=\"canonical\" href=\"https:\/\/vosgesinfo.fr\/gerardmerinfo\/2018\/04\/festival-arts-melanges-tissons-liens-a-lechelle-de-communaute-de-communes\/\" \/>\n<meta name=\"twitter:card\" content=\"summary_large_image\" \/>\n<meta name=\"twitter:title\" content=\"Festival des Arts M\u00e9lang\u00e9s : \u00ab Tissons des liens \u00bb \u00e0 l&#039;\u00e9chelle de la Communaut\u00e9 de Communes - Gerardmer Info\" \/>\n<meta name=\"twitter:description\" content=\"Du 9 et 17 juin 2018 la Communaut\u00e9 de Communes des Hautes Vosges organise la 1\u00e8re \u00e9dition du Festival des [&hellip;]\" \/>\n<meta name=\"twitter:image\" content=\"https:\/\/vosgesinfo.fr\/app\/uploads\/sites\/6\/2024\/07\/201804arts-melanges-festival-2018.jpg\" \/>\n<meta name=\"twitter:creator\" content=\"@VosgesInfo88\" \/>\n<meta name=\"twitter:site\" content=\"@VosgesInfo88\" \/>\n<meta name=\"twitter:label1\" content=\"\u00c9crit par\" \/>\n\t<meta name=\"twitter:data1\" content=\"qs_admin\" \/>\n\t<meta name=\"twitter:label2\" content=\"Dur\u00e9e de lecture estim\u00e9e\" \/>\n\t<meta name=\"twitter:data2\" content=\"2 minutes\" \/>\n<script type=\"application\/ld+json\" class=\"yoast-schema-graph\">{\"@context\":\"https:\/\/schema.org\",\"@graph\":[{\"@type\":\"Article\",\"@id\":\"https:\/\/vosgesinfo.fr\/gerardmerinfo\/2018\/04\/festival-arts-melanges-tissons-liens-a-lechelle-de-communaute-de-communes\/#article\",\"isPartOf\":{\"@id\":\"https:\/\/vosgesinfo.fr\/gerardmerinfo\/2018\/04\/festival-arts-melanges-tissons-liens-a-lechelle-de-communaute-de-communes\/\"},\"author\":{\"name\":\"qs_admin\",\"@id\":\"https:\/\/vosgesinfo.fr\/gerardmerinfo\/#\/schema\/person\/bc5d02d71e6932e81b6dadb7386667b1\"},\"headline\":\"Festival des Arts M\u00e9lang\u00e9s : \u00ab Tissons des liens \u00bb \u00e0 l&rsquo;\u00e9chelle de la Communaut\u00e9 de Communes\",\"datePublished\":\"2018-04-30T13:52:49+00:00\",\"dateModified\":\"2018-04-30T13:52:49+00:00\",\"mainEntityOfPage\":{\"@id\":\"https:\/\/vosgesinfo.fr\/gerardmerinfo\/2018\/04\/festival-arts-melanges-tissons-liens-a-lechelle-de-communaute-de-communes\/\"},\"wordCount\":372,\"commentCount\":0,\"publisher\":{\"@id\":\"https:\/\/vosgesinfo.fr\/gerardmerinfo\/#organization\"},\"image\":{\"@id\":\"https:\/\/vosgesinfo.fr\/gerardmerinfo\/2018\/04\/festival-arts-melanges-tissons-liens-a-lechelle-de-communaute-de-communes\/#primaryimage\"},\"thumbnailUrl\":\"https:\/\/vosgesinfo.fr\/app\/uploads\/sites\/6\/2024\/07\/201804arts-melanges-festival-2018.jpg\",\"keywords\":[\"festival des arts m\u00e9lang\u00e9s\"],\"articleSection\":[\"A la une\",\"Culture\",\"Vosges\"],\"inLanguage\":\"fr-FR\",\"potentialAction\":[{\"@type\":\"CommentAction\",\"name\":\"Comment\",\"target\":[\"https:\/\/vosgesinfo.fr\/gerardmerinfo\/2018\/04\/festival-arts-melanges-tissons-liens-a-lechelle-de-communaute-de-communes\/#respond\"]}]},{\"@type\":\"WebPage\",\"@id\":\"https:\/\/vosgesinfo.fr\/gerardmerinfo\/2018\/04\/festival-arts-melanges-tissons-liens-a-lechelle-de-communaute-de-communes\/\",\"url\":\"https:\/\/vosgesinfo.fr\/gerardmerinfo\/2018\/04\/festival-arts-melanges-tissons-liens-a-lechelle-de-communaute-de-communes\/\",\"name\":\"Festival des Arts M\u00e9lang\u00e9s : \u00ab Tissons des liens \u00bb \u00e0 l'\u00e9chelle de la Communaut\u00e9 de Communes - Gerardmer Info\",\"isPartOf\":{\"@id\":\"https:\/\/vosgesinfo.fr\/gerardmerinfo\/#website\"},\"primaryImageOfPage\":{\"@id\":\"https:\/\/vosgesinfo.fr\/gerardmerinfo\/2018\/04\/festival-arts-melanges-tissons-liens-a-lechelle-de-communaute-de-communes\/#primaryimage\"},\"image\":{\"@id\":\"https:\/\/vosgesinfo.fr\/gerardmerinfo\/2018\/04\/festival-arts-melanges-tissons-liens-a-lechelle-de-communaute-de-communes\/#primaryimage\"},\"thumbnailUrl\":\"https:\/\/vosgesinfo.fr\/app\/uploads\/sites\/6\/2024\/07\/201804arts-melanges-festival-2018.jpg\",\"datePublished\":\"2018-04-30T13:52:49+00:00\",\"dateModified\":\"2018-04-30T13:52:49+00:00\",\"breadcrumb\":{\"@id\":\"https:\/\/vosgesinfo.fr\/gerardmerinfo\/2018\/04\/festival-arts-melanges-tissons-liens-a-lechelle-de-communaute-de-communes\/#breadcrumb\"},\"inLanguage\":\"fr-FR\",\"potentialAction\":[{\"@type\":\"ReadAction\",\"target\":[\"https:\/\/vosgesinfo.fr\/gerardmerinfo\/2018\/04\/festival-arts-melanges-tissons-liens-a-lechelle-de-communaute-de-communes\/\"]}]},{\"@type\":\"ImageObject\",\"inLanguage\":\"fr-FR\",\"@id\":\"https:\/\/vosgesinfo.fr\/gerardmerinfo\/2018\/04\/festival-arts-melanges-tissons-liens-a-lechelle-de-communaute-de-communes\/#primaryimage\",\"url\":\"https:\/\/vosgesinfo.fr\/app\/uploads\/sites\/6\/2024\/07\/201804arts-melanges-festival-2018.jpg\",\"contentUrl\":\"https:\/\/vosgesinfo.fr\/app\/uploads\/sites\/6\/2024\/07\/201804arts-melanges-festival-2018.jpg\",\"width\":626,\"height\":800},{\"@type\":\"BreadcrumbList\",\"@id\":\"https:\/\/vosgesinfo.fr\/gerardmerinfo\/2018\/04\/festival-arts-melanges-tissons-liens-a-lechelle-de-communaute-de-communes\/#breadcrumb\",\"itemListElement\":[{\"@type\":\"ListItem\",\"position\":1,\"name\":\"Home\",\"item\":\"https:\/\/vosgesinfo.fr\/gerardmerinfo\/\"},{\"@type\":\"ListItem\",\"position\":2,\"name\":\"Festival des Arts M\u00e9lang\u00e9s : \u00ab Tissons des liens \u00bb \u00e0 l&rsquo;\u00e9chelle de la Communaut\u00e9 de Communes\"}]},{\"@type\":\"WebSite\",\"@id\":\"https:\/\/vosgesinfo.fr\/gerardmerinfo\/#website\",\"url\":\"https:\/\/vosgesinfo.fr\/gerardmerinfo\/\",\"name\":\"Gerardmer Info\",\"description\":\"Toute l&#039;actualit\u00e9 de G\u00e9rardmer\",\"publisher\":{\"@id\":\"https:\/\/vosgesinfo.fr\/gerardmerinfo\/#organization\"},\"alternateName\":\"Toute l'actualit\u00e9 de G\u00e9rardmer\",\"potentialAction\":[{\"@type\":\"SearchAction\",\"target\":{\"@type\":\"EntryPoint\",\"urlTemplate\":\"https:\/\/vosgesinfo.fr\/gerardmerinfo\/?s={search_term_string}\"},\"query-input\":\"required name=search_term_string\"}],\"inLanguage\":\"fr-FR\"},{\"@type\":\"Organization\",\"@id\":\"https:\/\/vosgesinfo.fr\/gerardmerinfo\/#organization\",\"name\":\"Gerardmer Info\",\"url\":\"https:\/\/vosgesinfo.fr\/gerardmerinfo\/\",\"logo\":{\"@type\":\"ImageObject\",\"inLanguage\":\"fr-FR\",\"@id\":\"https:\/\/vosgesinfo.fr\/gerardmerinfo\/#\/schema\/logo\/image\/\",\"url\":\"https:\/\/vosgesinfo.fr\/app\/uploads\/sites\/6\/2023\/08\/favicon-gerardmerinfo.png\",\"contentUrl\":\"https:\/\/vosgesinfo.fr\/app\/uploads\/sites\/6\/2023\/08\/favicon-gerardmerinfo.png\",\"width\":512,\"height\":512,\"caption\":\"Gerardmer Info\"},\"image\":{\"@id\":\"https:\/\/vosgesinfo.fr\/gerardmerinfo\/#\/schema\/logo\/image\/\"},\"sameAs\":[\"https:\/\/www.facebook.com\/profile.php?id=100049475262660\",\"https:\/\/x.com\/VosgesInfo88\",\"https:\/\/www.youtube.com\/@vosgesinfo\"]},{\"@type\":\"Person\",\"@id\":\"https:\/\/vosgesinfo.fr\/gerardmerinfo\/#\/schema\/person\/bc5d02d71e6932e81b6dadb7386667b1\",\"name\":\"qs_admin\",\"image\":{\"@type\":\"ImageObject\",\"inLanguage\":\"fr-FR\",\"@id\":\"https:\/\/vosgesinfo.fr\/gerardmerinfo\/#\/schema\/person\/image\/\",\"url\":\"https:\/\/secure.gravatar.com\/avatar\/94b18ee0ed79e4a42ea2f2931277b6841a8999fc6fde214600c78057cf1fe1de?s=96&d=mm&r=g\",\"contentUrl\":\"https:\/\/secure.gravatar.com\/avatar\/94b18ee0ed79e4a42ea2f2931277b6841a8999fc6fde214600c78057cf1fe1de?s=96&d=mm&r=g\",\"caption\":\"qs_admin\"},\"sameAs\":[\"https:\/\/vosgesinfo.fr\/wp\"],\"url\":\"https:\/\/vosgesinfo.fr\/gerardmerinfo\/author\/qs_admin\/\"}]}<\/script>\n<!-- \/ Yoast SEO plugin. -->","yoast_head_json":{"title":"Festival des Arts M\u00e9lang\u00e9s : \u00ab Tissons des liens \u00bb \u00e0 l'\u00e9chelle de la Communaut\u00e9 de Communes - Gerardmer Info","robots":{"index":"index","follow":"follow","max-snippet":"max-snippet:-1","max-image-preview":"max-image-preview:large","max-video-preview":"max-video-preview:-1"},"canonical":"https:\/\/vosgesinfo.fr\/gerardmerinfo\/2018\/04\/festival-arts-melanges-tissons-liens-a-lechelle-de-communaute-de-communes\/","twitter_card":"summary_large_image","twitter_title":"Festival des Arts M\u00e9lang\u00e9s : \u00ab Tissons des liens \u00bb \u00e0 l'\u00e9chelle de la Communaut\u00e9 de Communes - Gerardmer Info","twitter_description":"Du 9 et 17 juin 2018 la Communaut\u00e9 de Communes des Hautes Vosges organise la 1\u00e8re \u00e9dition du Festival des [&hellip;]","twitter_image":"https:\/\/vosgesinfo.fr\/app\/uploads\/sites\/6\/2024\/07\/201804arts-melanges-festival-2018.jpg","twitter_creator":"@VosgesInfo88","twitter_site":"@VosgesInfo88","twitter_misc":{"\u00c9crit par":"qs_admin","Dur\u00e9e de lecture estim\u00e9e":"2 minutes"},"schema":{"@context":"https:\/\/schema.org","@graph":[{"@type":"Article","@id":"https:\/\/vosgesinfo.fr\/gerardmerinfo\/2018\/04\/festival-arts-melanges-tissons-liens-a-lechelle-de-communaute-de-communes\/#article","isPartOf":{"@id":"https:\/\/vosgesinfo.fr\/gerardmerinfo\/2018\/04\/festival-arts-melanges-tissons-liens-a-lechelle-de-communaute-de-communes\/"},"author":{"name":"qs_admin","@id":"https:\/\/vosgesinfo.fr\/gerardmerinfo\/#\/schema\/person\/bc5d02d71e6932e81b6dadb7386667b1"},"headline":"Festival des Arts M\u00e9lang\u00e9s : \u00ab Tissons des liens \u00bb \u00e0 l&rsquo;\u00e9chelle de la Communaut\u00e9 de Communes","datePublished":"2018-04-30T13:52:49+00:00","dateModified":"2018-04-30T13:52:49+00:00","mainEntityOfPage":{"@id":"https:\/\/vosgesinfo.fr\/gerardmerinfo\/2018\/04\/festival-arts-melanges-tissons-liens-a-lechelle-de-communaute-de-communes\/"},"wordCount":372,"commentCount":0,"publisher":{"@id":"https:\/\/vosgesinfo.fr\/gerardmerinfo\/#organization"},"image":{"@id":"https:\/\/vosgesinfo.fr\/gerardmerinfo\/2018\/04\/festival-arts-melanges-tissons-liens-a-lechelle-de-communaute-de-communes\/#primaryimage"},"thumbnailUrl":"https:\/\/vosgesinfo.fr\/app\/uploads\/sites\/6\/2024\/07\/201804arts-melanges-festival-2018.jpg","keywords":["festival des arts m\u00e9lang\u00e9s"],"articleSection":["A la une","Culture","Vosges"],"inLanguage":"fr-FR","potentialAction":[{"@type":"CommentAction","name":"Comment","target":["https:\/\/vosgesinfo.fr\/gerardmerinfo\/2018\/04\/festival-arts-melanges-tissons-liens-a-lechelle-de-communaute-de-communes\/#respond"]}]},{"@type":"WebPage","@id":"https:\/\/vosgesinfo.fr\/gerardmerinfo\/2018\/04\/festival-arts-melanges-tissons-liens-a-lechelle-de-communaute-de-communes\/","url":"https:\/\/vosgesinfo.fr\/gerardmerinfo\/2018\/04\/festival-arts-melanges-tissons-liens-a-lechelle-de-communaute-de-communes\/","name":"Festival des Arts M\u00e9lang\u00e9s : \u00ab Tissons des liens \u00bb \u00e0 l'\u00e9chelle de la Communaut\u00e9 de Communes - Gerardmer Info","isPartOf":{"@id":"https:\/\/vosgesinfo.fr\/gerardmerinfo\/#website"},"primaryImageOfPage":{"@id":"https:\/\/vosgesinfo.fr\/gerardmerinfo\/2018\/04\/festival-arts-melanges-tissons-liens-a-lechelle-de-communaute-de-communes\/#primaryimage"},"image":{"@id":"https:\/\/vosgesinfo.fr\/gerardmerinfo\/2018\/04\/festival-arts-melanges-tissons-liens-a-lechelle-de-communaute-de-communes\/#primaryimage"},"thumbnailUrl":"https:\/\/vosgesinfo.fr\/app\/uploads\/sites\/6\/2024\/07\/201804arts-melanges-festival-2018.jpg","datePublished":"2018-04-30T13:52:49+00:00","dateModified":"2018-04-30T13:52:49+00:00","breadcrumb":{"@id":"https:\/\/vosgesinfo.fr\/gerardmerinfo\/2018\/04\/festival-arts-melanges-tissons-liens-a-lechelle-de-communaute-de-communes\/#breadcrumb"},"inLanguage":"fr-FR","potentialAction":[{"@type":"ReadAction","target":["https:\/\/vosgesinfo.fr\/gerardmerinfo\/2018\/04\/festival-arts-melanges-tissons-liens-a-lechelle-de-communaute-de-communes\/"]}]},{"@type":"ImageObject","inLanguage":"fr-FR","@id":"https:\/\/vosgesinfo.fr\/gerardmerinfo\/2018\/04\/festival-arts-melanges-tissons-liens-a-lechelle-de-communaute-de-communes\/#primaryimage","url":"https:\/\/vosgesinfo.fr\/app\/uploads\/sites\/6\/2024\/07\/201804arts-melanges-festival-2018.jpg","contentUrl":"https:\/\/vosgesinfo.fr\/app\/uploads\/sites\/6\/2024\/07\/201804arts-melanges-festival-2018.jpg","width":626,"height":800},{"@type":"BreadcrumbList","@id":"https:\/\/vosgesinfo.fr\/gerardmerinfo\/2018\/04\/festival-arts-melanges-tissons-liens-a-lechelle-de-communaute-de-communes\/#breadcrumb","itemListElement":[{"@type":"ListItem","position":1,"name":"Home","item":"https:\/\/vosgesinfo.fr\/gerardmerinfo\/"},{"@type":"ListItem","position":2,"name":"Festival des Arts M\u00e9lang\u00e9s : \u00ab Tissons des liens \u00bb \u00e0 l&rsquo;\u00e9chelle de la Communaut\u00e9 de Communes"}]},{"@type":"WebSite","@id":"https:\/\/vosgesinfo.fr\/gerardmerinfo\/#website","url":"https:\/\/vosgesinfo.fr\/gerardmerinfo\/","name":"Gerardmer Info","description":"Toute l&#039;actualit\u00e9 de G\u00e9rardmer","publisher":{"@id":"https:\/\/vosgesinfo.fr\/gerardmerinfo\/#organization"},"alternateName":"Toute l'actualit\u00e9 de G\u00e9rardmer","potentialAction":[{"@type":"SearchAction","target":{"@type":"EntryPoint","urlTemplate":"https:\/\/vosgesinfo.fr\/gerardmerinfo\/?s={search_term_string}"},"query-input":"required name=search_term_string"}],"inLanguage":"fr-FR"},{"@type":"Organization","@id":"https:\/\/vosgesinfo.fr\/gerardmerinfo\/#organization","name":"Gerardmer Info","url":"https:\/\/vosgesinfo.fr\/gerardmerinfo\/","logo":{"@type":"ImageObject","inLanguage":"fr-FR","@id":"https:\/\/vosgesinfo.fr\/gerardmerinfo\/#\/schema\/logo\/image\/","url":"https:\/\/vosgesinfo.fr\/app\/uploads\/sites\/6\/2023\/08\/favicon-gerardmerinfo.png","contentUrl":"https:\/\/vosgesinfo.fr\/app\/uploads\/sites\/6\/2023\/08\/favicon-gerardmerinfo.png","width":512,"height":512,"caption":"Gerardmer Info"},"image":{"@id":"https:\/\/vosgesinfo.fr\/gerardmerinfo\/#\/schema\/logo\/image\/"},"sameAs":["https:\/\/www.facebook.com\/profile.php?id=100049475262660","https:\/\/x.com\/VosgesInfo88","https:\/\/www.youtube.com\/@vosgesinfo"]},{"@type":"Person","@id":"https:\/\/vosgesinfo.fr\/gerardmerinfo\/#\/schema\/person\/bc5d02d71e6932e81b6dadb7386667b1","name":"qs_admin","image":{"@type":"ImageObject","inLanguage":"fr-FR","@id":"https:\/\/vosgesinfo.fr\/gerardmerinfo\/#\/schema\/person\/image\/","url":"https:\/\/secure.gravatar.com\/avatar\/94b18ee0ed79e4a42ea2f2931277b6841a8999fc6fde214600c78057cf1fe1de?s=96&d=mm&r=g","contentUrl":"https:\/\/secure.gravatar.com\/avatar\/94b18ee0ed79e4a42ea2f2931277b6841a8999fc6fde214600c78057cf1fe1de?s=96&d=mm&r=g","caption":"qs_admin"},"sameAs":["https:\/\/vosgesinfo.fr\/wp"],"url":"https:\/\/vosgesinfo.fr\/gerardmerinfo\/author\/qs_admin\/"}]}},"_links":{"self":[{"href":"https:\/\/vosgesinfo.fr\/gerardmerinfo\/wp-json\/wp\/v2\/posts\/33665","targetHints":{"allow":["GET"]}}],"collection":[{"href":"https:\/\/vosgesinfo.fr\/gerardmerinfo\/wp-json\/wp\/v2\/posts"}],"about":[{"href":"https:\/\/vosgesinfo.fr\/gerardmerinfo\/wp-json\/wp\/v2\/types\/post"}],"author":[{"embeddable":true,"href":"https:\/\/vosgesinfo.fr\/gerardmerinfo\/wp-json\/wp\/v2\/users\/1"}],"replies":[{"embeddable":true,"href":"https:\/\/vosgesinfo.fr\/gerardmerinfo\/wp-json\/wp\/v2\/comments?post=33665"}],"version-history":[{"count":0,"href":"https:\/\/vosgesinfo.fr\/gerardmerinfo\/wp-json\/wp\/v2\/posts\/33665\/revisions"}],"wp:featuredmedia":[{"embeddable":true,"href":"https:\/\/vosgesinfo.fr\/gerardmerinfo\/wp-json\/wp\/v2\/media\/33666"}],"wp:attachment":[{"href":"https:\/\/vosgesinfo.fr\/gerardmerinfo\/wp-json\/wp\/v2\/media?parent=33665"}],"wp:term":[{"taxonomy":"category","embeddable":true,"href":"https:\/\/vosgesinfo.fr\/gerardmerinfo\/wp-json\/wp\/v2\/categories?post=33665"},{"taxonomy":"post_tag","embeddable":true,"href":"https:\/\/vosgesinfo.fr\/gerardmerinfo\/wp-json\/wp\/v2\/tags?post=33665"}],"curies":[{"name":"wp","href":"https:\/\/api.w.org\/{rel}","templated":true}]}}