{"id":33680,"date":"2018-05-01T15:47:21","date_gmt":"2018-05-01T13:47:21","guid":{"rendered":"https:\/\/vosgesinfo.fr\/gerardmerinfo\/2018\/05\/fete-de-solidarite-ensoleillee\/"},"modified":"2018-05-01T15:47:21","modified_gmt":"2018-05-01T13:47:21","slug":"fete-de-solidarite-ensoleillee","status":"publish","type":"post","link":"https:\/\/vosgesinfo.fr\/gerardmerinfo\/2018\/05\/fete-de-solidarite-ensoleillee\/","title":{"rendered":"F\u00eate de la Solidarit\u00e9 ensoleill\u00e9e"},"content":{"rendered":"\n<h3><span style=\"font-size: 12pt;\"><strong>Temps un peu frisquet mais journ\u00e9e ensoleill\u00e9e pour ce 1er Mai toujours marqu\u00e9 par la traditionnelle F\u00eate de la Solidarit\u00e9 en Perle des Vosges.<\/strong><\/span><\/h3>\n<p><a href=\"\/2018\/05\/fete-solidarit\u00e9-1er-Mai-2.jpg\"><img decoding=\"async\" class=\"alignright size-medium wp-image-126829\" src=\"\/2018\/05\/fete-solidarit\u00e9-1er-Mai-2-340x255.jpg\" alt=\"fete solidarit\u00e9 1er Mai (2)\" width=\"340\" height=\"255\" \/><\/a>Cette ann\u00e9e, pas d&rsquo;invit\u00e9 en cuisine. Est-ce donc\u00a0 les membres du Comit\u00e9 Antiraciste de G\u00e9rardmer qui s&rsquo;\u00e9taient mis aux fourneaux pour concocter le d\u00e9jeuner solidaire du midi ! Un repas convivial dont se sont r\u00e9gal\u00e9es les nombreuses tabl\u00e9es qui garnissaient la salle principale. On retrouvait \u00e9galement le traditionnel village solidaire avec les nombreux partenaires de l&rsquo;\u00e9v\u00e8nement, sans oublier, l&rsquo;association des femmes africaines et leurs traditionnels beignets, ainsi que les jeunes de l&rsquo;atelier hip hop de Pierre Jacquot venus pr\u00e9senter quelques chor\u00e9graphies bien senties. Petite originalit\u00e9 enfin cette ann\u00e9e avec la projection du film \u00ab\u00a0Nulle part en France\u00a0\u00bb de Yolande Moreau (<a href=\"https:\/\/www.arte.tv\/fr\/videos\/067154-000-A\/nulle-part-en-france\/\" target=\"_blank\" rel=\"noopener\">Nulle part en France<\/a>). L\u2019actrice et r\u00e9alisatrice qui pose son regard sur les camps de r\u00e9fugi\u00e9s de Calais et de Grande-Synthe \u00e0 travers la trajectoire d\u2019un jeune Kurde de 28 ans qui aspire \u00e0 rejoindre l\u2019Angleterre.<\/p>\n<div id=\"attachment_126832\" style=\"width: 350px\" class=\"wp-caption alignleft\"><a href=\"\/2018\/05\/fete-solidarit\u00e9-1er-Mai-5.jpg\"><img decoding=\"async\" aria-describedby=\"caption-attachment-126832\" class=\"wp-image-126832 size-medium\" src=\"\/2018\/05\/fete-solidarit\u00e9-1er-Mai-5-340x255.jpg\" alt=\"Philippe Wannesson (\u00e0 gauche sur la photo) en compagnie de membres du Comit\u00e9 Antiraciste de G\u00e9rardmer.\" width=\"340\" height=\"255\" \/><\/a><p id=\"caption-attachment-126832\" class=\"wp-caption-text\">Philippe Wannesson (\u00e0 gauche sur la photo) en compagnie de membres du Comit\u00e9 Antiraciste de G\u00e9rardmer.<\/p><\/div>\n<p>&nbsp;<\/p>\n<p style=\"text-align: left;\" align=\"CENTER\">Une belle entr\u00e9e en mati\u00e8re avant l&rsquo;intervention de Philippe Wannesson, passeur d\u2019hospitalit\u00e9 et blogueur M\u00e9diapart, dans le cadre d&rsquo;une conf\u00e9rence-d\u00e9bat sur le th\u00e8me du \u00ab\u00a0Droit d\u2019asile bafou\u00e9\u00a0\u00bb. Un th\u00e8me plus que jamais d&rsquo;actualit\u00e9 \u00e0 l&rsquo;heure o\u00f9 l&rsquo;Europe semble s&rsquo;entendre sur cette question,\u00a0 comme le signalent certains des derniers postes de l&rsquo;intervenant du jour (voir : <a href=\"https:\/\/blogs.mediapart.fr\/philippe-wannesson\/blog\" target=\"_blank\" rel=\"noopener\">https:\/\/blogs.mediapart.fr\/philippe-wannesson\/blog<\/a>). Originaire de Metz, ce dernier a longtemps v\u00e9cu \u00e0 Nancy et a pass\u00e9 8 ans \u00e0 Calais, p\u00e9riode \u00e0 partir de laquelle il a commenc\u00e9 \u00e0 s&rsquo;impliquer et \u00e0 bloguer sur la question des sans papiers et des migrants notamment. Aujourd&rsquo;hui, pour lui, le droit d&rsquo;asile est bafou\u00e9 et une double politique visant \u00e0 fermer les fronti\u00e8res ext\u00e9rieures de l&rsquo;Europe a d\u00e9j\u00e0 commenc\u00e9 \u00e0 faire des ravages en surface et en profondeur.<\/p>\n<p style=\"text-align: left;\" align=\"CENTER\">Des mesures qui, d&rsquo;une part, rendent plus compliqu\u00e9 le processus d&rsquo;int\u00e9gration des migrants, et d&rsquo;autre part, des politiques men\u00e9es sur place, dans les pays d&rsquo;origine des potentiels\/futurs migrants : \u00ab\u00a0<em>On repousse vers l&rsquo;ext\u00e9rieur, au-del\u00e0 de l&rsquo;Europe, le choix des demandeurs d&rsquo;asiles qui appartient alors \u00e0 leur pays d&rsquo;origine, d&rsquo;o\u00f9 une logique de quotas migratoires qui se met en place. C&rsquo;est une logique hypocrite car il y a de toute fa\u00e7on des migrants. On l&rsquo;a vu avec la Roumanie, la Bulgarie ou encore la Croatie. (&#8230;) Les gens arrivent ou sont m\u00eame d\u00e9j\u00e0 l\u00e0. Les gens \u00e9migrent, mais en multipliant les obstacles \u00e0 l&rsquo;int\u00e9gration et \u00e0 l&rsquo;accession au travail, on cr\u00e9\u00e9 encore plus de sans-papiers et donc encore plus de travail au noir<\/em>\u00a0\u00bb explique Philippe Wannesson.<\/p>\n<p style=\"text-align: left;\" align=\"CENTER\">Et d&rsquo;ajouter : <em>\u00ab\u00a0Il y a une vraie logique de pr\u00e9carisation avec de multiples changements de l\u00e9gislation et des probl\u00e8mes avec les Pr\u00e9fectures. On fabrique des sans-papiers avec ces changements, certains ont une situation et, quasiment du jour au lendemain, se retrouvent en situation irr\u00e9guli\u00e8re. On met plus d&rsquo;obstacle \u00e0 ceux qui ont des droits comme les enfants ou ceux qui ont obtenu le statut de demandeurs d&rsquo;asile, mais aussi aux familles en compliquant les regroupements familiaux au maximum, ce qui fait que cela devient plus simple de venir de mani\u00e8re irr\u00e9guli\u00e8re que r\u00e9guli\u00e8re. Il y a une v\u00e9ritable exclusion des droits, et avec cette politique on pr\u00e9tend lutter contre \u00ab\u00a0<\/em>l\u2019invasion<em>\u00a0\u00bb et les probl\u00e8mes li\u00e9s \u00e0 l&#8217;emploi. Alors qu&rsquo;en r\u00e9alit\u00e9, on entretient une masse de personnes sans droit au service de l&rsquo;\u00e9conomie, et plus il y de travailleurs au noir, plus la situation des autres est pr\u00e9caris\u00e9e.<\/em>\u00ab\u00a0<\/p>\n<p style=\"text-align: left;\" align=\"CENTER\">A travers le droit d&rsquo;asile bafou\u00e9, Philippe Wannesson a donc \u00e9galement montr\u00e9 que la situation des migrants et celle de l&rsquo;ensemble des travailleurs dans la pr\u00e9carit\u00e9 \u00e9taient li\u00e9es, mais pas pour les raisons qui sont \u00e9voqu\u00e9es traditionnellement et notamment cette fameuse \u00ab\u00a0invasion\u00a0\u00bb venues de l&rsquo;Est de l&rsquo;Europe et de l&rsquo;Afrique. Ce qui est s\u00fbr, c&rsquo;est que les associations comme le Collectif des Sans Papiers auront encore du pain sur la planche et que la question de la gestion des flux migratoires est loin d&rsquo;\u00eatre r\u00e9solue alors que l&rsquo;Europe planche actuellement sur une r\u00e9forme du code des visas qui fait d\u00e9j\u00e0 du remue-m\u00e9nage&#8230;<\/p>\n","protected":false},"excerpt":{"rendered":"<p>Temps un peu frisquet mais journ\u00e9e ensoleill\u00e9e pour ce 1er Mai toujours marqu\u00e9 par la traditionnelle F\u00eate de la Solidarit\u00e9 [&hellip;]<\/p>\n","protected":false},"author":42,"featured_media":33681,"comment_status":"open","ping_status":"open","sticky":false,"template":"","format":"standard","meta":{"footnotes":""},"categories":[20,24,25,17],"tags":[1109,3586],"class_list":["post-33680","post","type-post","status-publish","format-standard","has-post-thumbnail","hentry","category-a-la-une","category-evenements","category-gerardmer","category-vie-associative","tag-fete-de-la-solidarite","tag-philippe-wannesson"],"acf":[],"yoast_head":"<!-- This site is optimized with the Yoast SEO plugin v22.5 - https:\/\/yoast.com\/wordpress\/plugins\/seo\/ -->\n<title>F\u00eate de la Solidarit\u00e9 ensoleill\u00e9e - Gerardmer Info<\/title>\n<meta name=\"robots\" content=\"index, follow, max-snippet:-1, max-image-preview:large, max-video-preview:-1\" \/>\n<link rel=\"canonical\" href=\"https:\/\/vosgesinfo.fr\/gerardmerinfo\/2018\/05\/fete-de-solidarite-ensoleillee\/\" \/>\n<meta name=\"twitter:card\" content=\"summary_large_image\" \/>\n<meta name=\"twitter:title\" content=\"F\u00eate de la Solidarit\u00e9 ensoleill\u00e9e - Gerardmer Info\" \/>\n<meta name=\"twitter:description\" content=\"Temps un peu frisquet mais journ\u00e9e ensoleill\u00e9e pour ce 1er Mai toujours marqu\u00e9 par la traditionnelle F\u00eate de la Solidarit\u00e9 [&hellip;]\" \/>\n<meta name=\"twitter:image\" content=\"https:\/\/vosgesinfo.fr\/app\/uploads\/sites\/6\/2024\/07\/201805fete-solidarite-1er-mai-1.jpg\" \/>\n<meta name=\"twitter:creator\" content=\"@VosgesInfo88\" \/>\n<meta name=\"twitter:site\" content=\"@VosgesInfo88\" \/>\n<meta name=\"twitter:label1\" content=\"\u00c9crit par\" \/>\n\t<meta name=\"twitter:data1\" content=\"QG\" \/>\n\t<meta name=\"twitter:label2\" content=\"Dur\u00e9e de lecture estim\u00e9e\" \/>\n\t<meta name=\"twitter:data2\" content=\"4 minutes\" \/>\n<script type=\"application\/ld+json\" class=\"yoast-schema-graph\">{\"@context\":\"https:\/\/schema.org\",\"@graph\":[{\"@type\":\"Article\",\"@id\":\"https:\/\/vosgesinfo.fr\/gerardmerinfo\/2018\/05\/fete-de-solidarite-ensoleillee\/#article\",\"isPartOf\":{\"@id\":\"https:\/\/vosgesinfo.fr\/gerardmerinfo\/2018\/05\/fete-de-solidarite-ensoleillee\/\"},\"author\":{\"name\":\"QG\",\"@id\":\"https:\/\/vosgesinfo.fr\/gerardmerinfo\/#\/schema\/person\/db5605779a843dad16b5368f3e7613a5\"},\"headline\":\"F\u00eate de la Solidarit\u00e9 ensoleill\u00e9e\",\"datePublished\":\"2018-05-01T13:47:21+00:00\",\"dateModified\":\"2018-05-01T13:47:21+00:00\",\"mainEntityOfPage\":{\"@id\":\"https:\/\/vosgesinfo.fr\/gerardmerinfo\/2018\/05\/fete-de-solidarite-ensoleillee\/\"},\"wordCount\":797,\"commentCount\":0,\"publisher\":{\"@id\":\"https:\/\/vosgesinfo.fr\/gerardmerinfo\/#organization\"},\"image\":{\"@id\":\"https:\/\/vosgesinfo.fr\/gerardmerinfo\/2018\/05\/fete-de-solidarite-ensoleillee\/#primaryimage\"},\"thumbnailUrl\":\"https:\/\/vosgesinfo.fr\/app\/uploads\/sites\/6\/2024\/07\/201805fete-solidarite-1er-mai-1.jpg\",\"keywords\":[\"fete de la solidarit\u00e9\",\"philippe wannesson\"],\"articleSection\":[\"A la une\",\"Ev\u00e8nements\",\"G\u00e9rardmer\",\"Vie Associative\"],\"inLanguage\":\"fr-FR\",\"potentialAction\":[{\"@type\":\"CommentAction\",\"name\":\"Comment\",\"target\":[\"https:\/\/vosgesinfo.fr\/gerardmerinfo\/2018\/05\/fete-de-solidarite-ensoleillee\/#respond\"]}]},{\"@type\":\"WebPage\",\"@id\":\"https:\/\/vosgesinfo.fr\/gerardmerinfo\/2018\/05\/fete-de-solidarite-ensoleillee\/\",\"url\":\"https:\/\/vosgesinfo.fr\/gerardmerinfo\/2018\/05\/fete-de-solidarite-ensoleillee\/\",\"name\":\"F\u00eate de la Solidarit\u00e9 ensoleill\u00e9e - Gerardmer Info\",\"isPartOf\":{\"@id\":\"https:\/\/vosgesinfo.fr\/gerardmerinfo\/#website\"},\"primaryImageOfPage\":{\"@id\":\"https:\/\/vosgesinfo.fr\/gerardmerinfo\/2018\/05\/fete-de-solidarite-ensoleillee\/#primaryimage\"},\"image\":{\"@id\":\"https:\/\/vosgesinfo.fr\/gerardmerinfo\/2018\/05\/fete-de-solidarite-ensoleillee\/#primaryimage\"},\"thumbnailUrl\":\"https:\/\/vosgesinfo.fr\/app\/uploads\/sites\/6\/2024\/07\/201805fete-solidarite-1er-mai-1.jpg\",\"datePublished\":\"2018-05-01T13:47:21+00:00\",\"dateModified\":\"2018-05-01T13:47:21+00:00\",\"breadcrumb\":{\"@id\":\"https:\/\/vosgesinfo.fr\/gerardmerinfo\/2018\/05\/fete-de-solidarite-ensoleillee\/#breadcrumb\"},\"inLanguage\":\"fr-FR\",\"potentialAction\":[{\"@type\":\"ReadAction\",\"target\":[\"https:\/\/vosgesinfo.fr\/gerardmerinfo\/2018\/05\/fete-de-solidarite-ensoleillee\/\"]}]},{\"@type\":\"ImageObject\",\"inLanguage\":\"fr-FR\",\"@id\":\"https:\/\/vosgesinfo.fr\/gerardmerinfo\/2018\/05\/fete-de-solidarite-ensoleillee\/#primaryimage\",\"url\":\"https:\/\/vosgesinfo.fr\/app\/uploads\/sites\/6\/2024\/07\/201805fete-solidarite-1er-mai-1.jpg\",\"contentUrl\":\"https:\/\/vosgesinfo.fr\/app\/uploads\/sites\/6\/2024\/07\/201805fete-solidarite-1er-mai-1.jpg\",\"width\":800,\"height\":600},{\"@type\":\"BreadcrumbList\",\"@id\":\"https:\/\/vosgesinfo.fr\/gerardmerinfo\/2018\/05\/fete-de-solidarite-ensoleillee\/#breadcrumb\",\"itemListElement\":[{\"@type\":\"ListItem\",\"position\":1,\"name\":\"Home\",\"item\":\"https:\/\/vosgesinfo.fr\/gerardmerinfo\/\"},{\"@type\":\"ListItem\",\"position\":2,\"name\":\"F\u00eate de la Solidarit\u00e9 ensoleill\u00e9e\"}]},{\"@type\":\"WebSite\",\"@id\":\"https:\/\/vosgesinfo.fr\/gerardmerinfo\/#website\",\"url\":\"https:\/\/vosgesinfo.fr\/gerardmerinfo\/\",\"name\":\"Gerardmer Info\",\"description\":\"Toute l&#039;actualit\u00e9 de G\u00e9rardmer\",\"publisher\":{\"@id\":\"https:\/\/vosgesinfo.fr\/gerardmerinfo\/#organization\"},\"alternateName\":\"Toute l'actualit\u00e9 de G\u00e9rardmer\",\"potentialAction\":[{\"@type\":\"SearchAction\",\"target\":{\"@type\":\"EntryPoint\",\"urlTemplate\":\"https:\/\/vosgesinfo.fr\/gerardmerinfo\/?s={search_term_string}\"},\"query-input\":\"required name=search_term_string\"}],\"inLanguage\":\"fr-FR\"},{\"@type\":\"Organization\",\"@id\":\"https:\/\/vosgesinfo.fr\/gerardmerinfo\/#organization\",\"name\":\"Gerardmer Info\",\"url\":\"https:\/\/vosgesinfo.fr\/gerardmerinfo\/\",\"logo\":{\"@type\":\"ImageObject\",\"inLanguage\":\"fr-FR\",\"@id\":\"https:\/\/vosgesinfo.fr\/gerardmerinfo\/#\/schema\/logo\/image\/\",\"url\":\"https:\/\/vosgesinfo.fr\/app\/uploads\/sites\/6\/2023\/08\/favicon-gerardmerinfo.png\",\"contentUrl\":\"https:\/\/vosgesinfo.fr\/app\/uploads\/sites\/6\/2023\/08\/favicon-gerardmerinfo.png\",\"width\":512,\"height\":512,\"caption\":\"Gerardmer Info\"},\"image\":{\"@id\":\"https:\/\/vosgesinfo.fr\/gerardmerinfo\/#\/schema\/logo\/image\/\"},\"sameAs\":[\"https:\/\/www.facebook.com\/profile.php?id=100049475262660\",\"https:\/\/x.com\/VosgesInfo88\",\"https:\/\/www.youtube.com\/@vosgesinfo\"]},{\"@type\":\"Person\",\"@id\":\"https:\/\/vosgesinfo.fr\/gerardmerinfo\/#\/schema\/person\/db5605779a843dad16b5368f3e7613a5\",\"name\":\"QG\",\"image\":{\"@type\":\"ImageObject\",\"inLanguage\":\"fr-FR\",\"@id\":\"https:\/\/vosgesinfo.fr\/gerardmerinfo\/#\/schema\/person\/image\/\",\"url\":\"https:\/\/secure.gravatar.com\/avatar\/ea80c42c204b534408512832fde52504ecabb9706bcb6151cf6175e5b64e6793?s=96&d=mm&r=g\",\"contentUrl\":\"https:\/\/secure.gravatar.com\/avatar\/ea80c42c204b534408512832fde52504ecabb9706bcb6151cf6175e5b64e6793?s=96&d=mm&r=g\",\"caption\":\"QG\"},\"url\":\"https:\/\/vosgesinfo.fr\/gerardmerinfo\/author\/quentin88\/\"}]}<\/script>\n<!-- \/ Yoast SEO plugin. -->","yoast_head_json":{"title":"F\u00eate de la Solidarit\u00e9 ensoleill\u00e9e - Gerardmer Info","robots":{"index":"index","follow":"follow","max-snippet":"max-snippet:-1","max-image-preview":"max-image-preview:large","max-video-preview":"max-video-preview:-1"},"canonical":"https:\/\/vosgesinfo.fr\/gerardmerinfo\/2018\/05\/fete-de-solidarite-ensoleillee\/","twitter_card":"summary_large_image","twitter_title":"F\u00eate de la Solidarit\u00e9 ensoleill\u00e9e - Gerardmer Info","twitter_description":"Temps un peu frisquet mais journ\u00e9e ensoleill\u00e9e pour ce 1er Mai toujours marqu\u00e9 par la traditionnelle F\u00eate de la Solidarit\u00e9 [&hellip;]","twitter_image":"https:\/\/vosgesinfo.fr\/app\/uploads\/sites\/6\/2024\/07\/201805fete-solidarite-1er-mai-1.jpg","twitter_creator":"@VosgesInfo88","twitter_site":"@VosgesInfo88","twitter_misc":{"\u00c9crit par":"QG","Dur\u00e9e de lecture estim\u00e9e":"4 minutes"},"schema":{"@context":"https:\/\/schema.org","@graph":[{"@type":"Article","@id":"https:\/\/vosgesinfo.fr\/gerardmerinfo\/2018\/05\/fete-de-solidarite-ensoleillee\/#article","isPartOf":{"@id":"https:\/\/vosgesinfo.fr\/gerardmerinfo\/2018\/05\/fete-de-solidarite-ensoleillee\/"},"author":{"name":"QG","@id":"https:\/\/vosgesinfo.fr\/gerardmerinfo\/#\/schema\/person\/db5605779a843dad16b5368f3e7613a5"},"headline":"F\u00eate de la Solidarit\u00e9 ensoleill\u00e9e","datePublished":"2018-05-01T13:47:21+00:00","dateModified":"2018-05-01T13:47:21+00:00","mainEntityOfPage":{"@id":"https:\/\/vosgesinfo.fr\/gerardmerinfo\/2018\/05\/fete-de-solidarite-ensoleillee\/"},"wordCount":797,"commentCount":0,"publisher":{"@id":"https:\/\/vosgesinfo.fr\/gerardmerinfo\/#organization"},"image":{"@id":"https:\/\/vosgesinfo.fr\/gerardmerinfo\/2018\/05\/fete-de-solidarite-ensoleillee\/#primaryimage"},"thumbnailUrl":"https:\/\/vosgesinfo.fr\/app\/uploads\/sites\/6\/2024\/07\/201805fete-solidarite-1er-mai-1.jpg","keywords":["fete de la solidarit\u00e9","philippe wannesson"],"articleSection":["A la une","Ev\u00e8nements","G\u00e9rardmer","Vie Associative"],"inLanguage":"fr-FR","potentialAction":[{"@type":"CommentAction","name":"Comment","target":["https:\/\/vosgesinfo.fr\/gerardmerinfo\/2018\/05\/fete-de-solidarite-ensoleillee\/#respond"]}]},{"@type":"WebPage","@id":"https:\/\/vosgesinfo.fr\/gerardmerinfo\/2018\/05\/fete-de-solidarite-ensoleillee\/","url":"https:\/\/vosgesinfo.fr\/gerardmerinfo\/2018\/05\/fete-de-solidarite-ensoleillee\/","name":"F\u00eate de la Solidarit\u00e9 ensoleill\u00e9e - Gerardmer Info","isPartOf":{"@id":"https:\/\/vosgesinfo.fr\/gerardmerinfo\/#website"},"primaryImageOfPage":{"@id":"https:\/\/vosgesinfo.fr\/gerardmerinfo\/2018\/05\/fete-de-solidarite-ensoleillee\/#primaryimage"},"image":{"@id":"https:\/\/vosgesinfo.fr\/gerardmerinfo\/2018\/05\/fete-de-solidarite-ensoleillee\/#primaryimage"},"thumbnailUrl":"https:\/\/vosgesinfo.fr\/app\/uploads\/sites\/6\/2024\/07\/201805fete-solidarite-1er-mai-1.jpg","datePublished":"2018-05-01T13:47:21+00:00","dateModified":"2018-05-01T13:47:21+00:00","breadcrumb":{"@id":"https:\/\/vosgesinfo.fr\/gerardmerinfo\/2018\/05\/fete-de-solidarite-ensoleillee\/#breadcrumb"},"inLanguage":"fr-FR","potentialAction":[{"@type":"ReadAction","target":["https:\/\/vosgesinfo.fr\/gerardmerinfo\/2018\/05\/fete-de-solidarite-ensoleillee\/"]}]},{"@type":"ImageObject","inLanguage":"fr-FR","@id":"https:\/\/vosgesinfo.fr\/gerardmerinfo\/2018\/05\/fete-de-solidarite-ensoleillee\/#primaryimage","url":"https:\/\/vosgesinfo.fr\/app\/uploads\/sites\/6\/2024\/07\/201805fete-solidarite-1er-mai-1.jpg","contentUrl":"https:\/\/vosgesinfo.fr\/app\/uploads\/sites\/6\/2024\/07\/201805fete-solidarite-1er-mai-1.jpg","width":800,"height":600},{"@type":"BreadcrumbList","@id":"https:\/\/vosgesinfo.fr\/gerardmerinfo\/2018\/05\/fete-de-solidarite-ensoleillee\/#breadcrumb","itemListElement":[{"@type":"ListItem","position":1,"name":"Home","item":"https:\/\/vosgesinfo.fr\/gerardmerinfo\/"},{"@type":"ListItem","position":2,"name":"F\u00eate de la Solidarit\u00e9 ensoleill\u00e9e"}]},{"@type":"WebSite","@id":"https:\/\/vosgesinfo.fr\/gerardmerinfo\/#website","url":"https:\/\/vosgesinfo.fr\/gerardmerinfo\/","name":"Gerardmer Info","description":"Toute l&#039;actualit\u00e9 de G\u00e9rardmer","publisher":{"@id":"https:\/\/vosgesinfo.fr\/gerardmerinfo\/#organization"},"alternateName":"Toute l'actualit\u00e9 de G\u00e9rardmer","potentialAction":[{"@type":"SearchAction","target":{"@type":"EntryPoint","urlTemplate":"https:\/\/vosgesinfo.fr\/gerardmerinfo\/?s={search_term_string}"},"query-input":"required name=search_term_string"}],"inLanguage":"fr-FR"},{"@type":"Organization","@id":"https:\/\/vosgesinfo.fr\/gerardmerinfo\/#organization","name":"Gerardmer Info","url":"https:\/\/vosgesinfo.fr\/gerardmerinfo\/","logo":{"@type":"ImageObject","inLanguage":"fr-FR","@id":"https:\/\/vosgesinfo.fr\/gerardmerinfo\/#\/schema\/logo\/image\/","url":"https:\/\/vosgesinfo.fr\/app\/uploads\/sites\/6\/2023\/08\/favicon-gerardmerinfo.png","contentUrl":"https:\/\/vosgesinfo.fr\/app\/uploads\/sites\/6\/2023\/08\/favicon-gerardmerinfo.png","width":512,"height":512,"caption":"Gerardmer Info"},"image":{"@id":"https:\/\/vosgesinfo.fr\/gerardmerinfo\/#\/schema\/logo\/image\/"},"sameAs":["https:\/\/www.facebook.com\/profile.php?id=100049475262660","https:\/\/x.com\/VosgesInfo88","https:\/\/www.youtube.com\/@vosgesinfo"]},{"@type":"Person","@id":"https:\/\/vosgesinfo.fr\/gerardmerinfo\/#\/schema\/person\/db5605779a843dad16b5368f3e7613a5","name":"QG","image":{"@type":"ImageObject","inLanguage":"fr-FR","@id":"https:\/\/vosgesinfo.fr\/gerardmerinfo\/#\/schema\/person\/image\/","url":"https:\/\/secure.gravatar.com\/avatar\/ea80c42c204b534408512832fde52504ecabb9706bcb6151cf6175e5b64e6793?s=96&d=mm&r=g","contentUrl":"https:\/\/secure.gravatar.com\/avatar\/ea80c42c204b534408512832fde52504ecabb9706bcb6151cf6175e5b64e6793?s=96&d=mm&r=g","caption":"QG"},"url":"https:\/\/vosgesinfo.fr\/gerardmerinfo\/author\/quentin88\/"}]}},"_links":{"self":[{"href":"https:\/\/vosgesinfo.fr\/gerardmerinfo\/wp-json\/wp\/v2\/posts\/33680","targetHints":{"allow":["GET"]}}],"collection":[{"href":"https:\/\/vosgesinfo.fr\/gerardmerinfo\/wp-json\/wp\/v2\/posts"}],"about":[{"href":"https:\/\/vosgesinfo.fr\/gerardmerinfo\/wp-json\/wp\/v2\/types\/post"}],"author":[{"embeddable":true,"href":"https:\/\/vosgesinfo.fr\/gerardmerinfo\/wp-json\/wp\/v2\/users\/42"}],"replies":[{"embeddable":true,"href":"https:\/\/vosgesinfo.fr\/gerardmerinfo\/wp-json\/wp\/v2\/comments?post=33680"}],"version-history":[{"count":0,"href":"https:\/\/vosgesinfo.fr\/gerardmerinfo\/wp-json\/wp\/v2\/posts\/33680\/revisions"}],"wp:featuredmedia":[{"embeddable":true,"href":"https:\/\/vosgesinfo.fr\/gerardmerinfo\/wp-json\/wp\/v2\/media\/33681"}],"wp:attachment":[{"href":"https:\/\/vosgesinfo.fr\/gerardmerinfo\/wp-json\/wp\/v2\/media?parent=33680"}],"wp:term":[{"taxonomy":"category","embeddable":true,"href":"https:\/\/vosgesinfo.fr\/gerardmerinfo\/wp-json\/wp\/v2\/categories?post=33680"},{"taxonomy":"post_tag","embeddable":true,"href":"https:\/\/vosgesinfo.fr\/gerardmerinfo\/wp-json\/wp\/v2\/tags?post=33680"}],"curies":[{"name":"wp","href":"https:\/\/api.w.org\/{rel}","templated":true}]}}