{"id":33731,"date":"2018-05-06T15:53:30","date_gmt":"2018-05-06T13:53:30","guid":{"rendered":"https:\/\/vosgesinfo.fr\/gerardmerinfo\/2018\/05\/volley-fin-de-saison-anecdotique-seniors\/"},"modified":"2018-05-06T15:53:30","modified_gmt":"2018-05-06T13:53:30","slug":"volley-fin-de-saison-anecdotique-seniors","status":"publish","type":"post","link":"https:\/\/vosgesinfo.fr\/gerardmerinfo\/2018\/05\/volley-fin-de-saison-anecdotique-seniors\/","title":{"rendered":"Volley : fin de saison anecdotique pour les seniors"},"content":{"rendered":"<p><span style=\"font-family: Times New Roman, serif;\"><span style=\"font-size: medium;\">Le score\u00a0: 25\/17\u00a0 25\/20\u00a0 25\/17<\/span><\/span><\/p>\n<p><span style=\"font-family: Times New Roman, serif;\"><span style=\"font-size: medium;\">Pour leur derni\u00e8re journ\u00e9e de N3, les G\u00e9r\u00f4mois de Yann Bombarde se d\u00e9pla\u00e7aient \u00e0 Creutzwald. Une rencontre o\u00f9 l&rsquo;ASG n&rsquo;avait plus rien \u00e0 jouer et qui s&rsquo;est sold\u00e9e par une d\u00e9faite logique. Manque de motivation, absence de certains cadres et adversaires qui ont jou\u00e9 sans pression, les visiteurs n&rsquo;avait d\u00e9finitivement pas les moyens de cr\u00e9er l&rsquo;exploit. <\/span><\/span><\/p>\n<p><span style=\"font-family: Times New Roman, serif;\"><span style=\"font-size: medium;\">Le 1er set \u00e9tait remport\u00e9 sur le score fleuve de 25 \u00e0 17 par les Mosellans face \u00e0 des G\u00e9r\u00f4mois apathiques. L&rsquo;entr\u00e9e en jeu prometteuse de Lo\u00efc Jan et un d\u00e9but de deuxi\u00e8me set plus s\u00e9rieux allait relancer l&rsquo;ASG et l&rsquo;int\u00e9ret de cette rencontre. Devant au temps mort \u00e0 8-4, G\u00e9rardmer parvenait \u00e0 conserver son avance en partant \u00e0 l&rsquo;abordage sur chaque occasion. Malheureusement, la blessure \u00e0 la cheville d&rsquo;Orzes \u00e0 12-9 pour les Vosgiens allait briser ce bel \u00e9lan et forcer le passage de Remy au centre. Le flottement qui suivra sera fatal aux visiteurs et profitait \u00e0 Creutzwald qui repassait devant et l&#8217;emportait 25-20.<br \/>\nMen\u00e9s 2 sets \u00e0 0, les G\u00e9r\u00f4mois ne parviendront pas \u00e0 sortir la t\u00eate de l&rsquo;eau dans la troisi\u00e8me manche face \u00e0 des adversaires toujours aussi pragmatiques pour conclure cette ultime rencontre. Cette saison aura \u00e9t\u00e9 longue et \u00e9prouvante pour les organismes et les esprits c\u00f4t\u00e9 Vosgiens. Mais le groupe devrait repartir sur les m\u00eame bases l&rsquo;an prochain et pourrait m\u00eame s&rsquo;\u00e9toffer, ce qui serait une excellente nouvelle pour l&rsquo;\u00e9quipes fanions de l&rsquo;ASG&#8230;<br \/>\n<\/span><\/span><\/p>\n<p><span style=\"font-family: Times New Roman, serif;\"><span style=\"font-size: medium;\"><b>Les autres r\u00e9sultats du week-end\u00a0: <\/b><\/span><\/span><\/p>\n<p><span style=\"font-family: Times New Roman, serif;\"><span style=\"font-size: medium;\">L&rsquo;\u00e9quipe loisir 2 s&rsquo;impose devant Harol 2\u00a0 3 sets \u00e0 1\u00a0\u00a0<\/span><\/span><\/p>\n<p>&nbsp;<\/p>\n<p><b>Matchs \u00e0 venir\u00a0: <\/b><\/p>\n<p>Jeudi 10 Mai\u00a0: coupe des Vosges \u00e0 Remiremont ( 3 \u00e9quipes engag\u00e9es\u00a0: R2 Gar\u00e7ons\u00a0 \/ R2 Filles et Loisirs)<\/p>\n<p>Samedi 12 Mai\u00a0: d\u00e9placement des M15\u00a0 Gar\u00e7ons \u00e0 Metz\u00a0 et des M15 Filles au CAM Epinal<\/p>\n<p>Dimanche 13\u00a0: tournoi Baby volley \u00e0 ST Di\u00e9<\/p>\n","protected":false},"excerpt":{"rendered":"<p>Le score\u00a0: 25\/17\u00a0 25\/20\u00a0 25\/17 Pour leur derni\u00e8re journ\u00e9e de N3, les G\u00e9r\u00f4mois de Yann Bombarde se d\u00e9pla\u00e7aient \u00e0 Creutzwald. [&hellip;]<\/p>\n","protected":false},"author":1,"featured_media":33732,"comment_status":"open","ping_status":"open","sticky":false,"template":"","format":"standard","meta":{"footnotes":""},"categories":[20,14],"tags":[119],"class_list":["post-33731","post","type-post","status-publish","format-standard","has-post-thumbnail","hentry","category-a-la-une","category-sport","tag-asg-volley"],"acf":[],"yoast_head":"<!-- This site is optimized with the Yoast SEO plugin v22.5 - https:\/\/yoast.com\/wordpress\/plugins\/seo\/ -->\n<title>Volley : fin de saison anecdotique pour les seniors - Gerardmer Info<\/title>\n<meta name=\"robots\" content=\"index, follow, max-snippet:-1, max-image-preview:large, max-video-preview:-1\" \/>\n<link rel=\"canonical\" href=\"https:\/\/vosgesinfo.fr\/gerardmerinfo\/2018\/05\/volley-fin-de-saison-anecdotique-seniors\/\" \/>\n<meta name=\"twitter:card\" content=\"summary_large_image\" \/>\n<meta name=\"twitter:title\" content=\"Volley : fin de saison anecdotique pour les seniors - Gerardmer Info\" \/>\n<meta name=\"twitter:description\" content=\"Le score\u00a0: 25\/17\u00a0 25\/20\u00a0 25\/17 Pour leur derni\u00e8re journ\u00e9e de N3, les G\u00e9r\u00f4mois de Yann Bombarde se d\u00e9pla\u00e7aient \u00e0 Creutzwald. [&hellip;]\" \/>\n<meta name=\"twitter:image\" content=\"https:\/\/vosgesinfo.fr\/app\/uploads\/sites\/6\/2024\/07\/201609ballon-1-37.jpg\" \/>\n<meta name=\"twitter:creator\" content=\"@VosgesInfo88\" \/>\n<meta name=\"twitter:site\" content=\"@VosgesInfo88\" \/>\n<meta name=\"twitter:label1\" content=\"\u00c9crit par\" \/>\n\t<meta name=\"twitter:data1\" content=\"qs_admin\" \/>\n\t<meta name=\"twitter:label2\" content=\"Dur\u00e9e de lecture estim\u00e9e\" \/>\n\t<meta name=\"twitter:data2\" content=\"2 minutes\" \/>\n<script type=\"application\/ld+json\" class=\"yoast-schema-graph\">{\"@context\":\"https:\/\/schema.org\",\"@graph\":[{\"@type\":\"Article\",\"@id\":\"https:\/\/vosgesinfo.fr\/gerardmerinfo\/2018\/05\/volley-fin-de-saison-anecdotique-seniors\/#article\",\"isPartOf\":{\"@id\":\"https:\/\/vosgesinfo.fr\/gerardmerinfo\/2018\/05\/volley-fin-de-saison-anecdotique-seniors\/\"},\"author\":{\"name\":\"qs_admin\",\"@id\":\"https:\/\/vosgesinfo.fr\/gerardmerinfo\/#\/schema\/person\/bc5d02d71e6932e81b6dadb7386667b1\"},\"headline\":\"Volley : fin de saison anecdotique pour les seniors\",\"datePublished\":\"2018-05-06T13:53:30+00:00\",\"dateModified\":\"2018-05-06T13:53:30+00:00\",\"mainEntityOfPage\":{\"@id\":\"https:\/\/vosgesinfo.fr\/gerardmerinfo\/2018\/05\/volley-fin-de-saison-anecdotique-seniors\/\"},\"wordCount\":326,\"commentCount\":0,\"publisher\":{\"@id\":\"https:\/\/vosgesinfo.fr\/gerardmerinfo\/#organization\"},\"image\":{\"@id\":\"https:\/\/vosgesinfo.fr\/gerardmerinfo\/2018\/05\/volley-fin-de-saison-anecdotique-seniors\/#primaryimage\"},\"thumbnailUrl\":\"https:\/\/vosgesinfo.fr\/app\/uploads\/sites\/6\/2024\/07\/201609ballon-1-37.jpg\",\"keywords\":[\"ASG volley\"],\"articleSection\":[\"A la une\",\"Sport\"],\"inLanguage\":\"fr-FR\",\"potentialAction\":[{\"@type\":\"CommentAction\",\"name\":\"Comment\",\"target\":[\"https:\/\/vosgesinfo.fr\/gerardmerinfo\/2018\/05\/volley-fin-de-saison-anecdotique-seniors\/#respond\"]}]},{\"@type\":\"WebPage\",\"@id\":\"https:\/\/vosgesinfo.fr\/gerardmerinfo\/2018\/05\/volley-fin-de-saison-anecdotique-seniors\/\",\"url\":\"https:\/\/vosgesinfo.fr\/gerardmerinfo\/2018\/05\/volley-fin-de-saison-anecdotique-seniors\/\",\"name\":\"Volley : fin de saison anecdotique pour les seniors - Gerardmer Info\",\"isPartOf\":{\"@id\":\"https:\/\/vosgesinfo.fr\/gerardmerinfo\/#website\"},\"primaryImageOfPage\":{\"@id\":\"https:\/\/vosgesinfo.fr\/gerardmerinfo\/2018\/05\/volley-fin-de-saison-anecdotique-seniors\/#primaryimage\"},\"image\":{\"@id\":\"https:\/\/vosgesinfo.fr\/gerardmerinfo\/2018\/05\/volley-fin-de-saison-anecdotique-seniors\/#primaryimage\"},\"thumbnailUrl\":\"https:\/\/vosgesinfo.fr\/app\/uploads\/sites\/6\/2024\/07\/201609ballon-1-37.jpg\",\"datePublished\":\"2018-05-06T13:53:30+00:00\",\"dateModified\":\"2018-05-06T13:53:30+00:00\",\"breadcrumb\":{\"@id\":\"https:\/\/vosgesinfo.fr\/gerardmerinfo\/2018\/05\/volley-fin-de-saison-anecdotique-seniors\/#breadcrumb\"},\"inLanguage\":\"fr-FR\",\"potentialAction\":[{\"@type\":\"ReadAction\",\"target\":[\"https:\/\/vosgesinfo.fr\/gerardmerinfo\/2018\/05\/volley-fin-de-saison-anecdotique-seniors\/\"]}]},{\"@type\":\"ImageObject\",\"inLanguage\":\"fr-FR\",\"@id\":\"https:\/\/vosgesinfo.fr\/gerardmerinfo\/2018\/05\/volley-fin-de-saison-anecdotique-seniors\/#primaryimage\",\"url\":\"https:\/\/vosgesinfo.fr\/app\/uploads\/sites\/6\/2024\/07\/201609ballon-1-37.jpg\",\"contentUrl\":\"https:\/\/vosgesinfo.fr\/app\/uploads\/sites\/6\/2024\/07\/201609ballon-1-37.jpg\",\"width\":600,\"height\":600},{\"@type\":\"BreadcrumbList\",\"@id\":\"https:\/\/vosgesinfo.fr\/gerardmerinfo\/2018\/05\/volley-fin-de-saison-anecdotique-seniors\/#breadcrumb\",\"itemListElement\":[{\"@type\":\"ListItem\",\"position\":1,\"name\":\"Home\",\"item\":\"https:\/\/vosgesinfo.fr\/gerardmerinfo\/\"},{\"@type\":\"ListItem\",\"position\":2,\"name\":\"Volley : fin de saison anecdotique pour les seniors\"}]},{\"@type\":\"WebSite\",\"@id\":\"https:\/\/vosgesinfo.fr\/gerardmerinfo\/#website\",\"url\":\"https:\/\/vosgesinfo.fr\/gerardmerinfo\/\",\"name\":\"Gerardmer Info\",\"description\":\"Toute l&#039;actualit\u00e9 de G\u00e9rardmer\",\"publisher\":{\"@id\":\"https:\/\/vosgesinfo.fr\/gerardmerinfo\/#organization\"},\"alternateName\":\"Toute l'actualit\u00e9 de G\u00e9rardmer\",\"potentialAction\":[{\"@type\":\"SearchAction\",\"target\":{\"@type\":\"EntryPoint\",\"urlTemplate\":\"https:\/\/vosgesinfo.fr\/gerardmerinfo\/?s={search_term_string}\"},\"query-input\":\"required name=search_term_string\"}],\"inLanguage\":\"fr-FR\"},{\"@type\":\"Organization\",\"@id\":\"https:\/\/vosgesinfo.fr\/gerardmerinfo\/#organization\",\"name\":\"Gerardmer Info\",\"url\":\"https:\/\/vosgesinfo.fr\/gerardmerinfo\/\",\"logo\":{\"@type\":\"ImageObject\",\"inLanguage\":\"fr-FR\",\"@id\":\"https:\/\/vosgesinfo.fr\/gerardmerinfo\/#\/schema\/logo\/image\/\",\"url\":\"https:\/\/vosgesinfo.fr\/app\/uploads\/sites\/6\/2023\/08\/favicon-gerardmerinfo.png\",\"contentUrl\":\"https:\/\/vosgesinfo.fr\/app\/uploads\/sites\/6\/2023\/08\/favicon-gerardmerinfo.png\",\"width\":512,\"height\":512,\"caption\":\"Gerardmer Info\"},\"image\":{\"@id\":\"https:\/\/vosgesinfo.fr\/gerardmerinfo\/#\/schema\/logo\/image\/\"},\"sameAs\":[\"https:\/\/www.facebook.com\/profile.php?id=100049475262660\",\"https:\/\/x.com\/VosgesInfo88\",\"https:\/\/www.youtube.com\/@vosgesinfo\"]},{\"@type\":\"Person\",\"@id\":\"https:\/\/vosgesinfo.fr\/gerardmerinfo\/#\/schema\/person\/bc5d02d71e6932e81b6dadb7386667b1\",\"name\":\"qs_admin\",\"image\":{\"@type\":\"ImageObject\",\"inLanguage\":\"fr-FR\",\"@id\":\"https:\/\/vosgesinfo.fr\/gerardmerinfo\/#\/schema\/person\/image\/\",\"url\":\"https:\/\/secure.gravatar.com\/avatar\/94b18ee0ed79e4a42ea2f2931277b6841a8999fc6fde214600c78057cf1fe1de?s=96&d=mm&r=g\",\"contentUrl\":\"https:\/\/secure.gravatar.com\/avatar\/94b18ee0ed79e4a42ea2f2931277b6841a8999fc6fde214600c78057cf1fe1de?s=96&d=mm&r=g\",\"caption\":\"qs_admin\"},\"sameAs\":[\"https:\/\/vosgesinfo.fr\/wp\"],\"url\":\"https:\/\/vosgesinfo.fr\/gerardmerinfo\/author\/qs_admin\/\"}]}<\/script>\n<!-- \/ Yoast SEO plugin. -->","yoast_head_json":{"title":"Volley : fin de saison anecdotique pour les seniors - Gerardmer Info","robots":{"index":"index","follow":"follow","max-snippet":"max-snippet:-1","max-image-preview":"max-image-preview:large","max-video-preview":"max-video-preview:-1"},"canonical":"https:\/\/vosgesinfo.fr\/gerardmerinfo\/2018\/05\/volley-fin-de-saison-anecdotique-seniors\/","twitter_card":"summary_large_image","twitter_title":"Volley : fin de saison anecdotique pour les seniors - Gerardmer Info","twitter_description":"Le score\u00a0: 25\/17\u00a0 25\/20\u00a0 25\/17 Pour leur derni\u00e8re journ\u00e9e de N3, les G\u00e9r\u00f4mois de Yann Bombarde se d\u00e9pla\u00e7aient \u00e0 Creutzwald. [&hellip;]","twitter_image":"https:\/\/vosgesinfo.fr\/app\/uploads\/sites\/6\/2024\/07\/201609ballon-1-37.jpg","twitter_creator":"@VosgesInfo88","twitter_site":"@VosgesInfo88","twitter_misc":{"\u00c9crit par":"qs_admin","Dur\u00e9e de lecture estim\u00e9e":"2 minutes"},"schema":{"@context":"https:\/\/schema.org","@graph":[{"@type":"Article","@id":"https:\/\/vosgesinfo.fr\/gerardmerinfo\/2018\/05\/volley-fin-de-saison-anecdotique-seniors\/#article","isPartOf":{"@id":"https:\/\/vosgesinfo.fr\/gerardmerinfo\/2018\/05\/volley-fin-de-saison-anecdotique-seniors\/"},"author":{"name":"qs_admin","@id":"https:\/\/vosgesinfo.fr\/gerardmerinfo\/#\/schema\/person\/bc5d02d71e6932e81b6dadb7386667b1"},"headline":"Volley : fin de saison anecdotique pour les seniors","datePublished":"2018-05-06T13:53:30+00:00","dateModified":"2018-05-06T13:53:30+00:00","mainEntityOfPage":{"@id":"https:\/\/vosgesinfo.fr\/gerardmerinfo\/2018\/05\/volley-fin-de-saison-anecdotique-seniors\/"},"wordCount":326,"commentCount":0,"publisher":{"@id":"https:\/\/vosgesinfo.fr\/gerardmerinfo\/#organization"},"image":{"@id":"https:\/\/vosgesinfo.fr\/gerardmerinfo\/2018\/05\/volley-fin-de-saison-anecdotique-seniors\/#primaryimage"},"thumbnailUrl":"https:\/\/vosgesinfo.fr\/app\/uploads\/sites\/6\/2024\/07\/201609ballon-1-37.jpg","keywords":["ASG volley"],"articleSection":["A la une","Sport"],"inLanguage":"fr-FR","potentialAction":[{"@type":"CommentAction","name":"Comment","target":["https:\/\/vosgesinfo.fr\/gerardmerinfo\/2018\/05\/volley-fin-de-saison-anecdotique-seniors\/#respond"]}]},{"@type":"WebPage","@id":"https:\/\/vosgesinfo.fr\/gerardmerinfo\/2018\/05\/volley-fin-de-saison-anecdotique-seniors\/","url":"https:\/\/vosgesinfo.fr\/gerardmerinfo\/2018\/05\/volley-fin-de-saison-anecdotique-seniors\/","name":"Volley : fin de saison anecdotique pour les seniors - Gerardmer Info","isPartOf":{"@id":"https:\/\/vosgesinfo.fr\/gerardmerinfo\/#website"},"primaryImageOfPage":{"@id":"https:\/\/vosgesinfo.fr\/gerardmerinfo\/2018\/05\/volley-fin-de-saison-anecdotique-seniors\/#primaryimage"},"image":{"@id":"https:\/\/vosgesinfo.fr\/gerardmerinfo\/2018\/05\/volley-fin-de-saison-anecdotique-seniors\/#primaryimage"},"thumbnailUrl":"https:\/\/vosgesinfo.fr\/app\/uploads\/sites\/6\/2024\/07\/201609ballon-1-37.jpg","datePublished":"2018-05-06T13:53:30+00:00","dateModified":"2018-05-06T13:53:30+00:00","breadcrumb":{"@id":"https:\/\/vosgesinfo.fr\/gerardmerinfo\/2018\/05\/volley-fin-de-saison-anecdotique-seniors\/#breadcrumb"},"inLanguage":"fr-FR","potentialAction":[{"@type":"ReadAction","target":["https:\/\/vosgesinfo.fr\/gerardmerinfo\/2018\/05\/volley-fin-de-saison-anecdotique-seniors\/"]}]},{"@type":"ImageObject","inLanguage":"fr-FR","@id":"https:\/\/vosgesinfo.fr\/gerardmerinfo\/2018\/05\/volley-fin-de-saison-anecdotique-seniors\/#primaryimage","url":"https:\/\/vosgesinfo.fr\/app\/uploads\/sites\/6\/2024\/07\/201609ballon-1-37.jpg","contentUrl":"https:\/\/vosgesinfo.fr\/app\/uploads\/sites\/6\/2024\/07\/201609ballon-1-37.jpg","width":600,"height":600},{"@type":"BreadcrumbList","@id":"https:\/\/vosgesinfo.fr\/gerardmerinfo\/2018\/05\/volley-fin-de-saison-anecdotique-seniors\/#breadcrumb","itemListElement":[{"@type":"ListItem","position":1,"name":"Home","item":"https:\/\/vosgesinfo.fr\/gerardmerinfo\/"},{"@type":"ListItem","position":2,"name":"Volley : fin de saison anecdotique pour les seniors"}]},{"@type":"WebSite","@id":"https:\/\/vosgesinfo.fr\/gerardmerinfo\/#website","url":"https:\/\/vosgesinfo.fr\/gerardmerinfo\/","name":"Gerardmer Info","description":"Toute l&#039;actualit\u00e9 de G\u00e9rardmer","publisher":{"@id":"https:\/\/vosgesinfo.fr\/gerardmerinfo\/#organization"},"alternateName":"Toute l'actualit\u00e9 de G\u00e9rardmer","potentialAction":[{"@type":"SearchAction","target":{"@type":"EntryPoint","urlTemplate":"https:\/\/vosgesinfo.fr\/gerardmerinfo\/?s={search_term_string}"},"query-input":"required name=search_term_string"}],"inLanguage":"fr-FR"},{"@type":"Organization","@id":"https:\/\/vosgesinfo.fr\/gerardmerinfo\/#organization","name":"Gerardmer Info","url":"https:\/\/vosgesinfo.fr\/gerardmerinfo\/","logo":{"@type":"ImageObject","inLanguage":"fr-FR","@id":"https:\/\/vosgesinfo.fr\/gerardmerinfo\/#\/schema\/logo\/image\/","url":"https:\/\/vosgesinfo.fr\/app\/uploads\/sites\/6\/2023\/08\/favicon-gerardmerinfo.png","contentUrl":"https:\/\/vosgesinfo.fr\/app\/uploads\/sites\/6\/2023\/08\/favicon-gerardmerinfo.png","width":512,"height":512,"caption":"Gerardmer Info"},"image":{"@id":"https:\/\/vosgesinfo.fr\/gerardmerinfo\/#\/schema\/logo\/image\/"},"sameAs":["https:\/\/www.facebook.com\/profile.php?id=100049475262660","https:\/\/x.com\/VosgesInfo88","https:\/\/www.youtube.com\/@vosgesinfo"]},{"@type":"Person","@id":"https:\/\/vosgesinfo.fr\/gerardmerinfo\/#\/schema\/person\/bc5d02d71e6932e81b6dadb7386667b1","name":"qs_admin","image":{"@type":"ImageObject","inLanguage":"fr-FR","@id":"https:\/\/vosgesinfo.fr\/gerardmerinfo\/#\/schema\/person\/image\/","url":"https:\/\/secure.gravatar.com\/avatar\/94b18ee0ed79e4a42ea2f2931277b6841a8999fc6fde214600c78057cf1fe1de?s=96&d=mm&r=g","contentUrl":"https:\/\/secure.gravatar.com\/avatar\/94b18ee0ed79e4a42ea2f2931277b6841a8999fc6fde214600c78057cf1fe1de?s=96&d=mm&r=g","caption":"qs_admin"},"sameAs":["https:\/\/vosgesinfo.fr\/wp"],"url":"https:\/\/vosgesinfo.fr\/gerardmerinfo\/author\/qs_admin\/"}]}},"_links":{"self":[{"href":"https:\/\/vosgesinfo.fr\/gerardmerinfo\/wp-json\/wp\/v2\/posts\/33731","targetHints":{"allow":["GET"]}}],"collection":[{"href":"https:\/\/vosgesinfo.fr\/gerardmerinfo\/wp-json\/wp\/v2\/posts"}],"about":[{"href":"https:\/\/vosgesinfo.fr\/gerardmerinfo\/wp-json\/wp\/v2\/types\/post"}],"author":[{"embeddable":true,"href":"https:\/\/vosgesinfo.fr\/gerardmerinfo\/wp-json\/wp\/v2\/users\/1"}],"replies":[{"embeddable":true,"href":"https:\/\/vosgesinfo.fr\/gerardmerinfo\/wp-json\/wp\/v2\/comments?post=33731"}],"version-history":[{"count":0,"href":"https:\/\/vosgesinfo.fr\/gerardmerinfo\/wp-json\/wp\/v2\/posts\/33731\/revisions"}],"wp:featuredmedia":[{"embeddable":true,"href":"https:\/\/vosgesinfo.fr\/gerardmerinfo\/wp-json\/wp\/v2\/media\/33732"}],"wp:attachment":[{"href":"https:\/\/vosgesinfo.fr\/gerardmerinfo\/wp-json\/wp\/v2\/media?parent=33731"}],"wp:term":[{"taxonomy":"category","embeddable":true,"href":"https:\/\/vosgesinfo.fr\/gerardmerinfo\/wp-json\/wp\/v2\/categories?post=33731"},{"taxonomy":"post_tag","embeddable":true,"href":"https:\/\/vosgesinfo.fr\/gerardmerinfo\/wp-json\/wp\/v2\/tags?post=33731"}],"curies":[{"name":"wp","href":"https:\/\/api.w.org\/{rel}","templated":true}]}}