{"id":33738,"date":"2018-05-07T15:49:37","date_gmt":"2018-05-07T13:49:37","guid":{"rendered":"https:\/\/vosgesinfo.fr\/gerardmerinfo\/2018\/05\/cyclisme-bertrand-hung-simpose-a-aumontzey\/"},"modified":"2018-05-07T15:49:37","modified_gmt":"2018-05-07T13:49:37","slug":"cyclisme-bertrand-hung-simpose-a-aumontzey","status":"publish","type":"post","link":"https:\/\/vosgesinfo.fr\/gerardmerinfo\/2018\/05\/cyclisme-bertrand-hung-simpose-a-aumontzey\/","title":{"rendered":"Cyclisme : Bertrand Hung s&rsquo;impose \u00e0 Aumontzey"},"content":{"rendered":"<div id=\"attachment_126986\" style=\"width: 350px\" class=\"wp-caption aligncenter\"><a href=\"\/2018\/05\/1ERE-CAT..jpg\"><img decoding=\"async\" aria-describedby=\"caption-attachment-126986\" class=\"size-medium wp-image-126986\" src=\"\/2018\/05\/1ERE-CAT.-340x255.jpg\" alt=\"Le podium de la 1\u00e8re cat\u00e9gorie\" width=\"340\" height=\"255\" \/><\/a><p id=\"caption-attachment-126986\" class=\"wp-caption-text\">Le podium de la 1\u00e8re cat\u00e9gorie<\/p><\/div>\n<h2><span style=\"font-size: 12pt;\">Ce dimanche avait lieu la 13\u00e8me \u00e9dition du Grand Prix d&rsquo;Aumontzey organis\u00e9 par le V\u00e9lo Sports G\u00e9r\u00f4mois. Une course plac\u00e9e sous l&rsquo;\u00e9gide de l&rsquo;UFOLEP qui a r\u00e9uni pas moins de 101 coureurs.<\/span><\/h2>\n<p>Au final, c&rsquo;est une victoire de Bertrand Hung du JECDE ST Di\u00e9. Il devance Jos\u00e9 Marques de l&rsquo;UC Remiremont ainsi que David M\u00e9nette de l&rsquo;UC Contrex-Mirecourt-Vittel qui compl\u00e8te le podium de la 1\u00e8re Cat\u00e9gorie. Le premier G\u00e9r\u00f4mois accroche la 10\u00e8me place de la course, l s&rsquo;agit de Cyril Carru. Chez les jeunes, c&rsquo;est le soci\u00e9taire de l&rsquo;EC St\u00e9phanois Gauthier Rouxel qui s&rsquo;impose dans sa cat\u00e9gorie des cadets alors que Paul Travers du cycle Golb\u00e9en fini sur la plus haute marche du podium des minimes. Chez les dames, victoire de l&rsquo;alsacienne S\u00e9gol\u00e8ne Valance du SC Munster face \u00e0 deux spinaliennes : Sylvie G\u00e9rard et Cindy Poirot.<\/p>\n<p>Tous les r\u00e9sultats ici : <a href=\"\/2018\/05\/CADETSMINIMES-et-FEMININES.pdf\">CADETS,MINIMES et FEMININES<\/a> <a href=\"\/2018\/05\/CAT.-1.pdf\">CAT. 1<\/a> <a href=\"\/2018\/05\/CAT.-2.pdf\">CAT. 2<\/a> <a href=\"\/2018\/05\/CAT.-3.pdf\">CAT. 3<\/a> <a href=\"\/2018\/05\/CAT.-4.pdf\">CAT. 4<\/a><\/p>\n","protected":false},"excerpt":{"rendered":"<p>Ce dimanche avait lieu la 13\u00e8me \u00e9dition du Grand Prix d&rsquo;Aumontzey organis\u00e9 par le V\u00e9lo Sports G\u00e9r\u00f4mois. Une course plac\u00e9e [&hellip;]<\/p>\n","protected":false},"author":1,"featured_media":33739,"comment_status":"open","ping_status":"open","sticky":false,"template":"","format":"standard","meta":{"footnotes":""},"categories":[20,14],"tags":[82],"class_list":["post-33738","post","type-post","status-publish","format-standard","has-post-thumbnail","hentry","category-a-la-une","category-sport","tag-vsg"],"acf":[],"yoast_head":"<!-- This site is optimized with the Yoast SEO plugin v22.5 - https:\/\/yoast.com\/wordpress\/plugins\/seo\/ -->\n<title>Cyclisme : Bertrand Hung s&#039;impose \u00e0 Aumontzey - Gerardmer Info<\/title>\n<meta name=\"robots\" content=\"index, follow, max-snippet:-1, max-image-preview:large, max-video-preview:-1\" \/>\n<link rel=\"canonical\" href=\"https:\/\/vosgesinfo.fr\/gerardmerinfo\/2018\/05\/cyclisme-bertrand-hung-simpose-a-aumontzey\/\" \/>\n<meta name=\"twitter:card\" content=\"summary_large_image\" \/>\n<meta name=\"twitter:title\" content=\"Cyclisme : Bertrand Hung s&#039;impose \u00e0 Aumontzey - Gerardmer Info\" \/>\n<meta name=\"twitter:description\" content=\"Ce dimanche avait lieu la 13\u00e8me \u00e9dition du Grand Prix d&rsquo;Aumontzey organis\u00e9 par le V\u00e9lo Sports G\u00e9r\u00f4mois. Une course plac\u00e9e [&hellip;]\" \/>\n<meta name=\"twitter:image\" content=\"https:\/\/vosgesinfo.fr\/app\/uploads\/sites\/6\/2024\/07\/201805gp-aumontzey-2018.jpg\" \/>\n<meta name=\"twitter:creator\" content=\"@VosgesInfo88\" \/>\n<meta name=\"twitter:site\" content=\"@VosgesInfo88\" \/>\n<meta name=\"twitter:label1\" content=\"\u00c9crit par\" \/>\n\t<meta name=\"twitter:data1\" content=\"qs_admin\" \/>\n\t<meta name=\"twitter:label2\" content=\"Dur\u00e9e de lecture estim\u00e9e\" \/>\n\t<meta name=\"twitter:data2\" content=\"1 minute\" \/>\n<script type=\"application\/ld+json\" class=\"yoast-schema-graph\">{\"@context\":\"https:\/\/schema.org\",\"@graph\":[{\"@type\":\"Article\",\"@id\":\"https:\/\/vosgesinfo.fr\/gerardmerinfo\/2018\/05\/cyclisme-bertrand-hung-simpose-a-aumontzey\/#article\",\"isPartOf\":{\"@id\":\"https:\/\/vosgesinfo.fr\/gerardmerinfo\/2018\/05\/cyclisme-bertrand-hung-simpose-a-aumontzey\/\"},\"author\":{\"name\":\"qs_admin\",\"@id\":\"https:\/\/vosgesinfo.fr\/gerardmerinfo\/#\/schema\/person\/bc5d02d71e6932e81b6dadb7386667b1\"},\"headline\":\"Cyclisme : Bertrand Hung s&rsquo;impose \u00e0 Aumontzey\",\"datePublished\":\"2018-05-07T13:49:37+00:00\",\"dateModified\":\"2018-05-07T13:49:37+00:00\",\"mainEntityOfPage\":{\"@id\":\"https:\/\/vosgesinfo.fr\/gerardmerinfo\/2018\/05\/cyclisme-bertrand-hung-simpose-a-aumontzey\/\"},\"wordCount\":195,\"commentCount\":0,\"publisher\":{\"@id\":\"https:\/\/vosgesinfo.fr\/gerardmerinfo\/#organization\"},\"image\":{\"@id\":\"https:\/\/vosgesinfo.fr\/gerardmerinfo\/2018\/05\/cyclisme-bertrand-hung-simpose-a-aumontzey\/#primaryimage\"},\"thumbnailUrl\":\"https:\/\/vosgesinfo.fr\/app\/uploads\/sites\/6\/2024\/07\/201805gp-aumontzey-2018.jpg\",\"keywords\":[\"VSG\"],\"articleSection\":[\"A la une\",\"Sport\"],\"inLanguage\":\"fr-FR\",\"potentialAction\":[{\"@type\":\"CommentAction\",\"name\":\"Comment\",\"target\":[\"https:\/\/vosgesinfo.fr\/gerardmerinfo\/2018\/05\/cyclisme-bertrand-hung-simpose-a-aumontzey\/#respond\"]}]},{\"@type\":\"WebPage\",\"@id\":\"https:\/\/vosgesinfo.fr\/gerardmerinfo\/2018\/05\/cyclisme-bertrand-hung-simpose-a-aumontzey\/\",\"url\":\"https:\/\/vosgesinfo.fr\/gerardmerinfo\/2018\/05\/cyclisme-bertrand-hung-simpose-a-aumontzey\/\",\"name\":\"Cyclisme : Bertrand Hung s'impose \u00e0 Aumontzey - Gerardmer Info\",\"isPartOf\":{\"@id\":\"https:\/\/vosgesinfo.fr\/gerardmerinfo\/#website\"},\"primaryImageOfPage\":{\"@id\":\"https:\/\/vosgesinfo.fr\/gerardmerinfo\/2018\/05\/cyclisme-bertrand-hung-simpose-a-aumontzey\/#primaryimage\"},\"image\":{\"@id\":\"https:\/\/vosgesinfo.fr\/gerardmerinfo\/2018\/05\/cyclisme-bertrand-hung-simpose-a-aumontzey\/#primaryimage\"},\"thumbnailUrl\":\"https:\/\/vosgesinfo.fr\/app\/uploads\/sites\/6\/2024\/07\/201805gp-aumontzey-2018.jpg\",\"datePublished\":\"2018-05-07T13:49:37+00:00\",\"dateModified\":\"2018-05-07T13:49:37+00:00\",\"breadcrumb\":{\"@id\":\"https:\/\/vosgesinfo.fr\/gerardmerinfo\/2018\/05\/cyclisme-bertrand-hung-simpose-a-aumontzey\/#breadcrumb\"},\"inLanguage\":\"fr-FR\",\"potentialAction\":[{\"@type\":\"ReadAction\",\"target\":[\"https:\/\/vosgesinfo.fr\/gerardmerinfo\/2018\/05\/cyclisme-bertrand-hung-simpose-a-aumontzey\/\"]}]},{\"@type\":\"ImageObject\",\"inLanguage\":\"fr-FR\",\"@id\":\"https:\/\/vosgesinfo.fr\/gerardmerinfo\/2018\/05\/cyclisme-bertrand-hung-simpose-a-aumontzey\/#primaryimage\",\"url\":\"https:\/\/vosgesinfo.fr\/app\/uploads\/sites\/6\/2024\/07\/201805gp-aumontzey-2018.jpg\",\"contentUrl\":\"https:\/\/vosgesinfo.fr\/app\/uploads\/sites\/6\/2024\/07\/201805gp-aumontzey-2018.jpg\",\"width\":640,\"height\":480},{\"@type\":\"BreadcrumbList\",\"@id\":\"https:\/\/vosgesinfo.fr\/gerardmerinfo\/2018\/05\/cyclisme-bertrand-hung-simpose-a-aumontzey\/#breadcrumb\",\"itemListElement\":[{\"@type\":\"ListItem\",\"position\":1,\"name\":\"Home\",\"item\":\"https:\/\/vosgesinfo.fr\/gerardmerinfo\/\"},{\"@type\":\"ListItem\",\"position\":2,\"name\":\"Cyclisme : Bertrand Hung s&rsquo;impose \u00e0 Aumontzey\"}]},{\"@type\":\"WebSite\",\"@id\":\"https:\/\/vosgesinfo.fr\/gerardmerinfo\/#website\",\"url\":\"https:\/\/vosgesinfo.fr\/gerardmerinfo\/\",\"name\":\"Gerardmer Info\",\"description\":\"Toute l&#039;actualit\u00e9 de G\u00e9rardmer\",\"publisher\":{\"@id\":\"https:\/\/vosgesinfo.fr\/gerardmerinfo\/#organization\"},\"alternateName\":\"Toute l'actualit\u00e9 de G\u00e9rardmer\",\"potentialAction\":[{\"@type\":\"SearchAction\",\"target\":{\"@type\":\"EntryPoint\",\"urlTemplate\":\"https:\/\/vosgesinfo.fr\/gerardmerinfo\/?s={search_term_string}\"},\"query-input\":\"required name=search_term_string\"}],\"inLanguage\":\"fr-FR\"},{\"@type\":\"Organization\",\"@id\":\"https:\/\/vosgesinfo.fr\/gerardmerinfo\/#organization\",\"name\":\"Gerardmer Info\",\"url\":\"https:\/\/vosgesinfo.fr\/gerardmerinfo\/\",\"logo\":{\"@type\":\"ImageObject\",\"inLanguage\":\"fr-FR\",\"@id\":\"https:\/\/vosgesinfo.fr\/gerardmerinfo\/#\/schema\/logo\/image\/\",\"url\":\"https:\/\/vosgesinfo.fr\/app\/uploads\/sites\/6\/2023\/08\/favicon-gerardmerinfo.png\",\"contentUrl\":\"https:\/\/vosgesinfo.fr\/app\/uploads\/sites\/6\/2023\/08\/favicon-gerardmerinfo.png\",\"width\":512,\"height\":512,\"caption\":\"Gerardmer Info\"},\"image\":{\"@id\":\"https:\/\/vosgesinfo.fr\/gerardmerinfo\/#\/schema\/logo\/image\/\"},\"sameAs\":[\"https:\/\/www.facebook.com\/profile.php?id=100049475262660\",\"https:\/\/x.com\/VosgesInfo88\",\"https:\/\/www.youtube.com\/@vosgesinfo\"]},{\"@type\":\"Person\",\"@id\":\"https:\/\/vosgesinfo.fr\/gerardmerinfo\/#\/schema\/person\/bc5d02d71e6932e81b6dadb7386667b1\",\"name\":\"qs_admin\",\"image\":{\"@type\":\"ImageObject\",\"inLanguage\":\"fr-FR\",\"@id\":\"https:\/\/vosgesinfo.fr\/gerardmerinfo\/#\/schema\/person\/image\/\",\"url\":\"https:\/\/secure.gravatar.com\/avatar\/94b18ee0ed79e4a42ea2f2931277b6841a8999fc6fde214600c78057cf1fe1de?s=96&d=mm&r=g\",\"contentUrl\":\"https:\/\/secure.gravatar.com\/avatar\/94b18ee0ed79e4a42ea2f2931277b6841a8999fc6fde214600c78057cf1fe1de?s=96&d=mm&r=g\",\"caption\":\"qs_admin\"},\"sameAs\":[\"https:\/\/vosgesinfo.fr\/wp\"],\"url\":\"https:\/\/vosgesinfo.fr\/gerardmerinfo\/author\/qs_admin\/\"}]}<\/script>\n<!-- \/ Yoast SEO plugin. -->","yoast_head_json":{"title":"Cyclisme : Bertrand Hung s'impose \u00e0 Aumontzey - Gerardmer Info","robots":{"index":"index","follow":"follow","max-snippet":"max-snippet:-1","max-image-preview":"max-image-preview:large","max-video-preview":"max-video-preview:-1"},"canonical":"https:\/\/vosgesinfo.fr\/gerardmerinfo\/2018\/05\/cyclisme-bertrand-hung-simpose-a-aumontzey\/","twitter_card":"summary_large_image","twitter_title":"Cyclisme : Bertrand Hung s'impose \u00e0 Aumontzey - Gerardmer Info","twitter_description":"Ce dimanche avait lieu la 13\u00e8me \u00e9dition du Grand Prix d&rsquo;Aumontzey organis\u00e9 par le V\u00e9lo Sports G\u00e9r\u00f4mois. Une course plac\u00e9e [&hellip;]","twitter_image":"https:\/\/vosgesinfo.fr\/app\/uploads\/sites\/6\/2024\/07\/201805gp-aumontzey-2018.jpg","twitter_creator":"@VosgesInfo88","twitter_site":"@VosgesInfo88","twitter_misc":{"\u00c9crit par":"qs_admin","Dur\u00e9e de lecture estim\u00e9e":"1 minute"},"schema":{"@context":"https:\/\/schema.org","@graph":[{"@type":"Article","@id":"https:\/\/vosgesinfo.fr\/gerardmerinfo\/2018\/05\/cyclisme-bertrand-hung-simpose-a-aumontzey\/#article","isPartOf":{"@id":"https:\/\/vosgesinfo.fr\/gerardmerinfo\/2018\/05\/cyclisme-bertrand-hung-simpose-a-aumontzey\/"},"author":{"name":"qs_admin","@id":"https:\/\/vosgesinfo.fr\/gerardmerinfo\/#\/schema\/person\/bc5d02d71e6932e81b6dadb7386667b1"},"headline":"Cyclisme : Bertrand Hung s&rsquo;impose \u00e0 Aumontzey","datePublished":"2018-05-07T13:49:37+00:00","dateModified":"2018-05-07T13:49:37+00:00","mainEntityOfPage":{"@id":"https:\/\/vosgesinfo.fr\/gerardmerinfo\/2018\/05\/cyclisme-bertrand-hung-simpose-a-aumontzey\/"},"wordCount":195,"commentCount":0,"publisher":{"@id":"https:\/\/vosgesinfo.fr\/gerardmerinfo\/#organization"},"image":{"@id":"https:\/\/vosgesinfo.fr\/gerardmerinfo\/2018\/05\/cyclisme-bertrand-hung-simpose-a-aumontzey\/#primaryimage"},"thumbnailUrl":"https:\/\/vosgesinfo.fr\/app\/uploads\/sites\/6\/2024\/07\/201805gp-aumontzey-2018.jpg","keywords":["VSG"],"articleSection":["A la une","Sport"],"inLanguage":"fr-FR","potentialAction":[{"@type":"CommentAction","name":"Comment","target":["https:\/\/vosgesinfo.fr\/gerardmerinfo\/2018\/05\/cyclisme-bertrand-hung-simpose-a-aumontzey\/#respond"]}]},{"@type":"WebPage","@id":"https:\/\/vosgesinfo.fr\/gerardmerinfo\/2018\/05\/cyclisme-bertrand-hung-simpose-a-aumontzey\/","url":"https:\/\/vosgesinfo.fr\/gerardmerinfo\/2018\/05\/cyclisme-bertrand-hung-simpose-a-aumontzey\/","name":"Cyclisme : Bertrand Hung s'impose \u00e0 Aumontzey - Gerardmer Info","isPartOf":{"@id":"https:\/\/vosgesinfo.fr\/gerardmerinfo\/#website"},"primaryImageOfPage":{"@id":"https:\/\/vosgesinfo.fr\/gerardmerinfo\/2018\/05\/cyclisme-bertrand-hung-simpose-a-aumontzey\/#primaryimage"},"image":{"@id":"https:\/\/vosgesinfo.fr\/gerardmerinfo\/2018\/05\/cyclisme-bertrand-hung-simpose-a-aumontzey\/#primaryimage"},"thumbnailUrl":"https:\/\/vosgesinfo.fr\/app\/uploads\/sites\/6\/2024\/07\/201805gp-aumontzey-2018.jpg","datePublished":"2018-05-07T13:49:37+00:00","dateModified":"2018-05-07T13:49:37+00:00","breadcrumb":{"@id":"https:\/\/vosgesinfo.fr\/gerardmerinfo\/2018\/05\/cyclisme-bertrand-hung-simpose-a-aumontzey\/#breadcrumb"},"inLanguage":"fr-FR","potentialAction":[{"@type":"ReadAction","target":["https:\/\/vosgesinfo.fr\/gerardmerinfo\/2018\/05\/cyclisme-bertrand-hung-simpose-a-aumontzey\/"]}]},{"@type":"ImageObject","inLanguage":"fr-FR","@id":"https:\/\/vosgesinfo.fr\/gerardmerinfo\/2018\/05\/cyclisme-bertrand-hung-simpose-a-aumontzey\/#primaryimage","url":"https:\/\/vosgesinfo.fr\/app\/uploads\/sites\/6\/2024\/07\/201805gp-aumontzey-2018.jpg","contentUrl":"https:\/\/vosgesinfo.fr\/app\/uploads\/sites\/6\/2024\/07\/201805gp-aumontzey-2018.jpg","width":640,"height":480},{"@type":"BreadcrumbList","@id":"https:\/\/vosgesinfo.fr\/gerardmerinfo\/2018\/05\/cyclisme-bertrand-hung-simpose-a-aumontzey\/#breadcrumb","itemListElement":[{"@type":"ListItem","position":1,"name":"Home","item":"https:\/\/vosgesinfo.fr\/gerardmerinfo\/"},{"@type":"ListItem","position":2,"name":"Cyclisme : Bertrand Hung s&rsquo;impose \u00e0 Aumontzey"}]},{"@type":"WebSite","@id":"https:\/\/vosgesinfo.fr\/gerardmerinfo\/#website","url":"https:\/\/vosgesinfo.fr\/gerardmerinfo\/","name":"Gerardmer Info","description":"Toute l&#039;actualit\u00e9 de G\u00e9rardmer","publisher":{"@id":"https:\/\/vosgesinfo.fr\/gerardmerinfo\/#organization"},"alternateName":"Toute l'actualit\u00e9 de G\u00e9rardmer","potentialAction":[{"@type":"SearchAction","target":{"@type":"EntryPoint","urlTemplate":"https:\/\/vosgesinfo.fr\/gerardmerinfo\/?s={search_term_string}"},"query-input":"required name=search_term_string"}],"inLanguage":"fr-FR"},{"@type":"Organization","@id":"https:\/\/vosgesinfo.fr\/gerardmerinfo\/#organization","name":"Gerardmer Info","url":"https:\/\/vosgesinfo.fr\/gerardmerinfo\/","logo":{"@type":"ImageObject","inLanguage":"fr-FR","@id":"https:\/\/vosgesinfo.fr\/gerardmerinfo\/#\/schema\/logo\/image\/","url":"https:\/\/vosgesinfo.fr\/app\/uploads\/sites\/6\/2023\/08\/favicon-gerardmerinfo.png","contentUrl":"https:\/\/vosgesinfo.fr\/app\/uploads\/sites\/6\/2023\/08\/favicon-gerardmerinfo.png","width":512,"height":512,"caption":"Gerardmer Info"},"image":{"@id":"https:\/\/vosgesinfo.fr\/gerardmerinfo\/#\/schema\/logo\/image\/"},"sameAs":["https:\/\/www.facebook.com\/profile.php?id=100049475262660","https:\/\/x.com\/VosgesInfo88","https:\/\/www.youtube.com\/@vosgesinfo"]},{"@type":"Person","@id":"https:\/\/vosgesinfo.fr\/gerardmerinfo\/#\/schema\/person\/bc5d02d71e6932e81b6dadb7386667b1","name":"qs_admin","image":{"@type":"ImageObject","inLanguage":"fr-FR","@id":"https:\/\/vosgesinfo.fr\/gerardmerinfo\/#\/schema\/person\/image\/","url":"https:\/\/secure.gravatar.com\/avatar\/94b18ee0ed79e4a42ea2f2931277b6841a8999fc6fde214600c78057cf1fe1de?s=96&d=mm&r=g","contentUrl":"https:\/\/secure.gravatar.com\/avatar\/94b18ee0ed79e4a42ea2f2931277b6841a8999fc6fde214600c78057cf1fe1de?s=96&d=mm&r=g","caption":"qs_admin"},"sameAs":["https:\/\/vosgesinfo.fr\/wp"],"url":"https:\/\/vosgesinfo.fr\/gerardmerinfo\/author\/qs_admin\/"}]}},"_links":{"self":[{"href":"https:\/\/vosgesinfo.fr\/gerardmerinfo\/wp-json\/wp\/v2\/posts\/33738","targetHints":{"allow":["GET"]}}],"collection":[{"href":"https:\/\/vosgesinfo.fr\/gerardmerinfo\/wp-json\/wp\/v2\/posts"}],"about":[{"href":"https:\/\/vosgesinfo.fr\/gerardmerinfo\/wp-json\/wp\/v2\/types\/post"}],"author":[{"embeddable":true,"href":"https:\/\/vosgesinfo.fr\/gerardmerinfo\/wp-json\/wp\/v2\/users\/1"}],"replies":[{"embeddable":true,"href":"https:\/\/vosgesinfo.fr\/gerardmerinfo\/wp-json\/wp\/v2\/comments?post=33738"}],"version-history":[{"count":0,"href":"https:\/\/vosgesinfo.fr\/gerardmerinfo\/wp-json\/wp\/v2\/posts\/33738\/revisions"}],"wp:featuredmedia":[{"embeddable":true,"href":"https:\/\/vosgesinfo.fr\/gerardmerinfo\/wp-json\/wp\/v2\/media\/33739"}],"wp:attachment":[{"href":"https:\/\/vosgesinfo.fr\/gerardmerinfo\/wp-json\/wp\/v2\/media?parent=33738"}],"wp:term":[{"taxonomy":"category","embeddable":true,"href":"https:\/\/vosgesinfo.fr\/gerardmerinfo\/wp-json\/wp\/v2\/categories?post=33738"},{"taxonomy":"post_tag","embeddable":true,"href":"https:\/\/vosgesinfo.fr\/gerardmerinfo\/wp-json\/wp\/v2\/tags?post=33738"}],"curies":[{"name":"wp","href":"https:\/\/api.w.org\/{rel}","templated":true}]}}