{"id":33773,"date":"2018-05-09T15:23:02","date_gmt":"2018-05-09T13:23:02","guid":{"rendered":"https:\/\/vosgesinfo.fr\/gerardmerinfo\/2018\/05\/voile-106-participants-mediterannee\/"},"modified":"2018-05-09T15:23:02","modified_gmt":"2018-05-09T13:23:02","slug":"voile-106-participants-mediterannee","status":"publish","type":"post","link":"https:\/\/vosgesinfo.fr\/gerardmerinfo\/2018\/05\/voile-106-participants-mediterannee\/","title":{"rendered":"Voile: 106 participants en M\u00e9diteran\u00e9e"},"content":{"rendered":"\n<h3><strong><br \/>\n<\/strong>L&rsquo;ASG Voile organisait la semaine derni\u00e8re son 21i\u00e8me regroupement r\u00e9gional \u00e0 Port-Grimaud dans le Var.<\/h3>\n<div><\/div>\n<div>Malgr\u00e9 une m\u00e9t\u00e9o maussade et un vent capricieux et impr\u00e9visible, le cru 2018 aura \u00e9t\u00e9 de grande qualit\u00e9 et a satisfait tous les participants, petits et grands, comp\u00e9titeurs chevronn\u00e9s et d\u00e9butants, planches et d\u00e9riveurs.<\/div>\n<div>Avec 106 participants sur l&rsquo;eau dont 75 de G\u00e9rardmer, soit pr\u00e8s de 250 personnes avec les familles, la transhumance annuelle du club de voile n&rsquo;est pas chose facile. Mais la motivation et l&rsquo;ambiance entre les participants ont permis de d\u00e9passer toutes les difficult\u00e9s, le transport du mat\u00e9riel de navigation, les zodiacs pour la s\u00e9curit\u00e9 et tout le mat\u00e9riel n\u00e9cessaire \u00e0 l&rsquo;organisation..<\/div>\n<div>Dix entra\u00eeneurs et moniteurs (de G\u00e9rardmer, \u00c9pinal, Messein et Cap 250 en Moselle) encadraient 5 groupes de petits et d\u00e9butants le matin, et six groupes plus exp\u00e9riment\u00e9s l&rsquo;apr\u00e8s-midi.<\/div>\n<div>Nouveaut\u00e9 cette ann\u00e9e, \u00e0 la grande satisfaction des familles, avec une animation Baby-voile chaque matin. Encadr\u00e9s par les jeunes comp\u00e9titeurs et aides-moniteurs du club, 18 enfants de 5 \u00e0 8 ans ont d\u00e9couvert la voile de mani\u00e8re tr\u00e8s ludique, \u00e0 travers jeux, r\u00e9alisation des troph\u00e9es, bateaux et porte-cl\u00e9s en bois flott\u00e9 et initiation \u00e0 la planche et \u00e0 l&rsquo;optimist. Les petits loups ont particuli\u00e8rement appr\u00e9ci\u00e9&#8230;<br \/>\nA noter la participation assidue de Julien Bontemps et de son \u00e9pouse Irina, internationale bulgare, \u00e0 l&rsquo;animation du baby-voile, Julien tenant \u00e0 son tour la \u00ab\u00a0ficelle\u00a0\u00bb de ses d\u00e9buts sur le lac de G\u00e9rardmer&#8230; Le regroupement, rehauss\u00e9 par la pr\u00e9sence du m\u00e9daill\u00e9 olympique et quadruple champion du monde g\u00e9r\u00f4mois, \u00e9tait aussi intense sur le plan sportif. Les journ\u00e9es commen\u00e7aient par un r\u00e9veil musculaire et des s\u00e9ances th\u00e9oriques , en particulier sur les r\u00e8gles de course, pour se terminer par des manches de r\u00e9gates apr\u00e8s plusieurs heures d&rsquo;entra\u00eenement. Un d\u00e9briefing cl\u00f4turait la journ\u00e9e, avant des moments de grande convivialit\u00e9 autour des produits r\u00e9gionaux&#8230;&nbsp;<\/p>\n<p><strong><em>Les r\u00e9sultats :<\/em><\/strong><\/p>\n<p>Le \u00ab\u00a0slalom\u00a0\u00bb disput\u00e9 le lundi, une des rares journ\u00e9es de vent fort, a \u00e9t\u00e9 remport\u00e9 par Geoffrey Voirin, devant le sp\u00e9cialiste de la discipline Xavier Collin de Cattenom et Gaby Gottscheck de Messein.<\/p>\n<p>Le \u00ab\u00a0raid\u00a0\u00bb, lanc\u00e9 le vendredi malgr\u00e9 des conditions tr\u00e8s faibles, le vent annonc\u00e9 se faisant d\u00e9sirer, a vu les victoires de Sarah Gaillard en planche jeunes, Th\u00e9o Halluitte en planche Raceboard, Hugo Boileau en d\u00e9riveur jeune et V\u00e9rona Trappani (Cap 250) en d\u00e9riveurs.<\/p>\n<p>la \u00ab\u00a0R\u00e9gate des Prairies de la Mer\u00a0\u00bb, disput\u00e9e sur l&rsquo;ensemble de la semaine, a \u00e9t\u00e9 remport\u00e9e par Cl\u00e9ment Valentin en planche jeunes, Th\u00e9o Halluitte en Raceboard, Ma\u00eflis Mathieu en d\u00e9riveurs jeunes et Timoth\u00e9 Gu\u00e9rin en d\u00e9riveurs.<\/p>\n<\/div>\n","protected":false},"excerpt":{"rendered":"<p>L&rsquo;ASG Voile organisait la semaine derni\u00e8re son 21i\u00e8me regroupement r\u00e9gional \u00e0 Port-Grimaud dans le Var. Malgr\u00e9 une m\u00e9t\u00e9o maussade et [&hellip;]<\/p>\n","protected":false},"author":1,"featured_media":33774,"comment_status":"open","ping_status":"open","sticky":false,"template":"","format":"standard","meta":{"footnotes":""},"categories":[20,14],"tags":[65],"class_list":["post-33773","post","type-post","status-publish","format-standard","has-post-thumbnail","hentry","category-a-la-une","category-sport","tag-asg-voile"],"acf":[],"yoast_head":"<!-- This site is optimized with the Yoast SEO plugin v22.5 - https:\/\/yoast.com\/wordpress\/plugins\/seo\/ -->\n<title>Voile: 106 participants en M\u00e9diteran\u00e9e - Gerardmer Info<\/title>\n<meta name=\"robots\" content=\"index, follow, max-snippet:-1, max-image-preview:large, max-video-preview:-1\" \/>\n<link rel=\"canonical\" href=\"https:\/\/vosgesinfo.fr\/gerardmerinfo\/2018\/05\/voile-106-participants-mediterannee\/\" \/>\n<meta name=\"twitter:card\" content=\"summary_large_image\" \/>\n<meta name=\"twitter:title\" content=\"Voile: 106 participants en M\u00e9diteran\u00e9e - Gerardmer Info\" \/>\n<meta name=\"twitter:description\" content=\"L&rsquo;ASG Voile organisait la semaine derni\u00e8re son 21i\u00e8me regroupement r\u00e9gional \u00e0 Port-Grimaud dans le Var. Malgr\u00e9 une m\u00e9t\u00e9o maussade et [&hellip;]\" \/>\n<meta name=\"twitter:image\" content=\"https:\/\/vosgesinfo.fr\/app\/uploads\/sites\/6\/2024\/07\/201805port-grimaud-voile-2018-3.jpg\" \/>\n<meta name=\"twitter:creator\" content=\"@VosgesInfo88\" \/>\n<meta name=\"twitter:site\" content=\"@VosgesInfo88\" \/>\n<meta name=\"twitter:label1\" content=\"\u00c9crit par\" \/>\n\t<meta name=\"twitter:data1\" content=\"qs_admin\" \/>\n\t<meta name=\"twitter:label2\" content=\"Dur\u00e9e de lecture estim\u00e9e\" \/>\n\t<meta name=\"twitter:data2\" content=\"2 minutes\" \/>\n<script type=\"application\/ld+json\" class=\"yoast-schema-graph\">{\"@context\":\"https:\/\/schema.org\",\"@graph\":[{\"@type\":\"Article\",\"@id\":\"https:\/\/vosgesinfo.fr\/gerardmerinfo\/2018\/05\/voile-106-participants-mediterannee\/#article\",\"isPartOf\":{\"@id\":\"https:\/\/vosgesinfo.fr\/gerardmerinfo\/2018\/05\/voile-106-participants-mediterannee\/\"},\"author\":{\"name\":\"qs_admin\",\"@id\":\"https:\/\/vosgesinfo.fr\/gerardmerinfo\/#\/schema\/person\/bc5d02d71e6932e81b6dadb7386667b1\"},\"headline\":\"Voile: 106 participants en M\u00e9diteran\u00e9e\",\"datePublished\":\"2018-05-09T13:23:02+00:00\",\"dateModified\":\"2018-05-09T13:23:02+00:00\",\"mainEntityOfPage\":{\"@id\":\"https:\/\/vosgesinfo.fr\/gerardmerinfo\/2018\/05\/voile-106-participants-mediterannee\/\"},\"wordCount\":496,\"commentCount\":0,\"publisher\":{\"@id\":\"https:\/\/vosgesinfo.fr\/gerardmerinfo\/#organization\"},\"image\":{\"@id\":\"https:\/\/vosgesinfo.fr\/gerardmerinfo\/2018\/05\/voile-106-participants-mediterannee\/#primaryimage\"},\"thumbnailUrl\":\"https:\/\/vosgesinfo.fr\/app\/uploads\/sites\/6\/2024\/07\/201805port-grimaud-voile-2018-3.jpg\",\"keywords\":[\"asg voile\"],\"articleSection\":[\"A la une\",\"Sport\"],\"inLanguage\":\"fr-FR\",\"potentialAction\":[{\"@type\":\"CommentAction\",\"name\":\"Comment\",\"target\":[\"https:\/\/vosgesinfo.fr\/gerardmerinfo\/2018\/05\/voile-106-participants-mediterannee\/#respond\"]}]},{\"@type\":\"WebPage\",\"@id\":\"https:\/\/vosgesinfo.fr\/gerardmerinfo\/2018\/05\/voile-106-participants-mediterannee\/\",\"url\":\"https:\/\/vosgesinfo.fr\/gerardmerinfo\/2018\/05\/voile-106-participants-mediterannee\/\",\"name\":\"Voile: 106 participants en M\u00e9diteran\u00e9e - Gerardmer Info\",\"isPartOf\":{\"@id\":\"https:\/\/vosgesinfo.fr\/gerardmerinfo\/#website\"},\"primaryImageOfPage\":{\"@id\":\"https:\/\/vosgesinfo.fr\/gerardmerinfo\/2018\/05\/voile-106-participants-mediterannee\/#primaryimage\"},\"image\":{\"@id\":\"https:\/\/vosgesinfo.fr\/gerardmerinfo\/2018\/05\/voile-106-participants-mediterannee\/#primaryimage\"},\"thumbnailUrl\":\"https:\/\/vosgesinfo.fr\/app\/uploads\/sites\/6\/2024\/07\/201805port-grimaud-voile-2018-3.jpg\",\"datePublished\":\"2018-05-09T13:23:02+00:00\",\"dateModified\":\"2018-05-09T13:23:02+00:00\",\"breadcrumb\":{\"@id\":\"https:\/\/vosgesinfo.fr\/gerardmerinfo\/2018\/05\/voile-106-participants-mediterannee\/#breadcrumb\"},\"inLanguage\":\"fr-FR\",\"potentialAction\":[{\"@type\":\"ReadAction\",\"target\":[\"https:\/\/vosgesinfo.fr\/gerardmerinfo\/2018\/05\/voile-106-participants-mediterannee\/\"]}]},{\"@type\":\"ImageObject\",\"inLanguage\":\"fr-FR\",\"@id\":\"https:\/\/vosgesinfo.fr\/gerardmerinfo\/2018\/05\/voile-106-participants-mediterannee\/#primaryimage\",\"url\":\"https:\/\/vosgesinfo.fr\/app\/uploads\/sites\/6\/2024\/07\/201805port-grimaud-voile-2018-3.jpg\",\"contentUrl\":\"https:\/\/vosgesinfo.fr\/app\/uploads\/sites\/6\/2024\/07\/201805port-grimaud-voile-2018-3.jpg\",\"width\":800,\"height\":485},{\"@type\":\"BreadcrumbList\",\"@id\":\"https:\/\/vosgesinfo.fr\/gerardmerinfo\/2018\/05\/voile-106-participants-mediterannee\/#breadcrumb\",\"itemListElement\":[{\"@type\":\"ListItem\",\"position\":1,\"name\":\"Home\",\"item\":\"https:\/\/vosgesinfo.fr\/gerardmerinfo\/\"},{\"@type\":\"ListItem\",\"position\":2,\"name\":\"Voile: 106 participants en M\u00e9diteran\u00e9e\"}]},{\"@type\":\"WebSite\",\"@id\":\"https:\/\/vosgesinfo.fr\/gerardmerinfo\/#website\",\"url\":\"https:\/\/vosgesinfo.fr\/gerardmerinfo\/\",\"name\":\"Gerardmer Info\",\"description\":\"Toute l&#039;actualit\u00e9 de G\u00e9rardmer\",\"publisher\":{\"@id\":\"https:\/\/vosgesinfo.fr\/gerardmerinfo\/#organization\"},\"alternateName\":\"Toute l'actualit\u00e9 de G\u00e9rardmer\",\"potentialAction\":[{\"@type\":\"SearchAction\",\"target\":{\"@type\":\"EntryPoint\",\"urlTemplate\":\"https:\/\/vosgesinfo.fr\/gerardmerinfo\/?s={search_term_string}\"},\"query-input\":\"required name=search_term_string\"}],\"inLanguage\":\"fr-FR\"},{\"@type\":\"Organization\",\"@id\":\"https:\/\/vosgesinfo.fr\/gerardmerinfo\/#organization\",\"name\":\"Gerardmer Info\",\"url\":\"https:\/\/vosgesinfo.fr\/gerardmerinfo\/\",\"logo\":{\"@type\":\"ImageObject\",\"inLanguage\":\"fr-FR\",\"@id\":\"https:\/\/vosgesinfo.fr\/gerardmerinfo\/#\/schema\/logo\/image\/\",\"url\":\"https:\/\/vosgesinfo.fr\/app\/uploads\/sites\/6\/2023\/08\/favicon-gerardmerinfo.png\",\"contentUrl\":\"https:\/\/vosgesinfo.fr\/app\/uploads\/sites\/6\/2023\/08\/favicon-gerardmerinfo.png\",\"width\":512,\"height\":512,\"caption\":\"Gerardmer Info\"},\"image\":{\"@id\":\"https:\/\/vosgesinfo.fr\/gerardmerinfo\/#\/schema\/logo\/image\/\"},\"sameAs\":[\"https:\/\/www.facebook.com\/profile.php?id=100049475262660\",\"https:\/\/x.com\/VosgesInfo88\",\"https:\/\/www.youtube.com\/@vosgesinfo\"]},{\"@type\":\"Person\",\"@id\":\"https:\/\/vosgesinfo.fr\/gerardmerinfo\/#\/schema\/person\/bc5d02d71e6932e81b6dadb7386667b1\",\"name\":\"qs_admin\",\"image\":{\"@type\":\"ImageObject\",\"inLanguage\":\"fr-FR\",\"@id\":\"https:\/\/vosgesinfo.fr\/gerardmerinfo\/#\/schema\/person\/image\/\",\"url\":\"https:\/\/secure.gravatar.com\/avatar\/94b18ee0ed79e4a42ea2f2931277b6841a8999fc6fde214600c78057cf1fe1de?s=96&d=mm&r=g\",\"contentUrl\":\"https:\/\/secure.gravatar.com\/avatar\/94b18ee0ed79e4a42ea2f2931277b6841a8999fc6fde214600c78057cf1fe1de?s=96&d=mm&r=g\",\"caption\":\"qs_admin\"},\"sameAs\":[\"https:\/\/vosgesinfo.fr\/wp\"],\"url\":\"https:\/\/vosgesinfo.fr\/gerardmerinfo\/author\/qs_admin\/\"}]}<\/script>\n<!-- \/ Yoast SEO plugin. -->","yoast_head_json":{"title":"Voile: 106 participants en M\u00e9diteran\u00e9e - Gerardmer Info","robots":{"index":"index","follow":"follow","max-snippet":"max-snippet:-1","max-image-preview":"max-image-preview:large","max-video-preview":"max-video-preview:-1"},"canonical":"https:\/\/vosgesinfo.fr\/gerardmerinfo\/2018\/05\/voile-106-participants-mediterannee\/","twitter_card":"summary_large_image","twitter_title":"Voile: 106 participants en M\u00e9diteran\u00e9e - Gerardmer Info","twitter_description":"L&rsquo;ASG Voile organisait la semaine derni\u00e8re son 21i\u00e8me regroupement r\u00e9gional \u00e0 Port-Grimaud dans le Var. Malgr\u00e9 une m\u00e9t\u00e9o maussade et [&hellip;]","twitter_image":"https:\/\/vosgesinfo.fr\/app\/uploads\/sites\/6\/2024\/07\/201805port-grimaud-voile-2018-3.jpg","twitter_creator":"@VosgesInfo88","twitter_site":"@VosgesInfo88","twitter_misc":{"\u00c9crit par":"qs_admin","Dur\u00e9e de lecture estim\u00e9e":"2 minutes"},"schema":{"@context":"https:\/\/schema.org","@graph":[{"@type":"Article","@id":"https:\/\/vosgesinfo.fr\/gerardmerinfo\/2018\/05\/voile-106-participants-mediterannee\/#article","isPartOf":{"@id":"https:\/\/vosgesinfo.fr\/gerardmerinfo\/2018\/05\/voile-106-participants-mediterannee\/"},"author":{"name":"qs_admin","@id":"https:\/\/vosgesinfo.fr\/gerardmerinfo\/#\/schema\/person\/bc5d02d71e6932e81b6dadb7386667b1"},"headline":"Voile: 106 participants en M\u00e9diteran\u00e9e","datePublished":"2018-05-09T13:23:02+00:00","dateModified":"2018-05-09T13:23:02+00:00","mainEntityOfPage":{"@id":"https:\/\/vosgesinfo.fr\/gerardmerinfo\/2018\/05\/voile-106-participants-mediterannee\/"},"wordCount":496,"commentCount":0,"publisher":{"@id":"https:\/\/vosgesinfo.fr\/gerardmerinfo\/#organization"},"image":{"@id":"https:\/\/vosgesinfo.fr\/gerardmerinfo\/2018\/05\/voile-106-participants-mediterannee\/#primaryimage"},"thumbnailUrl":"https:\/\/vosgesinfo.fr\/app\/uploads\/sites\/6\/2024\/07\/201805port-grimaud-voile-2018-3.jpg","keywords":["asg voile"],"articleSection":["A la une","Sport"],"inLanguage":"fr-FR","potentialAction":[{"@type":"CommentAction","name":"Comment","target":["https:\/\/vosgesinfo.fr\/gerardmerinfo\/2018\/05\/voile-106-participants-mediterannee\/#respond"]}]},{"@type":"WebPage","@id":"https:\/\/vosgesinfo.fr\/gerardmerinfo\/2018\/05\/voile-106-participants-mediterannee\/","url":"https:\/\/vosgesinfo.fr\/gerardmerinfo\/2018\/05\/voile-106-participants-mediterannee\/","name":"Voile: 106 participants en M\u00e9diteran\u00e9e - Gerardmer Info","isPartOf":{"@id":"https:\/\/vosgesinfo.fr\/gerardmerinfo\/#website"},"primaryImageOfPage":{"@id":"https:\/\/vosgesinfo.fr\/gerardmerinfo\/2018\/05\/voile-106-participants-mediterannee\/#primaryimage"},"image":{"@id":"https:\/\/vosgesinfo.fr\/gerardmerinfo\/2018\/05\/voile-106-participants-mediterannee\/#primaryimage"},"thumbnailUrl":"https:\/\/vosgesinfo.fr\/app\/uploads\/sites\/6\/2024\/07\/201805port-grimaud-voile-2018-3.jpg","datePublished":"2018-05-09T13:23:02+00:00","dateModified":"2018-05-09T13:23:02+00:00","breadcrumb":{"@id":"https:\/\/vosgesinfo.fr\/gerardmerinfo\/2018\/05\/voile-106-participants-mediterannee\/#breadcrumb"},"inLanguage":"fr-FR","potentialAction":[{"@type":"ReadAction","target":["https:\/\/vosgesinfo.fr\/gerardmerinfo\/2018\/05\/voile-106-participants-mediterannee\/"]}]},{"@type":"ImageObject","inLanguage":"fr-FR","@id":"https:\/\/vosgesinfo.fr\/gerardmerinfo\/2018\/05\/voile-106-participants-mediterannee\/#primaryimage","url":"https:\/\/vosgesinfo.fr\/app\/uploads\/sites\/6\/2024\/07\/201805port-grimaud-voile-2018-3.jpg","contentUrl":"https:\/\/vosgesinfo.fr\/app\/uploads\/sites\/6\/2024\/07\/201805port-grimaud-voile-2018-3.jpg","width":800,"height":485},{"@type":"BreadcrumbList","@id":"https:\/\/vosgesinfo.fr\/gerardmerinfo\/2018\/05\/voile-106-participants-mediterannee\/#breadcrumb","itemListElement":[{"@type":"ListItem","position":1,"name":"Home","item":"https:\/\/vosgesinfo.fr\/gerardmerinfo\/"},{"@type":"ListItem","position":2,"name":"Voile: 106 participants en M\u00e9diteran\u00e9e"}]},{"@type":"WebSite","@id":"https:\/\/vosgesinfo.fr\/gerardmerinfo\/#website","url":"https:\/\/vosgesinfo.fr\/gerardmerinfo\/","name":"Gerardmer Info","description":"Toute l&#039;actualit\u00e9 de G\u00e9rardmer","publisher":{"@id":"https:\/\/vosgesinfo.fr\/gerardmerinfo\/#organization"},"alternateName":"Toute l'actualit\u00e9 de G\u00e9rardmer","potentialAction":[{"@type":"SearchAction","target":{"@type":"EntryPoint","urlTemplate":"https:\/\/vosgesinfo.fr\/gerardmerinfo\/?s={search_term_string}"},"query-input":"required name=search_term_string"}],"inLanguage":"fr-FR"},{"@type":"Organization","@id":"https:\/\/vosgesinfo.fr\/gerardmerinfo\/#organization","name":"Gerardmer Info","url":"https:\/\/vosgesinfo.fr\/gerardmerinfo\/","logo":{"@type":"ImageObject","inLanguage":"fr-FR","@id":"https:\/\/vosgesinfo.fr\/gerardmerinfo\/#\/schema\/logo\/image\/","url":"https:\/\/vosgesinfo.fr\/app\/uploads\/sites\/6\/2023\/08\/favicon-gerardmerinfo.png","contentUrl":"https:\/\/vosgesinfo.fr\/app\/uploads\/sites\/6\/2023\/08\/favicon-gerardmerinfo.png","width":512,"height":512,"caption":"Gerardmer Info"},"image":{"@id":"https:\/\/vosgesinfo.fr\/gerardmerinfo\/#\/schema\/logo\/image\/"},"sameAs":["https:\/\/www.facebook.com\/profile.php?id=100049475262660","https:\/\/x.com\/VosgesInfo88","https:\/\/www.youtube.com\/@vosgesinfo"]},{"@type":"Person","@id":"https:\/\/vosgesinfo.fr\/gerardmerinfo\/#\/schema\/person\/bc5d02d71e6932e81b6dadb7386667b1","name":"qs_admin","image":{"@type":"ImageObject","inLanguage":"fr-FR","@id":"https:\/\/vosgesinfo.fr\/gerardmerinfo\/#\/schema\/person\/image\/","url":"https:\/\/secure.gravatar.com\/avatar\/94b18ee0ed79e4a42ea2f2931277b6841a8999fc6fde214600c78057cf1fe1de?s=96&d=mm&r=g","contentUrl":"https:\/\/secure.gravatar.com\/avatar\/94b18ee0ed79e4a42ea2f2931277b6841a8999fc6fde214600c78057cf1fe1de?s=96&d=mm&r=g","caption":"qs_admin"},"sameAs":["https:\/\/vosgesinfo.fr\/wp"],"url":"https:\/\/vosgesinfo.fr\/gerardmerinfo\/author\/qs_admin\/"}]}},"_links":{"self":[{"href":"https:\/\/vosgesinfo.fr\/gerardmerinfo\/wp-json\/wp\/v2\/posts\/33773","targetHints":{"allow":["GET"]}}],"collection":[{"href":"https:\/\/vosgesinfo.fr\/gerardmerinfo\/wp-json\/wp\/v2\/posts"}],"about":[{"href":"https:\/\/vosgesinfo.fr\/gerardmerinfo\/wp-json\/wp\/v2\/types\/post"}],"author":[{"embeddable":true,"href":"https:\/\/vosgesinfo.fr\/gerardmerinfo\/wp-json\/wp\/v2\/users\/1"}],"replies":[{"embeddable":true,"href":"https:\/\/vosgesinfo.fr\/gerardmerinfo\/wp-json\/wp\/v2\/comments?post=33773"}],"version-history":[{"count":0,"href":"https:\/\/vosgesinfo.fr\/gerardmerinfo\/wp-json\/wp\/v2\/posts\/33773\/revisions"}],"wp:featuredmedia":[{"embeddable":true,"href":"https:\/\/vosgesinfo.fr\/gerardmerinfo\/wp-json\/wp\/v2\/media\/33774"}],"wp:attachment":[{"href":"https:\/\/vosgesinfo.fr\/gerardmerinfo\/wp-json\/wp\/v2\/media?parent=33773"}],"wp:term":[{"taxonomy":"category","embeddable":true,"href":"https:\/\/vosgesinfo.fr\/gerardmerinfo\/wp-json\/wp\/v2\/categories?post=33773"},{"taxonomy":"post_tag","embeddable":true,"href":"https:\/\/vosgesinfo.fr\/gerardmerinfo\/wp-json\/wp\/v2\/tags?post=33773"}],"curies":[{"name":"wp","href":"https:\/\/api.w.org\/{rel}","templated":true}]}}