{"id":33877,"date":"2018-05-18T15:51:44","date_gmt":"2018-05-18T13:51:44","guid":{"rendered":"https:\/\/vosgesinfo.fr\/gerardmerinfo\/2018\/05\/fete-mondiale-jeu-sinvite-a-gerardmer-30-mai\/"},"modified":"2018-05-18T15:51:44","modified_gmt":"2018-05-18T13:51:44","slug":"fete-mondiale-jeu-sinvite-a-gerardmer-30-mai","status":"publish","type":"post","link":"https:\/\/vosgesinfo.fr\/gerardmerinfo\/2018\/05\/fete-mondiale-jeu-sinvite-a-gerardmer-30-mai\/","title":{"rendered":"La F\u00eate Mondiale du Jeu s&rsquo;invite \u00e0 G\u00e9rardmer le 30 Mai"},"content":{"rendered":"<h3 class=\"x_MsoNormal\"><span class=\"\">La F\u00eate Mondiale du Jeu se d\u00e9clinera en Perle des Vosges m<\/span>ercredi 30 mai\u00a0 \u00e0 partir de 14h00.<\/h3>\n<p class=\"x_MsoNormal\"><a href=\"\/2018\/05\/AfficheFeteJeu2018-copie.jpeg\"><img decoding=\"async\" class=\"alignright size-medium wp-image-127225\" src=\"\/2018\/05\/AfficheFeteJeu2018-copie-180x255.jpeg\" alt=\"AfficheFeteJeu2018 copie\" width=\"180\" height=\"255\" \/><\/a>\u00a0Animations gratuites et jeux pour toute la famille et tous les \u00e2ges, sur le parking de la Maison de la Famille, avec au programme de cette nouvelle \u00e9dition :<\/p>\n<p class=\"x_MsoNormal\">Brico-jeu &amp; jeux g\u00e9ants par la Ludoth\u00e8que municipale<\/p>\n<p class=\"x_MsoNormal\">Atelier cirque par les Animateurs municipaux<\/p>\n<p class=\"x_MsoNormal\">Espace petite enfance organis\u00e9 par la Cr\u00e8che<\/p>\n<p class=\"x_MsoNormal\">Atelier maquillage par le Service Jeunesse<\/p>\n<p class=\"x_MsoNormal\">Animation par l\u2019Echiquier G\u00e9r\u00f4mois<\/p>\n<p class=\"x_MsoNormal\">Animation par le Relais des Assistantes Maternelles<\/p>\n<p class=\"x_MsoNormal\">Jeux g\u00e9ants en bois &amp; confection de toupies par Marie-Claude &amp; Andr\u00e9 LEROY<\/p>\n<p class=\"x_MsoNormal\">Espace livres &amp; jeux par la M\u00e9diath\u00e8que du Tilleul<\/p>\n<p class=\"x_MsoNormal\">Jeux &amp; Puzzles coop\u00e9ratifs par la Maison de la Culture &amp; des Loisirs<\/p>\n<p class=\"x_MsoNormal\">Go\u00fbter offert \u00e0 tous les participants.<\/p>\n<p class=\"x_MsoNormal\">Repli \u00e0 la salle polyvalente de l\u2019EHPAD L\u00e9a ANDR\u00c9 en cas de mauvais temps.<\/p>\n","protected":false},"excerpt":{"rendered":"<p>La F\u00eate Mondiale du Jeu se d\u00e9clinera en Perle des Vosges mercredi 30 mai\u00a0 \u00e0 partir de 14h00. \u00a0Animations gratuites [&hellip;]<\/p>\n","protected":false},"author":1,"featured_media":33878,"comment_status":"open","ping_status":"open","sticky":false,"template":"","format":"standard","meta":{"footnotes":""},"categories":[20,4,24],"tags":[1148],"class_list":["post-33877","post","type-post","status-publish","format-standard","has-post-thumbnail","hentry","category-a-la-une","category-culture","category-evenements","tag-fete-du-jeu"],"acf":[],"yoast_head":"<!-- This site is optimized with the Yoast SEO plugin v22.5 - https:\/\/yoast.com\/wordpress\/plugins\/seo\/ -->\n<title>La F\u00eate Mondiale du Jeu s&#039;invite \u00e0 G\u00e9rardmer le 30 Mai - Gerardmer Info<\/title>\n<meta name=\"robots\" content=\"index, follow, max-snippet:-1, max-image-preview:large, max-video-preview:-1\" \/>\n<link rel=\"canonical\" href=\"https:\/\/vosgesinfo.fr\/gerardmerinfo\/2018\/05\/fete-mondiale-jeu-sinvite-a-gerardmer-30-mai\/\" \/>\n<meta name=\"twitter:card\" content=\"summary_large_image\" \/>\n<meta name=\"twitter:title\" content=\"La F\u00eate Mondiale du Jeu s&#039;invite \u00e0 G\u00e9rardmer le 30 Mai - Gerardmer Info\" \/>\n<meta name=\"twitter:description\" content=\"La F\u00eate Mondiale du Jeu se d\u00e9clinera en Perle des Vosges mercredi 30 mai\u00a0 \u00e0 partir de 14h00. \u00a0Animations gratuites [&hellip;]\" \/>\n<meta name=\"twitter:image\" content=\"https:\/\/vosgesinfo.fr\/app\/uploads\/sites\/6\/2024\/07\/201805affichefetejeu2018-copie.jpeg\" \/>\n<meta name=\"twitter:creator\" content=\"@VosgesInfo88\" \/>\n<meta name=\"twitter:site\" content=\"@VosgesInfo88\" \/>\n<meta name=\"twitter:label1\" content=\"\u00c9crit par\" \/>\n\t<meta name=\"twitter:data1\" content=\"qs_admin\" \/>\n\t<meta name=\"twitter:label2\" content=\"Dur\u00e9e de lecture estim\u00e9e\" \/>\n\t<meta name=\"twitter:data2\" content=\"1 minute\" \/>\n<script type=\"application\/ld+json\" class=\"yoast-schema-graph\">{\"@context\":\"https:\/\/schema.org\",\"@graph\":[{\"@type\":\"Article\",\"@id\":\"https:\/\/vosgesinfo.fr\/gerardmerinfo\/2018\/05\/fete-mondiale-jeu-sinvite-a-gerardmer-30-mai\/#article\",\"isPartOf\":{\"@id\":\"https:\/\/vosgesinfo.fr\/gerardmerinfo\/2018\/05\/fete-mondiale-jeu-sinvite-a-gerardmer-30-mai\/\"},\"author\":{\"name\":\"qs_admin\",\"@id\":\"https:\/\/vosgesinfo.fr\/gerardmerinfo\/#\/schema\/person\/bc5d02d71e6932e81b6dadb7386667b1\"},\"headline\":\"La F\u00eate Mondiale du Jeu s&rsquo;invite \u00e0 G\u00e9rardmer le 30 Mai\",\"datePublished\":\"2018-05-18T13:51:44+00:00\",\"dateModified\":\"2018-05-18T13:51:44+00:00\",\"mainEntityOfPage\":{\"@id\":\"https:\/\/vosgesinfo.fr\/gerardmerinfo\/2018\/05\/fete-mondiale-jeu-sinvite-a-gerardmer-30-mai\/\"},\"wordCount\":162,\"commentCount\":0,\"publisher\":{\"@id\":\"https:\/\/vosgesinfo.fr\/gerardmerinfo\/#organization\"},\"image\":{\"@id\":\"https:\/\/vosgesinfo.fr\/gerardmerinfo\/2018\/05\/fete-mondiale-jeu-sinvite-a-gerardmer-30-mai\/#primaryimage\"},\"thumbnailUrl\":\"https:\/\/vosgesinfo.fr\/app\/uploads\/sites\/6\/2024\/07\/201805affichefetejeu2018-copie.jpeg\",\"keywords\":[\"fete du jeu\"],\"articleSection\":[\"A la une\",\"Culture\",\"Ev\u00e8nements\"],\"inLanguage\":\"fr-FR\",\"potentialAction\":[{\"@type\":\"CommentAction\",\"name\":\"Comment\",\"target\":[\"https:\/\/vosgesinfo.fr\/gerardmerinfo\/2018\/05\/fete-mondiale-jeu-sinvite-a-gerardmer-30-mai\/#respond\"]}]},{\"@type\":\"WebPage\",\"@id\":\"https:\/\/vosgesinfo.fr\/gerardmerinfo\/2018\/05\/fete-mondiale-jeu-sinvite-a-gerardmer-30-mai\/\",\"url\":\"https:\/\/vosgesinfo.fr\/gerardmerinfo\/2018\/05\/fete-mondiale-jeu-sinvite-a-gerardmer-30-mai\/\",\"name\":\"La F\u00eate Mondiale du Jeu s'invite \u00e0 G\u00e9rardmer le 30 Mai - Gerardmer Info\",\"isPartOf\":{\"@id\":\"https:\/\/vosgesinfo.fr\/gerardmerinfo\/#website\"},\"primaryImageOfPage\":{\"@id\":\"https:\/\/vosgesinfo.fr\/gerardmerinfo\/2018\/05\/fete-mondiale-jeu-sinvite-a-gerardmer-30-mai\/#primaryimage\"},\"image\":{\"@id\":\"https:\/\/vosgesinfo.fr\/gerardmerinfo\/2018\/05\/fete-mondiale-jeu-sinvite-a-gerardmer-30-mai\/#primaryimage\"},\"thumbnailUrl\":\"https:\/\/vosgesinfo.fr\/app\/uploads\/sites\/6\/2024\/07\/201805affichefetejeu2018-copie.jpeg\",\"datePublished\":\"2018-05-18T13:51:44+00:00\",\"dateModified\":\"2018-05-18T13:51:44+00:00\",\"breadcrumb\":{\"@id\":\"https:\/\/vosgesinfo.fr\/gerardmerinfo\/2018\/05\/fete-mondiale-jeu-sinvite-a-gerardmer-30-mai\/#breadcrumb\"},\"inLanguage\":\"fr-FR\",\"potentialAction\":[{\"@type\":\"ReadAction\",\"target\":[\"https:\/\/vosgesinfo.fr\/gerardmerinfo\/2018\/05\/fete-mondiale-jeu-sinvite-a-gerardmer-30-mai\/\"]}]},{\"@type\":\"ImageObject\",\"inLanguage\":\"fr-FR\",\"@id\":\"https:\/\/vosgesinfo.fr\/gerardmerinfo\/2018\/05\/fete-mondiale-jeu-sinvite-a-gerardmer-30-mai\/#primaryimage\",\"url\":\"https:\/\/vosgesinfo.fr\/app\/uploads\/sites\/6\/2024\/07\/201805affichefetejeu2018-copie.jpeg\",\"contentUrl\":\"https:\/\/vosgesinfo.fr\/app\/uploads\/sites\/6\/2024\/07\/201805affichefetejeu2018-copie.jpeg\",\"width\":566,\"height\":800},{\"@type\":\"BreadcrumbList\",\"@id\":\"https:\/\/vosgesinfo.fr\/gerardmerinfo\/2018\/05\/fete-mondiale-jeu-sinvite-a-gerardmer-30-mai\/#breadcrumb\",\"itemListElement\":[{\"@type\":\"ListItem\",\"position\":1,\"name\":\"Home\",\"item\":\"https:\/\/vosgesinfo.fr\/gerardmerinfo\/\"},{\"@type\":\"ListItem\",\"position\":2,\"name\":\"La F\u00eate Mondiale du Jeu s&rsquo;invite \u00e0 G\u00e9rardmer le 30 Mai\"}]},{\"@type\":\"WebSite\",\"@id\":\"https:\/\/vosgesinfo.fr\/gerardmerinfo\/#website\",\"url\":\"https:\/\/vosgesinfo.fr\/gerardmerinfo\/\",\"name\":\"Gerardmer Info\",\"description\":\"Toute l&#039;actualit\u00e9 de G\u00e9rardmer\",\"publisher\":{\"@id\":\"https:\/\/vosgesinfo.fr\/gerardmerinfo\/#organization\"},\"alternateName\":\"Toute l'actualit\u00e9 de G\u00e9rardmer\",\"potentialAction\":[{\"@type\":\"SearchAction\",\"target\":{\"@type\":\"EntryPoint\",\"urlTemplate\":\"https:\/\/vosgesinfo.fr\/gerardmerinfo\/?s={search_term_string}\"},\"query-input\":\"required name=search_term_string\"}],\"inLanguage\":\"fr-FR\"},{\"@type\":\"Organization\",\"@id\":\"https:\/\/vosgesinfo.fr\/gerardmerinfo\/#organization\",\"name\":\"Gerardmer Info\",\"url\":\"https:\/\/vosgesinfo.fr\/gerardmerinfo\/\",\"logo\":{\"@type\":\"ImageObject\",\"inLanguage\":\"fr-FR\",\"@id\":\"https:\/\/vosgesinfo.fr\/gerardmerinfo\/#\/schema\/logo\/image\/\",\"url\":\"https:\/\/vosgesinfo.fr\/app\/uploads\/sites\/6\/2023\/08\/favicon-gerardmerinfo.png\",\"contentUrl\":\"https:\/\/vosgesinfo.fr\/app\/uploads\/sites\/6\/2023\/08\/favicon-gerardmerinfo.png\",\"width\":512,\"height\":512,\"caption\":\"Gerardmer Info\"},\"image\":{\"@id\":\"https:\/\/vosgesinfo.fr\/gerardmerinfo\/#\/schema\/logo\/image\/\"},\"sameAs\":[\"https:\/\/www.facebook.com\/profile.php?id=100049475262660\",\"https:\/\/x.com\/VosgesInfo88\",\"https:\/\/www.youtube.com\/@vosgesinfo\"]},{\"@type\":\"Person\",\"@id\":\"https:\/\/vosgesinfo.fr\/gerardmerinfo\/#\/schema\/person\/bc5d02d71e6932e81b6dadb7386667b1\",\"name\":\"qs_admin\",\"image\":{\"@type\":\"ImageObject\",\"inLanguage\":\"fr-FR\",\"@id\":\"https:\/\/vosgesinfo.fr\/gerardmerinfo\/#\/schema\/person\/image\/\",\"url\":\"https:\/\/secure.gravatar.com\/avatar\/94b18ee0ed79e4a42ea2f2931277b6841a8999fc6fde214600c78057cf1fe1de?s=96&d=mm&r=g\",\"contentUrl\":\"https:\/\/secure.gravatar.com\/avatar\/94b18ee0ed79e4a42ea2f2931277b6841a8999fc6fde214600c78057cf1fe1de?s=96&d=mm&r=g\",\"caption\":\"qs_admin\"},\"sameAs\":[\"https:\/\/vosgesinfo.fr\/wp\"],\"url\":\"https:\/\/vosgesinfo.fr\/gerardmerinfo\/author\/qs_admin\/\"}]}<\/script>\n<!-- \/ Yoast SEO plugin. -->","yoast_head_json":{"title":"La F\u00eate Mondiale du Jeu s'invite \u00e0 G\u00e9rardmer le 30 Mai - Gerardmer Info","robots":{"index":"index","follow":"follow","max-snippet":"max-snippet:-1","max-image-preview":"max-image-preview:large","max-video-preview":"max-video-preview:-1"},"canonical":"https:\/\/vosgesinfo.fr\/gerardmerinfo\/2018\/05\/fete-mondiale-jeu-sinvite-a-gerardmer-30-mai\/","twitter_card":"summary_large_image","twitter_title":"La F\u00eate Mondiale du Jeu s'invite \u00e0 G\u00e9rardmer le 30 Mai - Gerardmer Info","twitter_description":"La F\u00eate Mondiale du Jeu se d\u00e9clinera en Perle des Vosges mercredi 30 mai\u00a0 \u00e0 partir de 14h00. \u00a0Animations gratuites [&hellip;]","twitter_image":"https:\/\/vosgesinfo.fr\/app\/uploads\/sites\/6\/2024\/07\/201805affichefetejeu2018-copie.jpeg","twitter_creator":"@VosgesInfo88","twitter_site":"@VosgesInfo88","twitter_misc":{"\u00c9crit par":"qs_admin","Dur\u00e9e de lecture estim\u00e9e":"1 minute"},"schema":{"@context":"https:\/\/schema.org","@graph":[{"@type":"Article","@id":"https:\/\/vosgesinfo.fr\/gerardmerinfo\/2018\/05\/fete-mondiale-jeu-sinvite-a-gerardmer-30-mai\/#article","isPartOf":{"@id":"https:\/\/vosgesinfo.fr\/gerardmerinfo\/2018\/05\/fete-mondiale-jeu-sinvite-a-gerardmer-30-mai\/"},"author":{"name":"qs_admin","@id":"https:\/\/vosgesinfo.fr\/gerardmerinfo\/#\/schema\/person\/bc5d02d71e6932e81b6dadb7386667b1"},"headline":"La F\u00eate Mondiale du Jeu s&rsquo;invite \u00e0 G\u00e9rardmer le 30 Mai","datePublished":"2018-05-18T13:51:44+00:00","dateModified":"2018-05-18T13:51:44+00:00","mainEntityOfPage":{"@id":"https:\/\/vosgesinfo.fr\/gerardmerinfo\/2018\/05\/fete-mondiale-jeu-sinvite-a-gerardmer-30-mai\/"},"wordCount":162,"commentCount":0,"publisher":{"@id":"https:\/\/vosgesinfo.fr\/gerardmerinfo\/#organization"},"image":{"@id":"https:\/\/vosgesinfo.fr\/gerardmerinfo\/2018\/05\/fete-mondiale-jeu-sinvite-a-gerardmer-30-mai\/#primaryimage"},"thumbnailUrl":"https:\/\/vosgesinfo.fr\/app\/uploads\/sites\/6\/2024\/07\/201805affichefetejeu2018-copie.jpeg","keywords":["fete du jeu"],"articleSection":["A la une","Culture","Ev\u00e8nements"],"inLanguage":"fr-FR","potentialAction":[{"@type":"CommentAction","name":"Comment","target":["https:\/\/vosgesinfo.fr\/gerardmerinfo\/2018\/05\/fete-mondiale-jeu-sinvite-a-gerardmer-30-mai\/#respond"]}]},{"@type":"WebPage","@id":"https:\/\/vosgesinfo.fr\/gerardmerinfo\/2018\/05\/fete-mondiale-jeu-sinvite-a-gerardmer-30-mai\/","url":"https:\/\/vosgesinfo.fr\/gerardmerinfo\/2018\/05\/fete-mondiale-jeu-sinvite-a-gerardmer-30-mai\/","name":"La F\u00eate Mondiale du Jeu s'invite \u00e0 G\u00e9rardmer le 30 Mai - Gerardmer Info","isPartOf":{"@id":"https:\/\/vosgesinfo.fr\/gerardmerinfo\/#website"},"primaryImageOfPage":{"@id":"https:\/\/vosgesinfo.fr\/gerardmerinfo\/2018\/05\/fete-mondiale-jeu-sinvite-a-gerardmer-30-mai\/#primaryimage"},"image":{"@id":"https:\/\/vosgesinfo.fr\/gerardmerinfo\/2018\/05\/fete-mondiale-jeu-sinvite-a-gerardmer-30-mai\/#primaryimage"},"thumbnailUrl":"https:\/\/vosgesinfo.fr\/app\/uploads\/sites\/6\/2024\/07\/201805affichefetejeu2018-copie.jpeg","datePublished":"2018-05-18T13:51:44+00:00","dateModified":"2018-05-18T13:51:44+00:00","breadcrumb":{"@id":"https:\/\/vosgesinfo.fr\/gerardmerinfo\/2018\/05\/fete-mondiale-jeu-sinvite-a-gerardmer-30-mai\/#breadcrumb"},"inLanguage":"fr-FR","potentialAction":[{"@type":"ReadAction","target":["https:\/\/vosgesinfo.fr\/gerardmerinfo\/2018\/05\/fete-mondiale-jeu-sinvite-a-gerardmer-30-mai\/"]}]},{"@type":"ImageObject","inLanguage":"fr-FR","@id":"https:\/\/vosgesinfo.fr\/gerardmerinfo\/2018\/05\/fete-mondiale-jeu-sinvite-a-gerardmer-30-mai\/#primaryimage","url":"https:\/\/vosgesinfo.fr\/app\/uploads\/sites\/6\/2024\/07\/201805affichefetejeu2018-copie.jpeg","contentUrl":"https:\/\/vosgesinfo.fr\/app\/uploads\/sites\/6\/2024\/07\/201805affichefetejeu2018-copie.jpeg","width":566,"height":800},{"@type":"BreadcrumbList","@id":"https:\/\/vosgesinfo.fr\/gerardmerinfo\/2018\/05\/fete-mondiale-jeu-sinvite-a-gerardmer-30-mai\/#breadcrumb","itemListElement":[{"@type":"ListItem","position":1,"name":"Home","item":"https:\/\/vosgesinfo.fr\/gerardmerinfo\/"},{"@type":"ListItem","position":2,"name":"La F\u00eate Mondiale du Jeu s&rsquo;invite \u00e0 G\u00e9rardmer le 30 Mai"}]},{"@type":"WebSite","@id":"https:\/\/vosgesinfo.fr\/gerardmerinfo\/#website","url":"https:\/\/vosgesinfo.fr\/gerardmerinfo\/","name":"Gerardmer Info","description":"Toute l&#039;actualit\u00e9 de G\u00e9rardmer","publisher":{"@id":"https:\/\/vosgesinfo.fr\/gerardmerinfo\/#organization"},"alternateName":"Toute l'actualit\u00e9 de G\u00e9rardmer","potentialAction":[{"@type":"SearchAction","target":{"@type":"EntryPoint","urlTemplate":"https:\/\/vosgesinfo.fr\/gerardmerinfo\/?s={search_term_string}"},"query-input":"required name=search_term_string"}],"inLanguage":"fr-FR"},{"@type":"Organization","@id":"https:\/\/vosgesinfo.fr\/gerardmerinfo\/#organization","name":"Gerardmer Info","url":"https:\/\/vosgesinfo.fr\/gerardmerinfo\/","logo":{"@type":"ImageObject","inLanguage":"fr-FR","@id":"https:\/\/vosgesinfo.fr\/gerardmerinfo\/#\/schema\/logo\/image\/","url":"https:\/\/vosgesinfo.fr\/app\/uploads\/sites\/6\/2023\/08\/favicon-gerardmerinfo.png","contentUrl":"https:\/\/vosgesinfo.fr\/app\/uploads\/sites\/6\/2023\/08\/favicon-gerardmerinfo.png","width":512,"height":512,"caption":"Gerardmer Info"},"image":{"@id":"https:\/\/vosgesinfo.fr\/gerardmerinfo\/#\/schema\/logo\/image\/"},"sameAs":["https:\/\/www.facebook.com\/profile.php?id=100049475262660","https:\/\/x.com\/VosgesInfo88","https:\/\/www.youtube.com\/@vosgesinfo"]},{"@type":"Person","@id":"https:\/\/vosgesinfo.fr\/gerardmerinfo\/#\/schema\/person\/bc5d02d71e6932e81b6dadb7386667b1","name":"qs_admin","image":{"@type":"ImageObject","inLanguage":"fr-FR","@id":"https:\/\/vosgesinfo.fr\/gerardmerinfo\/#\/schema\/person\/image\/","url":"https:\/\/secure.gravatar.com\/avatar\/94b18ee0ed79e4a42ea2f2931277b6841a8999fc6fde214600c78057cf1fe1de?s=96&d=mm&r=g","contentUrl":"https:\/\/secure.gravatar.com\/avatar\/94b18ee0ed79e4a42ea2f2931277b6841a8999fc6fde214600c78057cf1fe1de?s=96&d=mm&r=g","caption":"qs_admin"},"sameAs":["https:\/\/vosgesinfo.fr\/wp"],"url":"https:\/\/vosgesinfo.fr\/gerardmerinfo\/author\/qs_admin\/"}]}},"_links":{"self":[{"href":"https:\/\/vosgesinfo.fr\/gerardmerinfo\/wp-json\/wp\/v2\/posts\/33877","targetHints":{"allow":["GET"]}}],"collection":[{"href":"https:\/\/vosgesinfo.fr\/gerardmerinfo\/wp-json\/wp\/v2\/posts"}],"about":[{"href":"https:\/\/vosgesinfo.fr\/gerardmerinfo\/wp-json\/wp\/v2\/types\/post"}],"author":[{"embeddable":true,"href":"https:\/\/vosgesinfo.fr\/gerardmerinfo\/wp-json\/wp\/v2\/users\/1"}],"replies":[{"embeddable":true,"href":"https:\/\/vosgesinfo.fr\/gerardmerinfo\/wp-json\/wp\/v2\/comments?post=33877"}],"version-history":[{"count":0,"href":"https:\/\/vosgesinfo.fr\/gerardmerinfo\/wp-json\/wp\/v2\/posts\/33877\/revisions"}],"wp:featuredmedia":[{"embeddable":true,"href":"https:\/\/vosgesinfo.fr\/gerardmerinfo\/wp-json\/wp\/v2\/media\/33878"}],"wp:attachment":[{"href":"https:\/\/vosgesinfo.fr\/gerardmerinfo\/wp-json\/wp\/v2\/media?parent=33877"}],"wp:term":[{"taxonomy":"category","embeddable":true,"href":"https:\/\/vosgesinfo.fr\/gerardmerinfo\/wp-json\/wp\/v2\/categories?post=33877"},{"taxonomy":"post_tag","embeddable":true,"href":"https:\/\/vosgesinfo.fr\/gerardmerinfo\/wp-json\/wp\/v2\/tags?post=33877"}],"curies":[{"name":"wp","href":"https:\/\/api.w.org\/{rel}","templated":true}]}}