{"id":33882,"date":"2018-05-15T15:48:57","date_gmt":"2018-05-15T13:48:57","guid":{"rendered":"https:\/\/vosgesinfo.fr\/gerardmerinfo\/2018\/05\/tour-monde-maitres-cuisiniers-de-france\/"},"modified":"2018-05-15T15:48:57","modified_gmt":"2018-05-15T13:48:57","slug":"tour-monde-maitres-cuisiniers-de-france","status":"publish","type":"post","link":"https:\/\/vosgesinfo.fr\/gerardmerinfo\/2018\/05\/tour-monde-maitres-cuisiniers-de-france\/","title":{"rendered":"Faites le tour du monde avec les Ma\u00eetres Cuisiniers de France"},"content":{"rendered":"<p><a href=\"\/2018\/05\/guide-MCF-grand-est-g\u00e9rardmer-1.jpg\"><img decoding=\"async\" class=\"aligncenter wp-image-127248\" src=\"\/2018\/05\/guide-MCF-grand-est-g\u00e9rardmer-1.jpg\" alt=\"guide MCF grand est g\u00e9rardmer (1)\" width=\"500\" height=\"375\" \/><\/a><\/p>\n<p><strong>La pr\u00e9sentation du tout nouveau guide international 2018-2019 des Ma\u00eetres Cuisiniers de France (MCF) a eu lieu lundi matin au Grand H\u00f4tel de G\u00e9rardmer en pr\u00e9sence des MCF du Grand Est et de leur pr\u00e9sident Matthieu Koenig, Chef \u00e0 Berrwiller.<\/strong><\/p>\n<div id=\"attachment_127247\" style=\"width: 350px\" class=\"wp-caption alignright\"><a href=\"\/2018\/05\/guide-MCF-grand-est-g\u00e9rardmer-4.jpg\"><img decoding=\"async\" aria-describedby=\"caption-attachment-127247\" class=\"size-medium wp-image-127247\" src=\"\/2018\/05\/guide-MCF-grand-est-g\u00e9rardmer-4-340x255.jpg\" alt=\"Philippe Laruelle, Matthieu Koenig et les deux petits nouveaux se plongent dans le guide 2018-2019\" width=\"340\" height=\"255\" \/><\/a><p id=\"caption-attachment-127247\" class=\"wp-caption-text\">Philippe Laruelle, Matthieu Koenig et les deux petits nouveaux se plongent dans le guide 2018-2019<\/p><\/div>\n<p>C&rsquo;est donc \u00e0 G\u00e9rardmer dans les Vosges que le guide a \u00e9t\u00e9 lanc\u00e9 officiellement cette ann\u00e9e dans le secteur Grand Est. Rappelons que les MCF doivent \u00eatre Fran\u00e7ais mais qu&rsquo;ils peuvent exercer \u00e0 l&rsquo;\u00e9tranger puisque ce groupement comptent pas moins de 553 Chefs dont 220 dans l&rsquo;Hexagone. La plus grosse section \u00e0 l&rsquo;\u00e9tranger se trouve aux \u00c9tats-Unis et au Canada qui regroupent \u00e0 eux deux\u00a0 pr\u00e8s de 110 MCF. Depuis Mars, une section Asie-Pacifique a \u00e9galement \u00e9t\u00e9 cr\u00e9\u00e9e et l&rsquo;on \u00e9voquera aussi la section f\u00e9minine pilot\u00e9e par Sylvie Grucker, Chef au Pressoir de Bacchus \u00e0 Blienschwiller. Une commission qui ne demande qu&rsquo;\u00e0 se d\u00e9velopper car pour l&rsquo;heure, les MCF ne comptent que 5 femmes Chefs dans leurs rangs.<\/p>\n<div id=\"attachment_127245\" style=\"width: 350px\" class=\"wp-caption alignleft\"><a href=\"\/2018\/05\/guide-MCF-grand-est-g\u00e9rardmer-2.jpg\"><img decoding=\"async\" aria-describedby=\"caption-attachment-127245\" class=\"size-medium wp-image-127245\" src=\"\/2018\/05\/guide-MCF-grand-est-g\u00e9rardmer-2-340x255.jpg\" alt=\"Gilles Seiller &amp; \" width=\"340\" height=\"255\" \/><\/a><p id=\"caption-attachment-127245\" class=\"wp-caption-text\">Gilles Seiller &amp; C\u00e9dric Bongeot<\/p><\/div>\n<p>Ce lancement \u00e9tait enfin l&rsquo;occasion de pr\u00e9senter les deux petits nouveaux que sont C\u00e9dric Bongeot de la R\u00e9sidence au Val d\u2019Ajo, et Gilles Seiller, Chef Aux Trois Poissons de Colmar. Pr\u00e9cisons que pour int\u00e9grer les MCF, il faut \u00eatre propos\u00e9 par deux parrains et que la commission charg\u00e9e d&rsquo;examiner les dossiers des candidats est tr\u00e8s stricte. L&rsquo;excellence est \u00e0 ce prix, et le guide \u00e9dit\u00e9 chaque ann\u00e9e est donc une v\u00e9ritable mine d&rsquo;or de bonnes adresses pour les gourmets. Une petite bible avec une appli pour smartphones et g\u00e9olocalisation, une liste de contacts et de partenaires, bref, tout ce qu&rsquo;il faut pour vous \u00e9moustiller les papilles&#8230;<\/p>\n<div id=\"attachment_127246\" style=\"width: 350px\" class=\"wp-caption aligncenter\"><a href=\"\/2018\/05\/guide-MCF-grand-est-g\u00e9rardmer-3.jpg\"><img decoding=\"async\" aria-describedby=\"caption-attachment-127246\" class=\"size-medium wp-image-127246\" src=\"\/2018\/05\/guide-MCF-grand-est-g\u00e9rardmer-3-340x255.jpg\" alt=\"Sylvie Grucker pr\u00e9sente le guide des MCF\" width=\"340\" height=\"255\" \/><\/a><p id=\"caption-attachment-127246\" class=\"wp-caption-text\">Sylvie Grucker pr\u00e9sente le guide des MCF<\/p><\/div>\n","protected":false},"excerpt":{"rendered":"<p>La pr\u00e9sentation du tout nouveau guide international 2018-2019 des Ma\u00eetres Cuisiniers de France (MCF) a eu lieu lundi matin au [&hellip;]<\/p>\n","protected":false},"author":42,"featured_media":33883,"comment_status":"open","ping_status":"open","sticky":false,"template":"","format":"standard","meta":{"footnotes":""},"categories":[20,18],"tags":[2686,3609,3610,3611,3612],"class_list":["post-33882","post","type-post","status-publish","format-standard","has-post-thumbnail","hentry","category-a-la-une","category-vosges","tag-grand-hotel-gerardmer","tag-maitres-cuisiniers-de-france","tag-matthieu-koenig","tag-philippe-laruelle","tag-sylvie-grucker"],"acf":[],"yoast_head":"<!-- This site is optimized with the Yoast SEO plugin v22.5 - https:\/\/yoast.com\/wordpress\/plugins\/seo\/ -->\n<title>Faites le tour du monde avec les Ma\u00eetres Cuisiniers de France - Gerardmer Info<\/title>\n<meta name=\"robots\" content=\"index, follow, max-snippet:-1, max-image-preview:large, max-video-preview:-1\" \/>\n<link rel=\"canonical\" href=\"https:\/\/vosgesinfo.fr\/gerardmerinfo\/2018\/05\/tour-monde-maitres-cuisiniers-de-france\/\" \/>\n<meta name=\"twitter:card\" content=\"summary_large_image\" \/>\n<meta name=\"twitter:title\" content=\"Faites le tour du monde avec les Ma\u00eetres Cuisiniers de France - Gerardmer Info\" \/>\n<meta name=\"twitter:description\" content=\"La pr\u00e9sentation du tout nouveau guide international 2018-2019 des Ma\u00eetres Cuisiniers de France (MCF) a eu lieu lundi matin au [&hellip;]\" \/>\n<meta name=\"twitter:image\" content=\"https:\/\/vosgesinfo.fr\/app\/uploads\/sites\/6\/2024\/07\/201805guide-mcf-grand-est-gerardmer-3.jpg\" \/>\n<meta name=\"twitter:creator\" content=\"@VosgesInfo88\" \/>\n<meta name=\"twitter:site\" content=\"@VosgesInfo88\" \/>\n<meta name=\"twitter:label1\" content=\"\u00c9crit par\" \/>\n\t<meta name=\"twitter:data1\" content=\"QG\" \/>\n\t<meta name=\"twitter:label2\" content=\"Dur\u00e9e de lecture estim\u00e9e\" \/>\n\t<meta name=\"twitter:data2\" content=\"2 minutes\" \/>\n<script type=\"application\/ld+json\" class=\"yoast-schema-graph\">{\"@context\":\"https:\/\/schema.org\",\"@graph\":[{\"@type\":\"Article\",\"@id\":\"https:\/\/vosgesinfo.fr\/gerardmerinfo\/2018\/05\/tour-monde-maitres-cuisiniers-de-france\/#article\",\"isPartOf\":{\"@id\":\"https:\/\/vosgesinfo.fr\/gerardmerinfo\/2018\/05\/tour-monde-maitres-cuisiniers-de-france\/\"},\"author\":{\"name\":\"QG\",\"@id\":\"https:\/\/vosgesinfo.fr\/gerardmerinfo\/#\/schema\/person\/db5605779a843dad16b5368f3e7613a5\"},\"headline\":\"Faites le tour du monde avec les Ma\u00eetres Cuisiniers de France\",\"datePublished\":\"2018-05-15T13:48:57+00:00\",\"dateModified\":\"2018-05-15T13:48:57+00:00\",\"mainEntityOfPage\":{\"@id\":\"https:\/\/vosgesinfo.fr\/gerardmerinfo\/2018\/05\/tour-monde-maitres-cuisiniers-de-france\/\"},\"wordCount\":352,\"commentCount\":0,\"publisher\":{\"@id\":\"https:\/\/vosgesinfo.fr\/gerardmerinfo\/#organization\"},\"image\":{\"@id\":\"https:\/\/vosgesinfo.fr\/gerardmerinfo\/2018\/05\/tour-monde-maitres-cuisiniers-de-france\/#primaryimage\"},\"thumbnailUrl\":\"https:\/\/vosgesinfo.fr\/app\/uploads\/sites\/6\/2024\/07\/201805guide-mcf-grand-est-gerardmer-3.jpg\",\"keywords\":[\"Grand hotel gerardmer\",\"Maitres cuisiniers de France\",\"matthieu koenig\",\"Philippe Laruelle\",\"Sylvie Grucker\"],\"articleSection\":[\"A la une\",\"Vosges\"],\"inLanguage\":\"fr-FR\",\"potentialAction\":[{\"@type\":\"CommentAction\",\"name\":\"Comment\",\"target\":[\"https:\/\/vosgesinfo.fr\/gerardmerinfo\/2018\/05\/tour-monde-maitres-cuisiniers-de-france\/#respond\"]}]},{\"@type\":\"WebPage\",\"@id\":\"https:\/\/vosgesinfo.fr\/gerardmerinfo\/2018\/05\/tour-monde-maitres-cuisiniers-de-france\/\",\"url\":\"https:\/\/vosgesinfo.fr\/gerardmerinfo\/2018\/05\/tour-monde-maitres-cuisiniers-de-france\/\",\"name\":\"Faites le tour du monde avec les Ma\u00eetres Cuisiniers de France - Gerardmer Info\",\"isPartOf\":{\"@id\":\"https:\/\/vosgesinfo.fr\/gerardmerinfo\/#website\"},\"primaryImageOfPage\":{\"@id\":\"https:\/\/vosgesinfo.fr\/gerardmerinfo\/2018\/05\/tour-monde-maitres-cuisiniers-de-france\/#primaryimage\"},\"image\":{\"@id\":\"https:\/\/vosgesinfo.fr\/gerardmerinfo\/2018\/05\/tour-monde-maitres-cuisiniers-de-france\/#primaryimage\"},\"thumbnailUrl\":\"https:\/\/vosgesinfo.fr\/app\/uploads\/sites\/6\/2024\/07\/201805guide-mcf-grand-est-gerardmer-3.jpg\",\"datePublished\":\"2018-05-15T13:48:57+00:00\",\"dateModified\":\"2018-05-15T13:48:57+00:00\",\"breadcrumb\":{\"@id\":\"https:\/\/vosgesinfo.fr\/gerardmerinfo\/2018\/05\/tour-monde-maitres-cuisiniers-de-france\/#breadcrumb\"},\"inLanguage\":\"fr-FR\",\"potentialAction\":[{\"@type\":\"ReadAction\",\"target\":[\"https:\/\/vosgesinfo.fr\/gerardmerinfo\/2018\/05\/tour-monde-maitres-cuisiniers-de-france\/\"]}]},{\"@type\":\"ImageObject\",\"inLanguage\":\"fr-FR\",\"@id\":\"https:\/\/vosgesinfo.fr\/gerardmerinfo\/2018\/05\/tour-monde-maitres-cuisiniers-de-france\/#primaryimage\",\"url\":\"https:\/\/vosgesinfo.fr\/app\/uploads\/sites\/6\/2024\/07\/201805guide-mcf-grand-est-gerardmer-3.jpg\",\"contentUrl\":\"https:\/\/vosgesinfo.fr\/app\/uploads\/sites\/6\/2024\/07\/201805guide-mcf-grand-est-gerardmer-3.jpg\",\"width\":800,\"height\":600},{\"@type\":\"BreadcrumbList\",\"@id\":\"https:\/\/vosgesinfo.fr\/gerardmerinfo\/2018\/05\/tour-monde-maitres-cuisiniers-de-france\/#breadcrumb\",\"itemListElement\":[{\"@type\":\"ListItem\",\"position\":1,\"name\":\"Home\",\"item\":\"https:\/\/vosgesinfo.fr\/gerardmerinfo\/\"},{\"@type\":\"ListItem\",\"position\":2,\"name\":\"Faites le tour du monde avec les Ma\u00eetres Cuisiniers de France\"}]},{\"@type\":\"WebSite\",\"@id\":\"https:\/\/vosgesinfo.fr\/gerardmerinfo\/#website\",\"url\":\"https:\/\/vosgesinfo.fr\/gerardmerinfo\/\",\"name\":\"Gerardmer Info\",\"description\":\"Toute l&#039;actualit\u00e9 de G\u00e9rardmer\",\"publisher\":{\"@id\":\"https:\/\/vosgesinfo.fr\/gerardmerinfo\/#organization\"},\"alternateName\":\"Toute l'actualit\u00e9 de G\u00e9rardmer\",\"potentialAction\":[{\"@type\":\"SearchAction\",\"target\":{\"@type\":\"EntryPoint\",\"urlTemplate\":\"https:\/\/vosgesinfo.fr\/gerardmerinfo\/?s={search_term_string}\"},\"query-input\":\"required name=search_term_string\"}],\"inLanguage\":\"fr-FR\"},{\"@type\":\"Organization\",\"@id\":\"https:\/\/vosgesinfo.fr\/gerardmerinfo\/#organization\",\"name\":\"Gerardmer Info\",\"url\":\"https:\/\/vosgesinfo.fr\/gerardmerinfo\/\",\"logo\":{\"@type\":\"ImageObject\",\"inLanguage\":\"fr-FR\",\"@id\":\"https:\/\/vosgesinfo.fr\/gerardmerinfo\/#\/schema\/logo\/image\/\",\"url\":\"https:\/\/vosgesinfo.fr\/app\/uploads\/sites\/6\/2023\/08\/favicon-gerardmerinfo.png\",\"contentUrl\":\"https:\/\/vosgesinfo.fr\/app\/uploads\/sites\/6\/2023\/08\/favicon-gerardmerinfo.png\",\"width\":512,\"height\":512,\"caption\":\"Gerardmer Info\"},\"image\":{\"@id\":\"https:\/\/vosgesinfo.fr\/gerardmerinfo\/#\/schema\/logo\/image\/\"},\"sameAs\":[\"https:\/\/www.facebook.com\/profile.php?id=100049475262660\",\"https:\/\/x.com\/VosgesInfo88\",\"https:\/\/www.youtube.com\/@vosgesinfo\"]},{\"@type\":\"Person\",\"@id\":\"https:\/\/vosgesinfo.fr\/gerardmerinfo\/#\/schema\/person\/db5605779a843dad16b5368f3e7613a5\",\"name\":\"QG\",\"image\":{\"@type\":\"ImageObject\",\"inLanguage\":\"fr-FR\",\"@id\":\"https:\/\/vosgesinfo.fr\/gerardmerinfo\/#\/schema\/person\/image\/\",\"url\":\"https:\/\/secure.gravatar.com\/avatar\/ea80c42c204b534408512832fde52504ecabb9706bcb6151cf6175e5b64e6793?s=96&d=mm&r=g\",\"contentUrl\":\"https:\/\/secure.gravatar.com\/avatar\/ea80c42c204b534408512832fde52504ecabb9706bcb6151cf6175e5b64e6793?s=96&d=mm&r=g\",\"caption\":\"QG\"},\"url\":\"https:\/\/vosgesinfo.fr\/gerardmerinfo\/author\/quentin88\/\"}]}<\/script>\n<!-- \/ Yoast SEO plugin. -->","yoast_head_json":{"title":"Faites le tour du monde avec les Ma\u00eetres Cuisiniers de France - Gerardmer Info","robots":{"index":"index","follow":"follow","max-snippet":"max-snippet:-1","max-image-preview":"max-image-preview:large","max-video-preview":"max-video-preview:-1"},"canonical":"https:\/\/vosgesinfo.fr\/gerardmerinfo\/2018\/05\/tour-monde-maitres-cuisiniers-de-france\/","twitter_card":"summary_large_image","twitter_title":"Faites le tour du monde avec les Ma\u00eetres Cuisiniers de France - Gerardmer Info","twitter_description":"La pr\u00e9sentation du tout nouveau guide international 2018-2019 des Ma\u00eetres Cuisiniers de France (MCF) a eu lieu lundi matin au [&hellip;]","twitter_image":"https:\/\/vosgesinfo.fr\/app\/uploads\/sites\/6\/2024\/07\/201805guide-mcf-grand-est-gerardmer-3.jpg","twitter_creator":"@VosgesInfo88","twitter_site":"@VosgesInfo88","twitter_misc":{"\u00c9crit par":"QG","Dur\u00e9e de lecture estim\u00e9e":"2 minutes"},"schema":{"@context":"https:\/\/schema.org","@graph":[{"@type":"Article","@id":"https:\/\/vosgesinfo.fr\/gerardmerinfo\/2018\/05\/tour-monde-maitres-cuisiniers-de-france\/#article","isPartOf":{"@id":"https:\/\/vosgesinfo.fr\/gerardmerinfo\/2018\/05\/tour-monde-maitres-cuisiniers-de-france\/"},"author":{"name":"QG","@id":"https:\/\/vosgesinfo.fr\/gerardmerinfo\/#\/schema\/person\/db5605779a843dad16b5368f3e7613a5"},"headline":"Faites le tour du monde avec les Ma\u00eetres Cuisiniers de France","datePublished":"2018-05-15T13:48:57+00:00","dateModified":"2018-05-15T13:48:57+00:00","mainEntityOfPage":{"@id":"https:\/\/vosgesinfo.fr\/gerardmerinfo\/2018\/05\/tour-monde-maitres-cuisiniers-de-france\/"},"wordCount":352,"commentCount":0,"publisher":{"@id":"https:\/\/vosgesinfo.fr\/gerardmerinfo\/#organization"},"image":{"@id":"https:\/\/vosgesinfo.fr\/gerardmerinfo\/2018\/05\/tour-monde-maitres-cuisiniers-de-france\/#primaryimage"},"thumbnailUrl":"https:\/\/vosgesinfo.fr\/app\/uploads\/sites\/6\/2024\/07\/201805guide-mcf-grand-est-gerardmer-3.jpg","keywords":["Grand hotel gerardmer","Maitres cuisiniers de France","matthieu koenig","Philippe Laruelle","Sylvie Grucker"],"articleSection":["A la une","Vosges"],"inLanguage":"fr-FR","potentialAction":[{"@type":"CommentAction","name":"Comment","target":["https:\/\/vosgesinfo.fr\/gerardmerinfo\/2018\/05\/tour-monde-maitres-cuisiniers-de-france\/#respond"]}]},{"@type":"WebPage","@id":"https:\/\/vosgesinfo.fr\/gerardmerinfo\/2018\/05\/tour-monde-maitres-cuisiniers-de-france\/","url":"https:\/\/vosgesinfo.fr\/gerardmerinfo\/2018\/05\/tour-monde-maitres-cuisiniers-de-france\/","name":"Faites le tour du monde avec les Ma\u00eetres Cuisiniers de France - Gerardmer Info","isPartOf":{"@id":"https:\/\/vosgesinfo.fr\/gerardmerinfo\/#website"},"primaryImageOfPage":{"@id":"https:\/\/vosgesinfo.fr\/gerardmerinfo\/2018\/05\/tour-monde-maitres-cuisiniers-de-france\/#primaryimage"},"image":{"@id":"https:\/\/vosgesinfo.fr\/gerardmerinfo\/2018\/05\/tour-monde-maitres-cuisiniers-de-france\/#primaryimage"},"thumbnailUrl":"https:\/\/vosgesinfo.fr\/app\/uploads\/sites\/6\/2024\/07\/201805guide-mcf-grand-est-gerardmer-3.jpg","datePublished":"2018-05-15T13:48:57+00:00","dateModified":"2018-05-15T13:48:57+00:00","breadcrumb":{"@id":"https:\/\/vosgesinfo.fr\/gerardmerinfo\/2018\/05\/tour-monde-maitres-cuisiniers-de-france\/#breadcrumb"},"inLanguage":"fr-FR","potentialAction":[{"@type":"ReadAction","target":["https:\/\/vosgesinfo.fr\/gerardmerinfo\/2018\/05\/tour-monde-maitres-cuisiniers-de-france\/"]}]},{"@type":"ImageObject","inLanguage":"fr-FR","@id":"https:\/\/vosgesinfo.fr\/gerardmerinfo\/2018\/05\/tour-monde-maitres-cuisiniers-de-france\/#primaryimage","url":"https:\/\/vosgesinfo.fr\/app\/uploads\/sites\/6\/2024\/07\/201805guide-mcf-grand-est-gerardmer-3.jpg","contentUrl":"https:\/\/vosgesinfo.fr\/app\/uploads\/sites\/6\/2024\/07\/201805guide-mcf-grand-est-gerardmer-3.jpg","width":800,"height":600},{"@type":"BreadcrumbList","@id":"https:\/\/vosgesinfo.fr\/gerardmerinfo\/2018\/05\/tour-monde-maitres-cuisiniers-de-france\/#breadcrumb","itemListElement":[{"@type":"ListItem","position":1,"name":"Home","item":"https:\/\/vosgesinfo.fr\/gerardmerinfo\/"},{"@type":"ListItem","position":2,"name":"Faites le tour du monde avec les Ma\u00eetres Cuisiniers de France"}]},{"@type":"WebSite","@id":"https:\/\/vosgesinfo.fr\/gerardmerinfo\/#website","url":"https:\/\/vosgesinfo.fr\/gerardmerinfo\/","name":"Gerardmer Info","description":"Toute l&#039;actualit\u00e9 de G\u00e9rardmer","publisher":{"@id":"https:\/\/vosgesinfo.fr\/gerardmerinfo\/#organization"},"alternateName":"Toute l'actualit\u00e9 de G\u00e9rardmer","potentialAction":[{"@type":"SearchAction","target":{"@type":"EntryPoint","urlTemplate":"https:\/\/vosgesinfo.fr\/gerardmerinfo\/?s={search_term_string}"},"query-input":"required name=search_term_string"}],"inLanguage":"fr-FR"},{"@type":"Organization","@id":"https:\/\/vosgesinfo.fr\/gerardmerinfo\/#organization","name":"Gerardmer Info","url":"https:\/\/vosgesinfo.fr\/gerardmerinfo\/","logo":{"@type":"ImageObject","inLanguage":"fr-FR","@id":"https:\/\/vosgesinfo.fr\/gerardmerinfo\/#\/schema\/logo\/image\/","url":"https:\/\/vosgesinfo.fr\/app\/uploads\/sites\/6\/2023\/08\/favicon-gerardmerinfo.png","contentUrl":"https:\/\/vosgesinfo.fr\/app\/uploads\/sites\/6\/2023\/08\/favicon-gerardmerinfo.png","width":512,"height":512,"caption":"Gerardmer Info"},"image":{"@id":"https:\/\/vosgesinfo.fr\/gerardmerinfo\/#\/schema\/logo\/image\/"},"sameAs":["https:\/\/www.facebook.com\/profile.php?id=100049475262660","https:\/\/x.com\/VosgesInfo88","https:\/\/www.youtube.com\/@vosgesinfo"]},{"@type":"Person","@id":"https:\/\/vosgesinfo.fr\/gerardmerinfo\/#\/schema\/person\/db5605779a843dad16b5368f3e7613a5","name":"QG","image":{"@type":"ImageObject","inLanguage":"fr-FR","@id":"https:\/\/vosgesinfo.fr\/gerardmerinfo\/#\/schema\/person\/image\/","url":"https:\/\/secure.gravatar.com\/avatar\/ea80c42c204b534408512832fde52504ecabb9706bcb6151cf6175e5b64e6793?s=96&d=mm&r=g","contentUrl":"https:\/\/secure.gravatar.com\/avatar\/ea80c42c204b534408512832fde52504ecabb9706bcb6151cf6175e5b64e6793?s=96&d=mm&r=g","caption":"QG"},"url":"https:\/\/vosgesinfo.fr\/gerardmerinfo\/author\/quentin88\/"}]}},"_links":{"self":[{"href":"https:\/\/vosgesinfo.fr\/gerardmerinfo\/wp-json\/wp\/v2\/posts\/33882","targetHints":{"allow":["GET"]}}],"collection":[{"href":"https:\/\/vosgesinfo.fr\/gerardmerinfo\/wp-json\/wp\/v2\/posts"}],"about":[{"href":"https:\/\/vosgesinfo.fr\/gerardmerinfo\/wp-json\/wp\/v2\/types\/post"}],"author":[{"embeddable":true,"href":"https:\/\/vosgesinfo.fr\/gerardmerinfo\/wp-json\/wp\/v2\/users\/42"}],"replies":[{"embeddable":true,"href":"https:\/\/vosgesinfo.fr\/gerardmerinfo\/wp-json\/wp\/v2\/comments?post=33882"}],"version-history":[{"count":0,"href":"https:\/\/vosgesinfo.fr\/gerardmerinfo\/wp-json\/wp\/v2\/posts\/33882\/revisions"}],"wp:featuredmedia":[{"embeddable":true,"href":"https:\/\/vosgesinfo.fr\/gerardmerinfo\/wp-json\/wp\/v2\/media\/33883"}],"wp:attachment":[{"href":"https:\/\/vosgesinfo.fr\/gerardmerinfo\/wp-json\/wp\/v2\/media?parent=33882"}],"wp:term":[{"taxonomy":"category","embeddable":true,"href":"https:\/\/vosgesinfo.fr\/gerardmerinfo\/wp-json\/wp\/v2\/categories?post=33882"},{"taxonomy":"post_tag","embeddable":true,"href":"https:\/\/vosgesinfo.fr\/gerardmerinfo\/wp-json\/wp\/v2\/tags?post=33882"}],"curies":[{"name":"wp","href":"https:\/\/api.w.org\/{rel}","templated":true}]}}