{"id":33889,"date":"2018-05-15T15:49:46","date_gmt":"2018-05-15T13:49:46","guid":{"rendered":"https:\/\/vosgesinfo.fr\/gerardmerinfo\/2018\/05\/zone-blanche-marina-hands-ravie-de-se-laisser-porter-equipe-de-confiance\/"},"modified":"2018-05-15T15:49:46","modified_gmt":"2018-05-15T13:49:46","slug":"zone-blanche-marina-hands-ravie-de-se-laisser-porter-equipe-de-confiance","status":"publish","type":"post","link":"https:\/\/vosgesinfo.fr\/gerardmerinfo\/2018\/05\/zone-blanche-marina-hands-ravie-de-se-laisser-porter-equipe-de-confiance\/","title":{"rendered":"Zone Blanche : Marina Hands ravie de \u00ab se laisser porter par une \u00e9quipe de confiance \u00bb"},"content":{"rendered":"<div id=\"attachment_127280\" style=\"width: 510px\" class=\"wp-caption aligncenter\"><a href=\"\/2018\/05\/Marina.Hands\u00a9benpi00001.jpeg\"><img decoding=\"async\" aria-describedby=\"caption-attachment-127280\" class=\"wp-image-127280\" src=\"\/2018\/05\/Marina.Hands\u00a9benpi00001.jpeg\" alt=\"\u00a9benpi\" width=\"500\" height=\"368\" \/><\/a><p id=\"caption-attachment-127280\" class=\"wp-caption-text\">\u00a9benpi<\/p><\/div>\n<h3><span style=\"font-size: 12pt;\">Nouvelle venue dans le casting de la s\u00e9rie <i>Zone Blanche<\/i>, l&rsquo;actrice a \u00e9t\u00e9 s\u00e9duite avant m\u00eame d&rsquo;avoir vu la premi\u00e8re saison.<\/span><\/h3>\n<p>Et pour cause, rencontr\u00e9e au bar Le Grattoir \u00e0 l&rsquo;occasion du tournage, Marina Hands n&rsquo;a pas cach\u00e9 sa joie d&rsquo;avoir rejoint l&rsquo;\u00e9quipe de la s\u00e9rie <i>Zone Blanche<\/i> diffus\u00e9e par France T\u00e9l\u00e9vision et produite par Vinen Mouluquet. On peut presque parler de coup de foudre tant il n&rsquo;y a gu\u00e8re eu d&rsquo;h\u00e9sitation chez celle qui interpr\u00e9tera le r\u00f4le de Delphine Garnier\u00a0:\u00a0\u00ab\u00a0J&rsquo;ai ador\u00e9 la premi\u00e8re saison que je n&rsquo;avais pourtant pas vue avant que l&rsquo;on m&rsquo;ait propos\u00e9 le r\u00f4le. Mais j&rsquo;avais d\u00e9j\u00e0 \u00e9t\u00e9 frapp\u00e9e par la qualit\u00e9 de l&rsquo;\u00e9criture qui m&rsquo;avait d\u00e9j\u00e0 convaincu. C&rsquo;est vraiment tr\u00e8s bien \u00e9crit. Et puis je savais qu&rsquo;il y avait une \u00e9quipe fantastique, avec des acteurs que j&rsquo;appr\u00e9ciais, vraiment, c&rsquo;\u00e9tait parfait\u00a0\u00bb pr\u00e9cise-telle.<\/p>\n<p>C&rsquo;est ce que l&rsquo;on appelle un bon alignement des plan\u00e8tes pour Marina Hands qui passe de <i>Actrice<\/i> \u00e0 <i>Zone Blanche,<\/i> de quelque chose de plus intime \u00e0 quelque chose de plus foisonnant et versatile. Une transition sur le papier pas forc\u00e9ment \u00e9vidente mais absolument stimulante\u00a0: \u00ab\u00a0Il y a plus d&rsquo;intervenants, d\u2019interactions, des grosses \u00e9quipes de cr\u00e9ations et de productions, 2 r\u00e9alisateurs, en plus j&rsquo;arrive en saison 2, il faut se mettre dedans. Mais c&rsquo;est un vrai plaisir de suivre et de se laisser porter par une \u00e9quipe en laquelle on a confiance. J&rsquo;apporte ma touche bien s\u00fbr, mais un gros travail avait \u00e9t\u00e9 fait avant de rentrer dans le vif du sujet\u00a0\u00bb.<\/p>\n<p>L&rsquo;actrice qui appr\u00e9cie \u00e9galement l&rsquo;approche de <i>Zone Blanche<\/i>, s\u00e9rie atypique dans le paysage fran\u00e7ais qui oscille entre le polar et le fantastique, en fr\u00f4le les fronti\u00e8res sans pour autant les franchir, le tout avec une dimension un peu western\u00a0: \u00ab\u00a0Le rapport \u00e0 la nature me parle, ce c\u00f4t\u00e9 atemporel, l&rsquo;ouverture sur l&rsquo;imaginaire, les contes&#8230;\u00a0\u00bb. Zone Blanche brouille les pistes, le personnage qu&rsquo;incarnera Marina Hands \u00e9galement, elle qui jouera une inspectrice de l&rsquo;environnement appel\u00e9e \u00e0 Villefranche pour comprendre le comportement inhabituel des abeilles qui attaquent mortellement l&rsquo;homme. La nouvelle venue \u00e9voluera notamment aux c\u00f4t\u00e9s de<span style=\"font-family: Times New Roman, serif;\"> \u00a0<\/span><span style=\"font-family: Times New Roman, serif;\">Laurent Capelluto <\/span><span style=\"font-family: Times New Roman, serif;\">qui incarne l&rsquo;avocat<\/span> <em><span style=\"font-family: Times New Roman, serif;\">Franck Siriani. <\/span><\/em><span style=\"font-family: Times New Roman, serif;\">Affaire \u00e0 suivre&#8230;<\/span><\/p>\n","protected":false},"excerpt":{"rendered":"<p>Nouvelle venue dans le casting de la s\u00e9rie Zone Blanche, l&rsquo;actrice a \u00e9t\u00e9 s\u00e9duite avant m\u00eame d&rsquo;avoir vu la premi\u00e8re [&hellip;]<\/p>\n","protected":false},"author":42,"featured_media":33890,"comment_status":"open","ping_status":"open","sticky":false,"template":"","format":"standard","meta":{"footnotes":""},"categories":[20,39,4,18],"tags":[3613,2952],"class_list":["post-33889","post","type-post","status-publish","format-standard","has-post-thumbnail","hentry","category-a-la-une","category-cinema","category-culture","category-vosges","tag-marina-hands","tag-serie-zone-blanche"],"acf":[],"yoast_head":"<!-- This site is optimized with the Yoast SEO plugin v22.5 - https:\/\/yoast.com\/wordpress\/plugins\/seo\/ -->\n<title>Zone Blanche : Marina Hands ravie de \u00ab se laisser porter par une \u00e9quipe de confiance \u00bb - Gerardmer Info<\/title>\n<meta name=\"robots\" content=\"index, follow, max-snippet:-1, max-image-preview:large, max-video-preview:-1\" \/>\n<link rel=\"canonical\" href=\"https:\/\/vosgesinfo.fr\/gerardmerinfo\/2018\/05\/zone-blanche-marina-hands-ravie-de-se-laisser-porter-equipe-de-confiance\/\" \/>\n<meta name=\"twitter:card\" content=\"summary_large_image\" \/>\n<meta name=\"twitter:title\" content=\"Zone Blanche : Marina Hands ravie de \u00ab se laisser porter par une \u00e9quipe de confiance \u00bb - Gerardmer Info\" \/>\n<meta name=\"twitter:description\" content=\"Nouvelle venue dans le casting de la s\u00e9rie Zone Blanche, l&rsquo;actrice a \u00e9t\u00e9 s\u00e9duite avant m\u00eame d&rsquo;avoir vu la premi\u00e8re [&hellip;]\" \/>\n<meta name=\"twitter:image\" content=\"https:\/\/vosgesinfo.fr\/app\/uploads\/sites\/6\/2024\/07\/201805marina.hands\u00a9benpi00001.jpeg\" \/>\n<meta name=\"twitter:creator\" content=\"@VosgesInfo88\" \/>\n<meta name=\"twitter:site\" content=\"@VosgesInfo88\" \/>\n<meta name=\"twitter:label1\" content=\"\u00c9crit par\" \/>\n\t<meta name=\"twitter:data1\" content=\"QG\" \/>\n\t<meta name=\"twitter:label2\" content=\"Dur\u00e9e de lecture estim\u00e9e\" \/>\n\t<meta name=\"twitter:data2\" content=\"2 minutes\" \/>\n<script type=\"application\/ld+json\" class=\"yoast-schema-graph\">{\"@context\":\"https:\/\/schema.org\",\"@graph\":[{\"@type\":\"Article\",\"@id\":\"https:\/\/vosgesinfo.fr\/gerardmerinfo\/2018\/05\/zone-blanche-marina-hands-ravie-de-se-laisser-porter-equipe-de-confiance\/#article\",\"isPartOf\":{\"@id\":\"https:\/\/vosgesinfo.fr\/gerardmerinfo\/2018\/05\/zone-blanche-marina-hands-ravie-de-se-laisser-porter-equipe-de-confiance\/\"},\"author\":{\"name\":\"QG\",\"@id\":\"https:\/\/vosgesinfo.fr\/gerardmerinfo\/#\/schema\/person\/db5605779a843dad16b5368f3e7613a5\"},\"headline\":\"Zone Blanche : Marina Hands ravie de \u00ab se laisser porter par une \u00e9quipe de confiance \u00bb\",\"datePublished\":\"2018-05-15T13:49:46+00:00\",\"dateModified\":\"2018-05-15T13:49:46+00:00\",\"mainEntityOfPage\":{\"@id\":\"https:\/\/vosgesinfo.fr\/gerardmerinfo\/2018\/05\/zone-blanche-marina-hands-ravie-de-se-laisser-porter-equipe-de-confiance\/\"},\"wordCount\":436,\"commentCount\":0,\"publisher\":{\"@id\":\"https:\/\/vosgesinfo.fr\/gerardmerinfo\/#organization\"},\"image\":{\"@id\":\"https:\/\/vosgesinfo.fr\/gerardmerinfo\/2018\/05\/zone-blanche-marina-hands-ravie-de-se-laisser-porter-equipe-de-confiance\/#primaryimage\"},\"thumbnailUrl\":\"https:\/\/vosgesinfo.fr\/app\/uploads\/sites\/6\/2024\/07\/201805marina.hands\u00a9benpi00001.jpeg\",\"keywords\":[\"marina hands\",\"s\u00e9rie zone blanche\"],\"articleSection\":[\"A la une\",\"cin\u00e9ma\",\"Culture\",\"Vosges\"],\"inLanguage\":\"fr-FR\",\"potentialAction\":[{\"@type\":\"CommentAction\",\"name\":\"Comment\",\"target\":[\"https:\/\/vosgesinfo.fr\/gerardmerinfo\/2018\/05\/zone-blanche-marina-hands-ravie-de-se-laisser-porter-equipe-de-confiance\/#respond\"]}]},{\"@type\":\"WebPage\",\"@id\":\"https:\/\/vosgesinfo.fr\/gerardmerinfo\/2018\/05\/zone-blanche-marina-hands-ravie-de-se-laisser-porter-equipe-de-confiance\/\",\"url\":\"https:\/\/vosgesinfo.fr\/gerardmerinfo\/2018\/05\/zone-blanche-marina-hands-ravie-de-se-laisser-porter-equipe-de-confiance\/\",\"name\":\"Zone Blanche : Marina Hands ravie de \u00ab se laisser porter par une \u00e9quipe de confiance \u00bb - Gerardmer Info\",\"isPartOf\":{\"@id\":\"https:\/\/vosgesinfo.fr\/gerardmerinfo\/#website\"},\"primaryImageOfPage\":{\"@id\":\"https:\/\/vosgesinfo.fr\/gerardmerinfo\/2018\/05\/zone-blanche-marina-hands-ravie-de-se-laisser-porter-equipe-de-confiance\/#primaryimage\"},\"image\":{\"@id\":\"https:\/\/vosgesinfo.fr\/gerardmerinfo\/2018\/05\/zone-blanche-marina-hands-ravie-de-se-laisser-porter-equipe-de-confiance\/#primaryimage\"},\"thumbnailUrl\":\"https:\/\/vosgesinfo.fr\/app\/uploads\/sites\/6\/2024\/07\/201805marina.hands\u00a9benpi00001.jpeg\",\"datePublished\":\"2018-05-15T13:49:46+00:00\",\"dateModified\":\"2018-05-15T13:49:46+00:00\",\"breadcrumb\":{\"@id\":\"https:\/\/vosgesinfo.fr\/gerardmerinfo\/2018\/05\/zone-blanche-marina-hands-ravie-de-se-laisser-porter-equipe-de-confiance\/#breadcrumb\"},\"inLanguage\":\"fr-FR\",\"potentialAction\":[{\"@type\":\"ReadAction\",\"target\":[\"https:\/\/vosgesinfo.fr\/gerardmerinfo\/2018\/05\/zone-blanche-marina-hands-ravie-de-se-laisser-porter-equipe-de-confiance\/\"]}]},{\"@type\":\"ImageObject\",\"inLanguage\":\"fr-FR\",\"@id\":\"https:\/\/vosgesinfo.fr\/gerardmerinfo\/2018\/05\/zone-blanche-marina-hands-ravie-de-se-laisser-porter-equipe-de-confiance\/#primaryimage\",\"url\":\"https:\/\/vosgesinfo.fr\/app\/uploads\/sites\/6\/2024\/07\/201805marina.hands\u00a9benpi00001.jpeg\",\"contentUrl\":\"https:\/\/vosgesinfo.fr\/app\/uploads\/sites\/6\/2024\/07\/201805marina.hands\u00a9benpi00001.jpeg\",\"width\":800,\"height\":589},{\"@type\":\"BreadcrumbList\",\"@id\":\"https:\/\/vosgesinfo.fr\/gerardmerinfo\/2018\/05\/zone-blanche-marina-hands-ravie-de-se-laisser-porter-equipe-de-confiance\/#breadcrumb\",\"itemListElement\":[{\"@type\":\"ListItem\",\"position\":1,\"name\":\"Home\",\"item\":\"https:\/\/vosgesinfo.fr\/gerardmerinfo\/\"},{\"@type\":\"ListItem\",\"position\":2,\"name\":\"Zone Blanche : Marina Hands ravie de \u00ab se laisser porter par une \u00e9quipe de confiance \u00bb\"}]},{\"@type\":\"WebSite\",\"@id\":\"https:\/\/vosgesinfo.fr\/gerardmerinfo\/#website\",\"url\":\"https:\/\/vosgesinfo.fr\/gerardmerinfo\/\",\"name\":\"Gerardmer Info\",\"description\":\"Toute l&#039;actualit\u00e9 de G\u00e9rardmer\",\"publisher\":{\"@id\":\"https:\/\/vosgesinfo.fr\/gerardmerinfo\/#organization\"},\"alternateName\":\"Toute l'actualit\u00e9 de G\u00e9rardmer\",\"potentialAction\":[{\"@type\":\"SearchAction\",\"target\":{\"@type\":\"EntryPoint\",\"urlTemplate\":\"https:\/\/vosgesinfo.fr\/gerardmerinfo\/?s={search_term_string}\"},\"query-input\":\"required name=search_term_string\"}],\"inLanguage\":\"fr-FR\"},{\"@type\":\"Organization\",\"@id\":\"https:\/\/vosgesinfo.fr\/gerardmerinfo\/#organization\",\"name\":\"Gerardmer Info\",\"url\":\"https:\/\/vosgesinfo.fr\/gerardmerinfo\/\",\"logo\":{\"@type\":\"ImageObject\",\"inLanguage\":\"fr-FR\",\"@id\":\"https:\/\/vosgesinfo.fr\/gerardmerinfo\/#\/schema\/logo\/image\/\",\"url\":\"https:\/\/vosgesinfo.fr\/app\/uploads\/sites\/6\/2023\/08\/favicon-gerardmerinfo.png\",\"contentUrl\":\"https:\/\/vosgesinfo.fr\/app\/uploads\/sites\/6\/2023\/08\/favicon-gerardmerinfo.png\",\"width\":512,\"height\":512,\"caption\":\"Gerardmer Info\"},\"image\":{\"@id\":\"https:\/\/vosgesinfo.fr\/gerardmerinfo\/#\/schema\/logo\/image\/\"},\"sameAs\":[\"https:\/\/www.facebook.com\/profile.php?id=100049475262660\",\"https:\/\/x.com\/VosgesInfo88\",\"https:\/\/www.youtube.com\/@vosgesinfo\"]},{\"@type\":\"Person\",\"@id\":\"https:\/\/vosgesinfo.fr\/gerardmerinfo\/#\/schema\/person\/db5605779a843dad16b5368f3e7613a5\",\"name\":\"QG\",\"image\":{\"@type\":\"ImageObject\",\"inLanguage\":\"fr-FR\",\"@id\":\"https:\/\/vosgesinfo.fr\/gerardmerinfo\/#\/schema\/person\/image\/\",\"url\":\"https:\/\/secure.gravatar.com\/avatar\/ea80c42c204b534408512832fde52504ecabb9706bcb6151cf6175e5b64e6793?s=96&d=mm&r=g\",\"contentUrl\":\"https:\/\/secure.gravatar.com\/avatar\/ea80c42c204b534408512832fde52504ecabb9706bcb6151cf6175e5b64e6793?s=96&d=mm&r=g\",\"caption\":\"QG\"},\"url\":\"https:\/\/vosgesinfo.fr\/gerardmerinfo\/author\/quentin88\/\"}]}<\/script>\n<!-- \/ Yoast SEO plugin. -->","yoast_head_json":{"title":"Zone Blanche : Marina Hands ravie de \u00ab se laisser porter par une \u00e9quipe de confiance \u00bb - Gerardmer Info","robots":{"index":"index","follow":"follow","max-snippet":"max-snippet:-1","max-image-preview":"max-image-preview:large","max-video-preview":"max-video-preview:-1"},"canonical":"https:\/\/vosgesinfo.fr\/gerardmerinfo\/2018\/05\/zone-blanche-marina-hands-ravie-de-se-laisser-porter-equipe-de-confiance\/","twitter_card":"summary_large_image","twitter_title":"Zone Blanche : Marina Hands ravie de \u00ab se laisser porter par une \u00e9quipe de confiance \u00bb - Gerardmer Info","twitter_description":"Nouvelle venue dans le casting de la s\u00e9rie Zone Blanche, l&rsquo;actrice a \u00e9t\u00e9 s\u00e9duite avant m\u00eame d&rsquo;avoir vu la premi\u00e8re [&hellip;]","twitter_image":"https:\/\/vosgesinfo.fr\/app\/uploads\/sites\/6\/2024\/07\/201805marina.hands\u00a9benpi00001.jpeg","twitter_creator":"@VosgesInfo88","twitter_site":"@VosgesInfo88","twitter_misc":{"\u00c9crit par":"QG","Dur\u00e9e de lecture estim\u00e9e":"2 minutes"},"schema":{"@context":"https:\/\/schema.org","@graph":[{"@type":"Article","@id":"https:\/\/vosgesinfo.fr\/gerardmerinfo\/2018\/05\/zone-blanche-marina-hands-ravie-de-se-laisser-porter-equipe-de-confiance\/#article","isPartOf":{"@id":"https:\/\/vosgesinfo.fr\/gerardmerinfo\/2018\/05\/zone-blanche-marina-hands-ravie-de-se-laisser-porter-equipe-de-confiance\/"},"author":{"name":"QG","@id":"https:\/\/vosgesinfo.fr\/gerardmerinfo\/#\/schema\/person\/db5605779a843dad16b5368f3e7613a5"},"headline":"Zone Blanche : Marina Hands ravie de \u00ab se laisser porter par une \u00e9quipe de confiance \u00bb","datePublished":"2018-05-15T13:49:46+00:00","dateModified":"2018-05-15T13:49:46+00:00","mainEntityOfPage":{"@id":"https:\/\/vosgesinfo.fr\/gerardmerinfo\/2018\/05\/zone-blanche-marina-hands-ravie-de-se-laisser-porter-equipe-de-confiance\/"},"wordCount":436,"commentCount":0,"publisher":{"@id":"https:\/\/vosgesinfo.fr\/gerardmerinfo\/#organization"},"image":{"@id":"https:\/\/vosgesinfo.fr\/gerardmerinfo\/2018\/05\/zone-blanche-marina-hands-ravie-de-se-laisser-porter-equipe-de-confiance\/#primaryimage"},"thumbnailUrl":"https:\/\/vosgesinfo.fr\/app\/uploads\/sites\/6\/2024\/07\/201805marina.hands\u00a9benpi00001.jpeg","keywords":["marina hands","s\u00e9rie zone blanche"],"articleSection":["A la une","cin\u00e9ma","Culture","Vosges"],"inLanguage":"fr-FR","potentialAction":[{"@type":"CommentAction","name":"Comment","target":["https:\/\/vosgesinfo.fr\/gerardmerinfo\/2018\/05\/zone-blanche-marina-hands-ravie-de-se-laisser-porter-equipe-de-confiance\/#respond"]}]},{"@type":"WebPage","@id":"https:\/\/vosgesinfo.fr\/gerardmerinfo\/2018\/05\/zone-blanche-marina-hands-ravie-de-se-laisser-porter-equipe-de-confiance\/","url":"https:\/\/vosgesinfo.fr\/gerardmerinfo\/2018\/05\/zone-blanche-marina-hands-ravie-de-se-laisser-porter-equipe-de-confiance\/","name":"Zone Blanche : Marina Hands ravie de \u00ab se laisser porter par une \u00e9quipe de confiance \u00bb - Gerardmer Info","isPartOf":{"@id":"https:\/\/vosgesinfo.fr\/gerardmerinfo\/#website"},"primaryImageOfPage":{"@id":"https:\/\/vosgesinfo.fr\/gerardmerinfo\/2018\/05\/zone-blanche-marina-hands-ravie-de-se-laisser-porter-equipe-de-confiance\/#primaryimage"},"image":{"@id":"https:\/\/vosgesinfo.fr\/gerardmerinfo\/2018\/05\/zone-blanche-marina-hands-ravie-de-se-laisser-porter-equipe-de-confiance\/#primaryimage"},"thumbnailUrl":"https:\/\/vosgesinfo.fr\/app\/uploads\/sites\/6\/2024\/07\/201805marina.hands\u00a9benpi00001.jpeg","datePublished":"2018-05-15T13:49:46+00:00","dateModified":"2018-05-15T13:49:46+00:00","breadcrumb":{"@id":"https:\/\/vosgesinfo.fr\/gerardmerinfo\/2018\/05\/zone-blanche-marina-hands-ravie-de-se-laisser-porter-equipe-de-confiance\/#breadcrumb"},"inLanguage":"fr-FR","potentialAction":[{"@type":"ReadAction","target":["https:\/\/vosgesinfo.fr\/gerardmerinfo\/2018\/05\/zone-blanche-marina-hands-ravie-de-se-laisser-porter-equipe-de-confiance\/"]}]},{"@type":"ImageObject","inLanguage":"fr-FR","@id":"https:\/\/vosgesinfo.fr\/gerardmerinfo\/2018\/05\/zone-blanche-marina-hands-ravie-de-se-laisser-porter-equipe-de-confiance\/#primaryimage","url":"https:\/\/vosgesinfo.fr\/app\/uploads\/sites\/6\/2024\/07\/201805marina.hands\u00a9benpi00001.jpeg","contentUrl":"https:\/\/vosgesinfo.fr\/app\/uploads\/sites\/6\/2024\/07\/201805marina.hands\u00a9benpi00001.jpeg","width":800,"height":589},{"@type":"BreadcrumbList","@id":"https:\/\/vosgesinfo.fr\/gerardmerinfo\/2018\/05\/zone-blanche-marina-hands-ravie-de-se-laisser-porter-equipe-de-confiance\/#breadcrumb","itemListElement":[{"@type":"ListItem","position":1,"name":"Home","item":"https:\/\/vosgesinfo.fr\/gerardmerinfo\/"},{"@type":"ListItem","position":2,"name":"Zone Blanche : Marina Hands ravie de \u00ab se laisser porter par une \u00e9quipe de confiance \u00bb"}]},{"@type":"WebSite","@id":"https:\/\/vosgesinfo.fr\/gerardmerinfo\/#website","url":"https:\/\/vosgesinfo.fr\/gerardmerinfo\/","name":"Gerardmer Info","description":"Toute l&#039;actualit\u00e9 de G\u00e9rardmer","publisher":{"@id":"https:\/\/vosgesinfo.fr\/gerardmerinfo\/#organization"},"alternateName":"Toute l'actualit\u00e9 de G\u00e9rardmer","potentialAction":[{"@type":"SearchAction","target":{"@type":"EntryPoint","urlTemplate":"https:\/\/vosgesinfo.fr\/gerardmerinfo\/?s={search_term_string}"},"query-input":"required name=search_term_string"}],"inLanguage":"fr-FR"},{"@type":"Organization","@id":"https:\/\/vosgesinfo.fr\/gerardmerinfo\/#organization","name":"Gerardmer Info","url":"https:\/\/vosgesinfo.fr\/gerardmerinfo\/","logo":{"@type":"ImageObject","inLanguage":"fr-FR","@id":"https:\/\/vosgesinfo.fr\/gerardmerinfo\/#\/schema\/logo\/image\/","url":"https:\/\/vosgesinfo.fr\/app\/uploads\/sites\/6\/2023\/08\/favicon-gerardmerinfo.png","contentUrl":"https:\/\/vosgesinfo.fr\/app\/uploads\/sites\/6\/2023\/08\/favicon-gerardmerinfo.png","width":512,"height":512,"caption":"Gerardmer Info"},"image":{"@id":"https:\/\/vosgesinfo.fr\/gerardmerinfo\/#\/schema\/logo\/image\/"},"sameAs":["https:\/\/www.facebook.com\/profile.php?id=100049475262660","https:\/\/x.com\/VosgesInfo88","https:\/\/www.youtube.com\/@vosgesinfo"]},{"@type":"Person","@id":"https:\/\/vosgesinfo.fr\/gerardmerinfo\/#\/schema\/person\/db5605779a843dad16b5368f3e7613a5","name":"QG","image":{"@type":"ImageObject","inLanguage":"fr-FR","@id":"https:\/\/vosgesinfo.fr\/gerardmerinfo\/#\/schema\/person\/image\/","url":"https:\/\/secure.gravatar.com\/avatar\/ea80c42c204b534408512832fde52504ecabb9706bcb6151cf6175e5b64e6793?s=96&d=mm&r=g","contentUrl":"https:\/\/secure.gravatar.com\/avatar\/ea80c42c204b534408512832fde52504ecabb9706bcb6151cf6175e5b64e6793?s=96&d=mm&r=g","caption":"QG"},"url":"https:\/\/vosgesinfo.fr\/gerardmerinfo\/author\/quentin88\/"}]}},"_links":{"self":[{"href":"https:\/\/vosgesinfo.fr\/gerardmerinfo\/wp-json\/wp\/v2\/posts\/33889","targetHints":{"allow":["GET"]}}],"collection":[{"href":"https:\/\/vosgesinfo.fr\/gerardmerinfo\/wp-json\/wp\/v2\/posts"}],"about":[{"href":"https:\/\/vosgesinfo.fr\/gerardmerinfo\/wp-json\/wp\/v2\/types\/post"}],"author":[{"embeddable":true,"href":"https:\/\/vosgesinfo.fr\/gerardmerinfo\/wp-json\/wp\/v2\/users\/42"}],"replies":[{"embeddable":true,"href":"https:\/\/vosgesinfo.fr\/gerardmerinfo\/wp-json\/wp\/v2\/comments?post=33889"}],"version-history":[{"count":0,"href":"https:\/\/vosgesinfo.fr\/gerardmerinfo\/wp-json\/wp\/v2\/posts\/33889\/revisions"}],"wp:featuredmedia":[{"embeddable":true,"href":"https:\/\/vosgesinfo.fr\/gerardmerinfo\/wp-json\/wp\/v2\/media\/33890"}],"wp:attachment":[{"href":"https:\/\/vosgesinfo.fr\/gerardmerinfo\/wp-json\/wp\/v2\/media?parent=33889"}],"wp:term":[{"taxonomy":"category","embeddable":true,"href":"https:\/\/vosgesinfo.fr\/gerardmerinfo\/wp-json\/wp\/v2\/categories?post=33889"},{"taxonomy":"post_tag","embeddable":true,"href":"https:\/\/vosgesinfo.fr\/gerardmerinfo\/wp-json\/wp\/v2\/tags?post=33889"}],"curies":[{"name":"wp","href":"https:\/\/api.w.org\/{rel}","templated":true}]}}